{"id":7563,"date":"2017-08-18T21:51:11","date_gmt":"2017-08-18T19:51:11","guid":{"rendered":"http:\/\/www.altercampagne.net\/?p=7563"},"modified":"2018-02-23T17:12:43","modified_gmt":"2018-02-23T16:12:43","slug":"lalter-tour-arrive-demain-a-bourg-les-valence","status":"publish","type":"post","link":"https:\/\/www.altercampagne.net\/?p=7563","title":{"rendered":"L\u2019AlterTour arrive demain \u00e0 Bourg-les-Valence"},"content":{"rendered":"<p><strong>Qualit\u00e9 et autonomie alimentaires pour un tour de France original<\/strong><\/p>\n<p>Au total, ils ont \u00e9t\u00e9 plus de 300 cyclistes \u00e0 se relayer au fil des \u00e9tapes \u00e0 travers la France. Partis le 8 juillet de Toulouse, ils seront une cinquantaine pour l\u2019ultime \u00e9tape, demain, de cette 10e \u00e9dition de l\u2019Alter-Tour qui arrive \u00e0 Bourg-l\u00e8s-Valence. Cet \u00e9v\u00e9nement explore d\u2019autres mani\u00e8res de vivre, produire et consommer. Pour cette cl\u00f4ture bourcaine (ce sera la 2e en 10 ans), plus pr\u00e9cis\u00e9ment chez Jardin\u2019enVie, g\u00e9r\u00e9 par Val\u00e9rie Peyret et \u00c9ric Marchand, il sera plus particuli\u00e8rement question du foncier agricole \u00e0 d\u00e9velopper et des vari\u00e9t\u00e9s paysannes pour plus de qualit\u00e9 et d\u2019autonomie alimentaire.<br \/>\nDes semences dites paysannes \u00e0 d\u00e9guster !<\/p>\n<p>Depuis 2014, le couple bourcain cultive 1,8 hectare de terre pour produire des l\u00e9gumes issus de semences dites paysannes, pour favoriser une diversit\u00e9 et des qualit\u00e9s nutritives et gustatives. Samedi, le bilan de ces trois ans de culture sera tir\u00e9 et quelques projets \u00e9voqu\u00e9s. Les bons l\u00e9gumes de Jardin\u2019enVie pourront \u00eatre d\u00e9gust\u00e9s lors de la soir\u00e9e festive, le soir-m\u00eame, \u00e0 travers 5 plats diff\u00e9rents.<\/p>\n<p>Cette soir\u00e9e festive qui se d\u00e9roulera \u00e0 La Ruche Truck\u2019Muche (bd du 3e Mill\u00e9naire, \u00e0 Bourg-l\u00e8s-Valence), une nouvelle association qui a pour but l\u2019organisation d\u2019actions culturelles, artistiques, artisanales, agricoles, d\u2019entraide humanitaire et d\u2019\u00e9conomie solidaire.<\/p>\n<p>Cette fin d\u2019un tour de France original, \u00ab sans dopage ni comp\u00e9tition, mais dans l\u2019entraide et la bonne humeur, \u00bb selon les mots des organisateurs sera donc l\u2019occasion de mettre en lumi\u00e8re des projets innovants, concrets, le tout autour de la d\u00e9fense d\u2019une consommation responsable, locale et \u201cbio\u201d.<br \/>\nprogramme de demain &#8211; 10 h : bilan et visite de la parcelle des Jonquerettes \u00e0 Bourg-l\u00e8s-Valence o\u00f9 sont cultiv\u00e9es les semences paysannes de Jardin\u2019enVie (429 route de Chaux) ; &#8211; 13 h : pique-nique et rencontre avec les habitants des Jardins partag\u00e9s du Mat (rue Aristide-Briand, \u00e0 Valence) ; &#8211; 16 h : d\u00e9couverte de la Commission de recherche et d\u2019information ind\u00e9pendantes sur la radioactivit\u00e9, 29 cours Manuel-de-Falla, \u00e0 Valence ; &#8211; 19 h : soir\u00e9e festive \u00e0 La Ruche Truk\u2019Muche (90 bd du 3e Mill\u00e9naire \u00e0 Bourg-l\u00e8s-Valence) avec un repas 100 % \u201cvari\u00e9t\u00e9s paysannes\u201d, un l\u00e2cher de clowns, animation musicale. Tout est gratuit, sauf le repas (10 euros).<\/p>\n<p style=\"text-align: right;\"><strong><span class=\"auteur\">Fr\u00e9d\u00e9rique FAYS<\/span>, <a href=\"http:\/\/c.ledauphine.com\/drome\/2017\/08\/18\/qualite-et-autonomie-alimentaires-pour-un-tour-de-france-original\" target=\"_blank\" rel=\"noopener\">Le Dauphin\u00e9<\/a><\/strong><\/p>\n","protected":false},"excerpt":{"rendered":"<p>Qualit\u00e9 et autonomie alimentaires pour un tour de France original Au total, ils ont \u00e9t\u00e9 plus de 300 cyclistes \u00e0 se relayer au fil des \u00e9tapes \u00e0 travers la France. Partis le 8 juillet de Toulouse, ils seront une cinquantaine pour l\u2019ultime \u00e9tape, demain, de cette 10e \u00e9dition de l\u2019Alter-Tour &#8230; <\/p>\n<div><a href=\"https:\/\/www.altercampagne.net\/?p=7563\" class=\"more-link\">Read More<\/a><\/div>\n","protected":false},"author":214,"featured_media":9443,"comment_status":"closed","ping_status":"closed","sticky":false,"template":"","format":"standard","meta":{"footnotes":""},"categories":[3471,3483,3457,3488],"tags":[2042,2783,2784,3095,3187,3188,3193,3194,3204,3205,3206,3207,3208],"class_list":["post-7563","post","type-post","status-publish","format-standard","has-post-thumbnail","hentry","category-auvergne-rhone-alpes","category-agriculture","category-edition-2017","category-social","tag-valence","tag-altertour-2017","tag-2784","tag-criirad","tag-jardinenvie","tag-eric-marchand","tag-le-dauphine","tag-bourg-les-valence","tag-le-mat-drome","tag-frederique-fays","tag-jonquerettes","tag-ruche-truckmuche","tag-valerie-peyret"],"yoast_head":"<!-- This site is optimized with the Yoast SEO plugin v27.3 - https:\/\/yoast.com\/product\/yoast-seo-wordpress\/ -->\n<title>L\u2019AlterTour arrive demain \u00e0 Bourg-les-Valence - AlterTour<\/title>\n<meta name=\"robots\" content=\"index, follow, max-snippet:-1, max-image-preview:large, max-video-preview:-1\" \/>\n<link rel=\"canonical\" href=\"https:\/\/www.altercampagne.net\/?p=7563\" \/>\n<meta property=\"og:locale\" content=\"fr_FR\" \/>\n<meta property=\"og:type\" content=\"article\" \/>\n<meta property=\"og:title\" content=\"L\u2019AlterTour arrive demain \u00e0 Bourg-les-Valence - AlterTour\" \/>\n<meta property=\"og:description\" content=\"Qualit\u00e9 et autonomie alimentaires pour un tour de France original Au total, ils ont \u00e9t\u00e9 plus de 300 cyclistes \u00e0 se relayer au fil des \u00e9tapes \u00e0 travers la France. Partis le 8 juillet de Toulouse, ils seront une cinquantaine pour l\u2019ultime \u00e9tape, demain, de cette 10e \u00e9dition de l\u2019Alter-Tour ... Read More\" \/>\n<meta property=\"og:url\" content=\"https:\/\/www.altercampagne.net\/?p=7563\" \/>\n<meta property=\"og:site_name\" content=\"AlterTour\" \/>\n<meta property=\"article:published_time\" content=\"2017-08-18T19:51:11+00:00\" \/>\n<meta property=\"article:modified_time\" content=\"2018-02-23T16:12:43+00:00\" \/>\n<meta property=\"og:image\" content=\"https:\/\/www.altercampagne.net\/wp-content\/uploads\/2017\/08\/DSC00732.jpg\" \/>\n\t<meta property=\"og:image:width\" content=\"755\" \/>\n\t<meta property=\"og:image:height\" content=\"395\" \/>\n\t<meta property=\"og:image:type\" content=\"image\/jpeg\" \/>\n<meta name=\"author\" content=\"Mathieu\" \/>\n<meta name=\"twitter:card\" content=\"summary_large_image\" \/>\n<meta name=\"twitter:label1\" content=\"\u00c9crit par\" \/>\n\t<meta name=\"twitter:data1\" content=\"Mathieu\" \/>\n\t<meta name=\"twitter:label2\" content=\"Dur\u00e9e de lecture estim\u00e9e\" \/>\n\t<meta name=\"twitter:data2\" content=\"2 minutes\" \/>\n<script type=\"application\/ld+json\" class=\"yoast-schema-graph\">{\"@context\":\"https:\\\/\\\/schema.org\",\"@graph\":[{\"@type\":\"Article\",\"@id\":\"https:\\\/\\\/www.altercampagne.net\\\/?p=7563#article\",\"isPartOf\":{\"@id\":\"https:\\\/\\\/www.altercampagne.net\\\/?p=7563\"},\"author\":{\"name\":\"Mathieu\",\"@id\":\"https:\\\/\\\/www.altercampagne.net\\\/#\\\/schema\\\/person\\\/0f261460c09e430caa0f9bcffa319109\"},\"headline\":\"L\u2019AlterTour arrive demain \u00e0 Bourg-les-Valence\",\"datePublished\":\"2017-08-18T19:51:11+00:00\",\"dateModified\":\"2018-02-23T16:12:43+00:00\",\"mainEntityOfPage\":{\"@id\":\"https:\\\/\\\/www.altercampagne.net\\\/?p=7563\"},\"wordCount\":400,\"image\":{\"@id\":\"https:\\\/\\\/www.altercampagne.net\\\/?p=7563#primaryimage\"},\"thumbnailUrl\":\"https:\\\/\\\/www.altercampagne.net\\\/wp-content\\\/uploads\\\/2017\\\/08\\\/DSC00732.jpg\",\"keywords\":[\"Valence\",\"AlterTour 2017\",\"2017\",\"Criirad\",\"Jardin\u2019Envie\",\"Eric Marchand\",\"Le Dauphin\u00e9\",\"Bourg-l\u00e8s-Valence\",\".Le Mat Dr\u00f4me\",\"Fr\u00e9d\u00e9rique FAYS\",\"Jonquerettes\",\"Ruche Truck\u2019Muche\",\"Val\u00e9rie Peyret\"],\"articleSection\":[\"Auvergne-Rh\u00f4ne-Alpes\",\"Agriculture\",\"\u00c9dition 2017\",\"Social\"],\"inLanguage\":\"fr-FR\"},{\"@type\":\"WebPage\",\"@id\":\"https:\\\/\\\/www.altercampagne.net\\\/?p=7563\",\"url\":\"https:\\\/\\\/www.altercampagne.net\\\/?p=7563\",\"name\":\"L\u2019AlterTour arrive demain \u00e0 Bourg-les-Valence - AlterTour\",\"isPartOf\":{\"@id\":\"https:\\\/\\\/www.altercampagne.net\\\/#website\"},\"primaryImageOfPage\":{\"@id\":\"https:\\\/\\\/www.altercampagne.net\\\/?p=7563#primaryimage\"},\"image\":{\"@id\":\"https:\\\/\\\/www.altercampagne.net\\\/?p=7563#primaryimage\"},\"thumbnailUrl\":\"https:\\\/\\\/www.altercampagne.net\\\/wp-content\\\/uploads\\\/2017\\\/08\\\/DSC00732.jpg\",\"datePublished\":\"2017-08-18T19:51:11+00:00\",\"dateModified\":\"2018-02-23T16:12:43+00:00\",\"author\":{\"@id\":\"https:\\\/\\\/www.altercampagne.net\\\/#\\\/schema\\\/person\\\/0f261460c09e430caa0f9bcffa319109\"},\"breadcrumb\":{\"@id\":\"https:\\\/\\\/www.altercampagne.net\\\/?p=7563#breadcrumb\"},\"inLanguage\":\"fr-FR\",\"potentialAction\":[{\"@type\":\"ReadAction\",\"target\":[\"https:\\\/\\\/www.altercampagne.net\\\/?p=7563\"]}]},{\"@type\":\"ImageObject\",\"inLanguage\":\"fr-FR\",\"@id\":\"https:\\\/\\\/www.altercampagne.net\\\/?p=7563#primaryimage\",\"url\":\"https:\\\/\\\/www.altercampagne.net\\\/wp-content\\\/uploads\\\/2017\\\/08\\\/DSC00732.jpg\",\"contentUrl\":\"https:\\\/\\\/www.altercampagne.net\\\/wp-content\\\/uploads\\\/2017\\\/08\\\/DSC00732.jpg\",\"width\":755,\"height\":395},{\"@type\":\"BreadcrumbList\",\"@id\":\"https:\\\/\\\/www.altercampagne.net\\\/?p=7563#breadcrumb\",\"itemListElement\":[{\"@type\":\"ListItem\",\"position\":1,\"name\":\"Accueil\",\"item\":\"https:\\\/\\\/www.altercampagne.net\\\/\"},{\"@type\":\"ListItem\",\"position\":2,\"name\":\"L\u2019AlterTour arrive demain \u00e0 Bourg-les-Valence\"}]},{\"@type\":\"WebSite\",\"@id\":\"https:\\\/\\\/www.altercampagne.net\\\/#website\",\"url\":\"https:\\\/\\\/www.altercampagne.net\\\/\",\"name\":\"AlterTour\",\"description\":\"Reliez les Alternatives \u00e0 v\u00e9lo\",\"potentialAction\":[{\"@type\":\"SearchAction\",\"target\":{\"@type\":\"EntryPoint\",\"urlTemplate\":\"https:\\\/\\\/www.altercampagne.net\\\/?s={search_term_string}\"},\"query-input\":{\"@type\":\"PropertyValueSpecification\",\"valueRequired\":true,\"valueName\":\"search_term_string\"}}],\"inLanguage\":\"fr-FR\"},{\"@type\":\"Person\",\"@id\":\"https:\\\/\\\/www.altercampagne.net\\\/#\\\/schema\\\/person\\\/0f261460c09e430caa0f9bcffa319109\",\"name\":\"Mathieu\",\"image\":{\"@type\":\"ImageObject\",\"inLanguage\":\"fr-FR\",\"@id\":\"https:\\\/\\\/secure.gravatar.com\\\/avatar\\\/aa9d3d24c83f2141e5e2709d0f63d09a99f6be6bb7a50abc4915838d9f54501a?s=96&d=mm&r=g\",\"url\":\"https:\\\/\\\/secure.gravatar.com\\\/avatar\\\/aa9d3d24c83f2141e5e2709d0f63d09a99f6be6bb7a50abc4915838d9f54501a?s=96&d=mm&r=g\",\"contentUrl\":\"https:\\\/\\\/secure.gravatar.com\\\/avatar\\\/aa9d3d24c83f2141e5e2709d0f63d09a99f6be6bb7a50abc4915838d9f54501a?s=96&d=mm&r=g\",\"caption\":\"Mathieu\"},\"url\":\"https:\\\/\\\/www.altercampagne.net\\\/?author=214\"}]}<\/script>\n<!-- \/ Yoast SEO plugin. -->","yoast_head_json":{"title":"L\u2019AlterTour arrive demain \u00e0 Bourg-les-Valence - AlterTour","robots":{"index":"index","follow":"follow","max-snippet":"max-snippet:-1","max-image-preview":"max-image-preview:large","max-video-preview":"max-video-preview:-1"},"canonical":"https:\/\/www.altercampagne.net\/?p=7563","og_locale":"fr_FR","og_type":"article","og_title":"L\u2019AlterTour arrive demain \u00e0 Bourg-les-Valence - AlterTour","og_description":"Qualit\u00e9 et autonomie alimentaires pour un tour de France original Au total, ils ont \u00e9t\u00e9 plus de 300 cyclistes \u00e0 se relayer au fil des \u00e9tapes \u00e0 travers la France. Partis le 8 juillet de Toulouse, ils seront une cinquantaine pour l\u2019ultime \u00e9tape, demain, de cette 10e \u00e9dition de l\u2019Alter-Tour ... Read More","og_url":"https:\/\/www.altercampagne.net\/?p=7563","og_site_name":"AlterTour","article_published_time":"2017-08-18T19:51:11+00:00","article_modified_time":"2018-02-23T16:12:43+00:00","og_image":[{"width":755,"height":395,"url":"https:\/\/www.altercampagne.net\/wp-content\/uploads\/2017\/08\/DSC00732.jpg","type":"image\/jpeg"}],"author":"Mathieu","twitter_card":"summary_large_image","twitter_misc":{"\u00c9crit par":"Mathieu","Dur\u00e9e de lecture estim\u00e9e":"2 minutes"},"schema":{"@context":"https:\/\/schema.org","@graph":[{"@type":"Article","@id":"https:\/\/www.altercampagne.net\/?p=7563#article","isPartOf":{"@id":"https:\/\/www.altercampagne.net\/?p=7563"},"author":{"name":"Mathieu","@id":"https:\/\/www.altercampagne.net\/#\/schema\/person\/0f261460c09e430caa0f9bcffa319109"},"headline":"L\u2019AlterTour arrive demain \u00e0 Bourg-les-Valence","datePublished":"2017-08-18T19:51:11+00:00","dateModified":"2018-02-23T16:12:43+00:00","mainEntityOfPage":{"@id":"https:\/\/www.altercampagne.net\/?p=7563"},"wordCount":400,"image":{"@id":"https:\/\/www.altercampagne.net\/?p=7563#primaryimage"},"thumbnailUrl":"https:\/\/www.altercampagne.net\/wp-content\/uploads\/2017\/08\/DSC00732.jpg","keywords":["Valence","AlterTour 2017","2017","Criirad","Jardin\u2019Envie","Eric Marchand","Le Dauphin\u00e9","Bourg-l\u00e8s-Valence",".Le Mat Dr\u00f4me","Fr\u00e9d\u00e9rique FAYS","Jonquerettes","Ruche Truck\u2019Muche","Val\u00e9rie Peyret"],"articleSection":["Auvergne-Rh\u00f4ne-Alpes","Agriculture","\u00c9dition 2017","Social"],"inLanguage":"fr-FR"},{"@type":"WebPage","@id":"https:\/\/www.altercampagne.net\/?p=7563","url":"https:\/\/www.altercampagne.net\/?p=7563","name":"L\u2019AlterTour arrive demain \u00e0 Bourg-les-Valence - AlterTour","isPartOf":{"@id":"https:\/\/www.altercampagne.net\/#website"},"primaryImageOfPage":{"@id":"https:\/\/www.altercampagne.net\/?p=7563#primaryimage"},"image":{"@id":"https:\/\/www.altercampagne.net\/?p=7563#primaryimage"},"thumbnailUrl":"https:\/\/www.altercampagne.net\/wp-content\/uploads\/2017\/08\/DSC00732.jpg","datePublished":"2017-08-18T19:51:11+00:00","dateModified":"2018-02-23T16:12:43+00:00","author":{"@id":"https:\/\/www.altercampagne.net\/#\/schema\/person\/0f261460c09e430caa0f9bcffa319109"},"breadcrumb":{"@id":"https:\/\/www.altercampagne.net\/?p=7563#breadcrumb"},"inLanguage":"fr-FR","potentialAction":[{"@type":"ReadAction","target":["https:\/\/www.altercampagne.net\/?p=7563"]}]},{"@type":"ImageObject","inLanguage":"fr-FR","@id":"https:\/\/www.altercampagne.net\/?p=7563#primaryimage","url":"https:\/\/www.altercampagne.net\/wp-content\/uploads\/2017\/08\/DSC00732.jpg","contentUrl":"https:\/\/www.altercampagne.net\/wp-content\/uploads\/2017\/08\/DSC00732.jpg","width":755,"height":395},{"@type":"BreadcrumbList","@id":"https:\/\/www.altercampagne.net\/?p=7563#breadcrumb","itemListElement":[{"@type":"ListItem","position":1,"name":"Accueil","item":"https:\/\/www.altercampagne.net\/"},{"@type":"ListItem","position":2,"name":"L\u2019AlterTour arrive demain \u00e0 Bourg-les-Valence"}]},{"@type":"WebSite","@id":"https:\/\/www.altercampagne.net\/#website","url":"https:\/\/www.altercampagne.net\/","name":"AlterTour","description":"Reliez les Alternatives \u00e0 v\u00e9lo","potentialAction":[{"@type":"SearchAction","target":{"@type":"EntryPoint","urlTemplate":"https:\/\/www.altercampagne.net\/?s={search_term_string}"},"query-input":{"@type":"PropertyValueSpecification","valueRequired":true,"valueName":"search_term_string"}}],"inLanguage":"fr-FR"},{"@type":"Person","@id":"https:\/\/www.altercampagne.net\/#\/schema\/person\/0f261460c09e430caa0f9bcffa319109","name":"Mathieu","image":{"@type":"ImageObject","inLanguage":"fr-FR","@id":"https:\/\/secure.gravatar.com\/avatar\/aa9d3d24c83f2141e5e2709d0f63d09a99f6be6bb7a50abc4915838d9f54501a?s=96&d=mm&r=g","url":"https:\/\/secure.gravatar.com\/avatar\/aa9d3d24c83f2141e5e2709d0f63d09a99f6be6bb7a50abc4915838d9f54501a?s=96&d=mm&r=g","contentUrl":"https:\/\/secure.gravatar.com\/avatar\/aa9d3d24c83f2141e5e2709d0f63d09a99f6be6bb7a50abc4915838d9f54501a?s=96&d=mm&r=g","caption":"Mathieu"},"url":"https:\/\/www.altercampagne.net\/?author=214"}]}},"_links":{"self":[{"href":"https:\/\/www.altercampagne.net\/index.php?rest_route=\/wp\/v2\/posts\/7563","targetHints":{"allow":["GET"]}}],"collection":[{"href":"https:\/\/www.altercampagne.net\/index.php?rest_route=\/wp\/v2\/posts"}],"about":[{"href":"https:\/\/www.altercampagne.net\/index.php?rest_route=\/wp\/v2\/types\/post"}],"author":[{"embeddable":true,"href":"https:\/\/www.altercampagne.net\/index.php?rest_route=\/wp\/v2\/users\/214"}],"replies":[{"embeddable":true,"href":"https:\/\/www.altercampagne.net\/index.php?rest_route=%2Fwp%2Fv2%2Fcomments&post=7563"}],"version-history":[{"count":0,"href":"https:\/\/www.altercampagne.net\/index.php?rest_route=\/wp\/v2\/posts\/7563\/revisions"}],"wp:featuredmedia":[{"embeddable":true,"href":"https:\/\/www.altercampagne.net\/index.php?rest_route=\/wp\/v2\/media\/9443"}],"wp:attachment":[{"href":"https:\/\/www.altercampagne.net\/index.php?rest_route=%2Fwp%2Fv2%2Fmedia&parent=7563"}],"wp:term":[{"taxonomy":"category","embeddable":true,"href":"https:\/\/www.altercampagne.net\/index.php?rest_route=%2Fwp%2Fv2%2Fcategories&post=7563"},{"taxonomy":"post_tag","embeddable":true,"href":"https:\/\/www.altercampagne.net\/index.php?rest_route=%2Fwp%2Fv2%2Ftags&post=7563"}],"curies":[{"name":"wp","href":"https:\/\/api.w.org\/{rel}","templated":true}]}}