{"id":7575,"date":"2017-08-06T22:27:57","date_gmt":"2017-08-06T20:27:57","guid":{"rendered":"http:\/\/www.altercampagne.net\/?p=7575"},"modified":"2018-02-23T17:38:26","modified_gmt":"2018-02-23T16:38:26","slug":"journee-de-repos-du-6-aout-sur-lechappee-belle-a-dieulefit-avec-le-cafe-citoyen-artistique-mine-dart","status":"publish","type":"post","link":"https:\/\/www.altercampagne.net\/?p=7575","title":{"rendered":"Journ\u00e9e de repos du 6 ao\u00fbt sur l\u2019\u00c9chapp\u00e9e Belle \u00e0 Dieulefit avec le Caf\u00e9 citoyen artistique Mine d\u2019Art"},"content":{"rendered":"<p>Manu, ing\u00e9nieur du son, a ouvert son <em>Caf\u00e9 citoyen artistique<\/em> \u00ab\u00a0Mine d\u2019Art\u00a0\u00bb\u00a0 dans une partie d\u2019une ancienne fabrique de porcelaine situ\u00e9e en lisi\u00e8re de la vieille ville, achet\u00e9e voil\u00e0 2 ans.\u00a0 A ses pieds la s\u00e9millante rivi\u00e8re \u00ab\u00a0Jabron\u00a0\u00bb se faufile au creux d\u2019une berge verdoyante, d\u00e9cor\u00e9e \u00e0 l\u2019occasion de la f\u00eate de la Nature de flamboyantes pulsatiles, de papillons et de h\u00e9rons. La route la s\u00e9pare de la petite terrasse du caf\u00e9. \u00a0La zone est inondable et le caf\u00e9 fut inond\u00e9 il y a deux mois.<\/p>\n<p>Le caf\u00e9 occupe une partie de l\u2019ancienne b\u00e2tisse, en son centre, sur toute sa longueur jusqu\u2019au c\u0153ur de la colline \u00e0 laquelle est adoss\u00e9 le bourg. L\u00e0 deux grottes ont \u00e9t\u00e9 creus\u00e9es par les anciens occupants pour exposer leurs \u0153uvres. C\u2019est dans l\u2019une d\u2019elles que les altercyclistes ont appr\u00e9ci\u00e9 la fra\u00eecheur &#8211; apr\u00e8s, la veille, une journ\u00e9e \u00e9crasante de chaleur-, en attendant que Manu soit disponible\u00a0; les niches et \u00e9clairages de la grottes rappellent l\u2019utilisation ant\u00e9rieure du lieu. Au fond, une vitre s\u2019ouvre sur une source.<\/p>\n<p>Au-dessus, les deux \u00e9tages sont occup\u00e9s par les habitations, studio d\u2019enregistrement et bureau.<\/p>\n<p>Manu est n\u00e9 \u00e0 Dieulefit ce qui ne pr\u00e9sente pas un avantage explique-t-il. Une pancarte en carton pos\u00e9e r\u00e9cemment sur le bord de sa terrasse invite les usagers \u00e0 ne pas s\u2019installer sur la terrasse voisine.\u00a0 Apr\u00e8s avoir travaill\u00e9 seul pendant un an, il \u0153uvre maintenant avec un coll\u00e8gue qui occupe le poste de barman. \u00a0Le caf\u00e9 n\u2019ouvrira dor\u00e9navant qu\u2019\u00e0 partir de 17 h, ce fut une erreur de faire l\u2019ouverture d\u00e8s le matin.<\/p>\n<p>Manu travaille avec les associations de Dieulefit. Pour le moment, il songe stabiliser l\u2019acquis, les festivals seront pour plus tard. La perception du caf\u00e9 par les habitants est mitig\u00e9e\u00a0: les villageois apportent leur soutien, la commune le fait \u00ab\u00a0oralement\u00a0\u00bb, les flics font leur tourn\u00e9e. Il aimerait mieux que ces derniers le conseillent. L\u2019achat d\u2019un d\u00e9cibelom\u00e8tre a \u00e9t\u00e9 r\u00e9alis\u00e9 r\u00e9cemment &#8230;.<\/p>\n<p>Au tableau noir situ\u00e9 devant le caf\u00e9 apparaissent les activit\u00e9s de la semaine\u00a0:<\/p>\n<p>&#8211; Ce samedi concert Fedayi Pacha<br \/>\n&#8211; Exposition du mois\u00a0: Julian Thevenet<br \/>\n&#8211; Mercredi\u00a0: jeux de soci\u00e9t\u00e9, poker, tournois&#8230;<br \/>\n&#8211; Jeudi\u00a0: Karaok\u00e9<br \/>\n&#8211; Vendredi\u00a0: les musiciens du coin viennent improviser.<br \/>\n&#8211; Chaque dimanche ap\u00e9ro-vinyles (prenez vos disques 10h-18h)<\/p>\n<p>Actuellement, il n\u2019est pas possible de salarier quiconque, mais les comptes sont bons. Les exc\u00e9dents sont r\u00e9investis dans l\u2019\u00e9quipement\u00a0: frigo, son &#8230;. L\u2019association \u00ab\u00a0familiale\u00a0\u00bb (Manu et son p\u00e8re) s\u2019oriente vers le statut d\u2019entreprise pour la gestion du fonds de commerce. L\u2019association poursuivra dans les activit\u00e9s culturelles. Une licence de d\u00e9bit de boissons vient d\u2019\u00eatre achet\u00e9e.<\/p>\n<p>Cet hiver, une sortie\u00a0culture et ski\u00a0sera peut \u00eatre organis\u00e9e.<\/p>\n<p>Cette ann\u00e9e, Manu et son coll\u00e8gue pourront peut-\u00eatre pour la premi\u00e8re fois prendre des vacances.<\/p>\n<p>Le beau visage brun de Manu s\u2019\u00e9claire \u00e0 cette perspective et il s\u2019\u00e9chappe pour pr\u00e9parer aux altercyclistes une assiette \u00ab\u00a0v\u00e9g\u00e9\u00a0\u00bb ou non, salade, fromage, pain, et p\u00e2t\u00e9 pour ceux qui le souhaitent.<\/p>\n<p style=\"text-align: right;\"><strong>Marido et Marie-Christine<\/strong><\/p>\n","protected":false},"excerpt":{"rendered":"<p>Manu, ing\u00e9nieur du son, a ouvert son Caf\u00e9 citoyen artistique \u00ab\u00a0Mine d\u2019Art\u00a0\u00bb\u00a0 dans une partie d\u2019une ancienne fabrique de porcelaine situ\u00e9e en lisi\u00e8re de la vieille ville, achet\u00e9e voil\u00e0 2 ans.\u00a0 A ses pieds la s\u00e9millante rivi\u00e8re \u00ab\u00a0Jabron\u00a0\u00bb se faufile au creux d\u2019une berge verdoyante, d\u00e9cor\u00e9e \u00e0 l\u2019occasion de la &#8230; <\/p>\n<div><a href=\"https:\/\/www.altercampagne.net\/?p=7575\" class=\"more-link\">Read More<\/a><\/div>\n","protected":false},"author":214,"featured_media":9460,"comment_status":"closed","ping_status":"closed","sticky":false,"template":"","format":"standard","meta":{"footnotes":""},"categories":[3471,3231,3490,3457],"tags":[1091,1489,1650,2783,2784,2998,3060,3209,3210],"class_list":["post-7575","post","type-post","status-publish","format-standard","has-post-thumbnail","hentry","category-auvergne-rhone-alpes","category-echappee-belle","category-culture","category-edition-2017","tag-drome","tag-auvergne-rhone-alpes","tag-rhone-alpes","tag-altertour-2017","tag-2784","tag-mine-dart","tag-echappee-belle-2017","tag-cafe-citoyen-artistique-mine-dart","tag-dieulefit"],"yoast_head":"<!-- This site is optimized with the Yoast SEO plugin v27.3 - https:\/\/yoast.com\/product\/yoast-seo-wordpress\/ -->\n<title>Journ\u00e9e de repos du 6 ao\u00fbt sur l\u2019\u00c9chapp\u00e9e Belle \u00e0 Dieulefit avec le Caf\u00e9 citoyen artistique Mine d\u2019Art - AlterTour<\/title>\n<meta name=\"robots\" content=\"index, follow, max-snippet:-1, max-image-preview:large, max-video-preview:-1\" \/>\n<link rel=\"canonical\" href=\"https:\/\/www.altercampagne.net\/?p=7575\" \/>\n<meta property=\"og:locale\" content=\"fr_FR\" \/>\n<meta property=\"og:type\" content=\"article\" \/>\n<meta property=\"og:title\" content=\"Journ\u00e9e de repos du 6 ao\u00fbt sur l\u2019\u00c9chapp\u00e9e Belle \u00e0 Dieulefit avec le Caf\u00e9 citoyen artistique Mine d\u2019Art - AlterTour\" \/>\n<meta property=\"og:description\" content=\"Manu, ing\u00e9nieur du son, a ouvert son Caf\u00e9 citoyen artistique \u00ab\u00a0Mine d\u2019Art\u00a0\u00bb\u00a0 dans une partie d\u2019une ancienne fabrique de porcelaine situ\u00e9e en lisi\u00e8re de la vieille ville, achet\u00e9e voil\u00e0 2 ans.\u00a0 A ses pieds la s\u00e9millante rivi\u00e8re \u00ab\u00a0Jabron\u00a0\u00bb se faufile au creux d\u2019une berge verdoyante, d\u00e9cor\u00e9e \u00e0 l\u2019occasion de la ... Read More\" \/>\n<meta property=\"og:url\" content=\"https:\/\/www.altercampagne.net\/?p=7575\" \/>\n<meta property=\"og:site_name\" content=\"AlterTour\" \/>\n<meta property=\"article:published_time\" content=\"2017-08-06T20:27:57+00:00\" \/>\n<meta property=\"article:modified_time\" content=\"2018-02-23T16:38:26+00:00\" \/>\n<meta property=\"og:image\" content=\"https:\/\/www.altercampagne.net\/wp-content\/uploads\/2017\/08\/2017-08-06_0001DSC01580-1.jpg\" \/>\n\t<meta property=\"og:image:width\" content=\"566\" \/>\n\t<meta property=\"og:image:height\" content=\"295\" \/>\n\t<meta property=\"og:image:type\" content=\"image\/jpeg\" \/>\n<meta name=\"author\" content=\"Mathieu\" \/>\n<meta name=\"twitter:card\" content=\"summary_large_image\" \/>\n<meta name=\"twitter:label1\" content=\"\u00c9crit par\" \/>\n\t<meta name=\"twitter:data1\" content=\"Mathieu\" \/>\n\t<meta name=\"twitter:label2\" content=\"Dur\u00e9e de lecture estim\u00e9e\" \/>\n\t<meta name=\"twitter:data2\" content=\"3 minutes\" \/>\n<script type=\"application\/ld+json\" class=\"yoast-schema-graph\">{\"@context\":\"https:\\\/\\\/schema.org\",\"@graph\":[{\"@type\":\"Article\",\"@id\":\"https:\\\/\\\/www.altercampagne.net\\\/?p=7575#article\",\"isPartOf\":{\"@id\":\"https:\\\/\\\/www.altercampagne.net\\\/?p=7575\"},\"author\":{\"name\":\"Mathieu\",\"@id\":\"https:\\\/\\\/www.altercampagne.net\\\/#\\\/schema\\\/person\\\/0f261460c09e430caa0f9bcffa319109\"},\"headline\":\"Journ\u00e9e de repos du 6 ao\u00fbt sur l\u2019\u00c9chapp\u00e9e Belle \u00e0 Dieulefit avec le Caf\u00e9 citoyen artistique Mine d\u2019Art\",\"datePublished\":\"2017-08-06T20:27:57+00:00\",\"dateModified\":\"2018-02-23T16:38:26+00:00\",\"mainEntityOfPage\":{\"@id\":\"https:\\\/\\\/www.altercampagne.net\\\/?p=7575\"},\"wordCount\":576,\"image\":{\"@id\":\"https:\\\/\\\/www.altercampagne.net\\\/?p=7575#primaryimage\"},\"thumbnailUrl\":\"https:\\\/\\\/www.altercampagne.net\\\/wp-content\\\/uploads\\\/2017\\\/08\\\/2017-08-06_0001DSC01580-1.jpg\",\"keywords\":[\"Dr\u00f4me\",\"Auvergne-Rh\u00f4ne-Alpes\",\"Rhone-Alpes\",\"AlterTour 2017\",\"2017\",\"Mine d'art\",\"\u00c9chapp\u00e9e Belle 2017\",\"Caf\u00e9 citoyen artistique Mine d\u2019Art\",\"Dieulefit\"],\"articleSection\":[\"Auvergne-Rh\u00f4ne-Alpes\",\"Echapp\u00e9e Belle\",\"Culture\",\"\u00c9dition 2017\"],\"inLanguage\":\"fr-FR\"},{\"@type\":\"WebPage\",\"@id\":\"https:\\\/\\\/www.altercampagne.net\\\/?p=7575\",\"url\":\"https:\\\/\\\/www.altercampagne.net\\\/?p=7575\",\"name\":\"Journ\u00e9e de repos du 6 ao\u00fbt sur l\u2019\u00c9chapp\u00e9e Belle \u00e0 Dieulefit avec le Caf\u00e9 citoyen artistique Mine d\u2019Art - AlterTour\",\"isPartOf\":{\"@id\":\"https:\\\/\\\/www.altercampagne.net\\\/#website\"},\"primaryImageOfPage\":{\"@id\":\"https:\\\/\\\/www.altercampagne.net\\\/?p=7575#primaryimage\"},\"image\":{\"@id\":\"https:\\\/\\\/www.altercampagne.net\\\/?p=7575#primaryimage\"},\"thumbnailUrl\":\"https:\\\/\\\/www.altercampagne.net\\\/wp-content\\\/uploads\\\/2017\\\/08\\\/2017-08-06_0001DSC01580-1.jpg\",\"datePublished\":\"2017-08-06T20:27:57+00:00\",\"dateModified\":\"2018-02-23T16:38:26+00:00\",\"author\":{\"@id\":\"https:\\\/\\\/www.altercampagne.net\\\/#\\\/schema\\\/person\\\/0f261460c09e430caa0f9bcffa319109\"},\"breadcrumb\":{\"@id\":\"https:\\\/\\\/www.altercampagne.net\\\/?p=7575#breadcrumb\"},\"inLanguage\":\"fr-FR\",\"potentialAction\":[{\"@type\":\"ReadAction\",\"target\":[\"https:\\\/\\\/www.altercampagne.net\\\/?p=7575\"]}]},{\"@type\":\"ImageObject\",\"inLanguage\":\"fr-FR\",\"@id\":\"https:\\\/\\\/www.altercampagne.net\\\/?p=7575#primaryimage\",\"url\":\"https:\\\/\\\/www.altercampagne.net\\\/wp-content\\\/uploads\\\/2017\\\/08\\\/2017-08-06_0001DSC01580-1.jpg\",\"contentUrl\":\"https:\\\/\\\/www.altercampagne.net\\\/wp-content\\\/uploads\\\/2017\\\/08\\\/2017-08-06_0001DSC01580-1.jpg\",\"width\":566,\"height\":295},{\"@type\":\"BreadcrumbList\",\"@id\":\"https:\\\/\\\/www.altercampagne.net\\\/?p=7575#breadcrumb\",\"itemListElement\":[{\"@type\":\"ListItem\",\"position\":1,\"name\":\"Accueil\",\"item\":\"https:\\\/\\\/www.altercampagne.net\\\/\"},{\"@type\":\"ListItem\",\"position\":2,\"name\":\"Journ\u00e9e de repos du 6 ao\u00fbt sur l\u2019\u00c9chapp\u00e9e Belle \u00e0 Dieulefit avec le Caf\u00e9 citoyen artistique Mine d\u2019Art\"}]},{\"@type\":\"WebSite\",\"@id\":\"https:\\\/\\\/www.altercampagne.net\\\/#website\",\"url\":\"https:\\\/\\\/www.altercampagne.net\\\/\",\"name\":\"AlterTour\",\"description\":\"Reliez les Alternatives \u00e0 v\u00e9lo\",\"potentialAction\":[{\"@type\":\"SearchAction\",\"target\":{\"@type\":\"EntryPoint\",\"urlTemplate\":\"https:\\\/\\\/www.altercampagne.net\\\/?s={search_term_string}\"},\"query-input\":{\"@type\":\"PropertyValueSpecification\",\"valueRequired\":true,\"valueName\":\"search_term_string\"}}],\"inLanguage\":\"fr-FR\"},{\"@type\":\"Person\",\"@id\":\"https:\\\/\\\/www.altercampagne.net\\\/#\\\/schema\\\/person\\\/0f261460c09e430caa0f9bcffa319109\",\"name\":\"Mathieu\",\"image\":{\"@type\":\"ImageObject\",\"inLanguage\":\"fr-FR\",\"@id\":\"https:\\\/\\\/secure.gravatar.com\\\/avatar\\\/aa9d3d24c83f2141e5e2709d0f63d09a99f6be6bb7a50abc4915838d9f54501a?s=96&d=mm&r=g\",\"url\":\"https:\\\/\\\/secure.gravatar.com\\\/avatar\\\/aa9d3d24c83f2141e5e2709d0f63d09a99f6be6bb7a50abc4915838d9f54501a?s=96&d=mm&r=g\",\"contentUrl\":\"https:\\\/\\\/secure.gravatar.com\\\/avatar\\\/aa9d3d24c83f2141e5e2709d0f63d09a99f6be6bb7a50abc4915838d9f54501a?s=96&d=mm&r=g\",\"caption\":\"Mathieu\"},\"url\":\"https:\\\/\\\/www.altercampagne.net\\\/?author=214\"}]}<\/script>\n<!-- \/ Yoast SEO plugin. -->","yoast_head_json":{"title":"Journ\u00e9e de repos du 6 ao\u00fbt sur l\u2019\u00c9chapp\u00e9e Belle \u00e0 Dieulefit avec le Caf\u00e9 citoyen artistique Mine d\u2019Art - AlterTour","robots":{"index":"index","follow":"follow","max-snippet":"max-snippet:-1","max-image-preview":"max-image-preview:large","max-video-preview":"max-video-preview:-1"},"canonical":"https:\/\/www.altercampagne.net\/?p=7575","og_locale":"fr_FR","og_type":"article","og_title":"Journ\u00e9e de repos du 6 ao\u00fbt sur l\u2019\u00c9chapp\u00e9e Belle \u00e0 Dieulefit avec le Caf\u00e9 citoyen artistique Mine d\u2019Art - AlterTour","og_description":"Manu, ing\u00e9nieur du son, a ouvert son Caf\u00e9 citoyen artistique \u00ab\u00a0Mine d\u2019Art\u00a0\u00bb\u00a0 dans une partie d\u2019une ancienne fabrique de porcelaine situ\u00e9e en lisi\u00e8re de la vieille ville, achet\u00e9e voil\u00e0 2 ans.\u00a0 A ses pieds la s\u00e9millante rivi\u00e8re \u00ab\u00a0Jabron\u00a0\u00bb se faufile au creux d\u2019une berge verdoyante, d\u00e9cor\u00e9e \u00e0 l\u2019occasion de la ... Read More","og_url":"https:\/\/www.altercampagne.net\/?p=7575","og_site_name":"AlterTour","article_published_time":"2017-08-06T20:27:57+00:00","article_modified_time":"2018-02-23T16:38:26+00:00","og_image":[{"width":566,"height":295,"url":"https:\/\/www.altercampagne.net\/wp-content\/uploads\/2017\/08\/2017-08-06_0001DSC01580-1.jpg","type":"image\/jpeg"}],"author":"Mathieu","twitter_card":"summary_large_image","twitter_misc":{"\u00c9crit par":"Mathieu","Dur\u00e9e de lecture estim\u00e9e":"3 minutes"},"schema":{"@context":"https:\/\/schema.org","@graph":[{"@type":"Article","@id":"https:\/\/www.altercampagne.net\/?p=7575#article","isPartOf":{"@id":"https:\/\/www.altercampagne.net\/?p=7575"},"author":{"name":"Mathieu","@id":"https:\/\/www.altercampagne.net\/#\/schema\/person\/0f261460c09e430caa0f9bcffa319109"},"headline":"Journ\u00e9e de repos du 6 ao\u00fbt sur l\u2019\u00c9chapp\u00e9e Belle \u00e0 Dieulefit avec le Caf\u00e9 citoyen artistique Mine d\u2019Art","datePublished":"2017-08-06T20:27:57+00:00","dateModified":"2018-02-23T16:38:26+00:00","mainEntityOfPage":{"@id":"https:\/\/www.altercampagne.net\/?p=7575"},"wordCount":576,"image":{"@id":"https:\/\/www.altercampagne.net\/?p=7575#primaryimage"},"thumbnailUrl":"https:\/\/www.altercampagne.net\/wp-content\/uploads\/2017\/08\/2017-08-06_0001DSC01580-1.jpg","keywords":["Dr\u00f4me","Auvergne-Rh\u00f4ne-Alpes","Rhone-Alpes","AlterTour 2017","2017","Mine d'art","\u00c9chapp\u00e9e Belle 2017","Caf\u00e9 citoyen artistique Mine d\u2019Art","Dieulefit"],"articleSection":["Auvergne-Rh\u00f4ne-Alpes","Echapp\u00e9e Belle","Culture","\u00c9dition 2017"],"inLanguage":"fr-FR"},{"@type":"WebPage","@id":"https:\/\/www.altercampagne.net\/?p=7575","url":"https:\/\/www.altercampagne.net\/?p=7575","name":"Journ\u00e9e de repos du 6 ao\u00fbt sur l\u2019\u00c9chapp\u00e9e Belle \u00e0 Dieulefit avec le Caf\u00e9 citoyen artistique Mine d\u2019Art - AlterTour","isPartOf":{"@id":"https:\/\/www.altercampagne.net\/#website"},"primaryImageOfPage":{"@id":"https:\/\/www.altercampagne.net\/?p=7575#primaryimage"},"image":{"@id":"https:\/\/www.altercampagne.net\/?p=7575#primaryimage"},"thumbnailUrl":"https:\/\/www.altercampagne.net\/wp-content\/uploads\/2017\/08\/2017-08-06_0001DSC01580-1.jpg","datePublished":"2017-08-06T20:27:57+00:00","dateModified":"2018-02-23T16:38:26+00:00","author":{"@id":"https:\/\/www.altercampagne.net\/#\/schema\/person\/0f261460c09e430caa0f9bcffa319109"},"breadcrumb":{"@id":"https:\/\/www.altercampagne.net\/?p=7575#breadcrumb"},"inLanguage":"fr-FR","potentialAction":[{"@type":"ReadAction","target":["https:\/\/www.altercampagne.net\/?p=7575"]}]},{"@type":"ImageObject","inLanguage":"fr-FR","@id":"https:\/\/www.altercampagne.net\/?p=7575#primaryimage","url":"https:\/\/www.altercampagne.net\/wp-content\/uploads\/2017\/08\/2017-08-06_0001DSC01580-1.jpg","contentUrl":"https:\/\/www.altercampagne.net\/wp-content\/uploads\/2017\/08\/2017-08-06_0001DSC01580-1.jpg","width":566,"height":295},{"@type":"BreadcrumbList","@id":"https:\/\/www.altercampagne.net\/?p=7575#breadcrumb","itemListElement":[{"@type":"ListItem","position":1,"name":"Accueil","item":"https:\/\/www.altercampagne.net\/"},{"@type":"ListItem","position":2,"name":"Journ\u00e9e de repos du 6 ao\u00fbt sur l\u2019\u00c9chapp\u00e9e Belle \u00e0 Dieulefit avec le Caf\u00e9 citoyen artistique Mine d\u2019Art"}]},{"@type":"WebSite","@id":"https:\/\/www.altercampagne.net\/#website","url":"https:\/\/www.altercampagne.net\/","name":"AlterTour","description":"Reliez les Alternatives \u00e0 v\u00e9lo","potentialAction":[{"@type":"SearchAction","target":{"@type":"EntryPoint","urlTemplate":"https:\/\/www.altercampagne.net\/?s={search_term_string}"},"query-input":{"@type":"PropertyValueSpecification","valueRequired":true,"valueName":"search_term_string"}}],"inLanguage":"fr-FR"},{"@type":"Person","@id":"https:\/\/www.altercampagne.net\/#\/schema\/person\/0f261460c09e430caa0f9bcffa319109","name":"Mathieu","image":{"@type":"ImageObject","inLanguage":"fr-FR","@id":"https:\/\/secure.gravatar.com\/avatar\/aa9d3d24c83f2141e5e2709d0f63d09a99f6be6bb7a50abc4915838d9f54501a?s=96&d=mm&r=g","url":"https:\/\/secure.gravatar.com\/avatar\/aa9d3d24c83f2141e5e2709d0f63d09a99f6be6bb7a50abc4915838d9f54501a?s=96&d=mm&r=g","contentUrl":"https:\/\/secure.gravatar.com\/avatar\/aa9d3d24c83f2141e5e2709d0f63d09a99f6be6bb7a50abc4915838d9f54501a?s=96&d=mm&r=g","caption":"Mathieu"},"url":"https:\/\/www.altercampagne.net\/?author=214"}]}},"_links":{"self":[{"href":"https:\/\/www.altercampagne.net\/index.php?rest_route=\/wp\/v2\/posts\/7575","targetHints":{"allow":["GET"]}}],"collection":[{"href":"https:\/\/www.altercampagne.net\/index.php?rest_route=\/wp\/v2\/posts"}],"about":[{"href":"https:\/\/www.altercampagne.net\/index.php?rest_route=\/wp\/v2\/types\/post"}],"author":[{"embeddable":true,"href":"https:\/\/www.altercampagne.net\/index.php?rest_route=\/wp\/v2\/users\/214"}],"replies":[{"embeddable":true,"href":"https:\/\/www.altercampagne.net\/index.php?rest_route=%2Fwp%2Fv2%2Fcomments&post=7575"}],"version-history":[{"count":0,"href":"https:\/\/www.altercampagne.net\/index.php?rest_route=\/wp\/v2\/posts\/7575\/revisions"}],"wp:featuredmedia":[{"embeddable":true,"href":"https:\/\/www.altercampagne.net\/index.php?rest_route=\/wp\/v2\/media\/9460"}],"wp:attachment":[{"href":"https:\/\/www.altercampagne.net\/index.php?rest_route=%2Fwp%2Fv2%2Fmedia&parent=7575"}],"wp:term":[{"taxonomy":"category","embeddable":true,"href":"https:\/\/www.altercampagne.net\/index.php?rest_route=%2Fwp%2Fv2%2Fcategories&post=7575"},{"taxonomy":"post_tag","embeddable":true,"href":"https:\/\/www.altercampagne.net\/index.php?rest_route=%2Fwp%2Fv2%2Ftags&post=7575"}],"curies":[{"name":"wp","href":"https:\/\/api.w.org\/{rel}","templated":true}]}}