{"id":7577,"date":"2017-07-17T22:36:58","date_gmt":"2017-07-17T20:36:58","guid":{"rendered":"http:\/\/www.altercampagne.net\/?p=7577"},"modified":"2018-03-25T13:13:43","modified_gmt":"2018-03-25T11:13:43","slug":"etape-du-17-juillet-soula-puivert-la-maison-non-marchande-de-puivert","status":"publish","type":"post","link":"https:\/\/www.altercampagne.net\/?p=7577","title":{"rendered":"\u00c9tape du 17 juillet : Soula \u2013 Puivert \u2013 La maison non marchande de Puivert"},"content":{"rendered":"<p><a href=\"http:\/\/www.altercampagne.net\/wp-content\/uploads\/2017\/07\/P1100179.jpg\"><img loading=\"lazy\" decoding=\"async\" class=\"aligncenter size-full wp-image-7777\" src=\"http:\/\/www.altercampagne.net\/wp-content\/uploads\/2017\/07\/P1100179.jpg\" alt=\"P1100179\" width=\"1920\" height=\"1080\" srcset=\"https:\/\/www.altercampagne.net\/wp-content\/uploads\/2017\/07\/P1100179.jpg 1920w, https:\/\/www.altercampagne.net\/wp-content\/uploads\/2017\/07\/P1100179-300x169.jpg 300w, https:\/\/www.altercampagne.net\/wp-content\/uploads\/2017\/07\/P1100179-1024x576.jpg 1024w\" sizes=\"auto, (max-width: 1920px) 100vw, 1920px\" \/><\/a>C\u2019est sous un beau soleil que l\u2019AlterTour quitte Soula et s\u2019\u00e9lance. Apr\u00e8s une intense mont\u00e9e, nous atteignons Roquefixade et son ch\u00e2teau. Nous prenons ensuite la direction de Lavelanet et de sa boulangerie qui fait des heureux. Nous poursuivons notre trajet sur la Voie Verte appel\u00e9e \u00ab Le chemin des filatiers \u00bb et qui a remplac\u00e9 l\u2019ancienne voie ferr\u00e9 Lavelanet &#8211; Mirepoix.<\/p>\n<p>Notre p\u00e9riple nous conduit \u00e0 Sainte Colombe sur l\u2019Hers o\u00f9 nous prenons un repas en autonomie avant de reprendre la direction de Puivert. L\u2019apr\u00e8s-midi de v\u00e9lo est marqu\u00e9e par le franchissement du col de Boyer (532 m) et une belle arriv\u00e9e sur Puivert dont nous apercevons le lac et le ch\u00e2teau au loin.<\/p>\n<p>Arriv\u00e9s dans la ville et son joli centre historique, nous faisons une halte \u00e0 la maison non marchande. Cette maison est un lieu g\u00e9r\u00e9 par ses usagers (dont font partie les propri\u00e9taires du lieu), ouvert \u00e0 tous et en libre acc\u00e8s, non subventionn\u00e9. Nous d\u00e9couvrons tout d\u2019abord le magasin gratuit, ouvert 25h\/24, o\u00f9 le d\u00e9p\u00f4t et le retrait d&rsquo;objets, plantes, nourriture, sont enti\u00e8rement libres et gratuits. Ils peuvent \u00eatre r\u00e9alis\u00e9s par n&rsquo;importe qui, sans demande pr\u00e9alable. Nous visitons ensuite la gratuith\u00e8que, o\u00f9 chacun est libre d&#8217;emprunter de nombreux objets fonctionnels et ludiques.<\/p>\n<p>Le lac de Puivert offre ensuite une baignade bien m\u00e9rit\u00e9e aux altercyclistes, puis la soir\u00e9e d\u00e9bute avec un programme festif et convivial : repas partag\u00e9 et bal anim\u00e9 par une chorale occitane.<\/p>\n<p style=\"text-align: right;\"><strong>Thomas<\/strong><\/p>\n","protected":false},"excerpt":{"rendered":"<p>C\u2019est sous un beau soleil que l\u2019AlterTour quitte Soula et s\u2019\u00e9lance. Apr\u00e8s une intense mont\u00e9e, nous atteignons Roquefixade et son ch\u00e2teau. Nous prenons ensuite la direction de Lavelanet et de sa boulangerie qui fait des heureux. Nous poursuivons notre trajet sur la Voie Verte appel\u00e9e \u00ab Le chemin des filatiers &#8230; <\/p>\n<div><a href=\"https:\/\/www.altercampagne.net\/?p=7577\" class=\"more-link\">Read More<\/a><\/div>\n","protected":false},"author":214,"featured_media":0,"comment_status":"closed","ping_status":"closed","sticky":false,"template":"","format":"standard","meta":{"footnotes":""},"categories":[3484,3457,3480],"tags":[523,1973,2783,2784,2785,2794,3022,3211],"class_list":["post-7577","post","type-post","status-publish","format-standard","hentry","category-economie","category-edition-2017","category-occitanie","tag-aude","tag-languedoc-roussillon","tag-altertour-2017","tag-2784","tag-occitanie","tag-maison-non-marchande-de-puivert","tag-puivert","tag-gratuitheque","no-post-thumbnail"],"yoast_head":"<!-- This site is optimized with the Yoast SEO plugin v27.3 - https:\/\/yoast.com\/product\/yoast-seo-wordpress\/ -->\n<title>\u00c9tape du 17 juillet : Soula \u2013 Puivert \u2013 La maison non marchande de Puivert - AlterTour<\/title>\n<meta name=\"robots\" content=\"index, follow, max-snippet:-1, max-image-preview:large, max-video-preview:-1\" \/>\n<link rel=\"canonical\" href=\"https:\/\/www.altercampagne.net\/?p=7577\" \/>\n<meta property=\"og:locale\" content=\"fr_FR\" \/>\n<meta property=\"og:type\" content=\"article\" \/>\n<meta property=\"og:title\" content=\"\u00c9tape du 17 juillet : Soula \u2013 Puivert \u2013 La maison non marchande de Puivert - AlterTour\" \/>\n<meta property=\"og:description\" content=\"C\u2019est sous un beau soleil que l\u2019AlterTour quitte Soula et s\u2019\u00e9lance. Apr\u00e8s une intense mont\u00e9e, nous atteignons Roquefixade et son ch\u00e2teau. Nous prenons ensuite la direction de Lavelanet et de sa boulangerie qui fait des heureux. Nous poursuivons notre trajet sur la Voie Verte appel\u00e9e \u00ab Le chemin des filatiers ... Read More\" \/>\n<meta property=\"og:url\" content=\"https:\/\/www.altercampagne.net\/?p=7577\" \/>\n<meta property=\"og:site_name\" content=\"AlterTour\" \/>\n<meta property=\"article:published_time\" content=\"2017-07-17T20:36:58+00:00\" \/>\n<meta property=\"article:modified_time\" content=\"2018-03-25T11:13:43+00:00\" \/>\n<meta property=\"og:image\" content=\"http:\/\/www.altercampagne.net\/wp-content\/uploads\/2017\/07\/P1100179.jpg\" \/>\n<meta name=\"author\" content=\"Mathieu\" \/>\n<meta name=\"twitter:card\" content=\"summary_large_image\" \/>\n<meta name=\"twitter:label1\" content=\"\u00c9crit par\" \/>\n\t<meta name=\"twitter:data1\" content=\"Mathieu\" \/>\n\t<meta name=\"twitter:label2\" content=\"Dur\u00e9e de lecture estim\u00e9e\" \/>\n\t<meta name=\"twitter:data2\" content=\"1 minute\" \/>\n<script type=\"application\/ld+json\" class=\"yoast-schema-graph\">{\"@context\":\"https:\\\/\\\/schema.org\",\"@graph\":[{\"@type\":\"Article\",\"@id\":\"https:\\\/\\\/www.altercampagne.net\\\/?p=7577#article\",\"isPartOf\":{\"@id\":\"https:\\\/\\\/www.altercampagne.net\\\/?p=7577\"},\"author\":{\"name\":\"Mathieu\",\"@id\":\"https:\\\/\\\/www.altercampagne.net\\\/#\\\/schema\\\/person\\\/0f261460c09e430caa0f9bcffa319109\"},\"headline\":\"\u00c9tape du 17 juillet : Soula \u2013 Puivert \u2013 La maison non marchande de Puivert\",\"datePublished\":\"2017-07-17T20:36:58+00:00\",\"dateModified\":\"2018-03-25T11:13:43+00:00\",\"mainEntityOfPage\":{\"@id\":\"https:\\\/\\\/www.altercampagne.net\\\/?p=7577\"},\"wordCount\":279,\"image\":{\"@id\":\"https:\\\/\\\/www.altercampagne.net\\\/?p=7577#primaryimage\"},\"thumbnailUrl\":\"http:\\\/\\\/www.altercampagne.net\\\/wp-content\\\/uploads\\\/2017\\\/07\\\/P1100179.jpg\",\"keywords\":[\"Aude\",\"languedoc-roussillon\",\"AlterTour 2017\",\"2017\",\"Occitanie\",\"maison non marchande de Puivert\",\"puivert\",\"gratuith\u00e8que\"],\"articleSection\":[\"\u00c9conomie\",\"\u00c9dition 2017\",\"Occitanie\"],\"inLanguage\":\"fr-FR\"},{\"@type\":\"WebPage\",\"@id\":\"https:\\\/\\\/www.altercampagne.net\\\/?p=7577\",\"url\":\"https:\\\/\\\/www.altercampagne.net\\\/?p=7577\",\"name\":\"\u00c9tape du 17 juillet : Soula \u2013 Puivert \u2013 La maison non marchande de Puivert - AlterTour\",\"isPartOf\":{\"@id\":\"https:\\\/\\\/www.altercampagne.net\\\/#website\"},\"primaryImageOfPage\":{\"@id\":\"https:\\\/\\\/www.altercampagne.net\\\/?p=7577#primaryimage\"},\"image\":{\"@id\":\"https:\\\/\\\/www.altercampagne.net\\\/?p=7577#primaryimage\"},\"thumbnailUrl\":\"http:\\\/\\\/www.altercampagne.net\\\/wp-content\\\/uploads\\\/2017\\\/07\\\/P1100179.jpg\",\"datePublished\":\"2017-07-17T20:36:58+00:00\",\"dateModified\":\"2018-03-25T11:13:43+00:00\",\"author\":{\"@id\":\"https:\\\/\\\/www.altercampagne.net\\\/#\\\/schema\\\/person\\\/0f261460c09e430caa0f9bcffa319109\"},\"breadcrumb\":{\"@id\":\"https:\\\/\\\/www.altercampagne.net\\\/?p=7577#breadcrumb\"},\"inLanguage\":\"fr-FR\",\"potentialAction\":[{\"@type\":\"ReadAction\",\"target\":[\"https:\\\/\\\/www.altercampagne.net\\\/?p=7577\"]}]},{\"@type\":\"ImageObject\",\"inLanguage\":\"fr-FR\",\"@id\":\"https:\\\/\\\/www.altercampagne.net\\\/?p=7577#primaryimage\",\"url\":\"http:\\\/\\\/www.altercampagne.net\\\/wp-content\\\/uploads\\\/2017\\\/07\\\/P1100179.jpg\",\"contentUrl\":\"http:\\\/\\\/www.altercampagne.net\\\/wp-content\\\/uploads\\\/2017\\\/07\\\/P1100179.jpg\"},{\"@type\":\"BreadcrumbList\",\"@id\":\"https:\\\/\\\/www.altercampagne.net\\\/?p=7577#breadcrumb\",\"itemListElement\":[{\"@type\":\"ListItem\",\"position\":1,\"name\":\"Accueil\",\"item\":\"https:\\\/\\\/www.altercampagne.net\\\/\"},{\"@type\":\"ListItem\",\"position\":2,\"name\":\"\u00c9tape du 17 juillet : Soula \u2013 Puivert \u2013 La maison non marchande de Puivert\"}]},{\"@type\":\"WebSite\",\"@id\":\"https:\\\/\\\/www.altercampagne.net\\\/#website\",\"url\":\"https:\\\/\\\/www.altercampagne.net\\\/\",\"name\":\"AlterTour\",\"description\":\"Reliez les Alternatives \u00e0 v\u00e9lo\",\"potentialAction\":[{\"@type\":\"SearchAction\",\"target\":{\"@type\":\"EntryPoint\",\"urlTemplate\":\"https:\\\/\\\/www.altercampagne.net\\\/?s={search_term_string}\"},\"query-input\":{\"@type\":\"PropertyValueSpecification\",\"valueRequired\":true,\"valueName\":\"search_term_string\"}}],\"inLanguage\":\"fr-FR\"},{\"@type\":\"Person\",\"@id\":\"https:\\\/\\\/www.altercampagne.net\\\/#\\\/schema\\\/person\\\/0f261460c09e430caa0f9bcffa319109\",\"name\":\"Mathieu\",\"image\":{\"@type\":\"ImageObject\",\"inLanguage\":\"fr-FR\",\"@id\":\"https:\\\/\\\/secure.gravatar.com\\\/avatar\\\/aa9d3d24c83f2141e5e2709d0f63d09a99f6be6bb7a50abc4915838d9f54501a?s=96&d=mm&r=g\",\"url\":\"https:\\\/\\\/secure.gravatar.com\\\/avatar\\\/aa9d3d24c83f2141e5e2709d0f63d09a99f6be6bb7a50abc4915838d9f54501a?s=96&d=mm&r=g\",\"contentUrl\":\"https:\\\/\\\/secure.gravatar.com\\\/avatar\\\/aa9d3d24c83f2141e5e2709d0f63d09a99f6be6bb7a50abc4915838d9f54501a?s=96&d=mm&r=g\",\"caption\":\"Mathieu\"},\"url\":\"https:\\\/\\\/www.altercampagne.net\\\/?author=214\"}]}<\/script>\n<!-- \/ Yoast SEO plugin. -->","yoast_head_json":{"title":"\u00c9tape du 17 juillet : Soula \u2013 Puivert \u2013 La maison non marchande de Puivert - AlterTour","robots":{"index":"index","follow":"follow","max-snippet":"max-snippet:-1","max-image-preview":"max-image-preview:large","max-video-preview":"max-video-preview:-1"},"canonical":"https:\/\/www.altercampagne.net\/?p=7577","og_locale":"fr_FR","og_type":"article","og_title":"\u00c9tape du 17 juillet : Soula \u2013 Puivert \u2013 La maison non marchande de Puivert - AlterTour","og_description":"C\u2019est sous un beau soleil que l\u2019AlterTour quitte Soula et s\u2019\u00e9lance. Apr\u00e8s une intense mont\u00e9e, nous atteignons Roquefixade et son ch\u00e2teau. Nous prenons ensuite la direction de Lavelanet et de sa boulangerie qui fait des heureux. Nous poursuivons notre trajet sur la Voie Verte appel\u00e9e \u00ab Le chemin des filatiers ... Read More","og_url":"https:\/\/www.altercampagne.net\/?p=7577","og_site_name":"AlterTour","article_published_time":"2017-07-17T20:36:58+00:00","article_modified_time":"2018-03-25T11:13:43+00:00","og_image":[{"url":"http:\/\/www.altercampagne.net\/wp-content\/uploads\/2017\/07\/P1100179.jpg","type":"","width":"","height":""}],"author":"Mathieu","twitter_card":"summary_large_image","twitter_misc":{"\u00c9crit par":"Mathieu","Dur\u00e9e de lecture estim\u00e9e":"1 minute"},"schema":{"@context":"https:\/\/schema.org","@graph":[{"@type":"Article","@id":"https:\/\/www.altercampagne.net\/?p=7577#article","isPartOf":{"@id":"https:\/\/www.altercampagne.net\/?p=7577"},"author":{"name":"Mathieu","@id":"https:\/\/www.altercampagne.net\/#\/schema\/person\/0f261460c09e430caa0f9bcffa319109"},"headline":"\u00c9tape du 17 juillet : Soula \u2013 Puivert \u2013 La maison non marchande de Puivert","datePublished":"2017-07-17T20:36:58+00:00","dateModified":"2018-03-25T11:13:43+00:00","mainEntityOfPage":{"@id":"https:\/\/www.altercampagne.net\/?p=7577"},"wordCount":279,"image":{"@id":"https:\/\/www.altercampagne.net\/?p=7577#primaryimage"},"thumbnailUrl":"http:\/\/www.altercampagne.net\/wp-content\/uploads\/2017\/07\/P1100179.jpg","keywords":["Aude","languedoc-roussillon","AlterTour 2017","2017","Occitanie","maison non marchande de Puivert","puivert","gratuith\u00e8que"],"articleSection":["\u00c9conomie","\u00c9dition 2017","Occitanie"],"inLanguage":"fr-FR"},{"@type":"WebPage","@id":"https:\/\/www.altercampagne.net\/?p=7577","url":"https:\/\/www.altercampagne.net\/?p=7577","name":"\u00c9tape du 17 juillet : Soula \u2013 Puivert \u2013 La maison non marchande de Puivert - AlterTour","isPartOf":{"@id":"https:\/\/www.altercampagne.net\/#website"},"primaryImageOfPage":{"@id":"https:\/\/www.altercampagne.net\/?p=7577#primaryimage"},"image":{"@id":"https:\/\/www.altercampagne.net\/?p=7577#primaryimage"},"thumbnailUrl":"http:\/\/www.altercampagne.net\/wp-content\/uploads\/2017\/07\/P1100179.jpg","datePublished":"2017-07-17T20:36:58+00:00","dateModified":"2018-03-25T11:13:43+00:00","author":{"@id":"https:\/\/www.altercampagne.net\/#\/schema\/person\/0f261460c09e430caa0f9bcffa319109"},"breadcrumb":{"@id":"https:\/\/www.altercampagne.net\/?p=7577#breadcrumb"},"inLanguage":"fr-FR","potentialAction":[{"@type":"ReadAction","target":["https:\/\/www.altercampagne.net\/?p=7577"]}]},{"@type":"ImageObject","inLanguage":"fr-FR","@id":"https:\/\/www.altercampagne.net\/?p=7577#primaryimage","url":"http:\/\/www.altercampagne.net\/wp-content\/uploads\/2017\/07\/P1100179.jpg","contentUrl":"http:\/\/www.altercampagne.net\/wp-content\/uploads\/2017\/07\/P1100179.jpg"},{"@type":"BreadcrumbList","@id":"https:\/\/www.altercampagne.net\/?p=7577#breadcrumb","itemListElement":[{"@type":"ListItem","position":1,"name":"Accueil","item":"https:\/\/www.altercampagne.net\/"},{"@type":"ListItem","position":2,"name":"\u00c9tape du 17 juillet : Soula \u2013 Puivert \u2013 La maison non marchande de Puivert"}]},{"@type":"WebSite","@id":"https:\/\/www.altercampagne.net\/#website","url":"https:\/\/www.altercampagne.net\/","name":"AlterTour","description":"Reliez les Alternatives \u00e0 v\u00e9lo","potentialAction":[{"@type":"SearchAction","target":{"@type":"EntryPoint","urlTemplate":"https:\/\/www.altercampagne.net\/?s={search_term_string}"},"query-input":{"@type":"PropertyValueSpecification","valueRequired":true,"valueName":"search_term_string"}}],"inLanguage":"fr-FR"},{"@type":"Person","@id":"https:\/\/www.altercampagne.net\/#\/schema\/person\/0f261460c09e430caa0f9bcffa319109","name":"Mathieu","image":{"@type":"ImageObject","inLanguage":"fr-FR","@id":"https:\/\/secure.gravatar.com\/avatar\/aa9d3d24c83f2141e5e2709d0f63d09a99f6be6bb7a50abc4915838d9f54501a?s=96&d=mm&r=g","url":"https:\/\/secure.gravatar.com\/avatar\/aa9d3d24c83f2141e5e2709d0f63d09a99f6be6bb7a50abc4915838d9f54501a?s=96&d=mm&r=g","contentUrl":"https:\/\/secure.gravatar.com\/avatar\/aa9d3d24c83f2141e5e2709d0f63d09a99f6be6bb7a50abc4915838d9f54501a?s=96&d=mm&r=g","caption":"Mathieu"},"url":"https:\/\/www.altercampagne.net\/?author=214"}]}},"_links":{"self":[{"href":"https:\/\/www.altercampagne.net\/index.php?rest_route=\/wp\/v2\/posts\/7577","targetHints":{"allow":["GET"]}}],"collection":[{"href":"https:\/\/www.altercampagne.net\/index.php?rest_route=\/wp\/v2\/posts"}],"about":[{"href":"https:\/\/www.altercampagne.net\/index.php?rest_route=\/wp\/v2\/types\/post"}],"author":[{"embeddable":true,"href":"https:\/\/www.altercampagne.net\/index.php?rest_route=\/wp\/v2\/users\/214"}],"replies":[{"embeddable":true,"href":"https:\/\/www.altercampagne.net\/index.php?rest_route=%2Fwp%2Fv2%2Fcomments&post=7577"}],"version-history":[{"count":0,"href":"https:\/\/www.altercampagne.net\/index.php?rest_route=\/wp\/v2\/posts\/7577\/revisions"}],"wp:attachment":[{"href":"https:\/\/www.altercampagne.net\/index.php?rest_route=%2Fwp%2Fv2%2Fmedia&parent=7577"}],"wp:term":[{"taxonomy":"category","embeddable":true,"href":"https:\/\/www.altercampagne.net\/index.php?rest_route=%2Fwp%2Fv2%2Fcategories&post=7577"},{"taxonomy":"post_tag","embeddable":true,"href":"https:\/\/www.altercampagne.net\/index.php?rest_route=%2Fwp%2Fv2%2Ftags&post=7577"}],"curies":[{"name":"wp","href":"https:\/\/api.w.org\/{rel}","templated":true}]}}