{"id":7582,"date":"2017-08-25T15:11:56","date_gmt":"2017-08-25T13:11:56","guid":{"rendered":"http:\/\/www.altercampagne.net\/?p=7582"},"modified":"2018-02-23T17:09:15","modified_gmt":"2018-02-23T16:09:15","slug":"laltertour-2017-en-famille","status":"publish","type":"post","link":"https:\/\/www.altercampagne.net\/?p=7582","title":{"rendered":"L&rsquo;AlterTour 2017 en famille"},"content":{"rendered":"<p>En famille (couple + petit gar\u00e7on de 22 mois) nous avons particip\u00e9 \u00e0 l&rsquo;AlterTour 2017 entre le 11\/08 \u00e0 Crest et le 18\/08 \u00e0 Romans\/Is\u00e8re (sur le trajet vers Valence). L&rsquo;AlterTour est un parcours estival reliant des alternatives au \u00ab\u00a0dopage\u00a0\u00bb de la plan\u00e8te (nucl\u00e9aire, p\u00e9trole, agriculture intensive&#8230;). Le parcours se fait \u00e0 v\u00e9lo qui n&rsquo;est ici que le moyen de transport de la soixantaine de participants, dans l&rsquo;entraide et la collaboration et non pas la performance (et encore moins la comp\u00e9tition).<\/p>\n<p>Le d\u00e9tail des alternatives visit\u00e9es se trouve sur le site de l&rsquo;<a href=\"http:\/\/www.altertour.net\">AlterTour<\/a> (\u00e9dition 2017 dans \u00ab\u00a0\u00c0 la Une\u00a0\u00bb pour les textes r\u00e9dig\u00e9s chaque jour par un alterjournaliste diff\u00e9rent et dans \u00ab\u00a0M\u00e9dias et Presse\u00a0\u00bb pour la plaquette 2017 et les photos des participants).<br \/>\n<img decoding=\"async\" src=\"http:\/\/jolivelo.free.fr\/images\/alter_03.JPG\" alt=\"70 velos\" align=\"right\" hspace=\"3\" vspace=\"3\" \/>Je ne reviens pas dessus dans le d\u00e9tail mais sur une semaine nous avons vu des initiatives riches et vari\u00e9es qui donnaient toutes mati\u00e8re \u00e0 r\u00e9fl\u00e9chir : ferme bio et changement de vie, atelier v\u00e9lo participatif, tipis d&rsquo;un lieu d&rsquo;accueil nature, la communaut\u00e9 de l&rsquo;Arche&#8230;<br \/>\n\u00c0 titre personnel, j&rsquo;ai m\u00eame \u00e9t\u00e9 un peu frustr\u00e9 de ne pas revenir de fa\u00e7on syst\u00e9matique sur ce qui avait \u00e9t\u00e9 v\u00e9cu, ni de partager l&rsquo;exp\u00e9rience de chacun de nous qui avions tous des profils sans doute int\u00e9ressants (on ne vient pas \u00e0 l&rsquo;AlterTour par hasard !). Bien s\u00fbr il \u00e9tait facile lors des repas ou des arr\u00eats de croiser des id\u00e9es et des informations mais le faire de fa\u00e7on formelle peut aider ceux qui ne rentrent pas facilement dans les conversations.<\/p>\n<p>Petit r\u00e9sum\u00e9 de l&rsquo;organisation g\u00e9n\u00e9rale : l&rsquo;AlterTour fonctionne avec un salari\u00e9 qui s&rsquo;efface lors du trajet sauf pour rappeler des r\u00e8gles ou des pr\u00e9cautions particuli\u00e8res (l&rsquo;utilisation des \u00e9ponges pour les toilettes par ex&#8230;), toutes les d\u00e9cisions sont prises collectivement comme la r\u00e9gion choisie chaque ann\u00e9e. Le parcours d\u00e9taill\u00e9 est organis\u00e9 par des b\u00e9n\u00e9voles qui en assurent chacun le suivi sur quelques jours. Les taches sont r\u00e9parties collectivement lors de briefings quotidiens : pr\u00e9paration des 3 repas, des vaisselles, les rangements, le montage des toilettes s\u00e8ches et des douches, les r\u00e9veils, l&rsquo;\u00e9criture des articles, la conduite des v\u00e9hicules, celui de l&rsquo;intendance avec la nourriture et les sacs et le mini-bus transportant les accident\u00e9s ou autres fatigu\u00e9s et la remorque des v\u00e9los.<\/p>\n<p><img decoding=\"async\" src=\"http:\/\/jolivelo.free.fr\/images\/alter_04.JPG\" alt=\"camping \u00e0 saillans\" align=\"right\" hspace=\"3\" vspace=\"3\" \/>Je vais plut\u00f4t centrer cet article sur notre exp\u00e9rience en famille au sein de l&rsquo;AlterTour : en effet, il est indiqu\u00e9 sur le site que les familles peuvent \u00eatre accueillies et que c&rsquo;est m\u00eame de \u00ab\u00a0moins en moins difficile\u00a0\u00bb (cf le Guide de l&rsquo;AlterTour en famille dans l&rsquo;Editions 2017).<\/p>\n<p>Oui, participer \u00e0 l&rsquo;AlterTour avec un enfant est bien possible mais quand m\u00eame plut\u00f4t fatiguant et difficile&#8230; mieux vaut \u00eatre pr\u00e9venu et se pr\u00e9parer ! Cet article est donc plut\u00f4t destin\u00e9 aux \u00e9ventuels futurs participants avec enfants&#8230;<\/p>\n<p style=\"text-align: right;\"><a href=\"http:\/\/jolivelo.free.fr\/altertour2017.htm\" target=\"_blank\" rel=\"noopener\">Lire la suite sur le blog de Pierre-Luc Vacher<\/a><\/p>\n","protected":false},"excerpt":{"rendered":"<p>En famille (couple + petit gar\u00e7on de 22 mois) nous avons particip\u00e9 \u00e0 l&rsquo;AlterTour 2017 entre le 11\/08 \u00e0 Crest et le 18\/08 \u00e0 Romans\/Is\u00e8re (sur le trajet vers Valence). L&rsquo;AlterTour est un parcours estival reliant des alternatives au \u00ab\u00a0dopage\u00a0\u00bb de la plan\u00e8te (nucl\u00e9aire, p\u00e9trole, agriculture intensive&#8230;). Le parcours se &#8230; <\/p>\n<div><a href=\"https:\/\/www.altercampagne.net\/?p=7582\" class=\"more-link\">Read More<\/a><\/div>\n","protected":false},"author":214,"featured_media":9118,"comment_status":"closed","ping_status":"closed","sticky":false,"template":"","format":"standard","meta":{"footnotes":""},"categories":[3471,3457],"tags":[122,2783,2784],"class_list":["post-7582","post","type-post","status-publish","format-standard","has-post-thumbnail","hentry","category-auvergne-rhone-alpes","category-edition-2017","tag-famille","tag-altertour-2017","tag-2784"],"yoast_head":"<!-- This site is optimized with the Yoast SEO plugin v27.3 - https:\/\/yoast.com\/product\/yoast-seo-wordpress\/ -->\n<title>L&#039;AlterTour 2017 en famille - AlterTour<\/title>\n<meta name=\"robots\" content=\"index, follow, max-snippet:-1, max-image-preview:large, max-video-preview:-1\" \/>\n<link rel=\"canonical\" href=\"https:\/\/www.altercampagne.net\/?p=7582\" \/>\n<meta property=\"og:locale\" content=\"fr_FR\" \/>\n<meta property=\"og:type\" content=\"article\" \/>\n<meta property=\"og:title\" content=\"L&#039;AlterTour 2017 en famille - AlterTour\" \/>\n<meta property=\"og:description\" content=\"En famille (couple + petit gar\u00e7on de 22 mois) nous avons particip\u00e9 \u00e0 l&rsquo;AlterTour 2017 entre le 11\/08 \u00e0 Crest et le 18\/08 \u00e0 Romans\/Is\u00e8re (sur le trajet vers Valence). L&rsquo;AlterTour est un parcours estival reliant des alternatives au \u00ab\u00a0dopage\u00a0\u00bb de la plan\u00e8te (nucl\u00e9aire, p\u00e9trole, agriculture intensive&#8230;). Le parcours se ... Read More\" \/>\n<meta property=\"og:url\" content=\"https:\/\/www.altercampagne.net\/?p=7582\" \/>\n<meta property=\"og:site_name\" content=\"AlterTour\" \/>\n<meta property=\"article:published_time\" content=\"2017-08-25T13:11:56+00:00\" \/>\n<meta property=\"article:modified_time\" content=\"2018-02-23T16:09:15+00:00\" \/>\n<meta property=\"og:image\" content=\"https:\/\/www.altercampagne.net\/wp-content\/uploads\/2018\/02\/altertour-famille.jpg\" \/>\n\t<meta property=\"og:image:width\" content=\"1920\" \/>\n\t<meta property=\"og:image:height\" content=\"671\" \/>\n\t<meta property=\"og:image:type\" content=\"image\/jpeg\" \/>\n<meta name=\"author\" content=\"Mathieu\" \/>\n<meta name=\"twitter:card\" content=\"summary_large_image\" \/>\n<meta name=\"twitter:label1\" content=\"\u00c9crit par\" \/>\n\t<meta name=\"twitter:data1\" content=\"Mathieu\" \/>\n\t<meta name=\"twitter:label2\" content=\"Dur\u00e9e de lecture estim\u00e9e\" \/>\n\t<meta name=\"twitter:data2\" content=\"3 minutes\" \/>\n<script type=\"application\/ld+json\" class=\"yoast-schema-graph\">{\"@context\":\"https:\\\/\\\/schema.org\",\"@graph\":[{\"@type\":\"Article\",\"@id\":\"https:\\\/\\\/www.altercampagne.net\\\/?p=7582#article\",\"isPartOf\":{\"@id\":\"https:\\\/\\\/www.altercampagne.net\\\/?p=7582\"},\"author\":{\"name\":\"Mathieu\",\"@id\":\"https:\\\/\\\/www.altercampagne.net\\\/#\\\/schema\\\/person\\\/0f261460c09e430caa0f9bcffa319109\"},\"headline\":\"L&rsquo;AlterTour 2017 en famille\",\"datePublished\":\"2017-08-25T13:11:56+00:00\",\"dateModified\":\"2018-02-23T16:09:15+00:00\",\"mainEntityOfPage\":{\"@id\":\"https:\\\/\\\/www.altercampagne.net\\\/?p=7582\"},\"wordCount\":525,\"image\":{\"@id\":\"https:\\\/\\\/www.altercampagne.net\\\/?p=7582#primaryimage\"},\"thumbnailUrl\":\"https:\\\/\\\/www.altercampagne.net\\\/wp-content\\\/uploads\\\/2018\\\/02\\\/altertour-famille.jpg\",\"keywords\":[\"famille\",\"AlterTour 2017\",\"2017\"],\"articleSection\":[\"Auvergne-Rh\u00f4ne-Alpes\",\"\u00c9dition 2017\"],\"inLanguage\":\"fr-FR\"},{\"@type\":\"WebPage\",\"@id\":\"https:\\\/\\\/www.altercampagne.net\\\/?p=7582\",\"url\":\"https:\\\/\\\/www.altercampagne.net\\\/?p=7582\",\"name\":\"L'AlterTour 2017 en famille - AlterTour\",\"isPartOf\":{\"@id\":\"https:\\\/\\\/www.altercampagne.net\\\/#website\"},\"primaryImageOfPage\":{\"@id\":\"https:\\\/\\\/www.altercampagne.net\\\/?p=7582#primaryimage\"},\"image\":{\"@id\":\"https:\\\/\\\/www.altercampagne.net\\\/?p=7582#primaryimage\"},\"thumbnailUrl\":\"https:\\\/\\\/www.altercampagne.net\\\/wp-content\\\/uploads\\\/2018\\\/02\\\/altertour-famille.jpg\",\"datePublished\":\"2017-08-25T13:11:56+00:00\",\"dateModified\":\"2018-02-23T16:09:15+00:00\",\"author\":{\"@id\":\"https:\\\/\\\/www.altercampagne.net\\\/#\\\/schema\\\/person\\\/0f261460c09e430caa0f9bcffa319109\"},\"breadcrumb\":{\"@id\":\"https:\\\/\\\/www.altercampagne.net\\\/?p=7582#breadcrumb\"},\"inLanguage\":\"fr-FR\",\"potentialAction\":[{\"@type\":\"ReadAction\",\"target\":[\"https:\\\/\\\/www.altercampagne.net\\\/?p=7582\"]}]},{\"@type\":\"ImageObject\",\"inLanguage\":\"fr-FR\",\"@id\":\"https:\\\/\\\/www.altercampagne.net\\\/?p=7582#primaryimage\",\"url\":\"https:\\\/\\\/www.altercampagne.net\\\/wp-content\\\/uploads\\\/2018\\\/02\\\/altertour-famille.jpg\",\"contentUrl\":\"https:\\\/\\\/www.altercampagne.net\\\/wp-content\\\/uploads\\\/2018\\\/02\\\/altertour-famille.jpg\",\"width\":1920,\"height\":671},{\"@type\":\"BreadcrumbList\",\"@id\":\"https:\\\/\\\/www.altercampagne.net\\\/?p=7582#breadcrumb\",\"itemListElement\":[{\"@type\":\"ListItem\",\"position\":1,\"name\":\"Accueil\",\"item\":\"https:\\\/\\\/www.altercampagne.net\\\/\"},{\"@type\":\"ListItem\",\"position\":2,\"name\":\"L&rsquo;AlterTour 2017 en famille\"}]},{\"@type\":\"WebSite\",\"@id\":\"https:\\\/\\\/www.altercampagne.net\\\/#website\",\"url\":\"https:\\\/\\\/www.altercampagne.net\\\/\",\"name\":\"AlterTour\",\"description\":\"Reliez les Alternatives \u00e0 v\u00e9lo\",\"potentialAction\":[{\"@type\":\"SearchAction\",\"target\":{\"@type\":\"EntryPoint\",\"urlTemplate\":\"https:\\\/\\\/www.altercampagne.net\\\/?s={search_term_string}\"},\"query-input\":{\"@type\":\"PropertyValueSpecification\",\"valueRequired\":true,\"valueName\":\"search_term_string\"}}],\"inLanguage\":\"fr-FR\"},{\"@type\":\"Person\",\"@id\":\"https:\\\/\\\/www.altercampagne.net\\\/#\\\/schema\\\/person\\\/0f261460c09e430caa0f9bcffa319109\",\"name\":\"Mathieu\",\"image\":{\"@type\":\"ImageObject\",\"inLanguage\":\"fr-FR\",\"@id\":\"https:\\\/\\\/secure.gravatar.com\\\/avatar\\\/aa9d3d24c83f2141e5e2709d0f63d09a99f6be6bb7a50abc4915838d9f54501a?s=96&d=mm&r=g\",\"url\":\"https:\\\/\\\/secure.gravatar.com\\\/avatar\\\/aa9d3d24c83f2141e5e2709d0f63d09a99f6be6bb7a50abc4915838d9f54501a?s=96&d=mm&r=g\",\"contentUrl\":\"https:\\\/\\\/secure.gravatar.com\\\/avatar\\\/aa9d3d24c83f2141e5e2709d0f63d09a99f6be6bb7a50abc4915838d9f54501a?s=96&d=mm&r=g\",\"caption\":\"Mathieu\"},\"url\":\"https:\\\/\\\/www.altercampagne.net\\\/?author=214\"}]}<\/script>\n<!-- \/ Yoast SEO plugin. -->","yoast_head_json":{"title":"L'AlterTour 2017 en famille - AlterTour","robots":{"index":"index","follow":"follow","max-snippet":"max-snippet:-1","max-image-preview":"max-image-preview:large","max-video-preview":"max-video-preview:-1"},"canonical":"https:\/\/www.altercampagne.net\/?p=7582","og_locale":"fr_FR","og_type":"article","og_title":"L'AlterTour 2017 en famille - AlterTour","og_description":"En famille (couple + petit gar\u00e7on de 22 mois) nous avons particip\u00e9 \u00e0 l&rsquo;AlterTour 2017 entre le 11\/08 \u00e0 Crest et le 18\/08 \u00e0 Romans\/Is\u00e8re (sur le trajet vers Valence). L&rsquo;AlterTour est un parcours estival reliant des alternatives au \u00ab\u00a0dopage\u00a0\u00bb de la plan\u00e8te (nucl\u00e9aire, p\u00e9trole, agriculture intensive&#8230;). Le parcours se ... Read More","og_url":"https:\/\/www.altercampagne.net\/?p=7582","og_site_name":"AlterTour","article_published_time":"2017-08-25T13:11:56+00:00","article_modified_time":"2018-02-23T16:09:15+00:00","og_image":[{"width":1920,"height":671,"url":"https:\/\/www.altercampagne.net\/wp-content\/uploads\/2018\/02\/altertour-famille.jpg","type":"image\/jpeg"}],"author":"Mathieu","twitter_card":"summary_large_image","twitter_misc":{"\u00c9crit par":"Mathieu","Dur\u00e9e de lecture estim\u00e9e":"3 minutes"},"schema":{"@context":"https:\/\/schema.org","@graph":[{"@type":"Article","@id":"https:\/\/www.altercampagne.net\/?p=7582#article","isPartOf":{"@id":"https:\/\/www.altercampagne.net\/?p=7582"},"author":{"name":"Mathieu","@id":"https:\/\/www.altercampagne.net\/#\/schema\/person\/0f261460c09e430caa0f9bcffa319109"},"headline":"L&rsquo;AlterTour 2017 en famille","datePublished":"2017-08-25T13:11:56+00:00","dateModified":"2018-02-23T16:09:15+00:00","mainEntityOfPage":{"@id":"https:\/\/www.altercampagne.net\/?p=7582"},"wordCount":525,"image":{"@id":"https:\/\/www.altercampagne.net\/?p=7582#primaryimage"},"thumbnailUrl":"https:\/\/www.altercampagne.net\/wp-content\/uploads\/2018\/02\/altertour-famille.jpg","keywords":["famille","AlterTour 2017","2017"],"articleSection":["Auvergne-Rh\u00f4ne-Alpes","\u00c9dition 2017"],"inLanguage":"fr-FR"},{"@type":"WebPage","@id":"https:\/\/www.altercampagne.net\/?p=7582","url":"https:\/\/www.altercampagne.net\/?p=7582","name":"L'AlterTour 2017 en famille - AlterTour","isPartOf":{"@id":"https:\/\/www.altercampagne.net\/#website"},"primaryImageOfPage":{"@id":"https:\/\/www.altercampagne.net\/?p=7582#primaryimage"},"image":{"@id":"https:\/\/www.altercampagne.net\/?p=7582#primaryimage"},"thumbnailUrl":"https:\/\/www.altercampagne.net\/wp-content\/uploads\/2018\/02\/altertour-famille.jpg","datePublished":"2017-08-25T13:11:56+00:00","dateModified":"2018-02-23T16:09:15+00:00","author":{"@id":"https:\/\/www.altercampagne.net\/#\/schema\/person\/0f261460c09e430caa0f9bcffa319109"},"breadcrumb":{"@id":"https:\/\/www.altercampagne.net\/?p=7582#breadcrumb"},"inLanguage":"fr-FR","potentialAction":[{"@type":"ReadAction","target":["https:\/\/www.altercampagne.net\/?p=7582"]}]},{"@type":"ImageObject","inLanguage":"fr-FR","@id":"https:\/\/www.altercampagne.net\/?p=7582#primaryimage","url":"https:\/\/www.altercampagne.net\/wp-content\/uploads\/2018\/02\/altertour-famille.jpg","contentUrl":"https:\/\/www.altercampagne.net\/wp-content\/uploads\/2018\/02\/altertour-famille.jpg","width":1920,"height":671},{"@type":"BreadcrumbList","@id":"https:\/\/www.altercampagne.net\/?p=7582#breadcrumb","itemListElement":[{"@type":"ListItem","position":1,"name":"Accueil","item":"https:\/\/www.altercampagne.net\/"},{"@type":"ListItem","position":2,"name":"L&rsquo;AlterTour 2017 en famille"}]},{"@type":"WebSite","@id":"https:\/\/www.altercampagne.net\/#website","url":"https:\/\/www.altercampagne.net\/","name":"AlterTour","description":"Reliez les Alternatives \u00e0 v\u00e9lo","potentialAction":[{"@type":"SearchAction","target":{"@type":"EntryPoint","urlTemplate":"https:\/\/www.altercampagne.net\/?s={search_term_string}"},"query-input":{"@type":"PropertyValueSpecification","valueRequired":true,"valueName":"search_term_string"}}],"inLanguage":"fr-FR"},{"@type":"Person","@id":"https:\/\/www.altercampagne.net\/#\/schema\/person\/0f261460c09e430caa0f9bcffa319109","name":"Mathieu","image":{"@type":"ImageObject","inLanguage":"fr-FR","@id":"https:\/\/secure.gravatar.com\/avatar\/aa9d3d24c83f2141e5e2709d0f63d09a99f6be6bb7a50abc4915838d9f54501a?s=96&d=mm&r=g","url":"https:\/\/secure.gravatar.com\/avatar\/aa9d3d24c83f2141e5e2709d0f63d09a99f6be6bb7a50abc4915838d9f54501a?s=96&d=mm&r=g","contentUrl":"https:\/\/secure.gravatar.com\/avatar\/aa9d3d24c83f2141e5e2709d0f63d09a99f6be6bb7a50abc4915838d9f54501a?s=96&d=mm&r=g","caption":"Mathieu"},"url":"https:\/\/www.altercampagne.net\/?author=214"}]}},"_links":{"self":[{"href":"https:\/\/www.altercampagne.net\/index.php?rest_route=\/wp\/v2\/posts\/7582","targetHints":{"allow":["GET"]}}],"collection":[{"href":"https:\/\/www.altercampagne.net\/index.php?rest_route=\/wp\/v2\/posts"}],"about":[{"href":"https:\/\/www.altercampagne.net\/index.php?rest_route=\/wp\/v2\/types\/post"}],"author":[{"embeddable":true,"href":"https:\/\/www.altercampagne.net\/index.php?rest_route=\/wp\/v2\/users\/214"}],"replies":[{"embeddable":true,"href":"https:\/\/www.altercampagne.net\/index.php?rest_route=%2Fwp%2Fv2%2Fcomments&post=7582"}],"version-history":[{"count":0,"href":"https:\/\/www.altercampagne.net\/index.php?rest_route=\/wp\/v2\/posts\/7582\/revisions"}],"wp:featuredmedia":[{"embeddable":true,"href":"https:\/\/www.altercampagne.net\/index.php?rest_route=\/wp\/v2\/media\/9118"}],"wp:attachment":[{"href":"https:\/\/www.altercampagne.net\/index.php?rest_route=%2Fwp%2Fv2%2Fmedia&parent=7582"}],"wp:term":[{"taxonomy":"category","embeddable":true,"href":"https:\/\/www.altercampagne.net\/index.php?rest_route=%2Fwp%2Fv2%2Fcategories&post=7582"},{"taxonomy":"post_tag","embeddable":true,"href":"https:\/\/www.altercampagne.net\/index.php?rest_route=%2Fwp%2Fv2%2Ftags&post=7582"}],"curies":[{"name":"wp","href":"https:\/\/api.w.org\/{rel}","templated":true}]}}