{"id":7598,"date":"2017-08-13T22:01:44","date_gmt":"2017-08-13T20:01:44","guid":{"rendered":"http:\/\/www.altercampagne.net\/?p=7598"},"modified":"2019-09-13T11:23:54","modified_gmt":"2019-09-13T09:23:54","slug":"altertour-et-ecotopia-biketour-de-passage-a-latelier","status":"publish","type":"post","link":"https:\/\/www.altercampagne.net\/?p=7598","title":{"rendered":"AlterTour et Ecotopia BikeTour de passage \u00e0 l\u2019atelier"},"content":{"rendered":"<p>L\u2019AlterTour, qui relie en v\u00e9lo les initiatives alternatives de France s\u2019est arr\u00eat\u00e9 \u00e0 Crest le vendredi 11 Aout 2017. Sur cette \u00e9tape, des participants \u00e0 l\u2019<a href=\"https:\/\/www.ecotopiabiketour.net\/?lang=fr\" target=\"_blank\" rel=\"noopener noreferrer\">Ecotopia BikeTour<\/a>, tour europ\u00e9en des initiatives alternatives, \u00e9taient aussi pr\u00e9sents.<\/p>\n<p>Des membres de \u00ab&nbsp;<a href=\"https:\/\/www.google.fr\/url?sa=t&amp;rct=j&amp;q=&amp;esrc=s&amp;source=web&amp;cd=1&amp;cad=rja&amp;uact=8&amp;ved=0ahUKEwihu8LYiPfVAhXIuhoKHfurDrQQFggwMAA&amp;url=https%3A%2F%2Fautourducycle.wordpress.com%2F&amp;usg=AFQjCNFnhh8r8_nwOkQZzmWuJ48q2ct1sQ\" target=\"_blank\" rel=\"noopener noreferrer\"><strong>Au Tour Du Cycle<\/strong><\/a>&nbsp;\u00bb ont rejoint le cort\u00e8ge entre l\u2019<a href=\"http:\/\/www.oasisdeserendip.net\/\" target=\"_blank\" rel=\"noopener noreferrer\">Oasis de Serendip<\/a> \u00e0 Eurre et l\u2019atelier v\u00e9lo. L\u00e0, ancien et nouveau pr\u00e9sident de \u00ab&nbsp;Au Tour du Cycle&nbsp;\u00bb ont accueilli les participants et pr\u00e9sent\u00e9s l\u2019association.<\/p>\n<p>Apr\u00e8s rafraichissement et briolages \u00e0 l\u2019atelier, le groupe \u00e0 rejoint l\u2019<a href=\"https:\/\/www.google.fr\/url?sa=t&amp;rct=j&amp;q=&amp;esrc=s&amp;source=web&amp;cd=1&amp;cad=rja&amp;uact=8&amp;ved=0ahUKEwjp_tTOiPfVAhVF6xoKHYpIBZEQFgguMAA&amp;url=http%3A%2F%2Fwww.usinevivante.org%2F&amp;usg=AFQjCNFXBh_8yg9lk7SkkP299XQssaSimw\" target=\"_blank\" rel=\"noopener noreferrer\">Usine Vivante<\/a> puis Saillans pour y passer la nuit.<\/p>\n<p style=\"text-align: right;\"><strong>Source : <a href=\"https:\/\/autourducycle.wordpress.com\/2017\/08\/13\/altertour-et-ecotopia-biketour-de-passage-a-latelier\/\" target=\"_blank\" rel=\"noopener noreferrer\">Site d&rsquo;Au Tour Du Cycle<\/a><\/strong><\/p>\n<p style=\"text-align: left;\">\n","protected":false},"excerpt":{"rendered":"<p>L\u2019AlterTour, qui relie en v\u00e9lo les initiatives alternatives de France s\u2019est arr\u00eat\u00e9 \u00e0 Crest le vendredi 11 Aout 2017. Sur cette \u00e9tape, des participants \u00e0 l\u2019Ecotopia BikeTour, tour europ\u00e9en des initiatives alternatives, \u00e9taient aussi pr\u00e9sents. Des membres de \u00ab&nbsp;Au Tour Du Cycle&nbsp;\u00bb ont rejoint le cort\u00e8ge entre l\u2019Oasis de Serendip &#8230; <\/p>\n<div><a href=\"https:\/\/www.altercampagne.net\/?p=7598\" class=\"more-link\">Read More<\/a><\/div>\n","protected":false},"author":214,"featured_media":9446,"comment_status":"closed","ping_status":"closed","sticky":false,"template":"","format":"standard","meta":{"footnotes":""},"categories":[3471,3483,3489,3457,3486,3485,3488,3932],"tags":[544,1091,1489,1650,2783,2784,2808,2809,2811,2860,3063,3215],"class_list":["post-7598","post","type-post","status-publish","format-standard","has-post-thumbnail","hentry","category-auvergne-rhone-alpes","category-agriculture","category-alimentation","category-edition-2017","category-environnement","category-habitat","category-social","category-velo","tag-ecotopia-bike-tour","tag-drome","tag-auvergne-rhone-alpes","tag-rhone-alpes","tag-altertour-2017","tag-2784","tag-au-tour-du-cycle","tag-usine-vivante","tag-saillans","tag-oasis-de-serendip","tag-crest","tag-eurre"],"yoast_head":"<!-- This site is optimized with the Yoast SEO plugin v27.3 - https:\/\/yoast.com\/product\/yoast-seo-wordpress\/ -->\n<title>AlterTour et Ecotopia BikeTour de passage \u00e0 l\u2019atelier - AlterTour<\/title>\n<meta name=\"robots\" content=\"index, follow, max-snippet:-1, max-image-preview:large, max-video-preview:-1\" \/>\n<link rel=\"canonical\" href=\"https:\/\/www.altercampagne.net\/?p=7598\" \/>\n<meta property=\"og:locale\" content=\"fr_FR\" \/>\n<meta property=\"og:type\" content=\"article\" \/>\n<meta property=\"og:title\" content=\"AlterTour et Ecotopia BikeTour de passage \u00e0 l\u2019atelier - AlterTour\" \/>\n<meta property=\"og:description\" content=\"L\u2019AlterTour, qui relie en v\u00e9lo les initiatives alternatives de France s\u2019est arr\u00eat\u00e9 \u00e0 Crest le vendredi 11 Aout 2017. Sur cette \u00e9tape, des participants \u00e0 l\u2019Ecotopia BikeTour, tour europ\u00e9en des initiatives alternatives, \u00e9taient aussi pr\u00e9sents. Des membres de \u00ab&nbsp;Au Tour Du Cycle&nbsp;\u00bb ont rejoint le cort\u00e8ge entre l\u2019Oasis de Serendip ... Read More\" \/>\n<meta property=\"og:url\" content=\"https:\/\/www.altercampagne.net\/?p=7598\" \/>\n<meta property=\"og:site_name\" content=\"AlterTour\" \/>\n<meta property=\"article:published_time\" content=\"2017-08-13T20:01:44+00:00\" \/>\n<meta property=\"article:modified_time\" content=\"2019-09-13T09:23:54+00:00\" \/>\n<meta property=\"og:image\" content=\"https:\/\/www.altercampagne.net\/wp-content\/uploads\/2017\/08\/Au-Tour-du-Cycle.jpg\" \/>\n\t<meta property=\"og:image:width\" content=\"850\" \/>\n\t<meta property=\"og:image:height\" content=\"444\" \/>\n\t<meta property=\"og:image:type\" content=\"image\/jpeg\" \/>\n<meta name=\"author\" content=\"Mathieu\" \/>\n<meta name=\"twitter:card\" content=\"summary_large_image\" \/>\n<meta name=\"twitter:label1\" content=\"\u00c9crit par\" \/>\n\t<meta name=\"twitter:data1\" content=\"Mathieu\" \/>\n\t<meta name=\"twitter:label2\" content=\"Dur\u00e9e de lecture estim\u00e9e\" \/>\n\t<meta name=\"twitter:data2\" content=\"1 minute\" \/>\n<script type=\"application\/ld+json\" class=\"yoast-schema-graph\">{\"@context\":\"https:\\\/\\\/schema.org\",\"@graph\":[{\"@type\":\"Article\",\"@id\":\"https:\\\/\\\/www.altercampagne.net\\\/?p=7598#article\",\"isPartOf\":{\"@id\":\"https:\\\/\\\/www.altercampagne.net\\\/?p=7598\"},\"author\":{\"name\":\"Mathieu\",\"@id\":\"https:\\\/\\\/www.altercampagne.net\\\/#\\\/schema\\\/person\\\/0f261460c09e430caa0f9bcffa319109\"},\"headline\":\"AlterTour et Ecotopia BikeTour de passage \u00e0 l\u2019atelier\",\"datePublished\":\"2017-08-13T20:01:44+00:00\",\"dateModified\":\"2019-09-13T09:23:54+00:00\",\"mainEntityOfPage\":{\"@id\":\"https:\\\/\\\/www.altercampagne.net\\\/?p=7598\"},\"wordCount\":121,\"image\":{\"@id\":\"https:\\\/\\\/www.altercampagne.net\\\/?p=7598#primaryimage\"},\"thumbnailUrl\":\"https:\\\/\\\/www.altercampagne.net\\\/wp-content\\\/uploads\\\/2017\\\/08\\\/Au-Tour-du-Cycle.jpg\",\"keywords\":[\"ecotopia bike tour\",\"Dr\u00f4me\",\"Auvergne-Rh\u00f4ne-Alpes\",\"Rhone-Alpes\",\"AlterTour 2017\",\"2017\",\"Au Tour du Cycle\",\"Usine Vivante\",\"Saillans\",\"Oasis de Serendip\",\"Crest\",\"Eurre\"],\"articleSection\":[\"Auvergne-Rh\u00f4ne-Alpes\",\"Agriculture\",\"Alimentation\",\"\u00c9dition 2017\",\"Environnement\",\"Habitat\",\"Social\",\"V\u00e9lo\"],\"inLanguage\":\"fr-FR\"},{\"@type\":\"WebPage\",\"@id\":\"https:\\\/\\\/www.altercampagne.net\\\/?p=7598\",\"url\":\"https:\\\/\\\/www.altercampagne.net\\\/?p=7598\",\"name\":\"AlterTour et Ecotopia BikeTour de passage \u00e0 l\u2019atelier - AlterTour\",\"isPartOf\":{\"@id\":\"https:\\\/\\\/www.altercampagne.net\\\/#website\"},\"primaryImageOfPage\":{\"@id\":\"https:\\\/\\\/www.altercampagne.net\\\/?p=7598#primaryimage\"},\"image\":{\"@id\":\"https:\\\/\\\/www.altercampagne.net\\\/?p=7598#primaryimage\"},\"thumbnailUrl\":\"https:\\\/\\\/www.altercampagne.net\\\/wp-content\\\/uploads\\\/2017\\\/08\\\/Au-Tour-du-Cycle.jpg\",\"datePublished\":\"2017-08-13T20:01:44+00:00\",\"dateModified\":\"2019-09-13T09:23:54+00:00\",\"author\":{\"@id\":\"https:\\\/\\\/www.altercampagne.net\\\/#\\\/schema\\\/person\\\/0f261460c09e430caa0f9bcffa319109\"},\"breadcrumb\":{\"@id\":\"https:\\\/\\\/www.altercampagne.net\\\/?p=7598#breadcrumb\"},\"inLanguage\":\"fr-FR\",\"potentialAction\":[{\"@type\":\"ReadAction\",\"target\":[\"https:\\\/\\\/www.altercampagne.net\\\/?p=7598\"]}]},{\"@type\":\"ImageObject\",\"inLanguage\":\"fr-FR\",\"@id\":\"https:\\\/\\\/www.altercampagne.net\\\/?p=7598#primaryimage\",\"url\":\"https:\\\/\\\/www.altercampagne.net\\\/wp-content\\\/uploads\\\/2017\\\/08\\\/Au-Tour-du-Cycle.jpg\",\"contentUrl\":\"https:\\\/\\\/www.altercampagne.net\\\/wp-content\\\/uploads\\\/2017\\\/08\\\/Au-Tour-du-Cycle.jpg\",\"width\":850,\"height\":444},{\"@type\":\"BreadcrumbList\",\"@id\":\"https:\\\/\\\/www.altercampagne.net\\\/?p=7598#breadcrumb\",\"itemListElement\":[{\"@type\":\"ListItem\",\"position\":1,\"name\":\"Accueil\",\"item\":\"https:\\\/\\\/www.altercampagne.net\\\/\"},{\"@type\":\"ListItem\",\"position\":2,\"name\":\"AlterTour et Ecotopia BikeTour de passage \u00e0 l\u2019atelier\"}]},{\"@type\":\"WebSite\",\"@id\":\"https:\\\/\\\/www.altercampagne.net\\\/#website\",\"url\":\"https:\\\/\\\/www.altercampagne.net\\\/\",\"name\":\"AlterTour\",\"description\":\"Reliez les Alternatives \u00e0 v\u00e9lo\",\"potentialAction\":[{\"@type\":\"SearchAction\",\"target\":{\"@type\":\"EntryPoint\",\"urlTemplate\":\"https:\\\/\\\/www.altercampagne.net\\\/?s={search_term_string}\"},\"query-input\":{\"@type\":\"PropertyValueSpecification\",\"valueRequired\":true,\"valueName\":\"search_term_string\"}}],\"inLanguage\":\"fr-FR\"},{\"@type\":\"Person\",\"@id\":\"https:\\\/\\\/www.altercampagne.net\\\/#\\\/schema\\\/person\\\/0f261460c09e430caa0f9bcffa319109\",\"name\":\"Mathieu\",\"image\":{\"@type\":\"ImageObject\",\"inLanguage\":\"fr-FR\",\"@id\":\"https:\\\/\\\/secure.gravatar.com\\\/avatar\\\/aa9d3d24c83f2141e5e2709d0f63d09a99f6be6bb7a50abc4915838d9f54501a?s=96&d=mm&r=g\",\"url\":\"https:\\\/\\\/secure.gravatar.com\\\/avatar\\\/aa9d3d24c83f2141e5e2709d0f63d09a99f6be6bb7a50abc4915838d9f54501a?s=96&d=mm&r=g\",\"contentUrl\":\"https:\\\/\\\/secure.gravatar.com\\\/avatar\\\/aa9d3d24c83f2141e5e2709d0f63d09a99f6be6bb7a50abc4915838d9f54501a?s=96&d=mm&r=g\",\"caption\":\"Mathieu\"},\"url\":\"https:\\\/\\\/www.altercampagne.net\\\/?author=214\"}]}<\/script>\n<!-- \/ Yoast SEO plugin. -->","yoast_head_json":{"title":"AlterTour et Ecotopia BikeTour de passage \u00e0 l\u2019atelier - AlterTour","robots":{"index":"index","follow":"follow","max-snippet":"max-snippet:-1","max-image-preview":"max-image-preview:large","max-video-preview":"max-video-preview:-1"},"canonical":"https:\/\/www.altercampagne.net\/?p=7598","og_locale":"fr_FR","og_type":"article","og_title":"AlterTour et Ecotopia BikeTour de passage \u00e0 l\u2019atelier - AlterTour","og_description":"L\u2019AlterTour, qui relie en v\u00e9lo les initiatives alternatives de France s\u2019est arr\u00eat\u00e9 \u00e0 Crest le vendredi 11 Aout 2017. Sur cette \u00e9tape, des participants \u00e0 l\u2019Ecotopia BikeTour, tour europ\u00e9en des initiatives alternatives, \u00e9taient aussi pr\u00e9sents. Des membres de \u00ab&nbsp;Au Tour Du Cycle&nbsp;\u00bb ont rejoint le cort\u00e8ge entre l\u2019Oasis de Serendip ... Read More","og_url":"https:\/\/www.altercampagne.net\/?p=7598","og_site_name":"AlterTour","article_published_time":"2017-08-13T20:01:44+00:00","article_modified_time":"2019-09-13T09:23:54+00:00","og_image":[{"width":850,"height":444,"url":"https:\/\/www.altercampagne.net\/wp-content\/uploads\/2017\/08\/Au-Tour-du-Cycle.jpg","type":"image\/jpeg"}],"author":"Mathieu","twitter_card":"summary_large_image","twitter_misc":{"\u00c9crit par":"Mathieu","Dur\u00e9e de lecture estim\u00e9e":"1 minute"},"schema":{"@context":"https:\/\/schema.org","@graph":[{"@type":"Article","@id":"https:\/\/www.altercampagne.net\/?p=7598#article","isPartOf":{"@id":"https:\/\/www.altercampagne.net\/?p=7598"},"author":{"name":"Mathieu","@id":"https:\/\/www.altercampagne.net\/#\/schema\/person\/0f261460c09e430caa0f9bcffa319109"},"headline":"AlterTour et Ecotopia BikeTour de passage \u00e0 l\u2019atelier","datePublished":"2017-08-13T20:01:44+00:00","dateModified":"2019-09-13T09:23:54+00:00","mainEntityOfPage":{"@id":"https:\/\/www.altercampagne.net\/?p=7598"},"wordCount":121,"image":{"@id":"https:\/\/www.altercampagne.net\/?p=7598#primaryimage"},"thumbnailUrl":"https:\/\/www.altercampagne.net\/wp-content\/uploads\/2017\/08\/Au-Tour-du-Cycle.jpg","keywords":["ecotopia bike tour","Dr\u00f4me","Auvergne-Rh\u00f4ne-Alpes","Rhone-Alpes","AlterTour 2017","2017","Au Tour du Cycle","Usine Vivante","Saillans","Oasis de Serendip","Crest","Eurre"],"articleSection":["Auvergne-Rh\u00f4ne-Alpes","Agriculture","Alimentation","\u00c9dition 2017","Environnement","Habitat","Social","V\u00e9lo"],"inLanguage":"fr-FR"},{"@type":"WebPage","@id":"https:\/\/www.altercampagne.net\/?p=7598","url":"https:\/\/www.altercampagne.net\/?p=7598","name":"AlterTour et Ecotopia BikeTour de passage \u00e0 l\u2019atelier - AlterTour","isPartOf":{"@id":"https:\/\/www.altercampagne.net\/#website"},"primaryImageOfPage":{"@id":"https:\/\/www.altercampagne.net\/?p=7598#primaryimage"},"image":{"@id":"https:\/\/www.altercampagne.net\/?p=7598#primaryimage"},"thumbnailUrl":"https:\/\/www.altercampagne.net\/wp-content\/uploads\/2017\/08\/Au-Tour-du-Cycle.jpg","datePublished":"2017-08-13T20:01:44+00:00","dateModified":"2019-09-13T09:23:54+00:00","author":{"@id":"https:\/\/www.altercampagne.net\/#\/schema\/person\/0f261460c09e430caa0f9bcffa319109"},"breadcrumb":{"@id":"https:\/\/www.altercampagne.net\/?p=7598#breadcrumb"},"inLanguage":"fr-FR","potentialAction":[{"@type":"ReadAction","target":["https:\/\/www.altercampagne.net\/?p=7598"]}]},{"@type":"ImageObject","inLanguage":"fr-FR","@id":"https:\/\/www.altercampagne.net\/?p=7598#primaryimage","url":"https:\/\/www.altercampagne.net\/wp-content\/uploads\/2017\/08\/Au-Tour-du-Cycle.jpg","contentUrl":"https:\/\/www.altercampagne.net\/wp-content\/uploads\/2017\/08\/Au-Tour-du-Cycle.jpg","width":850,"height":444},{"@type":"BreadcrumbList","@id":"https:\/\/www.altercampagne.net\/?p=7598#breadcrumb","itemListElement":[{"@type":"ListItem","position":1,"name":"Accueil","item":"https:\/\/www.altercampagne.net\/"},{"@type":"ListItem","position":2,"name":"AlterTour et Ecotopia BikeTour de passage \u00e0 l\u2019atelier"}]},{"@type":"WebSite","@id":"https:\/\/www.altercampagne.net\/#website","url":"https:\/\/www.altercampagne.net\/","name":"AlterTour","description":"Reliez les Alternatives \u00e0 v\u00e9lo","potentialAction":[{"@type":"SearchAction","target":{"@type":"EntryPoint","urlTemplate":"https:\/\/www.altercampagne.net\/?s={search_term_string}"},"query-input":{"@type":"PropertyValueSpecification","valueRequired":true,"valueName":"search_term_string"}}],"inLanguage":"fr-FR"},{"@type":"Person","@id":"https:\/\/www.altercampagne.net\/#\/schema\/person\/0f261460c09e430caa0f9bcffa319109","name":"Mathieu","image":{"@type":"ImageObject","inLanguage":"fr-FR","@id":"https:\/\/secure.gravatar.com\/avatar\/aa9d3d24c83f2141e5e2709d0f63d09a99f6be6bb7a50abc4915838d9f54501a?s=96&d=mm&r=g","url":"https:\/\/secure.gravatar.com\/avatar\/aa9d3d24c83f2141e5e2709d0f63d09a99f6be6bb7a50abc4915838d9f54501a?s=96&d=mm&r=g","contentUrl":"https:\/\/secure.gravatar.com\/avatar\/aa9d3d24c83f2141e5e2709d0f63d09a99f6be6bb7a50abc4915838d9f54501a?s=96&d=mm&r=g","caption":"Mathieu"},"url":"https:\/\/www.altercampagne.net\/?author=214"}]}},"_links":{"self":[{"href":"https:\/\/www.altercampagne.net\/index.php?rest_route=\/wp\/v2\/posts\/7598","targetHints":{"allow":["GET"]}}],"collection":[{"href":"https:\/\/www.altercampagne.net\/index.php?rest_route=\/wp\/v2\/posts"}],"about":[{"href":"https:\/\/www.altercampagne.net\/index.php?rest_route=\/wp\/v2\/types\/post"}],"author":[{"embeddable":true,"href":"https:\/\/www.altercampagne.net\/index.php?rest_route=\/wp\/v2\/users\/214"}],"replies":[{"embeddable":true,"href":"https:\/\/www.altercampagne.net\/index.php?rest_route=%2Fwp%2Fv2%2Fcomments&post=7598"}],"version-history":[{"count":0,"href":"https:\/\/www.altercampagne.net\/index.php?rest_route=\/wp\/v2\/posts\/7598\/revisions"}],"wp:featuredmedia":[{"embeddable":true,"href":"https:\/\/www.altercampagne.net\/index.php?rest_route=\/wp\/v2\/media\/9446"}],"wp:attachment":[{"href":"https:\/\/www.altercampagne.net\/index.php?rest_route=%2Fwp%2Fv2%2Fmedia&parent=7598"}],"wp:term":[{"taxonomy":"category","embeddable":true,"href":"https:\/\/www.altercampagne.net\/index.php?rest_route=%2Fwp%2Fv2%2Fcategories&post=7598"},{"taxonomy":"post_tag","embeddable":true,"href":"https:\/\/www.altercampagne.net\/index.php?rest_route=%2Fwp%2Fv2%2Ftags&post=7598"}],"curies":[{"name":"wp","href":"https:\/\/api.w.org\/{rel}","templated":true}]}}