{"id":7621,"date":"2017-07-19T00:20:58","date_gmt":"2017-07-18T22:20:58","guid":{"rendered":"http:\/\/www.altercampagne.net\/?p=7621"},"modified":"2018-01-11T14:50:07","modified_gmt":"2018-01-11T13:50:07","slug":"jeudi-13-juillet-1er-jour-de-lechappee-belle-espagnole-a-girona-barrio-de-santa-eugenia","status":"publish","type":"post","link":"https:\/\/www.altercampagne.net\/?p=7621","title":{"rendered":"Jeudi 13 juillet\u00a0: 1er jour de l&rsquo;Echapp\u00e9e belle espagnole \u00e0 Girona \u2013 Barrio de Santa Eug\u00e8nia"},"content":{"rendered":"<p>\u00ab\u00a0<i>No hay casualidad sino que es la causalidad<\/i>\u00a0\u00bb dixit Engracia et les autres.<\/p>\n<p>Nous nous inscriv\u00eemes \u00e0 10 et par un prompt d\u00e9sistement, nous nous v\u00eemes 6 et puis 5 du fait de l&rsquo;attaque tra\u00eetresse d&rsquo;une vulgaire bact\u00e9rie, en arrivant \u00e0 bon port, \u00e0 G\u00e9rone.<\/p>\n<p>Bruno, Alain, Fr\u00e9d\u00e9ric, Vincent et Dominique arrivent donc en ordre dispers\u00e9 \u00e0 l&rsquo;Ateneu Eugenienc au Barrio de Santa Eug\u00e8nia, quartier populaire de G\u00e9rone.Le transport de nos b\u00e9canes s&rsquo;est d\u00e9roul\u00e9 avec facilit\u00e9 de Portbou \u00e0 G\u00e9rone gr\u00e2ce aux trains r\u00e9gionaux catalans. Chacun a travaill\u00e9 le style et la fonctionnalit\u00e9 de ses \u00e9quipements, le plus <img loading=\"lazy\" decoding=\"async\" class=\" size-medium wp-image-7818 alignleft\" src=\"http:\/\/www.altercampagne.net\/wp-content\/uploads\/2017\/07\/eb-1-300x222.jpg\" alt=\"eb 1\" width=\"300\" height=\"222\" srcset=\"https:\/\/www.altercampagne.net\/wp-content\/uploads\/2017\/07\/eb-1-300x222.jpg 300w, https:\/\/www.altercampagne.net\/wp-content\/uploads\/2017\/07\/eb-1.jpg 1017w\" sizes=\"auto, (max-width: 300px) 100vw, 300px\" \/>remarqu\u00e9 \u00e9tant la remorque low tech d&rsquo;Alain (encore assimil\u00e9e \u00e0 un SS20, un chauffe-eau, une glaci\u00e8re pour pastis, un suppositoire carr\u00e9, &#8230;) flanqu\u00e9e de son drapeau fran\u00e7ais. Elle suscitera nombre de regards interrogatifs et\/ou admiratifs et elle nous procurera tout au long du parcours, un surplus de confort\u00a0: du beurre sur le pain, du chocolat qui se tient, des chaises et une table pliantes, &#8230; Fr\u00e9d\u00e9ric, lui mettra \u00e0 disposition du groupe ses superpouvoirs de m\u00e9cano et de secouriste ainsi que de guide en alternance avec Vincent\u00a0.<\/p>\n<p>On est accueilli \u00e0 l&rsquo;Ateneu, lieu de notre h\u00e9bergement. Et quel accueil\u00a0! De grands panneaux ont \u00e9t\u00e9 confectionn\u00e9s \u00e0 notre attention. Ramon, Guilhem et Valentina (cyclistes chevronn\u00e9.es), Paco, &#8230;. nous souhaitent au fur et \u00e0 mesure la bienvenue ainsi que Iza, Ana, Engracia (de la PAH Giron\u00e8s), Nuria (d&rsquo;Ecologistas en accion) qui, bonnes bilingues, faciliteront la communications entre les francophones de l&rsquo;Echapp\u00e9e belle et les intervenants catalans.<\/p>\n<p><em>Photo : Twitter @PAHGirones . 15 juil.<\/em><\/p>\n<p>Premi\u00e8re mission\u00a0: assurer l&rsquo;approvisionnement du groupe \u00e0 la coop\u00e9rative.<\/p>\n<p>Paco, coordinateur de la campagne <em>Les el\u00e8ctriques ens roben : qu\u00e8 fas aqui\u00a0parat\u00a0?<\/em>, apprend son premier mot d&rsquo;espagnol \u00e0 Alain\u00a0: canallas. Il d\u00e9nonce les politiciens\/los canallas, qui au sortir de leur carri\u00e8re en politique, ressurgissent en t\u00eate de gondole des soci\u00e9t\u00e9s d&rsquo;\u00e9lectricit\u00e9 et autres. Il mentionne l&rsquo;existence de beaucoup de corruption en politique et dans la justice. Depuis le mois de f\u00e9vrier, les factures d&rsquo;\u00e9lectricit\u00e9 des habitants du quartier ont fortement augment\u00e9. Les voisins se sont r\u00e9unis pour lutter contre les prix explos\u00e9s.<\/p>\n<p>Et ils l&rsquo;ont m\u00eame fait en musique et en performance :\u00a0\u00a0<a href=\"https:\/\/vimeo.com\/213861888\">https:\/\/vimeo.com\/213861888\u00a0<\/a><a href=\"https:\/\/vimeo.com\/user62127940\">https:\/\/vimeo.com\/user62127940<\/a><\/p>\n<p>Premier d\u00eener entre nous dans l&rsquo;Ateneu au son du cours de zumba. Ca d\u00e9gouline pas mal sous les maillots de corps\u00a0; les sourires sont larges.<br \/>\n<img loading=\"lazy\" decoding=\"async\" class=\"wp-image-7820 alignleft\" src=\"http:\/\/www.altercampagne.net\/wp-content\/uploads\/2017\/07\/eb-2-300x224.jpg\" alt=\"eb 2\" width=\"412\" height=\"307\" srcset=\"https:\/\/www.altercampagne.net\/wp-content\/uploads\/2017\/07\/eb-2-300x224.jpg 300w, https:\/\/www.altercampagne.net\/wp-content\/uploads\/2017\/07\/eb-2.jpg 1013w\" sizes=\"auto, (max-width: 412px) 100vw, 412px\" \/><a href=\"http:\/\/www.altercampagne.net\/wp-content\/uploads\/2017\/07\/eb-3.jpg\"><img loading=\"lazy\" decoding=\"async\" class=\"wp-image-7821 alignleft\" src=\"http:\/\/www.altercampagne.net\/wp-content\/uploads\/2017\/07\/eb-3-300x226.jpg\" alt=\"eb 3\" width=\"413\" height=\"311\" srcset=\"https:\/\/www.altercampagne.net\/wp-content\/uploads\/2017\/07\/eb-3-300x226.jpg 300w, https:\/\/www.altercampagne.net\/wp-content\/uploads\/2017\/07\/eb-3.jpg 1021w\" sizes=\"auto, (max-width: 413px) 100vw, 413px\" \/><\/a><\/p>\n<p>&nbsp;<\/p>\n<p>&nbsp;<\/p>\n<p>&nbsp;<\/p>\n<p>&nbsp;<\/p>\n<p>&nbsp;<\/p>\n<p>&nbsp;<\/p>\n<p>&nbsp;<\/p>\n<p>&nbsp;<\/p>\n<p>&nbsp;<\/p>\n<p>&nbsp;<\/p>\n<p><em>Photos : Twitter @PAHGirones . 13 juil.<\/em><\/p>\n<p style=\"text-align: right;\"><strong>Dominique<\/strong><\/p>\n","protected":false},"excerpt":{"rendered":"<p>\u00ab\u00a0No hay casualidad sino que es la causalidad\u00a0\u00bb dixit Engracia et les autres. Nous nous inscriv\u00eemes \u00e0 10 et par un prompt d\u00e9sistement, nous nous v\u00eemes 6 et puis 5 du fait de l&rsquo;attaque tra\u00eetresse d&rsquo;une vulgaire bact\u00e9rie, en arrivant \u00e0 bon port, \u00e0 G\u00e9rone. Bruno, Alain, Fr\u00e9d\u00e9ric, Vincent et &#8230; <\/p>\n<div><a href=\"https:\/\/www.altercampagne.net\/?p=7621\" class=\"more-link\">Read More<\/a><\/div>\n","protected":false},"author":178,"featured_media":0,"comment_status":"closed","ping_status":"closed","sticky":false,"template":"","format":"standard","meta":{"footnotes":""},"categories":[3231],"tags":[2783,3060,3303,3304],"class_list":["post-7621","post","type-post","status-publish","format-standard","hentry","category-echappee-belle","tag-altertour-2017","tag-echappee-belle-2017","tag-pah-girones","tag-ecologistas-en-accion","no-post-thumbnail"],"yoast_head":"<!-- This site is optimized with the Yoast SEO plugin v27.3 - https:\/\/yoast.com\/product\/yoast-seo-wordpress\/ -->\n<title>Jeudi 13 juillet\u00a0: 1er jour de l&#039;Echapp\u00e9e belle espagnole \u00e0 Girona \u2013 Barrio de Santa Eug\u00e8nia - AlterTour<\/title>\n<meta name=\"robots\" content=\"index, follow, max-snippet:-1, max-image-preview:large, max-video-preview:-1\" \/>\n<link rel=\"canonical\" href=\"https:\/\/www.altercampagne.net\/?p=7621\" \/>\n<meta property=\"og:locale\" content=\"fr_FR\" \/>\n<meta property=\"og:type\" content=\"article\" \/>\n<meta property=\"og:title\" content=\"Jeudi 13 juillet\u00a0: 1er jour de l&#039;Echapp\u00e9e belle espagnole \u00e0 Girona \u2013 Barrio de Santa Eug\u00e8nia - AlterTour\" \/>\n<meta property=\"og:description\" content=\"\u00ab\u00a0No hay casualidad sino que es la causalidad\u00a0\u00bb dixit Engracia et les autres. Nous nous inscriv\u00eemes \u00e0 10 et par un prompt d\u00e9sistement, nous nous v\u00eemes 6 et puis 5 du fait de l&rsquo;attaque tra\u00eetresse d&rsquo;une vulgaire bact\u00e9rie, en arrivant \u00e0 bon port, \u00e0 G\u00e9rone. Bruno, Alain, Fr\u00e9d\u00e9ric, Vincent et ... Read More\" \/>\n<meta property=\"og:url\" content=\"https:\/\/www.altercampagne.net\/?p=7621\" \/>\n<meta property=\"og:site_name\" content=\"AlterTour\" \/>\n<meta property=\"article:published_time\" content=\"2017-07-18T22:20:58+00:00\" \/>\n<meta property=\"article:modified_time\" content=\"2018-01-11T13:50:07+00:00\" \/>\n<meta property=\"og:image\" content=\"http:\/\/www.altercampagne.net\/wp-content\/uploads\/2017\/07\/eb-1-300x222.jpg\" \/>\n<meta name=\"author\" content=\"Dominique M\" \/>\n<meta name=\"twitter:card\" content=\"summary_large_image\" \/>\n<meta name=\"twitter:label1\" content=\"\u00c9crit par\" \/>\n\t<meta name=\"twitter:data1\" content=\"Dominique M\" \/>\n\t<meta name=\"twitter:label2\" content=\"Dur\u00e9e de lecture estim\u00e9e\" \/>\n\t<meta name=\"twitter:data2\" content=\"2 minutes\" \/>\n<script type=\"application\/ld+json\" class=\"yoast-schema-graph\">{\"@context\":\"https:\\\/\\\/schema.org\",\"@graph\":[{\"@type\":\"Article\",\"@id\":\"https:\\\/\\\/www.altercampagne.net\\\/?p=7621#article\",\"isPartOf\":{\"@id\":\"https:\\\/\\\/www.altercampagne.net\\\/?p=7621\"},\"author\":{\"name\":\"Dominique M\",\"@id\":\"https:\\\/\\\/www.altercampagne.net\\\/#\\\/schema\\\/person\\\/e48dab7c07a339fab9ba06f93515f6b8\"},\"headline\":\"Jeudi 13 juillet\u00a0: 1er jour de l&rsquo;Echapp\u00e9e belle espagnole \u00e0 Girona \u2013 Barrio de Santa Eug\u00e8nia\",\"datePublished\":\"2017-07-18T22:20:58+00:00\",\"dateModified\":\"2018-01-11T13:50:07+00:00\",\"mainEntityOfPage\":{\"@id\":\"https:\\\/\\\/www.altercampagne.net\\\/?p=7621\"},\"wordCount\":462,\"image\":{\"@id\":\"https:\\\/\\\/www.altercampagne.net\\\/?p=7621#primaryimage\"},\"thumbnailUrl\":\"http:\\\/\\\/www.altercampagne.net\\\/wp-content\\\/uploads\\\/2017\\\/07\\\/eb-1-300x222.jpg\",\"keywords\":[\"AlterTour 2017\",\"\u00c9chapp\u00e9e Belle 2017\",\"PAH Giron\u00e8s\",\"Ecologistas en accion\"],\"articleSection\":[\"Echapp\u00e9e Belle\"],\"inLanguage\":\"fr-FR\"},{\"@type\":\"WebPage\",\"@id\":\"https:\\\/\\\/www.altercampagne.net\\\/?p=7621\",\"url\":\"https:\\\/\\\/www.altercampagne.net\\\/?p=7621\",\"name\":\"Jeudi 13 juillet\u00a0: 1er jour de l'Echapp\u00e9e belle espagnole \u00e0 Girona \u2013 Barrio de Santa Eug\u00e8nia - AlterTour\",\"isPartOf\":{\"@id\":\"https:\\\/\\\/www.altercampagne.net\\\/#website\"},\"primaryImageOfPage\":{\"@id\":\"https:\\\/\\\/www.altercampagne.net\\\/?p=7621#primaryimage\"},\"image\":{\"@id\":\"https:\\\/\\\/www.altercampagne.net\\\/?p=7621#primaryimage\"},\"thumbnailUrl\":\"http:\\\/\\\/www.altercampagne.net\\\/wp-content\\\/uploads\\\/2017\\\/07\\\/eb-1-300x222.jpg\",\"datePublished\":\"2017-07-18T22:20:58+00:00\",\"dateModified\":\"2018-01-11T13:50:07+00:00\",\"author\":{\"@id\":\"https:\\\/\\\/www.altercampagne.net\\\/#\\\/schema\\\/person\\\/e48dab7c07a339fab9ba06f93515f6b8\"},\"breadcrumb\":{\"@id\":\"https:\\\/\\\/www.altercampagne.net\\\/?p=7621#breadcrumb\"},\"inLanguage\":\"fr-FR\",\"potentialAction\":[{\"@type\":\"ReadAction\",\"target\":[\"https:\\\/\\\/www.altercampagne.net\\\/?p=7621\"]}]},{\"@type\":\"ImageObject\",\"inLanguage\":\"fr-FR\",\"@id\":\"https:\\\/\\\/www.altercampagne.net\\\/?p=7621#primaryimage\",\"url\":\"https:\\\/\\\/www.altercampagne.net\\\/wp-content\\\/uploads\\\/2017\\\/07\\\/eb-1.jpg\",\"contentUrl\":\"https:\\\/\\\/www.altercampagne.net\\\/wp-content\\\/uploads\\\/2017\\\/07\\\/eb-1.jpg\",\"width\":1017,\"height\":753},{\"@type\":\"BreadcrumbList\",\"@id\":\"https:\\\/\\\/www.altercampagne.net\\\/?p=7621#breadcrumb\",\"itemListElement\":[{\"@type\":\"ListItem\",\"position\":1,\"name\":\"Accueil\",\"item\":\"https:\\\/\\\/www.altercampagne.net\\\/\"},{\"@type\":\"ListItem\",\"position\":2,\"name\":\"Jeudi 13 juillet\u00a0: 1er jour de l&rsquo;Echapp\u00e9e belle espagnole \u00e0 Girona \u2013 Barrio de Santa Eug\u00e8nia\"}]},{\"@type\":\"WebSite\",\"@id\":\"https:\\\/\\\/www.altercampagne.net\\\/#website\",\"url\":\"https:\\\/\\\/www.altercampagne.net\\\/\",\"name\":\"AlterTour\",\"description\":\"Reliez les Alternatives \u00e0 v\u00e9lo\",\"potentialAction\":[{\"@type\":\"SearchAction\",\"target\":{\"@type\":\"EntryPoint\",\"urlTemplate\":\"https:\\\/\\\/www.altercampagne.net\\\/?s={search_term_string}\"},\"query-input\":{\"@type\":\"PropertyValueSpecification\",\"valueRequired\":true,\"valueName\":\"search_term_string\"}}],\"inLanguage\":\"fr-FR\"},{\"@type\":\"Person\",\"@id\":\"https:\\\/\\\/www.altercampagne.net\\\/#\\\/schema\\\/person\\\/e48dab7c07a339fab9ba06f93515f6b8\",\"name\":\"Dominique M\",\"image\":{\"@type\":\"ImageObject\",\"inLanguage\":\"fr-FR\",\"@id\":\"https:\\\/\\\/secure.gravatar.com\\\/avatar\\\/092c57fdc9f39c44abbde0d4097df6625bc4f493de36df80b8a4c0cd8764a2c0?s=96&d=mm&r=g\",\"url\":\"https:\\\/\\\/secure.gravatar.com\\\/avatar\\\/092c57fdc9f39c44abbde0d4097df6625bc4f493de36df80b8a4c0cd8764a2c0?s=96&d=mm&r=g\",\"contentUrl\":\"https:\\\/\\\/secure.gravatar.com\\\/avatar\\\/092c57fdc9f39c44abbde0d4097df6625bc4f493de36df80b8a4c0cd8764a2c0?s=96&d=mm&r=g\",\"caption\":\"Dominique M\"},\"url\":\"https:\\\/\\\/www.altercampagne.net\\\/?author=178\"}]}<\/script>\n<!-- \/ Yoast SEO plugin. -->","yoast_head_json":{"title":"Jeudi 13 juillet\u00a0: 1er jour de l'Echapp\u00e9e belle espagnole \u00e0 Girona \u2013 Barrio de Santa Eug\u00e8nia - AlterTour","robots":{"index":"index","follow":"follow","max-snippet":"max-snippet:-1","max-image-preview":"max-image-preview:large","max-video-preview":"max-video-preview:-1"},"canonical":"https:\/\/www.altercampagne.net\/?p=7621","og_locale":"fr_FR","og_type":"article","og_title":"Jeudi 13 juillet\u00a0: 1er jour de l'Echapp\u00e9e belle espagnole \u00e0 Girona \u2013 Barrio de Santa Eug\u00e8nia - AlterTour","og_description":"\u00ab\u00a0No hay casualidad sino que es la causalidad\u00a0\u00bb dixit Engracia et les autres. Nous nous inscriv\u00eemes \u00e0 10 et par un prompt d\u00e9sistement, nous nous v\u00eemes 6 et puis 5 du fait de l&rsquo;attaque tra\u00eetresse d&rsquo;une vulgaire bact\u00e9rie, en arrivant \u00e0 bon port, \u00e0 G\u00e9rone. Bruno, Alain, Fr\u00e9d\u00e9ric, Vincent et ... Read More","og_url":"https:\/\/www.altercampagne.net\/?p=7621","og_site_name":"AlterTour","article_published_time":"2017-07-18T22:20:58+00:00","article_modified_time":"2018-01-11T13:50:07+00:00","og_image":[{"url":"http:\/\/www.altercampagne.net\/wp-content\/uploads\/2017\/07\/eb-1-300x222.jpg","type":"","width":"","height":""}],"author":"Dominique M","twitter_card":"summary_large_image","twitter_misc":{"\u00c9crit par":"Dominique M","Dur\u00e9e de lecture estim\u00e9e":"2 minutes"},"schema":{"@context":"https:\/\/schema.org","@graph":[{"@type":"Article","@id":"https:\/\/www.altercampagne.net\/?p=7621#article","isPartOf":{"@id":"https:\/\/www.altercampagne.net\/?p=7621"},"author":{"name":"Dominique M","@id":"https:\/\/www.altercampagne.net\/#\/schema\/person\/e48dab7c07a339fab9ba06f93515f6b8"},"headline":"Jeudi 13 juillet\u00a0: 1er jour de l&rsquo;Echapp\u00e9e belle espagnole \u00e0 Girona \u2013 Barrio de Santa Eug\u00e8nia","datePublished":"2017-07-18T22:20:58+00:00","dateModified":"2018-01-11T13:50:07+00:00","mainEntityOfPage":{"@id":"https:\/\/www.altercampagne.net\/?p=7621"},"wordCount":462,"image":{"@id":"https:\/\/www.altercampagne.net\/?p=7621#primaryimage"},"thumbnailUrl":"http:\/\/www.altercampagne.net\/wp-content\/uploads\/2017\/07\/eb-1-300x222.jpg","keywords":["AlterTour 2017","\u00c9chapp\u00e9e Belle 2017","PAH Giron\u00e8s","Ecologistas en accion"],"articleSection":["Echapp\u00e9e Belle"],"inLanguage":"fr-FR"},{"@type":"WebPage","@id":"https:\/\/www.altercampagne.net\/?p=7621","url":"https:\/\/www.altercampagne.net\/?p=7621","name":"Jeudi 13 juillet\u00a0: 1er jour de l'Echapp\u00e9e belle espagnole \u00e0 Girona \u2013 Barrio de Santa Eug\u00e8nia - AlterTour","isPartOf":{"@id":"https:\/\/www.altercampagne.net\/#website"},"primaryImageOfPage":{"@id":"https:\/\/www.altercampagne.net\/?p=7621#primaryimage"},"image":{"@id":"https:\/\/www.altercampagne.net\/?p=7621#primaryimage"},"thumbnailUrl":"http:\/\/www.altercampagne.net\/wp-content\/uploads\/2017\/07\/eb-1-300x222.jpg","datePublished":"2017-07-18T22:20:58+00:00","dateModified":"2018-01-11T13:50:07+00:00","author":{"@id":"https:\/\/www.altercampagne.net\/#\/schema\/person\/e48dab7c07a339fab9ba06f93515f6b8"},"breadcrumb":{"@id":"https:\/\/www.altercampagne.net\/?p=7621#breadcrumb"},"inLanguage":"fr-FR","potentialAction":[{"@type":"ReadAction","target":["https:\/\/www.altercampagne.net\/?p=7621"]}]},{"@type":"ImageObject","inLanguage":"fr-FR","@id":"https:\/\/www.altercampagne.net\/?p=7621#primaryimage","url":"https:\/\/www.altercampagne.net\/wp-content\/uploads\/2017\/07\/eb-1.jpg","contentUrl":"https:\/\/www.altercampagne.net\/wp-content\/uploads\/2017\/07\/eb-1.jpg","width":1017,"height":753},{"@type":"BreadcrumbList","@id":"https:\/\/www.altercampagne.net\/?p=7621#breadcrumb","itemListElement":[{"@type":"ListItem","position":1,"name":"Accueil","item":"https:\/\/www.altercampagne.net\/"},{"@type":"ListItem","position":2,"name":"Jeudi 13 juillet\u00a0: 1er jour de l&rsquo;Echapp\u00e9e belle espagnole \u00e0 Girona \u2013 Barrio de Santa Eug\u00e8nia"}]},{"@type":"WebSite","@id":"https:\/\/www.altercampagne.net\/#website","url":"https:\/\/www.altercampagne.net\/","name":"AlterTour","description":"Reliez les Alternatives \u00e0 v\u00e9lo","potentialAction":[{"@type":"SearchAction","target":{"@type":"EntryPoint","urlTemplate":"https:\/\/www.altercampagne.net\/?s={search_term_string}"},"query-input":{"@type":"PropertyValueSpecification","valueRequired":true,"valueName":"search_term_string"}}],"inLanguage":"fr-FR"},{"@type":"Person","@id":"https:\/\/www.altercampagne.net\/#\/schema\/person\/e48dab7c07a339fab9ba06f93515f6b8","name":"Dominique M","image":{"@type":"ImageObject","inLanguage":"fr-FR","@id":"https:\/\/secure.gravatar.com\/avatar\/092c57fdc9f39c44abbde0d4097df6625bc4f493de36df80b8a4c0cd8764a2c0?s=96&d=mm&r=g","url":"https:\/\/secure.gravatar.com\/avatar\/092c57fdc9f39c44abbde0d4097df6625bc4f493de36df80b8a4c0cd8764a2c0?s=96&d=mm&r=g","contentUrl":"https:\/\/secure.gravatar.com\/avatar\/092c57fdc9f39c44abbde0d4097df6625bc4f493de36df80b8a4c0cd8764a2c0?s=96&d=mm&r=g","caption":"Dominique M"},"url":"https:\/\/www.altercampagne.net\/?author=178"}]}},"_links":{"self":[{"href":"https:\/\/www.altercampagne.net\/index.php?rest_route=\/wp\/v2\/posts\/7621","targetHints":{"allow":["GET"]}}],"collection":[{"href":"https:\/\/www.altercampagne.net\/index.php?rest_route=\/wp\/v2\/posts"}],"about":[{"href":"https:\/\/www.altercampagne.net\/index.php?rest_route=\/wp\/v2\/types\/post"}],"author":[{"embeddable":true,"href":"https:\/\/www.altercampagne.net\/index.php?rest_route=\/wp\/v2\/users\/178"}],"replies":[{"embeddable":true,"href":"https:\/\/www.altercampagne.net\/index.php?rest_route=%2Fwp%2Fv2%2Fcomments&post=7621"}],"version-history":[{"count":0,"href":"https:\/\/www.altercampagne.net\/index.php?rest_route=\/wp\/v2\/posts\/7621\/revisions"}],"wp:attachment":[{"href":"https:\/\/www.altercampagne.net\/index.php?rest_route=%2Fwp%2Fv2%2Fmedia&parent=7621"}],"wp:term":[{"taxonomy":"category","embeddable":true,"href":"https:\/\/www.altercampagne.net\/index.php?rest_route=%2Fwp%2Fv2%2Fcategories&post=7621"},{"taxonomy":"post_tag","embeddable":true,"href":"https:\/\/www.altercampagne.net\/index.php?rest_route=%2Fwp%2Fv2%2Ftags&post=7621"}],"curies":[{"name":"wp","href":"https:\/\/api.w.org\/{rel}","templated":true}]}}