{"id":764,"date":"2015-02-23T17:42:51","date_gmt":"2015-02-23T16:42:51","guid":{"rendered":"http:\/\/www.altercampagne.net\/?p=764"},"modified":"2016-04-08T11:46:50","modified_gmt":"2016-04-08T09:46:50","slug":"le-systeme-dechange-ledonien-sel","status":"publish","type":"post","link":"https:\/\/www.altercampagne.net\/?p=764","title":{"rendered":"Lons-le-Saunier : le Syst\u00e8me d\u2019Echange L\u00e9donien (SEL)"},"content":{"rendered":"<p>Le <b>Syst\u00e8me d\u2019Echange L\u00e9donien<\/b> (SEL de Lons-le-Saunier dans le Jura) est n\u00e9 le 3 f\u00e9vrier 2015. Il fonctionne sur le principe de la <b>banque de temps :<\/b> \u00ab une heure de service rendu vaut une heure de service re\u00e7u \u00bb.<\/p>\n<p>Le SEL propose de mettre en relation ses adh\u00e9rents en diffusant leurs offres, leurs demandes de services et en g\u00e9rant la comptabilit\u00e9 des \u00e9changes. Pour cela, il met \u00e0 disposition :<\/p>\n<ul>\n<li>une permanence \u00e0 la Maison Commune,<\/li>\n<li>un cahier d&rsquo;\u00e9changes pour la comptabilit\u00e9,<\/li>\n<li>un site internet pour le fonctionnement<\/li>\n<\/ul>\n<p>Le SEL a \u00e9galement pour missions d\u2019assurer le lien social entre les personnes en proposant des animations propice \u00e0 la rencontre des adh\u00e9rents. il garantit l\u2019\u00e9thique de son fonctionnement au travers de sa charte et de ses instances de r\u00e9gulation et de d\u00e9cision.<\/p>\n<p>Le 21 f\u00e9vrier 2015 de 14h \u00e0 18h, avait lieu une op\u00e9ration d\u2019information \u00e0 la Maison Commune. Au programme :<\/p>\n<ul>\n<li>des stands d&rsquo;information SEL et Maison Commune,<\/li>\n<li>une buvette sans alcool, des g\u00e2teaux fait maison,<\/li>\n<li>du th\u00e9\u00e2tre d&rsquo;improvisation,<\/li>\n<li>de l&rsquo;animation pour les enfants.<\/li>\n<\/ul>\n<p>Julien Da Rocha, organisateur d&rsquo;\u00e9tapes de l&rsquo;AlterTour 2013 dans le Jura, fait partie des initiateurs du SEL.<\/p>\n<p>Pour plus d&rsquo;infos : <a href=\"http:\/\/seledonien.seliweb.net\/public\/fr\/index.php\" target=\"_blank\">www.seledonien.seliweb.net<\/a><\/p>\n<p><a href=\"http:\/\/seledonien.seliweb.net\/public\/fr\/index.php\" target=\"_blank\"><img loading=\"lazy\" decoding=\"async\" class=\"aligncenter wp-image-785 size-full\" src=\"http:\/\/www.altercampagne.net\/wp-content\/uploads\/2015\/02\/P1060541-768x1024.jpg\" alt=\"P1060541-768x1024\" width=\"768\" height=\"1024\" srcset=\"https:\/\/www.altercampagne.net\/wp-content\/uploads\/2015\/02\/P1060541-768x1024.jpg 768w, https:\/\/www.altercampagne.net\/wp-content\/uploads\/2015\/02\/P1060541-768x1024-225x300.jpg 225w\" sizes=\"auto, (max-width: 768px) 100vw, 768px\" \/><\/a><\/p>\n","protected":false},"excerpt":{"rendered":"<p>Le Syst\u00e8me d\u2019Echange L\u00e9donien (SEL de Lons-le-Saunier dans le Jura) est n\u00e9 le 3 f\u00e9vrier 2015. Il fonctionne sur le principe de la banque de temps : \u00ab une heure de service rendu vaut une heure de service re\u00e7u \u00bb. Le SEL propose de mettre en relation ses adh\u00e9rents en &#8230; <\/p>\n<div><a href=\"https:\/\/www.altercampagne.net\/?p=764\" class=\"more-link\">Read More<\/a><\/div>\n","protected":false},"author":214,"featured_media":0,"comment_status":"closed","ping_status":"closed","sticky":false,"template":"","format":"standard","meta":{"footnotes":""},"categories":[1],"tags":[38,39,40,41,168,169,598],"class_list":["post-764","post","type-post","status-publish","format-standard","hentry","category-non-classe","tag-sel","tag-lons-le-saunier","tag-gratuite","tag-echanges","tag-julien-da-rocha","tag-systeme-dechange-ledonien","tag-jura","no-post-thumbnail"],"yoast_head":"<!-- This site is optimized with the Yoast SEO plugin v27.3 - https:\/\/yoast.com\/product\/yoast-seo-wordpress\/ -->\n<title>Lons-le-Saunier : le Syst\u00e8me d\u2019Echange L\u00e9donien (SEL) - AlterTour<\/title>\n<meta name=\"robots\" content=\"index, follow, max-snippet:-1, max-image-preview:large, max-video-preview:-1\" \/>\n<link rel=\"canonical\" href=\"https:\/\/www.altercampagne.net\/?p=764\" \/>\n<meta property=\"og:locale\" content=\"fr_FR\" \/>\n<meta property=\"og:type\" content=\"article\" \/>\n<meta property=\"og:title\" content=\"Lons-le-Saunier : le Syst\u00e8me d\u2019Echange L\u00e9donien (SEL) - AlterTour\" \/>\n<meta property=\"og:description\" content=\"Le Syst\u00e8me d\u2019Echange L\u00e9donien (SEL de Lons-le-Saunier dans le Jura) est n\u00e9 le 3 f\u00e9vrier 2015. Il fonctionne sur le principe de la banque de temps : \u00ab une heure de service rendu vaut une heure de service re\u00e7u \u00bb. Le SEL propose de mettre en relation ses adh\u00e9rents en ... Read More\" \/>\n<meta property=\"og:url\" content=\"https:\/\/www.altercampagne.net\/?p=764\" \/>\n<meta property=\"og:site_name\" content=\"AlterTour\" \/>\n<meta property=\"article:published_time\" content=\"2015-02-23T16:42:51+00:00\" \/>\n<meta property=\"article:modified_time\" content=\"2016-04-08T09:46:50+00:00\" \/>\n<meta property=\"og:image\" content=\"http:\/\/www.altercampagne.net\/wp-content\/uploads\/2015\/02\/P1060541-768x1024.jpg\" \/>\n<meta name=\"author\" content=\"Mathieu\" \/>\n<meta name=\"twitter:card\" content=\"summary_large_image\" \/>\n<meta name=\"twitter:label1\" content=\"\u00c9crit par\" \/>\n\t<meta name=\"twitter:data1\" content=\"Mathieu\" \/>\n\t<meta name=\"twitter:label2\" content=\"Dur\u00e9e de lecture estim\u00e9e\" \/>\n\t<meta name=\"twitter:data2\" content=\"1 minute\" \/>\n<script type=\"application\/ld+json\" class=\"yoast-schema-graph\">{\"@context\":\"https:\\\/\\\/schema.org\",\"@graph\":[{\"@type\":\"Article\",\"@id\":\"https:\\\/\\\/www.altercampagne.net\\\/?p=764#article\",\"isPartOf\":{\"@id\":\"https:\\\/\\\/www.altercampagne.net\\\/?p=764\"},\"author\":{\"name\":\"Mathieu\",\"@id\":\"https:\\\/\\\/www.altercampagne.net\\\/#\\\/schema\\\/person\\\/0f261460c09e430caa0f9bcffa319109\"},\"headline\":\"Lons-le-Saunier : le Syst\u00e8me d\u2019Echange L\u00e9donien (SEL)\",\"datePublished\":\"2015-02-23T16:42:51+00:00\",\"dateModified\":\"2016-04-08T09:46:50+00:00\",\"mainEntityOfPage\":{\"@id\":\"https:\\\/\\\/www.altercampagne.net\\\/?p=764\"},\"wordCount\":217,\"image\":{\"@id\":\"https:\\\/\\\/www.altercampagne.net\\\/?p=764#primaryimage\"},\"thumbnailUrl\":\"http:\\\/\\\/www.altercampagne.net\\\/wp-content\\\/uploads\\\/2015\\\/02\\\/P1060541-768x1024.jpg\",\"keywords\":[\"SEL\",\"Lons-le-Saunier\",\"gratuit\u00e9\",\"\u00e9changes\",\"Julien Da Rocha\",\"Syst\u00e8me d\u2019Echange L\u00e9donien\",\"jura\"],\"inLanguage\":\"fr-FR\"},{\"@type\":\"WebPage\",\"@id\":\"https:\\\/\\\/www.altercampagne.net\\\/?p=764\",\"url\":\"https:\\\/\\\/www.altercampagne.net\\\/?p=764\",\"name\":\"Lons-le-Saunier : le Syst\u00e8me d\u2019Echange L\u00e9donien (SEL) - AlterTour\",\"isPartOf\":{\"@id\":\"https:\\\/\\\/www.altercampagne.net\\\/#website\"},\"primaryImageOfPage\":{\"@id\":\"https:\\\/\\\/www.altercampagne.net\\\/?p=764#primaryimage\"},\"image\":{\"@id\":\"https:\\\/\\\/www.altercampagne.net\\\/?p=764#primaryimage\"},\"thumbnailUrl\":\"http:\\\/\\\/www.altercampagne.net\\\/wp-content\\\/uploads\\\/2015\\\/02\\\/P1060541-768x1024.jpg\",\"datePublished\":\"2015-02-23T16:42:51+00:00\",\"dateModified\":\"2016-04-08T09:46:50+00:00\",\"author\":{\"@id\":\"https:\\\/\\\/www.altercampagne.net\\\/#\\\/schema\\\/person\\\/0f261460c09e430caa0f9bcffa319109\"},\"breadcrumb\":{\"@id\":\"https:\\\/\\\/www.altercampagne.net\\\/?p=764#breadcrumb\"},\"inLanguage\":\"fr-FR\",\"potentialAction\":[{\"@type\":\"ReadAction\",\"target\":[\"https:\\\/\\\/www.altercampagne.net\\\/?p=764\"]}]},{\"@type\":\"ImageObject\",\"inLanguage\":\"fr-FR\",\"@id\":\"https:\\\/\\\/www.altercampagne.net\\\/?p=764#primaryimage\",\"url\":\"http:\\\/\\\/www.altercampagne.net\\\/wp-content\\\/uploads\\\/2015\\\/02\\\/P1060541-768x1024.jpg\",\"contentUrl\":\"http:\\\/\\\/www.altercampagne.net\\\/wp-content\\\/uploads\\\/2015\\\/02\\\/P1060541-768x1024.jpg\"},{\"@type\":\"BreadcrumbList\",\"@id\":\"https:\\\/\\\/www.altercampagne.net\\\/?p=764#breadcrumb\",\"itemListElement\":[{\"@type\":\"ListItem\",\"position\":1,\"name\":\"Accueil\",\"item\":\"https:\\\/\\\/www.altercampagne.net\\\/\"},{\"@type\":\"ListItem\",\"position\":2,\"name\":\"Lons-le-Saunier : le Syst\u00e8me d\u2019Echange L\u00e9donien (SEL)\"}]},{\"@type\":\"WebSite\",\"@id\":\"https:\\\/\\\/www.altercampagne.net\\\/#website\",\"url\":\"https:\\\/\\\/www.altercampagne.net\\\/\",\"name\":\"AlterTour\",\"description\":\"Reliez les Alternatives \u00e0 v\u00e9lo\",\"potentialAction\":[{\"@type\":\"SearchAction\",\"target\":{\"@type\":\"EntryPoint\",\"urlTemplate\":\"https:\\\/\\\/www.altercampagne.net\\\/?s={search_term_string}\"},\"query-input\":{\"@type\":\"PropertyValueSpecification\",\"valueRequired\":true,\"valueName\":\"search_term_string\"}}],\"inLanguage\":\"fr-FR\"},{\"@type\":\"Person\",\"@id\":\"https:\\\/\\\/www.altercampagne.net\\\/#\\\/schema\\\/person\\\/0f261460c09e430caa0f9bcffa319109\",\"name\":\"Mathieu\",\"image\":{\"@type\":\"ImageObject\",\"inLanguage\":\"fr-FR\",\"@id\":\"https:\\\/\\\/secure.gravatar.com\\\/avatar\\\/aa9d3d24c83f2141e5e2709d0f63d09a99f6be6bb7a50abc4915838d9f54501a?s=96&d=mm&r=g\",\"url\":\"https:\\\/\\\/secure.gravatar.com\\\/avatar\\\/aa9d3d24c83f2141e5e2709d0f63d09a99f6be6bb7a50abc4915838d9f54501a?s=96&d=mm&r=g\",\"contentUrl\":\"https:\\\/\\\/secure.gravatar.com\\\/avatar\\\/aa9d3d24c83f2141e5e2709d0f63d09a99f6be6bb7a50abc4915838d9f54501a?s=96&d=mm&r=g\",\"caption\":\"Mathieu\"},\"url\":\"https:\\\/\\\/www.altercampagne.net\\\/?author=214\"}]}<\/script>\n<!-- \/ Yoast SEO plugin. -->","yoast_head_json":{"title":"Lons-le-Saunier : le Syst\u00e8me d\u2019Echange L\u00e9donien (SEL) - AlterTour","robots":{"index":"index","follow":"follow","max-snippet":"max-snippet:-1","max-image-preview":"max-image-preview:large","max-video-preview":"max-video-preview:-1"},"canonical":"https:\/\/www.altercampagne.net\/?p=764","og_locale":"fr_FR","og_type":"article","og_title":"Lons-le-Saunier : le Syst\u00e8me d\u2019Echange L\u00e9donien (SEL) - AlterTour","og_description":"Le Syst\u00e8me d\u2019Echange L\u00e9donien (SEL de Lons-le-Saunier dans le Jura) est n\u00e9 le 3 f\u00e9vrier 2015. Il fonctionne sur le principe de la banque de temps : \u00ab une heure de service rendu vaut une heure de service re\u00e7u \u00bb. Le SEL propose de mettre en relation ses adh\u00e9rents en ... Read More","og_url":"https:\/\/www.altercampagne.net\/?p=764","og_site_name":"AlterTour","article_published_time":"2015-02-23T16:42:51+00:00","article_modified_time":"2016-04-08T09:46:50+00:00","og_image":[{"url":"http:\/\/www.altercampagne.net\/wp-content\/uploads\/2015\/02\/P1060541-768x1024.jpg","type":"","width":"","height":""}],"author":"Mathieu","twitter_card":"summary_large_image","twitter_misc":{"\u00c9crit par":"Mathieu","Dur\u00e9e de lecture estim\u00e9e":"1 minute"},"schema":{"@context":"https:\/\/schema.org","@graph":[{"@type":"Article","@id":"https:\/\/www.altercampagne.net\/?p=764#article","isPartOf":{"@id":"https:\/\/www.altercampagne.net\/?p=764"},"author":{"name":"Mathieu","@id":"https:\/\/www.altercampagne.net\/#\/schema\/person\/0f261460c09e430caa0f9bcffa319109"},"headline":"Lons-le-Saunier : le Syst\u00e8me d\u2019Echange L\u00e9donien (SEL)","datePublished":"2015-02-23T16:42:51+00:00","dateModified":"2016-04-08T09:46:50+00:00","mainEntityOfPage":{"@id":"https:\/\/www.altercampagne.net\/?p=764"},"wordCount":217,"image":{"@id":"https:\/\/www.altercampagne.net\/?p=764#primaryimage"},"thumbnailUrl":"http:\/\/www.altercampagne.net\/wp-content\/uploads\/2015\/02\/P1060541-768x1024.jpg","keywords":["SEL","Lons-le-Saunier","gratuit\u00e9","\u00e9changes","Julien Da Rocha","Syst\u00e8me d\u2019Echange L\u00e9donien","jura"],"inLanguage":"fr-FR"},{"@type":"WebPage","@id":"https:\/\/www.altercampagne.net\/?p=764","url":"https:\/\/www.altercampagne.net\/?p=764","name":"Lons-le-Saunier : le Syst\u00e8me d\u2019Echange L\u00e9donien (SEL) - AlterTour","isPartOf":{"@id":"https:\/\/www.altercampagne.net\/#website"},"primaryImageOfPage":{"@id":"https:\/\/www.altercampagne.net\/?p=764#primaryimage"},"image":{"@id":"https:\/\/www.altercampagne.net\/?p=764#primaryimage"},"thumbnailUrl":"http:\/\/www.altercampagne.net\/wp-content\/uploads\/2015\/02\/P1060541-768x1024.jpg","datePublished":"2015-02-23T16:42:51+00:00","dateModified":"2016-04-08T09:46:50+00:00","author":{"@id":"https:\/\/www.altercampagne.net\/#\/schema\/person\/0f261460c09e430caa0f9bcffa319109"},"breadcrumb":{"@id":"https:\/\/www.altercampagne.net\/?p=764#breadcrumb"},"inLanguage":"fr-FR","potentialAction":[{"@type":"ReadAction","target":["https:\/\/www.altercampagne.net\/?p=764"]}]},{"@type":"ImageObject","inLanguage":"fr-FR","@id":"https:\/\/www.altercampagne.net\/?p=764#primaryimage","url":"http:\/\/www.altercampagne.net\/wp-content\/uploads\/2015\/02\/P1060541-768x1024.jpg","contentUrl":"http:\/\/www.altercampagne.net\/wp-content\/uploads\/2015\/02\/P1060541-768x1024.jpg"},{"@type":"BreadcrumbList","@id":"https:\/\/www.altercampagne.net\/?p=764#breadcrumb","itemListElement":[{"@type":"ListItem","position":1,"name":"Accueil","item":"https:\/\/www.altercampagne.net\/"},{"@type":"ListItem","position":2,"name":"Lons-le-Saunier : le Syst\u00e8me d\u2019Echange L\u00e9donien (SEL)"}]},{"@type":"WebSite","@id":"https:\/\/www.altercampagne.net\/#website","url":"https:\/\/www.altercampagne.net\/","name":"AlterTour","description":"Reliez les Alternatives \u00e0 v\u00e9lo","potentialAction":[{"@type":"SearchAction","target":{"@type":"EntryPoint","urlTemplate":"https:\/\/www.altercampagne.net\/?s={search_term_string}"},"query-input":{"@type":"PropertyValueSpecification","valueRequired":true,"valueName":"search_term_string"}}],"inLanguage":"fr-FR"},{"@type":"Person","@id":"https:\/\/www.altercampagne.net\/#\/schema\/person\/0f261460c09e430caa0f9bcffa319109","name":"Mathieu","image":{"@type":"ImageObject","inLanguage":"fr-FR","@id":"https:\/\/secure.gravatar.com\/avatar\/aa9d3d24c83f2141e5e2709d0f63d09a99f6be6bb7a50abc4915838d9f54501a?s=96&d=mm&r=g","url":"https:\/\/secure.gravatar.com\/avatar\/aa9d3d24c83f2141e5e2709d0f63d09a99f6be6bb7a50abc4915838d9f54501a?s=96&d=mm&r=g","contentUrl":"https:\/\/secure.gravatar.com\/avatar\/aa9d3d24c83f2141e5e2709d0f63d09a99f6be6bb7a50abc4915838d9f54501a?s=96&d=mm&r=g","caption":"Mathieu"},"url":"https:\/\/www.altercampagne.net\/?author=214"}]}},"_links":{"self":[{"href":"https:\/\/www.altercampagne.net\/index.php?rest_route=\/wp\/v2\/posts\/764","targetHints":{"allow":["GET"]}}],"collection":[{"href":"https:\/\/www.altercampagne.net\/index.php?rest_route=\/wp\/v2\/posts"}],"about":[{"href":"https:\/\/www.altercampagne.net\/index.php?rest_route=\/wp\/v2\/types\/post"}],"author":[{"embeddable":true,"href":"https:\/\/www.altercampagne.net\/index.php?rest_route=\/wp\/v2\/users\/214"}],"replies":[{"embeddable":true,"href":"https:\/\/www.altercampagne.net\/index.php?rest_route=%2Fwp%2Fv2%2Fcomments&post=764"}],"version-history":[{"count":0,"href":"https:\/\/www.altercampagne.net\/index.php?rest_route=\/wp\/v2\/posts\/764\/revisions"}],"wp:attachment":[{"href":"https:\/\/www.altercampagne.net\/index.php?rest_route=%2Fwp%2Fv2%2Fmedia&parent=764"}],"wp:term":[{"taxonomy":"category","embeddable":true,"href":"https:\/\/www.altercampagne.net\/index.php?rest_route=%2Fwp%2Fv2%2Fcategories&post=764"},{"taxonomy":"post_tag","embeddable":true,"href":"https:\/\/www.altercampagne.net\/index.php?rest_route=%2Fwp%2Fv2%2Ftags&post=764"}],"curies":[{"name":"wp","href":"https:\/\/api.w.org\/{rel}","templated":true}]}}