{"id":7700,"date":"2017-07-30T20:37:44","date_gmt":"2017-07-30T18:37:44","guid":{"rendered":"http:\/\/www.altercampagne.net\/?p=7700"},"modified":"2017-09-15T18:11:53","modified_gmt":"2017-09-15T16:11:53","slug":"au-kayou-daujargues-joakim-cultive-son-ideal-dautosuffisance","status":"publish","type":"post","link":"https:\/\/www.altercampagne.net\/?p=7700","title":{"rendered":"Au Kayou d\u2019Aujargues, Joakim cultive son id\u00e9al d\u2019autosuffisance"},"content":{"rendered":"<p><i>Permaculture, \u00e9levage et troc sont les trois piliers d\u2019un \u00e9co-lieu nich\u00e9 \u00e0 Aujargues, dans le Gard. Joakim l\u2019a cr\u00e9\u00e9 en 2014 avec l\u2019objectif d\u2019y vivre en autosuffisance, lui qui habitait auparavant \u00e0 Lyon et travaillait dans la restauration. Trois ans plus tard, c\u2019est une mission (presque) accomplie et il partage d\u00e9sormais son exp\u00e9rience avec les locaux et les gens de passage. <\/i><\/p>\n<p>A l\u2019ombre des ch\u00eanes et de pins, un samedi de juillet, on entend le chant des cigales, des sifflements joyeux et des conversations anim\u00e9es. Appuy\u00e9s contre les arbres, une soixante de v\u00e9los. Tout autour, des sportifs et amateurs de 7 \u00e0 77 ans sont affair\u00e9s au montage des tentes et \u00e0 la pr\u00e9paration du repas. Nous sommes \u00e0 Aujargues, village du Gard pr\u00e8s de Sommi\u00e8res. Et plus pr\u00e9cis\u00e9ment au Kayou, un \u00e9co-lieu bas\u00e9 sur la permaculture, l\u2019\u00e9levage et le troc, fond\u00e9 il y a trois ans par Joakim, 37 ans.<a href=\"http:\/\/www.altercampagne.net\/wp-content\/uploads\/2017\/07\/2017-07-29_0001DSC01299.jpg\"><img loading=\"lazy\" decoding=\"async\" class=\"aligncenter size-full wp-image-7769\" src=\"http:\/\/www.altercampagne.net\/wp-content\/uploads\/2017\/07\/2017-07-29_0001DSC01299.jpg\" alt=\"2017-07-29_0001DSC01299\" width=\"566\" height=\"425\" srcset=\"https:\/\/www.altercampagne.net\/wp-content\/uploads\/2017\/07\/2017-07-29_0001DSC01299.jpg 566w, https:\/\/www.altercampagne.net\/wp-content\/uploads\/2017\/07\/2017-07-29_0001DSC01299-300x225.jpg 300w\" sizes=\"auto, (max-width: 566px) 100vw, 566px\" \/><\/a><\/p>\n<p>Ce jour-l\u00e0, il accueille avec ses amis une \u00e9tape de l\u2019AlterTour, le tour de France \u00e0 v\u00e9lo des initiatives qui se d\u00e9roule chaque \u00e9t\u00e9 depuis 2008 sous l\u2019\u00e9gide de l\u2019association AlterCampagne. Cyclistes pour quelques jours ou quelques semaines forment une joyeuse troupe qui se d\u00e9place \u00e0 la rencontre de ceux qui luttent pour un monde \u00ab\u00a0sans dopage\u00a0\u00bb. Et on ne parle pas seulement l\u00e0 du milieu sportif, puisque l\u2019association applique ce terme \u00e0 tous les domaines de la soci\u00e9t\u00e9 : les pesticides sont du dopage agricole, le nucl\u00e9aire est un dopage \u00e9nerg\u00e9tique et le p\u00e9trole un dopant du transport tandis que la publicit\u00e9 rel\u00e8ve pour eux du dopage commercial.<\/p>\n<h2><strong>D\u2019un \u00e9co-lieu l\u2019autre<\/strong><\/h2>\n<p>Le 29 juillet, l\u2019anti-dopage agricole est \u00e0 l\u2019honneur puisque l\u2019\u00e9tape relie deux \u00e9co-lieux : l\u2019Echovert \u00e0 Vauvert et le Kayou \u00e0 Aujargues. Les cyclistes avaient donc quitt\u00e9 au matin la Petite Camargue, o\u00f9 ils avaient d\u00e9couvert un lieu de vie alternatif s\u2019\u00e9tendant sur deux hectares, cr\u00e9\u00e9 en 1998, qui propose une coop\u00e9rative de produits bio et des stages (agro-\u00e9cologie, autoconstruction, p\u00e9dagogie Montessori, etc.). En fin de journ\u00e9e, la soixantaine de participants arrivait \u00e0 Aujargues, chez Joakim. En bordure du terrain agricole, ils \u00e9taient d\u2019abord accueillis par les ch\u00e8vres et brebis ainsi qu\u2019un \u00e2ne avant de d\u00e9couvrir les poules, les lapins, les oies mais aussi le jardin en permaculture et le lieu de vie de Joakim.<\/p>\n<p>Ce terrain agricole, il l\u2019a cherch\u00e9 pendant cinq ans. Le lieu, entour\u00e9 \u00e0 perte de vue par des champs et des vignes, correspondait parfaitement \u00e0 son projet de cr\u00e9er un \u00e9co-lieu bas\u00e9 sur trois activit\u00e9s qui devaient le mener \u00e0 l\u2019autosuffisance. Produire des fruits, l\u00e9gumes et plantes avec un bon rendement gr\u00e2ce aux techniques de permaculture et de paillage ; \u00e9lever diff\u00e9rents animaux pour la viande et les \u0153ufs, mais aussi parce qu\u2019ils sont importants dans la lutte contre les nuisibles et les mauvaises herbes. Et faire du troc pour le reste de ses besoins.<\/p>\n<h2><b>\u00ab Vivre ici est un choix, pas un plan B \u00bb <\/b><\/h2>\n<p>Ce projet, il a donc eu le temps de m\u00fbrir. Il a germ\u00e9 \u00e0 Lyon, \u00e0 l\u2019\u00e9poque o\u00f9 il travaillait dans la restauration et gagnait 3800\u20ac par mois. <i>\u00abVenir vivre ici, c\u2019est un choix, pas un plan B. On pense souvent que les personnes qui choisissent cette vie le font car elles n\u2019ont pas r\u00e9ussi dans le syst\u00e8me traditionnel. \u00c0 tort.\u00bb<\/i> Ils \u00e9taient au d\u00e9part cinq \u00e0 vouloir cr\u00e9er un \u00e9co-lieu. Mais voyant que tous <i>\u00ab avaient de fausses excuses \u00bb<\/i>, Joakim a fonc\u00e9 seul, \u00e0 35 ans. Et a tout mis en \u0153uvre selon un principe directeur : n\u2019avoir aucun impact n\u00e9gatif sur la terre qu\u2019il occupe.<\/p>\n<p>Comme il l\u2019explique aux participants de l\u2019AlterTour, cela implique bien s\u00fbr de n\u2019utiliser aucun produit phytosanitaire et de ne rien rejeter dans la nature, en ayant par exemple des toilettes s\u00e8ches, qui produisent du compost. Pour ne g\u00e9n\u00e9rer aucun impact, il faut chaque jour garder une id\u00e9e en t\u00eate : s\u2019il d\u00e9cidait de partir, il ne devrait rien laisser derri\u00e8re lui. Pour faciliter les choses, l\u2019espace dans lequel il vit est restreint et toute la terre r\u00e9serv\u00e9e \u00e0 la culture ou aux b\u00eates est autour, chaque activit\u00e9 \u00e9tant d\u00e9limit\u00e9e.<\/p>\n<p>Au d\u00e9but, il utilisait des cailloux blancs pour s\u00e9parer les zones. Ce qui ne manquait pas de faire rire ses amis de passage, et a inspir\u00e9 le nom de l\u2019\u00e9co-lieu : Le Kayou. <i>\u00ab\u00c7a a un c\u00f4t\u00e9 pr\u00e9cieux aussi, \u00e7a se dit d\u2019un gros diamant.\u00bb<\/i><\/p>\n<p>Voil\u00e0 maintenant trois ans qu\u2019il est install\u00e9, et a presque atteint l\u2019autosuffisance. <i>\u00ab Il y a encore des choses que j\u2019ach\u00e8te, parfois par facilit\u00e9, parfois par obligation. \u00bb<\/i> Car si Joakim pense son lieu de vie selon les principes du survivalisme -pouvoir subsister <i>\u00ab si le syst\u00e8me actuel se casse la gueule \u00bb<\/i> \u2013 \u00a0il n\u2019a rien d\u2019un extr\u00e9miste et ne cherche pas \u00e0 convaincre ceux qui viennent le voir qu\u2019il faut \u00e0 tout prix adopter ce mode vie. Kevin, son ami, n\u2019est<i> \u00ab pas convaincu que le syst\u00e8me va s\u2019effondrer, mais adh\u00e8re au principe d\u2019autonomie pour le c\u00f4t\u00e9 \u00e9cologique. Fr\u00e9quenter Joakim m\u2019a fait adopter des changements b\u00e9n\u00e9fiques: faire attention \u00e0 ce que je mange, aux produits d\u2019hygi\u00e8ne que j\u2019utilise. \u00bb<\/i> S\u2019il ne fait pas dans le pros\u00e9lytisme, Joakim ouvre n\u00e9anmoins ses terres au public, pour que <i>\u00ab chacun puisse se faire une id\u00e9e \u00bb<\/i>, comme ce jour-l\u00e0 avec le passage de l\u2019AlterTour.<\/p>\n<h2><strong>Se lever avec le soleil<\/strong><\/h2>\n<p>Il y a eu bien s\u00fbr les gens du coin, pas habitu\u00e9s \u00e0 voir un jeune s\u2019installer pour faire de l\u2019\u00e9levage et du mara\u00eechage. Lucie, qui avait l\u2019habitude de chasser dans le secteur avant que Joakim ne s\u2019installe, \u00e9tait au d\u00e9but un peu sceptique. Deux ans plus tard, les deux sont amis, troquent r\u00e9guli\u00e8rement et partagent un cong\u00e9lateur. Alors bien s\u00fbr, d\u2019autres ont eu quelques pr\u00e9jug\u00e9s, des inqui\u00e9tudes aussi, mais qui se sont vite tass\u00e9es <i>\u00ab quand ils ont compris que ce n\u2019\u00e9tait pas un lieu de \u201cteuf\u201d, que j\u2019\u00e9tais l\u00e0 pour travailler. \u00bb<\/i> Ce qui a forc\u00e9 le respect de certains. Au point que, d\u00e9sormais, seize propri\u00e9taires lui pr\u00eatent des terrains alentours pour qu\u2019il puisse \u00e9tendre son activit\u00e9.<\/p>\n<p>Pour soigner ses terres et ses b\u00eates, Joakim se l\u00e8ve avec le soleil. Le matin, les t\u00e2ches quotidiennes de l\u2019\u00e9levage et du mara\u00eechage l\u2019occupent amplement. Puis chaque apr\u00e8s-midi est consacr\u00e9e \u00e0 un atelier diff\u00e9rent. Par exemple, le lundi, le nettoyage du poulailler et des clapiers. Le week-end, il tente de se consacrer \u00e0 des activit\u00e9s pour <i>\u00ab grandir de l\u2019int\u00e9rieur \u00bb<\/i>, comme la m\u00e9ditation ou le yoga. Quand la motivation manque, il s\u2019occupe de g\u00e9rer le troc : faire la liste sur Facebook et par texto de ce qu\u2019il propose, et parfois de ce dont il a besoin.<\/p>\n<h2><b>\u00ab Tout se troque quand on a la personne<br \/>\nen face \u00bb <\/b><\/h2>\n<p>Le troc est pour lui une mani\u00e8re de moins consommer et d\u2019\u00eatre plus proche des gens du coin. Au fil des \u00e9changes, il s\u2019est rendu compte que <i>\u00ab tout se troque du moment qu\u2019on a la personne en face \u00bb<\/i>. Il y a bien s\u00fbr des \u00e9changes assez basiques : des l\u00e9gumes contre du caf\u00e9 et des biscuits par exemple. Mais cela peut aller plus loin. Aujourd\u2019hui, Joakim arrive m\u00eame \u00e0 troquer les services d\u2019un avocat contre des fruits et l\u00e9gumes. Il s\u2019est aper\u00e7u qu\u2019il y avait souvent une valeur ajout\u00e9e dans le troc car l\u2019\u00e9change ne se calcule pas en argent mais en ce que cela comble comme besoin. <i>\u00ab Les choses que tu ne peux pas troquer sont celles pour lesquelles tu n\u2019as pas d\u2019interlocuteur direct: assurances, forfaits mobiles, etc.\u00bb<\/i> Pour tout cela, Joakim a encore besoin d\u2019argent. Les amis et visiteurs du Kayou peuvent donc d\u00e9poser quelques pi\u00e8ces dans une bo\u00eete \u00e0 dons en \u00e9change de produits du moment. Et, souvent, d\u2019une bonne dose d\u2019inspiration pour vivre plus en harmonie avec son environnement.<\/p>\n<p style=\"text-align: right;\"><strong>Jessica Lombardi, <a href=\"https:\/\/www.chronosmag.fr\/eco-lieu-aujargues\/\" target=\"_blank\">Chronos<\/a><\/strong><\/p>\n","protected":false},"excerpt":{"rendered":"<p>Permaculture, \u00e9levage et troc sont les trois piliers d\u2019un \u00e9co-lieu nich\u00e9 \u00e0 Aujargues, dans le Gard. Joakim l\u2019a cr\u00e9\u00e9 en 2014 avec l\u2019objectif d\u2019y vivre en autosuffisance, lui qui habitait auparavant \u00e0 Lyon et travaillait dans la restauration. Trois ans plus tard, c\u2019est une mission (presque) accomplie et il partage &#8230; <\/p>\n<div><a href=\"https:\/\/www.altercampagne.net\/?p=7700\" class=\"more-link\">Read More<\/a><\/div>\n","protected":false},"author":214,"featured_media":0,"comment_status":"closed","ping_status":"closed","sticky":false,"template":"","format":"standard","meta":{"footnotes":""},"categories":[239],"tags":[963,1075,1973,2785,3037,3216,3217],"class_list":["post-7700","post","type-post","status-publish","format-standard","hentry","category-revue-de-presse","tag-eco-lieu","tag-gard","tag-languedoc-roussillon","tag-occitanie","tag-kayou-daujargues","tag-jessica-lombardi","tag-chronos","no-post-thumbnail"],"yoast_head":"<!-- This site is optimized with the Yoast SEO plugin v27.3 - https:\/\/yoast.com\/product\/yoast-seo-wordpress\/ -->\n<title>Au Kayou d\u2019Aujargues, Joakim cultive son id\u00e9al d\u2019autosuffisance - AlterTour<\/title>\n<meta name=\"robots\" content=\"index, follow, max-snippet:-1, max-image-preview:large, max-video-preview:-1\" \/>\n<link rel=\"canonical\" href=\"https:\/\/www.altercampagne.net\/?p=7700\" \/>\n<meta property=\"og:locale\" content=\"fr_FR\" \/>\n<meta property=\"og:type\" content=\"article\" \/>\n<meta property=\"og:title\" content=\"Au Kayou d\u2019Aujargues, Joakim cultive son id\u00e9al d\u2019autosuffisance - AlterTour\" \/>\n<meta property=\"og:description\" content=\"Permaculture, \u00e9levage et troc sont les trois piliers d\u2019un \u00e9co-lieu nich\u00e9 \u00e0 Aujargues, dans le Gard. Joakim l\u2019a cr\u00e9\u00e9 en 2014 avec l\u2019objectif d\u2019y vivre en autosuffisance, lui qui habitait auparavant \u00e0 Lyon et travaillait dans la restauration. Trois ans plus tard, c\u2019est une mission (presque) accomplie et il partage ... Read More\" \/>\n<meta property=\"og:url\" content=\"https:\/\/www.altercampagne.net\/?p=7700\" \/>\n<meta property=\"og:site_name\" content=\"AlterTour\" \/>\n<meta property=\"article:published_time\" content=\"2017-07-30T18:37:44+00:00\" \/>\n<meta property=\"article:modified_time\" content=\"2017-09-15T16:11:53+00:00\" \/>\n<meta property=\"og:image\" content=\"http:\/\/www.altercampagne.net\/wp-content\/uploads\/2017\/07\/2017-07-29_0001DSC01299.jpg\" \/>\n<meta name=\"author\" content=\"Mathieu\" \/>\n<meta name=\"twitter:card\" content=\"summary_large_image\" \/>\n<meta name=\"twitter:label1\" content=\"\u00c9crit par\" \/>\n\t<meta name=\"twitter:data1\" content=\"Mathieu\" \/>\n\t<meta name=\"twitter:label2\" content=\"Dur\u00e9e de lecture estim\u00e9e\" \/>\n\t<meta name=\"twitter:data2\" content=\"7 minutes\" \/>\n<script type=\"application\/ld+json\" class=\"yoast-schema-graph\">{\"@context\":\"https:\\\/\\\/schema.org\",\"@graph\":[{\"@type\":\"Article\",\"@id\":\"https:\\\/\\\/www.altercampagne.net\\\/?p=7700#article\",\"isPartOf\":{\"@id\":\"https:\\\/\\\/www.altercampagne.net\\\/?p=7700\"},\"author\":{\"name\":\"Mathieu\",\"@id\":\"https:\\\/\\\/www.altercampagne.net\\\/#\\\/schema\\\/person\\\/0f261460c09e430caa0f9bcffa319109\"},\"headline\":\"Au Kayou d\u2019Aujargues, Joakim cultive son id\u00e9al d\u2019autosuffisance\",\"datePublished\":\"2017-07-30T18:37:44+00:00\",\"dateModified\":\"2017-09-15T16:11:53+00:00\",\"mainEntityOfPage\":{\"@id\":\"https:\\\/\\\/www.altercampagne.net\\\/?p=7700\"},\"wordCount\":1414,\"image\":{\"@id\":\"https:\\\/\\\/www.altercampagne.net\\\/?p=7700#primaryimage\"},\"thumbnailUrl\":\"http:\\\/\\\/www.altercampagne.net\\\/wp-content\\\/uploads\\\/2017\\\/07\\\/2017-07-29_0001DSC01299.jpg\",\"keywords\":[\"\u00e9co-lieu\",\"Gard\",\"languedoc-roussillon\",\"Occitanie\",\"Kayou d'Aujargues\",\"Jessica Lombardi\",\"Chronos\"],\"articleSection\":[\"Revue de presse\"],\"inLanguage\":\"fr-FR\"},{\"@type\":\"WebPage\",\"@id\":\"https:\\\/\\\/www.altercampagne.net\\\/?p=7700\",\"url\":\"https:\\\/\\\/www.altercampagne.net\\\/?p=7700\",\"name\":\"Au Kayou d\u2019Aujargues, Joakim cultive son id\u00e9al d\u2019autosuffisance - AlterTour\",\"isPartOf\":{\"@id\":\"https:\\\/\\\/www.altercampagne.net\\\/#website\"},\"primaryImageOfPage\":{\"@id\":\"https:\\\/\\\/www.altercampagne.net\\\/?p=7700#primaryimage\"},\"image\":{\"@id\":\"https:\\\/\\\/www.altercampagne.net\\\/?p=7700#primaryimage\"},\"thumbnailUrl\":\"http:\\\/\\\/www.altercampagne.net\\\/wp-content\\\/uploads\\\/2017\\\/07\\\/2017-07-29_0001DSC01299.jpg\",\"datePublished\":\"2017-07-30T18:37:44+00:00\",\"dateModified\":\"2017-09-15T16:11:53+00:00\",\"author\":{\"@id\":\"https:\\\/\\\/www.altercampagne.net\\\/#\\\/schema\\\/person\\\/0f261460c09e430caa0f9bcffa319109\"},\"breadcrumb\":{\"@id\":\"https:\\\/\\\/www.altercampagne.net\\\/?p=7700#breadcrumb\"},\"inLanguage\":\"fr-FR\",\"potentialAction\":[{\"@type\":\"ReadAction\",\"target\":[\"https:\\\/\\\/www.altercampagne.net\\\/?p=7700\"]}]},{\"@type\":\"ImageObject\",\"inLanguage\":\"fr-FR\",\"@id\":\"https:\\\/\\\/www.altercampagne.net\\\/?p=7700#primaryimage\",\"url\":\"http:\\\/\\\/www.altercampagne.net\\\/wp-content\\\/uploads\\\/2017\\\/07\\\/2017-07-29_0001DSC01299.jpg\",\"contentUrl\":\"http:\\\/\\\/www.altercampagne.net\\\/wp-content\\\/uploads\\\/2017\\\/07\\\/2017-07-29_0001DSC01299.jpg\"},{\"@type\":\"BreadcrumbList\",\"@id\":\"https:\\\/\\\/www.altercampagne.net\\\/?p=7700#breadcrumb\",\"itemListElement\":[{\"@type\":\"ListItem\",\"position\":1,\"name\":\"Accueil\",\"item\":\"https:\\\/\\\/www.altercampagne.net\\\/\"},{\"@type\":\"ListItem\",\"position\":2,\"name\":\"Au Kayou d\u2019Aujargues, Joakim cultive son id\u00e9al d\u2019autosuffisance\"}]},{\"@type\":\"WebSite\",\"@id\":\"https:\\\/\\\/www.altercampagne.net\\\/#website\",\"url\":\"https:\\\/\\\/www.altercampagne.net\\\/\",\"name\":\"AlterTour\",\"description\":\"Reliez les Alternatives \u00e0 v\u00e9lo\",\"potentialAction\":[{\"@type\":\"SearchAction\",\"target\":{\"@type\":\"EntryPoint\",\"urlTemplate\":\"https:\\\/\\\/www.altercampagne.net\\\/?s={search_term_string}\"},\"query-input\":{\"@type\":\"PropertyValueSpecification\",\"valueRequired\":true,\"valueName\":\"search_term_string\"}}],\"inLanguage\":\"fr-FR\"},{\"@type\":\"Person\",\"@id\":\"https:\\\/\\\/www.altercampagne.net\\\/#\\\/schema\\\/person\\\/0f261460c09e430caa0f9bcffa319109\",\"name\":\"Mathieu\",\"image\":{\"@type\":\"ImageObject\",\"inLanguage\":\"fr-FR\",\"@id\":\"https:\\\/\\\/secure.gravatar.com\\\/avatar\\\/aa9d3d24c83f2141e5e2709d0f63d09a99f6be6bb7a50abc4915838d9f54501a?s=96&d=mm&r=g\",\"url\":\"https:\\\/\\\/secure.gravatar.com\\\/avatar\\\/aa9d3d24c83f2141e5e2709d0f63d09a99f6be6bb7a50abc4915838d9f54501a?s=96&d=mm&r=g\",\"contentUrl\":\"https:\\\/\\\/secure.gravatar.com\\\/avatar\\\/aa9d3d24c83f2141e5e2709d0f63d09a99f6be6bb7a50abc4915838d9f54501a?s=96&d=mm&r=g\",\"caption\":\"Mathieu\"},\"url\":\"https:\\\/\\\/www.altercampagne.net\\\/?author=214\"}]}<\/script>\n<!-- \/ Yoast SEO plugin. -->","yoast_head_json":{"title":"Au Kayou d\u2019Aujargues, Joakim cultive son id\u00e9al d\u2019autosuffisance - AlterTour","robots":{"index":"index","follow":"follow","max-snippet":"max-snippet:-1","max-image-preview":"max-image-preview:large","max-video-preview":"max-video-preview:-1"},"canonical":"https:\/\/www.altercampagne.net\/?p=7700","og_locale":"fr_FR","og_type":"article","og_title":"Au Kayou d\u2019Aujargues, Joakim cultive son id\u00e9al d\u2019autosuffisance - AlterTour","og_description":"Permaculture, \u00e9levage et troc sont les trois piliers d\u2019un \u00e9co-lieu nich\u00e9 \u00e0 Aujargues, dans le Gard. Joakim l\u2019a cr\u00e9\u00e9 en 2014 avec l\u2019objectif d\u2019y vivre en autosuffisance, lui qui habitait auparavant \u00e0 Lyon et travaillait dans la restauration. Trois ans plus tard, c\u2019est une mission (presque) accomplie et il partage ... Read More","og_url":"https:\/\/www.altercampagne.net\/?p=7700","og_site_name":"AlterTour","article_published_time":"2017-07-30T18:37:44+00:00","article_modified_time":"2017-09-15T16:11:53+00:00","og_image":[{"url":"http:\/\/www.altercampagne.net\/wp-content\/uploads\/2017\/07\/2017-07-29_0001DSC01299.jpg","type":"","width":"","height":""}],"author":"Mathieu","twitter_card":"summary_large_image","twitter_misc":{"\u00c9crit par":"Mathieu","Dur\u00e9e de lecture estim\u00e9e":"7 minutes"},"schema":{"@context":"https:\/\/schema.org","@graph":[{"@type":"Article","@id":"https:\/\/www.altercampagne.net\/?p=7700#article","isPartOf":{"@id":"https:\/\/www.altercampagne.net\/?p=7700"},"author":{"name":"Mathieu","@id":"https:\/\/www.altercampagne.net\/#\/schema\/person\/0f261460c09e430caa0f9bcffa319109"},"headline":"Au Kayou d\u2019Aujargues, Joakim cultive son id\u00e9al d\u2019autosuffisance","datePublished":"2017-07-30T18:37:44+00:00","dateModified":"2017-09-15T16:11:53+00:00","mainEntityOfPage":{"@id":"https:\/\/www.altercampagne.net\/?p=7700"},"wordCount":1414,"image":{"@id":"https:\/\/www.altercampagne.net\/?p=7700#primaryimage"},"thumbnailUrl":"http:\/\/www.altercampagne.net\/wp-content\/uploads\/2017\/07\/2017-07-29_0001DSC01299.jpg","keywords":["\u00e9co-lieu","Gard","languedoc-roussillon","Occitanie","Kayou d'Aujargues","Jessica Lombardi","Chronos"],"articleSection":["Revue de presse"],"inLanguage":"fr-FR"},{"@type":"WebPage","@id":"https:\/\/www.altercampagne.net\/?p=7700","url":"https:\/\/www.altercampagne.net\/?p=7700","name":"Au Kayou d\u2019Aujargues, Joakim cultive son id\u00e9al d\u2019autosuffisance - AlterTour","isPartOf":{"@id":"https:\/\/www.altercampagne.net\/#website"},"primaryImageOfPage":{"@id":"https:\/\/www.altercampagne.net\/?p=7700#primaryimage"},"image":{"@id":"https:\/\/www.altercampagne.net\/?p=7700#primaryimage"},"thumbnailUrl":"http:\/\/www.altercampagne.net\/wp-content\/uploads\/2017\/07\/2017-07-29_0001DSC01299.jpg","datePublished":"2017-07-30T18:37:44+00:00","dateModified":"2017-09-15T16:11:53+00:00","author":{"@id":"https:\/\/www.altercampagne.net\/#\/schema\/person\/0f261460c09e430caa0f9bcffa319109"},"breadcrumb":{"@id":"https:\/\/www.altercampagne.net\/?p=7700#breadcrumb"},"inLanguage":"fr-FR","potentialAction":[{"@type":"ReadAction","target":["https:\/\/www.altercampagne.net\/?p=7700"]}]},{"@type":"ImageObject","inLanguage":"fr-FR","@id":"https:\/\/www.altercampagne.net\/?p=7700#primaryimage","url":"http:\/\/www.altercampagne.net\/wp-content\/uploads\/2017\/07\/2017-07-29_0001DSC01299.jpg","contentUrl":"http:\/\/www.altercampagne.net\/wp-content\/uploads\/2017\/07\/2017-07-29_0001DSC01299.jpg"},{"@type":"BreadcrumbList","@id":"https:\/\/www.altercampagne.net\/?p=7700#breadcrumb","itemListElement":[{"@type":"ListItem","position":1,"name":"Accueil","item":"https:\/\/www.altercampagne.net\/"},{"@type":"ListItem","position":2,"name":"Au Kayou d\u2019Aujargues, Joakim cultive son id\u00e9al d\u2019autosuffisance"}]},{"@type":"WebSite","@id":"https:\/\/www.altercampagne.net\/#website","url":"https:\/\/www.altercampagne.net\/","name":"AlterTour","description":"Reliez les Alternatives \u00e0 v\u00e9lo","potentialAction":[{"@type":"SearchAction","target":{"@type":"EntryPoint","urlTemplate":"https:\/\/www.altercampagne.net\/?s={search_term_string}"},"query-input":{"@type":"PropertyValueSpecification","valueRequired":true,"valueName":"search_term_string"}}],"inLanguage":"fr-FR"},{"@type":"Person","@id":"https:\/\/www.altercampagne.net\/#\/schema\/person\/0f261460c09e430caa0f9bcffa319109","name":"Mathieu","image":{"@type":"ImageObject","inLanguage":"fr-FR","@id":"https:\/\/secure.gravatar.com\/avatar\/aa9d3d24c83f2141e5e2709d0f63d09a99f6be6bb7a50abc4915838d9f54501a?s=96&d=mm&r=g","url":"https:\/\/secure.gravatar.com\/avatar\/aa9d3d24c83f2141e5e2709d0f63d09a99f6be6bb7a50abc4915838d9f54501a?s=96&d=mm&r=g","contentUrl":"https:\/\/secure.gravatar.com\/avatar\/aa9d3d24c83f2141e5e2709d0f63d09a99f6be6bb7a50abc4915838d9f54501a?s=96&d=mm&r=g","caption":"Mathieu"},"url":"https:\/\/www.altercampagne.net\/?author=214"}]}},"_links":{"self":[{"href":"https:\/\/www.altercampagne.net\/index.php?rest_route=\/wp\/v2\/posts\/7700","targetHints":{"allow":["GET"]}}],"collection":[{"href":"https:\/\/www.altercampagne.net\/index.php?rest_route=\/wp\/v2\/posts"}],"about":[{"href":"https:\/\/www.altercampagne.net\/index.php?rest_route=\/wp\/v2\/types\/post"}],"author":[{"embeddable":true,"href":"https:\/\/www.altercampagne.net\/index.php?rest_route=\/wp\/v2\/users\/214"}],"replies":[{"embeddable":true,"href":"https:\/\/www.altercampagne.net\/index.php?rest_route=%2Fwp%2Fv2%2Fcomments&post=7700"}],"version-history":[{"count":0,"href":"https:\/\/www.altercampagne.net\/index.php?rest_route=\/wp\/v2\/posts\/7700\/revisions"}],"wp:attachment":[{"href":"https:\/\/www.altercampagne.net\/index.php?rest_route=%2Fwp%2Fv2%2Fmedia&parent=7700"}],"wp:term":[{"taxonomy":"category","embeddable":true,"href":"https:\/\/www.altercampagne.net\/index.php?rest_route=%2Fwp%2Fv2%2Fcategories&post=7700"},{"taxonomy":"post_tag","embeddable":true,"href":"https:\/\/www.altercampagne.net\/index.php?rest_route=%2Fwp%2Fv2%2Ftags&post=7700"}],"curies":[{"name":"wp","href":"https:\/\/api.w.org\/{rel}","templated":true}]}}