{"id":7859,"date":"2017-09-21T15:01:54","date_gmt":"2017-09-21T13:01:54","guid":{"rendered":"http:\/\/www.altercampagne.net\/?p=7859"},"modified":"2018-02-23T17:08:41","modified_gmt":"2018-02-23T16:08:41","slug":"laltertour-ou-la-ronde-des-ecolos-cyclistes","status":"publish","type":"post","link":"https:\/\/www.altercampagne.net\/?p=7859","title":{"rendered":"L\u2019AlterTour, ou la ronde des \u00e9colos cyclistes"},"content":{"rendered":"<p><strong>Il y a dix ans que le Tour de France des alternatives existe.<\/strong><\/p>\n<p>Voil\u00e0 dix ans que le Tour de France des alternatives existe. Il s\u2019est \u00e9lanc\u00e9 cette ann\u00e9e depuis la Maison de l\u2019Economie Solidaire de Ramonville-Saint-Agne, en Haute-Garonne. Il s\u2019est boucl\u00e9 \u00e0 Valence, dans la Dr\u00f4me. L\u2019AlterTour, c\u2019est son nom, pars tous les \u00e9t\u00e9s depuis une d\u00e9cennie \u00e0 la rencontre des actrices et acteurs de la transition. Le coup d\u2019envoi de l\u2019\u00e9dition 2017 a \u00e9t\u00e9 donn\u00e9 le 10 juillet. Cette ronde des \u00e9colos cyclistes s\u2019est achev\u00e9e le 20 ao\u00fbt.<\/p>\n<p>L\u2019objectif d\u2019une exp\u00e9dition comme celle de l\u2019AlterTour est de constater qu\u2019il y a une alternative au dopage g\u00e9n\u00e9ralis\u00e9 de la soci\u00e9t\u00e9. Sur le plan de la mobilit\u00e9, cela se traduit par entendre la bonne parole en mati\u00e8re de d\u00e9placement. C\u2019est-\u00e0-dire par noter l\u2019abandon des \u00e9nergies fossiles et remarquer l\u2019emploi du v\u00e9lo pour se mouvoir.<\/p>\n<p><strong>Trois cent cinquante<\/strong><\/p>\n<p style=\"text-align: left;\">Pour les participants de l\u2019AlterTour, \u00ab la bicyclette ne se limite pas qu\u2019\u00e0 des d\u00e9placements travail maison \u00bb. Ils apportent la preuve que le v\u00e9lo fait partie int\u00e9grante de la mobilit\u00e9. Au travers de leur p\u00e9riple, ils montrent que l\u2019on peut partir en vacances en petite reine ; que l\u2019on peut parcourir de longues distances de mani\u00e8re douce, sans bruit et sans pollution. Cette ann\u00e9e encore, ils \u00e9taient trois cent cinquante \u00e0 participer \u00e0 l\u2019AlterTour.<\/p>\n<p style=\"text-align: left;\"><iframe loading=\"lazy\" src=\"https:\/\/www.frequenceterre.com\/?powerpress_embed=460713-podcast&amp;powerpress_player=mediaelement-audio\" width=\"320\" height=\"30\" frameborder=\"0\" scrolling=\"no\"><\/iframe><\/p>\n<p style=\"text-align: right;\"><strong>S\u00e9bastien Chauveau, <a href=\"https:\/\/www.frequenceterre.com\/2017\/09\/21\/laltertour-ronde-ecolos-cyclistes\/\" target=\"_blank\" rel=\"noopener\">Fr\u00e9quence Terre<\/a><\/strong><\/p>\n","protected":false},"excerpt":{"rendered":"<p>Il y a dix ans que le Tour de France des alternatives existe. Voil\u00e0 dix ans que le Tour de France des alternatives existe. Il s\u2019est \u00e9lanc\u00e9 cette ann\u00e9e depuis la Maison de l\u2019Economie Solidaire de Ramonville-Saint-Agne, en Haute-Garonne. Il s\u2019est boucl\u00e9 \u00e0 Valence, dans la Dr\u00f4me. L\u2019AlterTour, c\u2019est son &#8230; <\/p>\n<div><a href=\"https:\/\/www.altercampagne.net\/?p=7859\" class=\"more-link\">Read More<\/a><\/div>\n","protected":false},"author":214,"featured_media":9430,"comment_status":"closed","ping_status":"closed","sticky":false,"template":"","format":"standard","meta":{"footnotes":""},"categories":[3471,239,3457,3480],"tags":[2783,2784,3219,3220],"class_list":["post-7859","post","type-post","status-publish","format-standard","has-post-thumbnail","hentry","category-auvergne-rhone-alpes","category-revue-de-presse","category-edition-2017","category-occitanie","tag-altertour-2017","tag-2784","tag-sebastien-chauveau","tag-frequence-terre"],"yoast_head":"<!-- This site is optimized with the Yoast SEO plugin v27.3 - https:\/\/yoast.com\/product\/yoast-seo-wordpress\/ -->\n<title>L\u2019AlterTour, ou la ronde des \u00e9colos cyclistes - AlterTour<\/title>\n<meta name=\"robots\" content=\"index, follow, max-snippet:-1, max-image-preview:large, max-video-preview:-1\" \/>\n<link rel=\"canonical\" href=\"https:\/\/www.altercampagne.net\/?p=7859\" \/>\n<meta property=\"og:locale\" content=\"fr_FR\" \/>\n<meta property=\"og:type\" content=\"article\" \/>\n<meta property=\"og:title\" content=\"L\u2019AlterTour, ou la ronde des \u00e9colos cyclistes - AlterTour\" \/>\n<meta property=\"og:description\" content=\"Il y a dix ans que le Tour de France des alternatives existe. Voil\u00e0 dix ans que le Tour de France des alternatives existe. Il s\u2019est \u00e9lanc\u00e9 cette ann\u00e9e depuis la Maison de l\u2019Economie Solidaire de Ramonville-Saint-Agne, en Haute-Garonne. Il s\u2019est boucl\u00e9 \u00e0 Valence, dans la Dr\u00f4me. L\u2019AlterTour, c\u2019est son ... Read More\" \/>\n<meta property=\"og:url\" content=\"https:\/\/www.altercampagne.net\/?p=7859\" \/>\n<meta property=\"og:site_name\" content=\"AlterTour\" \/>\n<meta property=\"article:published_time\" content=\"2017-09-21T13:01:54+00:00\" \/>\n<meta property=\"article:modified_time\" content=\"2018-02-23T16:08:41+00:00\" \/>\n<meta property=\"og:image\" content=\"https:\/\/www.altercampagne.net\/wp-content\/uploads\/2017\/09\/2013-08-01_10.43.jpg\" \/>\n\t<meta property=\"og:image:width\" content=\"695\" \/>\n\t<meta property=\"og:image:height\" content=\"363\" \/>\n\t<meta property=\"og:image:type\" content=\"image\/jpeg\" \/>\n<meta name=\"author\" content=\"Mathieu\" \/>\n<meta name=\"twitter:card\" content=\"summary_large_image\" \/>\n<meta name=\"twitter:label1\" content=\"\u00c9crit par\" \/>\n\t<meta name=\"twitter:data1\" content=\"Mathieu\" \/>\n\t<meta name=\"twitter:label2\" content=\"Dur\u00e9e de lecture estim\u00e9e\" \/>\n\t<meta name=\"twitter:data2\" content=\"1 minute\" \/>\n<script type=\"application\/ld+json\" class=\"yoast-schema-graph\">{\"@context\":\"https:\\\/\\\/schema.org\",\"@graph\":[{\"@type\":\"Article\",\"@id\":\"https:\\\/\\\/www.altercampagne.net\\\/?p=7859#article\",\"isPartOf\":{\"@id\":\"https:\\\/\\\/www.altercampagne.net\\\/?p=7859\"},\"author\":{\"name\":\"Mathieu\",\"@id\":\"https:\\\/\\\/www.altercampagne.net\\\/#\\\/schema\\\/person\\\/0f261460c09e430caa0f9bcffa319109\"},\"headline\":\"L\u2019AlterTour, ou la ronde des \u00e9colos cyclistes\",\"datePublished\":\"2017-09-21T13:01:54+00:00\",\"dateModified\":\"2018-02-23T16:08:41+00:00\",\"mainEntityOfPage\":{\"@id\":\"https:\\\/\\\/www.altercampagne.net\\\/?p=7859\"},\"wordCount\":265,\"image\":{\"@id\":\"https:\\\/\\\/www.altercampagne.net\\\/?p=7859#primaryimage\"},\"thumbnailUrl\":\"https:\\\/\\\/www.altercampagne.net\\\/wp-content\\\/uploads\\\/2017\\\/09\\\/2013-08-01_10.43.jpg\",\"keywords\":[\"AlterTour 2017\",\"2017\",\"S\u00e9bastien Chauveau\",\"Fr\u00e9quence Terre\"],\"articleSection\":[\"Auvergne-Rh\u00f4ne-Alpes\",\"Revue de presse\",\"\u00c9dition 2017\",\"Occitanie\"],\"inLanguage\":\"fr-FR\"},{\"@type\":\"WebPage\",\"@id\":\"https:\\\/\\\/www.altercampagne.net\\\/?p=7859\",\"url\":\"https:\\\/\\\/www.altercampagne.net\\\/?p=7859\",\"name\":\"L\u2019AlterTour, ou la ronde des \u00e9colos cyclistes - AlterTour\",\"isPartOf\":{\"@id\":\"https:\\\/\\\/www.altercampagne.net\\\/#website\"},\"primaryImageOfPage\":{\"@id\":\"https:\\\/\\\/www.altercampagne.net\\\/?p=7859#primaryimage\"},\"image\":{\"@id\":\"https:\\\/\\\/www.altercampagne.net\\\/?p=7859#primaryimage\"},\"thumbnailUrl\":\"https:\\\/\\\/www.altercampagne.net\\\/wp-content\\\/uploads\\\/2017\\\/09\\\/2013-08-01_10.43.jpg\",\"datePublished\":\"2017-09-21T13:01:54+00:00\",\"dateModified\":\"2018-02-23T16:08:41+00:00\",\"author\":{\"@id\":\"https:\\\/\\\/www.altercampagne.net\\\/#\\\/schema\\\/person\\\/0f261460c09e430caa0f9bcffa319109\"},\"breadcrumb\":{\"@id\":\"https:\\\/\\\/www.altercampagne.net\\\/?p=7859#breadcrumb\"},\"inLanguage\":\"fr-FR\",\"potentialAction\":[{\"@type\":\"ReadAction\",\"target\":[\"https:\\\/\\\/www.altercampagne.net\\\/?p=7859\"]}]},{\"@type\":\"ImageObject\",\"inLanguage\":\"fr-FR\",\"@id\":\"https:\\\/\\\/www.altercampagne.net\\\/?p=7859#primaryimage\",\"url\":\"https:\\\/\\\/www.altercampagne.net\\\/wp-content\\\/uploads\\\/2017\\\/09\\\/2013-08-01_10.43.jpg\",\"contentUrl\":\"https:\\\/\\\/www.altercampagne.net\\\/wp-content\\\/uploads\\\/2017\\\/09\\\/2013-08-01_10.43.jpg\",\"width\":695,\"height\":363},{\"@type\":\"BreadcrumbList\",\"@id\":\"https:\\\/\\\/www.altercampagne.net\\\/?p=7859#breadcrumb\",\"itemListElement\":[{\"@type\":\"ListItem\",\"position\":1,\"name\":\"Accueil\",\"item\":\"https:\\\/\\\/www.altercampagne.net\\\/\"},{\"@type\":\"ListItem\",\"position\":2,\"name\":\"L\u2019AlterTour, ou la ronde des \u00e9colos cyclistes\"}]},{\"@type\":\"WebSite\",\"@id\":\"https:\\\/\\\/www.altercampagne.net\\\/#website\",\"url\":\"https:\\\/\\\/www.altercampagne.net\\\/\",\"name\":\"AlterTour\",\"description\":\"Reliez les Alternatives \u00e0 v\u00e9lo\",\"potentialAction\":[{\"@type\":\"SearchAction\",\"target\":{\"@type\":\"EntryPoint\",\"urlTemplate\":\"https:\\\/\\\/www.altercampagne.net\\\/?s={search_term_string}\"},\"query-input\":{\"@type\":\"PropertyValueSpecification\",\"valueRequired\":true,\"valueName\":\"search_term_string\"}}],\"inLanguage\":\"fr-FR\"},{\"@type\":\"Person\",\"@id\":\"https:\\\/\\\/www.altercampagne.net\\\/#\\\/schema\\\/person\\\/0f261460c09e430caa0f9bcffa319109\",\"name\":\"Mathieu\",\"image\":{\"@type\":\"ImageObject\",\"inLanguage\":\"fr-FR\",\"@id\":\"https:\\\/\\\/secure.gravatar.com\\\/avatar\\\/aa9d3d24c83f2141e5e2709d0f63d09a99f6be6bb7a50abc4915838d9f54501a?s=96&d=mm&r=g\",\"url\":\"https:\\\/\\\/secure.gravatar.com\\\/avatar\\\/aa9d3d24c83f2141e5e2709d0f63d09a99f6be6bb7a50abc4915838d9f54501a?s=96&d=mm&r=g\",\"contentUrl\":\"https:\\\/\\\/secure.gravatar.com\\\/avatar\\\/aa9d3d24c83f2141e5e2709d0f63d09a99f6be6bb7a50abc4915838d9f54501a?s=96&d=mm&r=g\",\"caption\":\"Mathieu\"},\"url\":\"https:\\\/\\\/www.altercampagne.net\\\/?author=214\"}]}<\/script>\n<!-- \/ Yoast SEO plugin. -->","yoast_head_json":{"title":"L\u2019AlterTour, ou la ronde des \u00e9colos cyclistes - AlterTour","robots":{"index":"index","follow":"follow","max-snippet":"max-snippet:-1","max-image-preview":"max-image-preview:large","max-video-preview":"max-video-preview:-1"},"canonical":"https:\/\/www.altercampagne.net\/?p=7859","og_locale":"fr_FR","og_type":"article","og_title":"L\u2019AlterTour, ou la ronde des \u00e9colos cyclistes - AlterTour","og_description":"Il y a dix ans que le Tour de France des alternatives existe. Voil\u00e0 dix ans que le Tour de France des alternatives existe. Il s\u2019est \u00e9lanc\u00e9 cette ann\u00e9e depuis la Maison de l\u2019Economie Solidaire de Ramonville-Saint-Agne, en Haute-Garonne. Il s\u2019est boucl\u00e9 \u00e0 Valence, dans la Dr\u00f4me. L\u2019AlterTour, c\u2019est son ... Read More","og_url":"https:\/\/www.altercampagne.net\/?p=7859","og_site_name":"AlterTour","article_published_time":"2017-09-21T13:01:54+00:00","article_modified_time":"2018-02-23T16:08:41+00:00","og_image":[{"width":695,"height":363,"url":"https:\/\/www.altercampagne.net\/wp-content\/uploads\/2017\/09\/2013-08-01_10.43.jpg","type":"image\/jpeg"}],"author":"Mathieu","twitter_card":"summary_large_image","twitter_misc":{"\u00c9crit par":"Mathieu","Dur\u00e9e de lecture estim\u00e9e":"1 minute"},"schema":{"@context":"https:\/\/schema.org","@graph":[{"@type":"Article","@id":"https:\/\/www.altercampagne.net\/?p=7859#article","isPartOf":{"@id":"https:\/\/www.altercampagne.net\/?p=7859"},"author":{"name":"Mathieu","@id":"https:\/\/www.altercampagne.net\/#\/schema\/person\/0f261460c09e430caa0f9bcffa319109"},"headline":"L\u2019AlterTour, ou la ronde des \u00e9colos cyclistes","datePublished":"2017-09-21T13:01:54+00:00","dateModified":"2018-02-23T16:08:41+00:00","mainEntityOfPage":{"@id":"https:\/\/www.altercampagne.net\/?p=7859"},"wordCount":265,"image":{"@id":"https:\/\/www.altercampagne.net\/?p=7859#primaryimage"},"thumbnailUrl":"https:\/\/www.altercampagne.net\/wp-content\/uploads\/2017\/09\/2013-08-01_10.43.jpg","keywords":["AlterTour 2017","2017","S\u00e9bastien Chauveau","Fr\u00e9quence Terre"],"articleSection":["Auvergne-Rh\u00f4ne-Alpes","Revue de presse","\u00c9dition 2017","Occitanie"],"inLanguage":"fr-FR"},{"@type":"WebPage","@id":"https:\/\/www.altercampagne.net\/?p=7859","url":"https:\/\/www.altercampagne.net\/?p=7859","name":"L\u2019AlterTour, ou la ronde des \u00e9colos cyclistes - AlterTour","isPartOf":{"@id":"https:\/\/www.altercampagne.net\/#website"},"primaryImageOfPage":{"@id":"https:\/\/www.altercampagne.net\/?p=7859#primaryimage"},"image":{"@id":"https:\/\/www.altercampagne.net\/?p=7859#primaryimage"},"thumbnailUrl":"https:\/\/www.altercampagne.net\/wp-content\/uploads\/2017\/09\/2013-08-01_10.43.jpg","datePublished":"2017-09-21T13:01:54+00:00","dateModified":"2018-02-23T16:08:41+00:00","author":{"@id":"https:\/\/www.altercampagne.net\/#\/schema\/person\/0f261460c09e430caa0f9bcffa319109"},"breadcrumb":{"@id":"https:\/\/www.altercampagne.net\/?p=7859#breadcrumb"},"inLanguage":"fr-FR","potentialAction":[{"@type":"ReadAction","target":["https:\/\/www.altercampagne.net\/?p=7859"]}]},{"@type":"ImageObject","inLanguage":"fr-FR","@id":"https:\/\/www.altercampagne.net\/?p=7859#primaryimage","url":"https:\/\/www.altercampagne.net\/wp-content\/uploads\/2017\/09\/2013-08-01_10.43.jpg","contentUrl":"https:\/\/www.altercampagne.net\/wp-content\/uploads\/2017\/09\/2013-08-01_10.43.jpg","width":695,"height":363},{"@type":"BreadcrumbList","@id":"https:\/\/www.altercampagne.net\/?p=7859#breadcrumb","itemListElement":[{"@type":"ListItem","position":1,"name":"Accueil","item":"https:\/\/www.altercampagne.net\/"},{"@type":"ListItem","position":2,"name":"L\u2019AlterTour, ou la ronde des \u00e9colos cyclistes"}]},{"@type":"WebSite","@id":"https:\/\/www.altercampagne.net\/#website","url":"https:\/\/www.altercampagne.net\/","name":"AlterTour","description":"Reliez les Alternatives \u00e0 v\u00e9lo","potentialAction":[{"@type":"SearchAction","target":{"@type":"EntryPoint","urlTemplate":"https:\/\/www.altercampagne.net\/?s={search_term_string}"},"query-input":{"@type":"PropertyValueSpecification","valueRequired":true,"valueName":"search_term_string"}}],"inLanguage":"fr-FR"},{"@type":"Person","@id":"https:\/\/www.altercampagne.net\/#\/schema\/person\/0f261460c09e430caa0f9bcffa319109","name":"Mathieu","image":{"@type":"ImageObject","inLanguage":"fr-FR","@id":"https:\/\/secure.gravatar.com\/avatar\/aa9d3d24c83f2141e5e2709d0f63d09a99f6be6bb7a50abc4915838d9f54501a?s=96&d=mm&r=g","url":"https:\/\/secure.gravatar.com\/avatar\/aa9d3d24c83f2141e5e2709d0f63d09a99f6be6bb7a50abc4915838d9f54501a?s=96&d=mm&r=g","contentUrl":"https:\/\/secure.gravatar.com\/avatar\/aa9d3d24c83f2141e5e2709d0f63d09a99f6be6bb7a50abc4915838d9f54501a?s=96&d=mm&r=g","caption":"Mathieu"},"url":"https:\/\/www.altercampagne.net\/?author=214"}]}},"_links":{"self":[{"href":"https:\/\/www.altercampagne.net\/index.php?rest_route=\/wp\/v2\/posts\/7859","targetHints":{"allow":["GET"]}}],"collection":[{"href":"https:\/\/www.altercampagne.net\/index.php?rest_route=\/wp\/v2\/posts"}],"about":[{"href":"https:\/\/www.altercampagne.net\/index.php?rest_route=\/wp\/v2\/types\/post"}],"author":[{"embeddable":true,"href":"https:\/\/www.altercampagne.net\/index.php?rest_route=\/wp\/v2\/users\/214"}],"replies":[{"embeddable":true,"href":"https:\/\/www.altercampagne.net\/index.php?rest_route=%2Fwp%2Fv2%2Fcomments&post=7859"}],"version-history":[{"count":0,"href":"https:\/\/www.altercampagne.net\/index.php?rest_route=\/wp\/v2\/posts\/7859\/revisions"}],"wp:featuredmedia":[{"embeddable":true,"href":"https:\/\/www.altercampagne.net\/index.php?rest_route=\/wp\/v2\/media\/9430"}],"wp:attachment":[{"href":"https:\/\/www.altercampagne.net\/index.php?rest_route=%2Fwp%2Fv2%2Fmedia&parent=7859"}],"wp:term":[{"taxonomy":"category","embeddable":true,"href":"https:\/\/www.altercampagne.net\/index.php?rest_route=%2Fwp%2Fv2%2Fcategories&post=7859"},{"taxonomy":"post_tag","embeddable":true,"href":"https:\/\/www.altercampagne.net\/index.php?rest_route=%2Fwp%2Fv2%2Ftags&post=7859"}],"curies":[{"name":"wp","href":"https:\/\/api.w.org\/{rel}","templated":true}]}}