{"id":7870,"date":"2017-10-02T15:59:03","date_gmt":"2017-10-02T13:59:03","guid":{"rendered":"http:\/\/www.altercampagne.net\/?p=7870"},"modified":"2018-06-02T15:47:55","modified_gmt":"2018-06-02T13:47:55","slug":"1ere-reunion-de-preparation-de-laltertour-2018","status":"publish","type":"post","link":"https:\/\/www.altercampagne.net\/?p=7870","title":{"rendered":"1er week-end de pr\u00e9paration de l&rsquo;AlterTour 2018"},"content":{"rendered":"<p>La premi\u00e8re r\u00e9union de pr\u00e9paration de l&rsquo;AlterTour 2018 aura lieu aux Jardins d&rsquo;Alice (19 Rue Garibaldi, 93100 Montreuil &#8211; M\u00e9tro 9, arr\u00eat Robespierre) les 7 et 8 octobre 2017<\/p>\n<p>&nbsp;<\/p>\n<p><b>Samedi 7 octobre<br \/>\n<\/b><\/p>\n<p><b>Matin : <\/b><\/p>\n<p>0900 &#8211; 09h30 : Caf\u00e9, petit dej partag\u00e9 et retrouvailles papotage !<\/p>\n<p>09h30 &#8211; 10h00 : Lancement de la journ\u00e9e (Jeu, ODJ, r\u00e9partition des r\u00f4les)<\/p>\n<p>10h00 &#8211; 12h30 : Bilan de l\u2019AlterTour 2017 et perspectives &#8211; puis synth\u00e8se<\/p>\n<p>12h30 &#8211; 14h00 : Repas partag\u00e9<\/p>\n<p><b>Apr\u00e8s-midi<\/b><\/p>\n<p>14h00 &#8211; 14h30 : Pr\u00e9sentation des jardins d\u2019Alice<\/p>\n<p>14h30 &#8211; 15h00 : Historique de l\u2019association Altercampagne<\/p>\n<p>15h00 &#8211; 16h00 : \u00a0Info sur le fonctionnement de l\u2019ann\u00e9e + bilan de l\u2019orga 2017<\/p>\n<p>16h00 &#8211; 16h30 : Pause (30 min)<\/p>\n<p>16h30 &#8211; 17h00 : CR du Coll\u00e8ge Solidaire<\/p>\n<p>17h00 &#8211; 19h00 : Choix de la zone g\u00e9ographique pour 2018, r\u00e9partition des zones \u00e0 d\u00e9fricher et d\u00e9couverte du tableau de \u201cd\u00e9frichage\u201d<\/p>\n<p>Soir\u00e9e au choix :<\/p>\n<ul>\n<li>au <a href=\"http:\/\/lechinoisdemontreuil.com\/\" target=\"_blank\" rel=\"noopener\"><b>Chinois<\/b><\/a> (\u00e0 proximit\u00e9 des Jardins d\u2019Alice)<\/li>\n<li>\u00e0<a href=\"http:\/\/lamarbrerie.fr\/\" target=\"_blank\" rel=\"noopener\"><b> la Marbrerie<\/b><\/a> du c\u00f4t\u00e9 de la Mairie de Montreuil donc pas bien loin de <b>20h \u00e0 01h30<\/b><\/li>\n<li>Dans le cadre du <a href=\"http:\/\/octobre-bouge.fr\/\" target=\"_blank\" rel=\"noopener\"><b>Festival octobre rouge <\/b><\/a>de Malakoff : <b>une conf\u00e9rence gesticul\u00e9e de J\u00e9r\u00e9mie Letort<\/b> qui nous parle de travail social, d&rsquo;\u00e9ducation populaire \u00e0 la sauce \u00ab\u00a0politiques actuelles\u00a0\u00bb<\/li>\n<\/ul>\n<p><b>Dimanche 8 octobre<br \/>\n<\/b><\/p>\n<p><b>Matin <\/b><\/p>\n<p>0900 &#8211; 09h30 : caf\u00e9, petit dej partag\u00e9<\/p>\n<p>09h30 &#8211; 09h45 :\u00a0 Lancement de la journ\u00e9e (energizer, rappel ODJ, r\u00e9partition des r\u00f4les)<\/p>\n<p>09h45 &#8211; 11h00 : Formations aux outils : R\u00e9union skype, documents collaboratifs, espace membre, listes de diffusion, tableau de contact des organisateurs<\/p>\n<p>pause<\/p>\n<p>11h15 &#8211; 12h30 : Les chantiers \u00e0 mener cette ann\u00e9e : quand, comment, pourquoi, qui ?<\/p>\n<p>&gt; qui a envie de s\u2019investir comment, sur quoi ?<\/p>\n<p>&gt; fonctionnement des groupes de travail + lancement de nouveaux groupes (1er temps de travail)<\/p>\n<p>12h30 &#8211; 13h45 : Repas partag\u00e9<\/p>\n<p><b> Apr\u00e8s-midi<\/b><\/p>\n<p>13h45 &#8211; 15h00 : Bilan du week-end, retour sur les d\u00e9cisions prises et tour de m\u00e9t\u00e9o personnelle<\/p>\n<p>Rangement<\/p>\n<p><b>D\u00e9part pour R\u00e9publique &#8211; Mobilisation contre Europacity \u00e0 Gonesse \u00a0<\/b><a href=\"http:\/\/nonaeuropacity.com\" target=\"_blank\" rel=\"noopener\"><b>http:\/\/nonaeuropacity.com<\/b><\/a><\/p>\n<p>&nbsp;<\/p>\n","protected":false},"excerpt":{"rendered":"<p>La premi\u00e8re r\u00e9union de pr\u00e9paration de l&rsquo;AlterTour 2018 aura lieu aux Jardins d&rsquo;Alice (19 Rue Garibaldi, 93100 Montreuil &#8211; M\u00e9tro 9, arr\u00eat Robespierre) les 7 et 8 octobre 2017 &nbsp; Samedi 7 octobre Matin : 0900 &#8211; 09h30 : Caf\u00e9, petit dej partag\u00e9 et retrouvailles papotage ! 09h30 &#8211; 10h00 &#8230; <\/p>\n<div><a href=\"https:\/\/www.altercampagne.net\/?p=7870\" class=\"more-link\">Read More<\/a><\/div>\n","protected":false},"author":214,"featured_media":7872,"comment_status":"closed","ping_status":"closed","sticky":false,"template":"","format":"standard","meta":{"footnotes":""},"categories":[3470,3539],"tags":[34,434,472,476,3221,3222,3223,3565],"class_list":["post-7870","post","type-post","status-publish","format-standard","has-post-thumbnail","hentry","category-edition-2018","category-we-de-preparation","tag-jardins-dalice","tag-pleniere","tag-montreuil","tag-reunion","tag-altertour-2018","tag-bilan-2017","tag-zone-geographique-2018","tag-week-end"],"yoast_head":"<!-- This site is optimized with the Yoast SEO plugin v27.3 - https:\/\/yoast.com\/product\/yoast-seo-wordpress\/ -->\n<title>1er week-end de pr\u00e9paration de l&#039;AlterTour 2018 - AlterTour<\/title>\n<meta name=\"robots\" content=\"index, follow, max-snippet:-1, max-image-preview:large, max-video-preview:-1\" \/>\n<link rel=\"canonical\" href=\"https:\/\/www.altercampagne.net\/?p=7870\" \/>\n<meta property=\"og:locale\" content=\"fr_FR\" \/>\n<meta property=\"og:type\" content=\"article\" \/>\n<meta property=\"og:title\" content=\"1er week-end de pr\u00e9paration de l&#039;AlterTour 2018 - AlterTour\" \/>\n<meta property=\"og:description\" content=\"La premi\u00e8re r\u00e9union de pr\u00e9paration de l&rsquo;AlterTour 2018 aura lieu aux Jardins d&rsquo;Alice (19 Rue Garibaldi, 93100 Montreuil &#8211; M\u00e9tro 9, arr\u00eat Robespierre) les 7 et 8 octobre 2017 &nbsp; Samedi 7 octobre Matin : 0900 &#8211; 09h30 : Caf\u00e9, petit dej partag\u00e9 et retrouvailles papotage ! 09h30 &#8211; 10h00 ... Read More\" \/>\n<meta property=\"og:url\" content=\"https:\/\/www.altercampagne.net\/?p=7870\" \/>\n<meta property=\"og:site_name\" content=\"AlterTour\" \/>\n<meta property=\"article:published_time\" content=\"2017-10-02T13:59:03+00:00\" \/>\n<meta property=\"article:modified_time\" content=\"2018-06-02T13:47:55+00:00\" \/>\n<meta property=\"og:image\" content=\"https:\/\/www.altercampagne.net\/wp-content\/uploads\/2017\/10\/AT2018-1erepleniere.jpg\" \/>\n\t<meta property=\"og:image:width\" content=\"1007\" \/>\n\t<meta property=\"og:image:height\" content=\"526\" \/>\n\t<meta property=\"og:image:type\" content=\"image\/jpeg\" \/>\n<meta name=\"author\" content=\"Mathieu\" \/>\n<meta name=\"twitter:card\" content=\"summary_large_image\" \/>\n<meta name=\"twitter:label1\" content=\"\u00c9crit par\" \/>\n\t<meta name=\"twitter:data1\" content=\"Mathieu\" \/>\n\t<meta name=\"twitter:label2\" content=\"Dur\u00e9e de lecture estim\u00e9e\" \/>\n\t<meta name=\"twitter:data2\" content=\"2 minutes\" \/>\n<script type=\"application\/ld+json\" class=\"yoast-schema-graph\">{\"@context\":\"https:\\\/\\\/schema.org\",\"@graph\":[{\"@type\":\"Article\",\"@id\":\"https:\\\/\\\/www.altercampagne.net\\\/?p=7870#article\",\"isPartOf\":{\"@id\":\"https:\\\/\\\/www.altercampagne.net\\\/?p=7870\"},\"author\":{\"name\":\"Mathieu\",\"@id\":\"https:\\\/\\\/www.altercampagne.net\\\/#\\\/schema\\\/person\\\/0f261460c09e430caa0f9bcffa319109\"},\"headline\":\"1er week-end de pr\u00e9paration de l&rsquo;AlterTour 2018\",\"datePublished\":\"2017-10-02T13:59:03+00:00\",\"dateModified\":\"2018-06-02T13:47:55+00:00\",\"mainEntityOfPage\":{\"@id\":\"https:\\\/\\\/www.altercampagne.net\\\/?p=7870\"},\"wordCount\":339,\"image\":{\"@id\":\"https:\\\/\\\/www.altercampagne.net\\\/?p=7870#primaryimage\"},\"thumbnailUrl\":\"https:\\\/\\\/www.altercampagne.net\\\/wp-content\\\/uploads\\\/2017\\\/10\\\/AT2018-1erepleniere.jpg\",\"keywords\":[\"jardins d'alice\",\"pl\u00e9ni\u00e8re\",\"Montreuil\",\"r\u00e9union\",\"AlterTour 2018\",\"bilan 2017\",\"zone g\u00e9ographique 2018\",\"week-end\"],\"articleSection\":[\"\u00c9dition 2018\",\"WE de pr\u00e9paration\"],\"inLanguage\":\"fr-FR\"},{\"@type\":\"WebPage\",\"@id\":\"https:\\\/\\\/www.altercampagne.net\\\/?p=7870\",\"url\":\"https:\\\/\\\/www.altercampagne.net\\\/?p=7870\",\"name\":\"1er week-end de pr\u00e9paration de l'AlterTour 2018 - AlterTour\",\"isPartOf\":{\"@id\":\"https:\\\/\\\/www.altercampagne.net\\\/#website\"},\"primaryImageOfPage\":{\"@id\":\"https:\\\/\\\/www.altercampagne.net\\\/?p=7870#primaryimage\"},\"image\":{\"@id\":\"https:\\\/\\\/www.altercampagne.net\\\/?p=7870#primaryimage\"},\"thumbnailUrl\":\"https:\\\/\\\/www.altercampagne.net\\\/wp-content\\\/uploads\\\/2017\\\/10\\\/AT2018-1erepleniere.jpg\",\"datePublished\":\"2017-10-02T13:59:03+00:00\",\"dateModified\":\"2018-06-02T13:47:55+00:00\",\"author\":{\"@id\":\"https:\\\/\\\/www.altercampagne.net\\\/#\\\/schema\\\/person\\\/0f261460c09e430caa0f9bcffa319109\"},\"breadcrumb\":{\"@id\":\"https:\\\/\\\/www.altercampagne.net\\\/?p=7870#breadcrumb\"},\"inLanguage\":\"fr-FR\",\"potentialAction\":[{\"@type\":\"ReadAction\",\"target\":[\"https:\\\/\\\/www.altercampagne.net\\\/?p=7870\"]}]},{\"@type\":\"ImageObject\",\"inLanguage\":\"fr-FR\",\"@id\":\"https:\\\/\\\/www.altercampagne.net\\\/?p=7870#primaryimage\",\"url\":\"https:\\\/\\\/www.altercampagne.net\\\/wp-content\\\/uploads\\\/2017\\\/10\\\/AT2018-1erepleniere.jpg\",\"contentUrl\":\"https:\\\/\\\/www.altercampagne.net\\\/wp-content\\\/uploads\\\/2017\\\/10\\\/AT2018-1erepleniere.jpg\",\"width\":1007,\"height\":526},{\"@type\":\"BreadcrumbList\",\"@id\":\"https:\\\/\\\/www.altercampagne.net\\\/?p=7870#breadcrumb\",\"itemListElement\":[{\"@type\":\"ListItem\",\"position\":1,\"name\":\"Accueil\",\"item\":\"https:\\\/\\\/www.altercampagne.net\\\/\"},{\"@type\":\"ListItem\",\"position\":2,\"name\":\"1er week-end de pr\u00e9paration de l&rsquo;AlterTour 2018\"}]},{\"@type\":\"WebSite\",\"@id\":\"https:\\\/\\\/www.altercampagne.net\\\/#website\",\"url\":\"https:\\\/\\\/www.altercampagne.net\\\/\",\"name\":\"AlterTour\",\"description\":\"Reliez les Alternatives \u00e0 v\u00e9lo\",\"potentialAction\":[{\"@type\":\"SearchAction\",\"target\":{\"@type\":\"EntryPoint\",\"urlTemplate\":\"https:\\\/\\\/www.altercampagne.net\\\/?s={search_term_string}\"},\"query-input\":{\"@type\":\"PropertyValueSpecification\",\"valueRequired\":true,\"valueName\":\"search_term_string\"}}],\"inLanguage\":\"fr-FR\"},{\"@type\":\"Person\",\"@id\":\"https:\\\/\\\/www.altercampagne.net\\\/#\\\/schema\\\/person\\\/0f261460c09e430caa0f9bcffa319109\",\"name\":\"Mathieu\",\"image\":{\"@type\":\"ImageObject\",\"inLanguage\":\"fr-FR\",\"@id\":\"https:\\\/\\\/secure.gravatar.com\\\/avatar\\\/aa9d3d24c83f2141e5e2709d0f63d09a99f6be6bb7a50abc4915838d9f54501a?s=96&d=mm&r=g\",\"url\":\"https:\\\/\\\/secure.gravatar.com\\\/avatar\\\/aa9d3d24c83f2141e5e2709d0f63d09a99f6be6bb7a50abc4915838d9f54501a?s=96&d=mm&r=g\",\"contentUrl\":\"https:\\\/\\\/secure.gravatar.com\\\/avatar\\\/aa9d3d24c83f2141e5e2709d0f63d09a99f6be6bb7a50abc4915838d9f54501a?s=96&d=mm&r=g\",\"caption\":\"Mathieu\"},\"url\":\"https:\\\/\\\/www.altercampagne.net\\\/?author=214\"}]}<\/script>\n<!-- \/ Yoast SEO plugin. -->","yoast_head_json":{"title":"1er week-end de pr\u00e9paration de l'AlterTour 2018 - AlterTour","robots":{"index":"index","follow":"follow","max-snippet":"max-snippet:-1","max-image-preview":"max-image-preview:large","max-video-preview":"max-video-preview:-1"},"canonical":"https:\/\/www.altercampagne.net\/?p=7870","og_locale":"fr_FR","og_type":"article","og_title":"1er week-end de pr\u00e9paration de l'AlterTour 2018 - AlterTour","og_description":"La premi\u00e8re r\u00e9union de pr\u00e9paration de l&rsquo;AlterTour 2018 aura lieu aux Jardins d&rsquo;Alice (19 Rue Garibaldi, 93100 Montreuil &#8211; M\u00e9tro 9, arr\u00eat Robespierre) les 7 et 8 octobre 2017 &nbsp; Samedi 7 octobre Matin : 0900 &#8211; 09h30 : Caf\u00e9, petit dej partag\u00e9 et retrouvailles papotage ! 09h30 &#8211; 10h00 ... Read More","og_url":"https:\/\/www.altercampagne.net\/?p=7870","og_site_name":"AlterTour","article_published_time":"2017-10-02T13:59:03+00:00","article_modified_time":"2018-06-02T13:47:55+00:00","og_image":[{"width":1007,"height":526,"url":"https:\/\/www.altercampagne.net\/wp-content\/uploads\/2017\/10\/AT2018-1erepleniere.jpg","type":"image\/jpeg"}],"author":"Mathieu","twitter_card":"summary_large_image","twitter_misc":{"\u00c9crit par":"Mathieu","Dur\u00e9e de lecture estim\u00e9e":"2 minutes"},"schema":{"@context":"https:\/\/schema.org","@graph":[{"@type":"Article","@id":"https:\/\/www.altercampagne.net\/?p=7870#article","isPartOf":{"@id":"https:\/\/www.altercampagne.net\/?p=7870"},"author":{"name":"Mathieu","@id":"https:\/\/www.altercampagne.net\/#\/schema\/person\/0f261460c09e430caa0f9bcffa319109"},"headline":"1er week-end de pr\u00e9paration de l&rsquo;AlterTour 2018","datePublished":"2017-10-02T13:59:03+00:00","dateModified":"2018-06-02T13:47:55+00:00","mainEntityOfPage":{"@id":"https:\/\/www.altercampagne.net\/?p=7870"},"wordCount":339,"image":{"@id":"https:\/\/www.altercampagne.net\/?p=7870#primaryimage"},"thumbnailUrl":"https:\/\/www.altercampagne.net\/wp-content\/uploads\/2017\/10\/AT2018-1erepleniere.jpg","keywords":["jardins d'alice","pl\u00e9ni\u00e8re","Montreuil","r\u00e9union","AlterTour 2018","bilan 2017","zone g\u00e9ographique 2018","week-end"],"articleSection":["\u00c9dition 2018","WE de pr\u00e9paration"],"inLanguage":"fr-FR"},{"@type":"WebPage","@id":"https:\/\/www.altercampagne.net\/?p=7870","url":"https:\/\/www.altercampagne.net\/?p=7870","name":"1er week-end de pr\u00e9paration de l'AlterTour 2018 - AlterTour","isPartOf":{"@id":"https:\/\/www.altercampagne.net\/#website"},"primaryImageOfPage":{"@id":"https:\/\/www.altercampagne.net\/?p=7870#primaryimage"},"image":{"@id":"https:\/\/www.altercampagne.net\/?p=7870#primaryimage"},"thumbnailUrl":"https:\/\/www.altercampagne.net\/wp-content\/uploads\/2017\/10\/AT2018-1erepleniere.jpg","datePublished":"2017-10-02T13:59:03+00:00","dateModified":"2018-06-02T13:47:55+00:00","author":{"@id":"https:\/\/www.altercampagne.net\/#\/schema\/person\/0f261460c09e430caa0f9bcffa319109"},"breadcrumb":{"@id":"https:\/\/www.altercampagne.net\/?p=7870#breadcrumb"},"inLanguage":"fr-FR","potentialAction":[{"@type":"ReadAction","target":["https:\/\/www.altercampagne.net\/?p=7870"]}]},{"@type":"ImageObject","inLanguage":"fr-FR","@id":"https:\/\/www.altercampagne.net\/?p=7870#primaryimage","url":"https:\/\/www.altercampagne.net\/wp-content\/uploads\/2017\/10\/AT2018-1erepleniere.jpg","contentUrl":"https:\/\/www.altercampagne.net\/wp-content\/uploads\/2017\/10\/AT2018-1erepleniere.jpg","width":1007,"height":526},{"@type":"BreadcrumbList","@id":"https:\/\/www.altercampagne.net\/?p=7870#breadcrumb","itemListElement":[{"@type":"ListItem","position":1,"name":"Accueil","item":"https:\/\/www.altercampagne.net\/"},{"@type":"ListItem","position":2,"name":"1er week-end de pr\u00e9paration de l&rsquo;AlterTour 2018"}]},{"@type":"WebSite","@id":"https:\/\/www.altercampagne.net\/#website","url":"https:\/\/www.altercampagne.net\/","name":"AlterTour","description":"Reliez les Alternatives \u00e0 v\u00e9lo","potentialAction":[{"@type":"SearchAction","target":{"@type":"EntryPoint","urlTemplate":"https:\/\/www.altercampagne.net\/?s={search_term_string}"},"query-input":{"@type":"PropertyValueSpecification","valueRequired":true,"valueName":"search_term_string"}}],"inLanguage":"fr-FR"},{"@type":"Person","@id":"https:\/\/www.altercampagne.net\/#\/schema\/person\/0f261460c09e430caa0f9bcffa319109","name":"Mathieu","image":{"@type":"ImageObject","inLanguage":"fr-FR","@id":"https:\/\/secure.gravatar.com\/avatar\/aa9d3d24c83f2141e5e2709d0f63d09a99f6be6bb7a50abc4915838d9f54501a?s=96&d=mm&r=g","url":"https:\/\/secure.gravatar.com\/avatar\/aa9d3d24c83f2141e5e2709d0f63d09a99f6be6bb7a50abc4915838d9f54501a?s=96&d=mm&r=g","contentUrl":"https:\/\/secure.gravatar.com\/avatar\/aa9d3d24c83f2141e5e2709d0f63d09a99f6be6bb7a50abc4915838d9f54501a?s=96&d=mm&r=g","caption":"Mathieu"},"url":"https:\/\/www.altercampagne.net\/?author=214"}]}},"_links":{"self":[{"href":"https:\/\/www.altercampagne.net\/index.php?rest_route=\/wp\/v2\/posts\/7870","targetHints":{"allow":["GET"]}}],"collection":[{"href":"https:\/\/www.altercampagne.net\/index.php?rest_route=\/wp\/v2\/posts"}],"about":[{"href":"https:\/\/www.altercampagne.net\/index.php?rest_route=\/wp\/v2\/types\/post"}],"author":[{"embeddable":true,"href":"https:\/\/www.altercampagne.net\/index.php?rest_route=\/wp\/v2\/users\/214"}],"replies":[{"embeddable":true,"href":"https:\/\/www.altercampagne.net\/index.php?rest_route=%2Fwp%2Fv2%2Fcomments&post=7870"}],"version-history":[{"count":0,"href":"https:\/\/www.altercampagne.net\/index.php?rest_route=\/wp\/v2\/posts\/7870\/revisions"}],"wp:featuredmedia":[{"embeddable":true,"href":"https:\/\/www.altercampagne.net\/index.php?rest_route=\/wp\/v2\/media\/7872"}],"wp:attachment":[{"href":"https:\/\/www.altercampagne.net\/index.php?rest_route=%2Fwp%2Fv2%2Fmedia&parent=7870"}],"wp:term":[{"taxonomy":"category","embeddable":true,"href":"https:\/\/www.altercampagne.net\/index.php?rest_route=%2Fwp%2Fv2%2Fcategories&post=7870"},{"taxonomy":"post_tag","embeddable":true,"href":"https:\/\/www.altercampagne.net\/index.php?rest_route=%2Fwp%2Fv2%2Ftags&post=7870"}],"curies":[{"name":"wp","href":"https:\/\/api.w.org\/{rel}","templated":true}]}}