{"id":7942,"date":"2017-10-25T18:18:18","date_gmt":"2017-10-25T16:18:18","guid":{"rendered":"http:\/\/www.altercampagne.net\/?p=7942"},"modified":"2018-02-23T17:07:28","modified_gmt":"2018-02-23T16:07:28","slug":"nous-cherchons-des-alternatives-pour-laltertour-2018","status":"publish","type":"post","link":"https:\/\/www.altercampagne.net\/?p=7942","title":{"rendered":"Nous cherchons des Alternatives pour l&rsquo;AlterTour 2018"},"content":{"rendered":"<p>Les 7 et 8 octobre 2017 nous avons d\u00e9fini la zone de recherches pour l&rsquo;AlterTour 2018. Nous nous donnons jusqu&rsquo;au 16 d\u00e9cembre 2017 pour trouver un maximum d&rsquo;Alternatives dans ce secteur :<br \/>\nHaut-Rhin, Bas-Rhin, Meurthe et Moselle, Meuse, Vosges, Marne, Haute-Marne, Aube, Paris, Seine et Marne, Val d\u2019Oise, Seine St Denis, Aisne (sud), Oise, Somme, Eure, Calvados et Manche<\/p>\n<p>Nous sommes dans la phase de \u00ab\u00a0d\u00e9frichage\u00a0\u00bb, l&rsquo;objectif est de trouver un maximum d&rsquo;alternatives sans les contacter pour l&rsquo;instant. La prise de contact aura lieu apr\u00e8s l&rsquo;AG de novembre (11 et 12 novembre).<br \/>\nNous d\u00e9terminerons le parcours les 16 et 17 d\u00e9cembre en fonction des r\u00e9ponses positives.<\/p>\n<p>Vous pouvez nous aider dans nos recherches via ce petit questionnaire :<\/p>\n<p><iframe loading=\"lazy\" src=\"https:\/\/framaforms.org\/recherche-dalternatives-pour-laltertour-2018-1508763782\" width=\"100%\" height=\"1400\"><\/iframe><\/p>\n","protected":false},"excerpt":{"rendered":"<p>Les 7 et 8 octobre 2017 nous avons d\u00e9fini la zone de recherches pour l&rsquo;AlterTour 2018. Nous nous donnons jusqu&rsquo;au 16 d\u00e9cembre 2017 pour trouver un maximum d&rsquo;Alternatives dans ce secteur : Haut-Rhin, Bas-Rhin, Meurthe et Moselle, Meuse, Vosges, Marne, Haute-Marne, Aube, Paris, Seine et Marne, Val d\u2019Oise, Seine St &#8230; <\/p>\n<div><a href=\"https:\/\/www.altercampagne.net\/?p=7942\" class=\"more-link\">Read More<\/a><\/div>\n","protected":false},"author":214,"featured_media":7947,"comment_status":"closed","ping_status":"closed","sticky":false,"template":"","format":"standard","meta":{"footnotes":""},"categories":[3475,3470,3476,3477],"tags":[3233,3242,3241,3240,3239,3238,3237,3236,3235,3234,68,3232,3221,2746,2110,1670,1540,1514,321],"class_list":["post-7942","post","type-post","status-publish","format-standard","has-post-thumbnail","hentry","category-grand-est","category-edition-2018","category-hauts-de-france","category-ile-de-france","tag-bas-rhin","tag-eure","tag-somme","tag-oise","tag-aisne-sud","tag-seine-st-denis","tag-aube","tag-haute-marne","tag-marne","tag-vosges","tag-paris","tag-haut-rhin","tag-altertour-2018","tag-seine-et-marne","tag-val-doise","tag-calvados","tag-meurthe-et-moselle","tag-meuse","tag-manche"],"yoast_head":"<!-- This site is optimized with the Yoast SEO plugin v27.3 - https:\/\/yoast.com\/product\/yoast-seo-wordpress\/ -->\n<title>Nous cherchons des Alternatives pour l&#039;AlterTour 2018 - AlterTour<\/title>\n<meta name=\"robots\" content=\"index, follow, max-snippet:-1, max-image-preview:large, max-video-preview:-1\" \/>\n<link rel=\"canonical\" href=\"https:\/\/www.altercampagne.net\/?p=7942\" \/>\n<meta property=\"og:locale\" content=\"fr_FR\" \/>\n<meta property=\"og:type\" content=\"article\" \/>\n<meta property=\"og:title\" content=\"Nous cherchons des Alternatives pour l&#039;AlterTour 2018 - AlterTour\" \/>\n<meta property=\"og:description\" content=\"Les 7 et 8 octobre 2017 nous avons d\u00e9fini la zone de recherches pour l&rsquo;AlterTour 2018. Nous nous donnons jusqu&rsquo;au 16 d\u00e9cembre 2017 pour trouver un maximum d&rsquo;Alternatives dans ce secteur : Haut-Rhin, Bas-Rhin, Meurthe et Moselle, Meuse, Vosges, Marne, Haute-Marne, Aube, Paris, Seine et Marne, Val d\u2019Oise, Seine St ... Read More\" \/>\n<meta property=\"og:url\" content=\"https:\/\/www.altercampagne.net\/?p=7942\" \/>\n<meta property=\"og:site_name\" content=\"AlterTour\" \/>\n<meta property=\"article:published_time\" content=\"2017-10-25T16:18:18+00:00\" \/>\n<meta property=\"article:modified_time\" content=\"2018-02-23T16:07:28+00:00\" \/>\n<meta property=\"og:image\" content=\"https:\/\/www.altercampagne.net\/wp-content\/uploads\/2014\/10\/AT2018-defrichage-site.jpg\" \/>\n\t<meta property=\"og:image:width\" content=\"1200\" \/>\n\t<meta property=\"og:image:height\" content=\"627\" \/>\n\t<meta property=\"og:image:type\" content=\"image\/jpeg\" \/>\n<meta name=\"author\" content=\"Mathieu\" \/>\n<meta name=\"twitter:card\" content=\"summary_large_image\" \/>\n<meta name=\"twitter:label1\" content=\"\u00c9crit par\" \/>\n\t<meta name=\"twitter:data1\" content=\"Mathieu\" \/>\n\t<meta name=\"twitter:label2\" content=\"Dur\u00e9e de lecture estim\u00e9e\" \/>\n\t<meta name=\"twitter:data2\" content=\"1 minute\" \/>\n<script type=\"application\/ld+json\" class=\"yoast-schema-graph\">{\"@context\":\"https:\\\/\\\/schema.org\",\"@graph\":[{\"@type\":\"Article\",\"@id\":\"https:\\\/\\\/www.altercampagne.net\\\/?p=7942#article\",\"isPartOf\":{\"@id\":\"https:\\\/\\\/www.altercampagne.net\\\/?p=7942\"},\"author\":{\"name\":\"Mathieu\",\"@id\":\"https:\\\/\\\/www.altercampagne.net\\\/#\\\/schema\\\/person\\\/0f261460c09e430caa0f9bcffa319109\"},\"headline\":\"Nous cherchons des Alternatives pour l&rsquo;AlterTour 2018\",\"datePublished\":\"2017-10-25T16:18:18+00:00\",\"dateModified\":\"2018-02-23T16:07:28+00:00\",\"mainEntityOfPage\":{\"@id\":\"https:\\\/\\\/www.altercampagne.net\\\/?p=7942\"},\"wordCount\":128,\"image\":{\"@id\":\"https:\\\/\\\/www.altercampagne.net\\\/?p=7942#primaryimage\"},\"thumbnailUrl\":\"https:\\\/\\\/www.altercampagne.net\\\/wp-content\\\/uploads\\\/2014\\\/10\\\/AT2018-defrichage-site.jpg\",\"keywords\":[\"Bas-Rhin\",\"Eure\",\"Somme\",\"Oise\",\"Aisne (sud)\",\"Seine St Denis\",\"Aube\",\"Haute-Marne\",\"Marne\",\"Vosges\",\"paris\",\"Haut-Rhin\",\"AlterTour 2018\",\"Seine-et-Marne\",\"Val-d\u2019Oise\",\"Calvados\",\"Meurthe-et-Moselle\",\"Meuse\",\"manche\"],\"articleSection\":[\"Grand Est\",\"\u00c9dition 2018\",\"Hauts-de-France\",\"\u00cele-de-France\"],\"inLanguage\":\"fr-FR\"},{\"@type\":\"WebPage\",\"@id\":\"https:\\\/\\\/www.altercampagne.net\\\/?p=7942\",\"url\":\"https:\\\/\\\/www.altercampagne.net\\\/?p=7942\",\"name\":\"Nous cherchons des Alternatives pour l'AlterTour 2018 - AlterTour\",\"isPartOf\":{\"@id\":\"https:\\\/\\\/www.altercampagne.net\\\/#website\"},\"primaryImageOfPage\":{\"@id\":\"https:\\\/\\\/www.altercampagne.net\\\/?p=7942#primaryimage\"},\"image\":{\"@id\":\"https:\\\/\\\/www.altercampagne.net\\\/?p=7942#primaryimage\"},\"thumbnailUrl\":\"https:\\\/\\\/www.altercampagne.net\\\/wp-content\\\/uploads\\\/2014\\\/10\\\/AT2018-defrichage-site.jpg\",\"datePublished\":\"2017-10-25T16:18:18+00:00\",\"dateModified\":\"2018-02-23T16:07:28+00:00\",\"author\":{\"@id\":\"https:\\\/\\\/www.altercampagne.net\\\/#\\\/schema\\\/person\\\/0f261460c09e430caa0f9bcffa319109\"},\"breadcrumb\":{\"@id\":\"https:\\\/\\\/www.altercampagne.net\\\/?p=7942#breadcrumb\"},\"inLanguage\":\"fr-FR\",\"potentialAction\":[{\"@type\":\"ReadAction\",\"target\":[\"https:\\\/\\\/www.altercampagne.net\\\/?p=7942\"]}]},{\"@type\":\"ImageObject\",\"inLanguage\":\"fr-FR\",\"@id\":\"https:\\\/\\\/www.altercampagne.net\\\/?p=7942#primaryimage\",\"url\":\"https:\\\/\\\/www.altercampagne.net\\\/wp-content\\\/uploads\\\/2014\\\/10\\\/AT2018-defrichage-site.jpg\",\"contentUrl\":\"https:\\\/\\\/www.altercampagne.net\\\/wp-content\\\/uploads\\\/2014\\\/10\\\/AT2018-defrichage-site.jpg\",\"width\":1200,\"height\":627},{\"@type\":\"BreadcrumbList\",\"@id\":\"https:\\\/\\\/www.altercampagne.net\\\/?p=7942#breadcrumb\",\"itemListElement\":[{\"@type\":\"ListItem\",\"position\":1,\"name\":\"Accueil\",\"item\":\"https:\\\/\\\/www.altercampagne.net\\\/\"},{\"@type\":\"ListItem\",\"position\":2,\"name\":\"Nous cherchons des Alternatives pour l&rsquo;AlterTour 2018\"}]},{\"@type\":\"WebSite\",\"@id\":\"https:\\\/\\\/www.altercampagne.net\\\/#website\",\"url\":\"https:\\\/\\\/www.altercampagne.net\\\/\",\"name\":\"AlterTour\",\"description\":\"Reliez les Alternatives \u00e0 v\u00e9lo\",\"potentialAction\":[{\"@type\":\"SearchAction\",\"target\":{\"@type\":\"EntryPoint\",\"urlTemplate\":\"https:\\\/\\\/www.altercampagne.net\\\/?s={search_term_string}\"},\"query-input\":{\"@type\":\"PropertyValueSpecification\",\"valueRequired\":true,\"valueName\":\"search_term_string\"}}],\"inLanguage\":\"fr-FR\"},{\"@type\":\"Person\",\"@id\":\"https:\\\/\\\/www.altercampagne.net\\\/#\\\/schema\\\/person\\\/0f261460c09e430caa0f9bcffa319109\",\"name\":\"Mathieu\",\"image\":{\"@type\":\"ImageObject\",\"inLanguage\":\"fr-FR\",\"@id\":\"https:\\\/\\\/secure.gravatar.com\\\/avatar\\\/aa9d3d24c83f2141e5e2709d0f63d09a99f6be6bb7a50abc4915838d9f54501a?s=96&d=mm&r=g\",\"url\":\"https:\\\/\\\/secure.gravatar.com\\\/avatar\\\/aa9d3d24c83f2141e5e2709d0f63d09a99f6be6bb7a50abc4915838d9f54501a?s=96&d=mm&r=g\",\"contentUrl\":\"https:\\\/\\\/secure.gravatar.com\\\/avatar\\\/aa9d3d24c83f2141e5e2709d0f63d09a99f6be6bb7a50abc4915838d9f54501a?s=96&d=mm&r=g\",\"caption\":\"Mathieu\"},\"url\":\"https:\\\/\\\/www.altercampagne.net\\\/?author=214\"}]}<\/script>\n<!-- \/ Yoast SEO plugin. -->","yoast_head_json":{"title":"Nous cherchons des Alternatives pour l'AlterTour 2018 - AlterTour","robots":{"index":"index","follow":"follow","max-snippet":"max-snippet:-1","max-image-preview":"max-image-preview:large","max-video-preview":"max-video-preview:-1"},"canonical":"https:\/\/www.altercampagne.net\/?p=7942","og_locale":"fr_FR","og_type":"article","og_title":"Nous cherchons des Alternatives pour l'AlterTour 2018 - AlterTour","og_description":"Les 7 et 8 octobre 2017 nous avons d\u00e9fini la zone de recherches pour l&rsquo;AlterTour 2018. Nous nous donnons jusqu&rsquo;au 16 d\u00e9cembre 2017 pour trouver un maximum d&rsquo;Alternatives dans ce secteur : Haut-Rhin, Bas-Rhin, Meurthe et Moselle, Meuse, Vosges, Marne, Haute-Marne, Aube, Paris, Seine et Marne, Val d\u2019Oise, Seine St ... Read More","og_url":"https:\/\/www.altercampagne.net\/?p=7942","og_site_name":"AlterTour","article_published_time":"2017-10-25T16:18:18+00:00","article_modified_time":"2018-02-23T16:07:28+00:00","og_image":[{"width":1200,"height":627,"url":"https:\/\/www.altercampagne.net\/wp-content\/uploads\/2014\/10\/AT2018-defrichage-site.jpg","type":"image\/jpeg"}],"author":"Mathieu","twitter_card":"summary_large_image","twitter_misc":{"\u00c9crit par":"Mathieu","Dur\u00e9e de lecture estim\u00e9e":"1 minute"},"schema":{"@context":"https:\/\/schema.org","@graph":[{"@type":"Article","@id":"https:\/\/www.altercampagne.net\/?p=7942#article","isPartOf":{"@id":"https:\/\/www.altercampagne.net\/?p=7942"},"author":{"name":"Mathieu","@id":"https:\/\/www.altercampagne.net\/#\/schema\/person\/0f261460c09e430caa0f9bcffa319109"},"headline":"Nous cherchons des Alternatives pour l&rsquo;AlterTour 2018","datePublished":"2017-10-25T16:18:18+00:00","dateModified":"2018-02-23T16:07:28+00:00","mainEntityOfPage":{"@id":"https:\/\/www.altercampagne.net\/?p=7942"},"wordCount":128,"image":{"@id":"https:\/\/www.altercampagne.net\/?p=7942#primaryimage"},"thumbnailUrl":"https:\/\/www.altercampagne.net\/wp-content\/uploads\/2014\/10\/AT2018-defrichage-site.jpg","keywords":["Bas-Rhin","Eure","Somme","Oise","Aisne (sud)","Seine St Denis","Aube","Haute-Marne","Marne","Vosges","paris","Haut-Rhin","AlterTour 2018","Seine-et-Marne","Val-d\u2019Oise","Calvados","Meurthe-et-Moselle","Meuse","manche"],"articleSection":["Grand Est","\u00c9dition 2018","Hauts-de-France","\u00cele-de-France"],"inLanguage":"fr-FR"},{"@type":"WebPage","@id":"https:\/\/www.altercampagne.net\/?p=7942","url":"https:\/\/www.altercampagne.net\/?p=7942","name":"Nous cherchons des Alternatives pour l'AlterTour 2018 - AlterTour","isPartOf":{"@id":"https:\/\/www.altercampagne.net\/#website"},"primaryImageOfPage":{"@id":"https:\/\/www.altercampagne.net\/?p=7942#primaryimage"},"image":{"@id":"https:\/\/www.altercampagne.net\/?p=7942#primaryimage"},"thumbnailUrl":"https:\/\/www.altercampagne.net\/wp-content\/uploads\/2014\/10\/AT2018-defrichage-site.jpg","datePublished":"2017-10-25T16:18:18+00:00","dateModified":"2018-02-23T16:07:28+00:00","author":{"@id":"https:\/\/www.altercampagne.net\/#\/schema\/person\/0f261460c09e430caa0f9bcffa319109"},"breadcrumb":{"@id":"https:\/\/www.altercampagne.net\/?p=7942#breadcrumb"},"inLanguage":"fr-FR","potentialAction":[{"@type":"ReadAction","target":["https:\/\/www.altercampagne.net\/?p=7942"]}]},{"@type":"ImageObject","inLanguage":"fr-FR","@id":"https:\/\/www.altercampagne.net\/?p=7942#primaryimage","url":"https:\/\/www.altercampagne.net\/wp-content\/uploads\/2014\/10\/AT2018-defrichage-site.jpg","contentUrl":"https:\/\/www.altercampagne.net\/wp-content\/uploads\/2014\/10\/AT2018-defrichage-site.jpg","width":1200,"height":627},{"@type":"BreadcrumbList","@id":"https:\/\/www.altercampagne.net\/?p=7942#breadcrumb","itemListElement":[{"@type":"ListItem","position":1,"name":"Accueil","item":"https:\/\/www.altercampagne.net\/"},{"@type":"ListItem","position":2,"name":"Nous cherchons des Alternatives pour l&rsquo;AlterTour 2018"}]},{"@type":"WebSite","@id":"https:\/\/www.altercampagne.net\/#website","url":"https:\/\/www.altercampagne.net\/","name":"AlterTour","description":"Reliez les Alternatives \u00e0 v\u00e9lo","potentialAction":[{"@type":"SearchAction","target":{"@type":"EntryPoint","urlTemplate":"https:\/\/www.altercampagne.net\/?s={search_term_string}"},"query-input":{"@type":"PropertyValueSpecification","valueRequired":true,"valueName":"search_term_string"}}],"inLanguage":"fr-FR"},{"@type":"Person","@id":"https:\/\/www.altercampagne.net\/#\/schema\/person\/0f261460c09e430caa0f9bcffa319109","name":"Mathieu","image":{"@type":"ImageObject","inLanguage":"fr-FR","@id":"https:\/\/secure.gravatar.com\/avatar\/aa9d3d24c83f2141e5e2709d0f63d09a99f6be6bb7a50abc4915838d9f54501a?s=96&d=mm&r=g","url":"https:\/\/secure.gravatar.com\/avatar\/aa9d3d24c83f2141e5e2709d0f63d09a99f6be6bb7a50abc4915838d9f54501a?s=96&d=mm&r=g","contentUrl":"https:\/\/secure.gravatar.com\/avatar\/aa9d3d24c83f2141e5e2709d0f63d09a99f6be6bb7a50abc4915838d9f54501a?s=96&d=mm&r=g","caption":"Mathieu"},"url":"https:\/\/www.altercampagne.net\/?author=214"}]}},"_links":{"self":[{"href":"https:\/\/www.altercampagne.net\/index.php?rest_route=\/wp\/v2\/posts\/7942","targetHints":{"allow":["GET"]}}],"collection":[{"href":"https:\/\/www.altercampagne.net\/index.php?rest_route=\/wp\/v2\/posts"}],"about":[{"href":"https:\/\/www.altercampagne.net\/index.php?rest_route=\/wp\/v2\/types\/post"}],"author":[{"embeddable":true,"href":"https:\/\/www.altercampagne.net\/index.php?rest_route=\/wp\/v2\/users\/214"}],"replies":[{"embeddable":true,"href":"https:\/\/www.altercampagne.net\/index.php?rest_route=%2Fwp%2Fv2%2Fcomments&post=7942"}],"version-history":[{"count":0,"href":"https:\/\/www.altercampagne.net\/index.php?rest_route=\/wp\/v2\/posts\/7942\/revisions"}],"wp:featuredmedia":[{"embeddable":true,"href":"https:\/\/www.altercampagne.net\/index.php?rest_route=\/wp\/v2\/media\/7947"}],"wp:attachment":[{"href":"https:\/\/www.altercampagne.net\/index.php?rest_route=%2Fwp%2Fv2%2Fmedia&parent=7942"}],"wp:term":[{"taxonomy":"category","embeddable":true,"href":"https:\/\/www.altercampagne.net\/index.php?rest_route=%2Fwp%2Fv2%2Fcategories&post=7942"},{"taxonomy":"post_tag","embeddable":true,"href":"https:\/\/www.altercampagne.net\/index.php?rest_route=%2Fwp%2Fv2%2Ftags&post=7942"}],"curies":[{"name":"wp","href":"https:\/\/api.w.org\/{rel}","templated":true}]}}