{"id":8000,"date":"2017-11-29T17:11:37","date_gmt":"2017-11-29T16:11:37","guid":{"rendered":"http:\/\/www.altercampagne.net\/?p=8000"},"modified":"2018-05-25T07:27:59","modified_gmt":"2018-05-25T05:27:59","slug":"assemblee-generale-daltercampagne-et-deuxieme-reunion-de-preparation-de-laltertour-2018","status":"publish","type":"post","link":"https:\/\/www.altercampagne.net\/?p=8000","title":{"rendered":"AG &#038; 2e WE pr\u00e9paration AlterTour 2018"},"content":{"rendered":"<p>L&rsquo;AG a eu lieu le 11 novembre et la r\u00e9union pl\u00e9ni\u00e8re les 11 et 12 novembre.<\/p>\n<p>Le conseil coll\u00e9gial a \u00e9t\u00e9 renouvel\u00e9 lors de l&rsquo;AG. Quelques anciens ont choisi de ne pas se repr\u00e9senter, pas pour prendre leur retraite, mais\u00a0 pour se consacrer \u00e0 d&rsquo;autres activit\u00e9s. Du coup le conseil coll\u00e9gial s&rsquo;est trouv\u00e9 rajeuni avec l&rsquo;entr\u00e9e de nouvelles personnes pleines de dynamisme.<\/p>\n<p>Le week-end a \u00e9t\u00e9 tr\u00e8s productif, l&rsquo;autogestion fonctionne \u00e0 plein. Nous employons la m\u00e9thode des couleurs du consensus pour \u00e9clairer nos prises de d\u00e9cisions : chacun a 6 cartons de couleur et l\u00e8ve celui qui correspond le plus \u00e0 sa position par rapport \u00e0 une proposition.<\/p>\n<div>Vert : je suis d\u2019accord<\/div>\n<div>Bleu : je m&rsquo;en remets \u00e0 la sagesse du groupe<\/div>\n<div>Jaune : j&rsquo;ai besoin d&rsquo;\u00e9claircissements<\/div>\n<div>\n<div>Violet : j\u2019\u00e9mets des r\u00e9serves sur la proposition et j&rsquo;en ai une autre \u00e0 formuler.<\/div>\n<\/div>\n<div>Orange : je suis plut\u00f4t en d\u00e9saccord sur certains points<\/div>\n<div>Rouge : je ne suis pas d\u2019accord<\/div>\n<div>Blanc : je ne sais pas (j\u2019ai besoin de temps, je ne\u00a0souhaite pas r\u00e9pondre, &#8230;)<\/div>\n<div><\/div>\n<p>Quelques d\u00e9cisions prises :<\/p>\n<ul>\n<li>Projet de livre sur l&rsquo;AlterTour r\u00e9dig\u00e9 par des \u00e9tudiants de l&rsquo;IUT Paris\u00a0 Descartes<\/li>\n<li>Pr\u00eat du mat\u00e9riel de l&rsquo;AlterTour pour une journ\u00e9e de rencontres des alternatives lors du festival\u00a0 de l&rsquo;aventure \u00e0 Lons-le-Saunier en mars 2018<\/li>\n<li>R\u00e9duction du nombre de mails par une restructuration des listes de diffusion, notamment la liste Info AT<\/li>\n<\/ul>\n","protected":false},"excerpt":{"rendered":"<p>L&rsquo;AG a eu lieu le 11 novembre et la r\u00e9union pl\u00e9ni\u00e8re les 11 et 12 novembre. Le conseil coll\u00e9gial a \u00e9t\u00e9 renouvel\u00e9 lors de l&rsquo;AG. Quelques anciens ont choisi de ne pas se repr\u00e9senter, pas pour prendre leur retraite, mais\u00a0 pour se consacrer \u00e0 d&rsquo;autres activit\u00e9s. Du coup le conseil &#8230; <\/p>\n<div><a href=\"https:\/\/www.altercampagne.net\/?p=8000\" class=\"more-link\">Read More<\/a><\/div>\n","protected":false},"author":206,"featured_media":9426,"comment_status":"closed","ping_status":"closed","sticky":false,"template":"","format":"standard","meta":{"footnotes":""},"categories":[3470,3457,3539],"tags":[36,48,67,434,476,3221,3272,3565],"class_list":["post-8000","post","type-post","status-publish","format-standard","has-post-thumbnail","hentry","category-edition-2018","category-edition-2017","category-we-de-preparation","tag-college-solidaire","tag-ag","tag-marmites-volantes","tag-pleniere","tag-reunion","tag-altertour-2018","tag-assemblee-generale","tag-week-end"],"yoast_head":"<!-- This site is optimized with the Yoast SEO plugin v27.3 - https:\/\/yoast.com\/product\/yoast-seo-wordpress\/ -->\n<title>AG &amp; 2e WE pr\u00e9paration AlterTour 2018 - AlterTour<\/title>\n<meta name=\"robots\" content=\"index, follow, max-snippet:-1, max-image-preview:large, max-video-preview:-1\" \/>\n<link rel=\"canonical\" href=\"https:\/\/www.altercampagne.net\/?p=8000\" \/>\n<meta property=\"og:locale\" content=\"fr_FR\" \/>\n<meta property=\"og:type\" content=\"article\" \/>\n<meta property=\"og:title\" content=\"AG &amp; 2e WE pr\u00e9paration AlterTour 2018 - AlterTour\" \/>\n<meta property=\"og:description\" content=\"L&rsquo;AG a eu lieu le 11 novembre et la r\u00e9union pl\u00e9ni\u00e8re les 11 et 12 novembre. Le conseil coll\u00e9gial a \u00e9t\u00e9 renouvel\u00e9 lors de l&rsquo;AG. Quelques anciens ont choisi de ne pas se repr\u00e9senter, pas pour prendre leur retraite, mais\u00a0 pour se consacrer \u00e0 d&rsquo;autres activit\u00e9s. Du coup le conseil ... Read More\" \/>\n<meta property=\"og:url\" content=\"https:\/\/www.altercampagne.net\/?p=8000\" \/>\n<meta property=\"og:site_name\" content=\"AlterTour\" \/>\n<meta property=\"article:published_time\" content=\"2017-11-29T16:11:37+00:00\" \/>\n<meta property=\"article:modified_time\" content=\"2018-05-25T05:27:59+00:00\" \/>\n<meta property=\"og:image\" content=\"https:\/\/www.altercampagne.net\/wp-content\/uploads\/2017\/11\/DSC01183-article-AG-2017.jpg\" \/>\n\t<meta property=\"og:image:width\" content=\"1007\" \/>\n\t<meta property=\"og:image:height\" content=\"527\" \/>\n\t<meta property=\"og:image:type\" content=\"image\/jpeg\" \/>\n<meta name=\"author\" content=\"Sylvie F\" \/>\n<meta name=\"twitter:card\" content=\"summary_large_image\" \/>\n<meta name=\"twitter:label1\" content=\"\u00c9crit par\" \/>\n\t<meta name=\"twitter:data1\" content=\"Sylvie F\" \/>\n\t<meta name=\"twitter:label2\" content=\"Dur\u00e9e de lecture estim\u00e9e\" \/>\n\t<meta name=\"twitter:data2\" content=\"1 minute\" \/>\n<script type=\"application\/ld+json\" class=\"yoast-schema-graph\">{\"@context\":\"https:\\\/\\\/schema.org\",\"@graph\":[{\"@type\":\"Article\",\"@id\":\"https:\\\/\\\/www.altercampagne.net\\\/?p=8000#article\",\"isPartOf\":{\"@id\":\"https:\\\/\\\/www.altercampagne.net\\\/?p=8000\"},\"author\":{\"name\":\"Sylvie F\",\"@id\":\"https:\\\/\\\/www.altercampagne.net\\\/#\\\/schema\\\/person\\\/fad5b6595876359c96e756d4d478f820\"},\"headline\":\"AG &#038; 2e WE pr\u00e9paration AlterTour 2018\",\"datePublished\":\"2017-11-29T16:11:37+00:00\",\"dateModified\":\"2018-05-25T05:27:59+00:00\",\"mainEntityOfPage\":{\"@id\":\"https:\\\/\\\/www.altercampagne.net\\\/?p=8000\"},\"wordCount\":256,\"image\":{\"@id\":\"https:\\\/\\\/www.altercampagne.net\\\/?p=8000#primaryimage\"},\"thumbnailUrl\":\"https:\\\/\\\/www.altercampagne.net\\\/wp-content\\\/uploads\\\/2017\\\/11\\\/DSC01183-article-AG-2017.jpg\",\"keywords\":[\"coll\u00e8ge solidaire\",\"AG\",\"marmites volantes\",\"pl\u00e9ni\u00e8re\",\"r\u00e9union\",\"AlterTour 2018\",\"Assembl\u00e9e G\u00e9n\u00e9rale\",\"week-end\"],\"articleSection\":[\"\u00c9dition 2018\",\"\u00c9dition 2017\",\"WE de pr\u00e9paration\"],\"inLanguage\":\"fr-FR\"},{\"@type\":\"WebPage\",\"@id\":\"https:\\\/\\\/www.altercampagne.net\\\/?p=8000\",\"url\":\"https:\\\/\\\/www.altercampagne.net\\\/?p=8000\",\"name\":\"AG & 2e WE pr\u00e9paration AlterTour 2018 - AlterTour\",\"isPartOf\":{\"@id\":\"https:\\\/\\\/www.altercampagne.net\\\/#website\"},\"primaryImageOfPage\":{\"@id\":\"https:\\\/\\\/www.altercampagne.net\\\/?p=8000#primaryimage\"},\"image\":{\"@id\":\"https:\\\/\\\/www.altercampagne.net\\\/?p=8000#primaryimage\"},\"thumbnailUrl\":\"https:\\\/\\\/www.altercampagne.net\\\/wp-content\\\/uploads\\\/2017\\\/11\\\/DSC01183-article-AG-2017.jpg\",\"datePublished\":\"2017-11-29T16:11:37+00:00\",\"dateModified\":\"2018-05-25T05:27:59+00:00\",\"author\":{\"@id\":\"https:\\\/\\\/www.altercampagne.net\\\/#\\\/schema\\\/person\\\/fad5b6595876359c96e756d4d478f820\"},\"breadcrumb\":{\"@id\":\"https:\\\/\\\/www.altercampagne.net\\\/?p=8000#breadcrumb\"},\"inLanguage\":\"fr-FR\",\"potentialAction\":[{\"@type\":\"ReadAction\",\"target\":[\"https:\\\/\\\/www.altercampagne.net\\\/?p=8000\"]}]},{\"@type\":\"ImageObject\",\"inLanguage\":\"fr-FR\",\"@id\":\"https:\\\/\\\/www.altercampagne.net\\\/?p=8000#primaryimage\",\"url\":\"https:\\\/\\\/www.altercampagne.net\\\/wp-content\\\/uploads\\\/2017\\\/11\\\/DSC01183-article-AG-2017.jpg\",\"contentUrl\":\"https:\\\/\\\/www.altercampagne.net\\\/wp-content\\\/uploads\\\/2017\\\/11\\\/DSC01183-article-AG-2017.jpg\",\"width\":1007,\"height\":527},{\"@type\":\"BreadcrumbList\",\"@id\":\"https:\\\/\\\/www.altercampagne.net\\\/?p=8000#breadcrumb\",\"itemListElement\":[{\"@type\":\"ListItem\",\"position\":1,\"name\":\"Accueil\",\"item\":\"https:\\\/\\\/www.altercampagne.net\\\/\"},{\"@type\":\"ListItem\",\"position\":2,\"name\":\"AG &#038; 2e WE pr\u00e9paration AlterTour 2018\"}]},{\"@type\":\"WebSite\",\"@id\":\"https:\\\/\\\/www.altercampagne.net\\\/#website\",\"url\":\"https:\\\/\\\/www.altercampagne.net\\\/\",\"name\":\"AlterTour\",\"description\":\"Reliez les Alternatives \u00e0 v\u00e9lo\",\"potentialAction\":[{\"@type\":\"SearchAction\",\"target\":{\"@type\":\"EntryPoint\",\"urlTemplate\":\"https:\\\/\\\/www.altercampagne.net\\\/?s={search_term_string}\"},\"query-input\":{\"@type\":\"PropertyValueSpecification\",\"valueRequired\":true,\"valueName\":\"search_term_string\"}}],\"inLanguage\":\"fr-FR\"},{\"@type\":\"Person\",\"@id\":\"https:\\\/\\\/www.altercampagne.net\\\/#\\\/schema\\\/person\\\/fad5b6595876359c96e756d4d478f820\",\"name\":\"Sylvie F\",\"image\":{\"@type\":\"ImageObject\",\"inLanguage\":\"fr-FR\",\"@id\":\"https:\\\/\\\/secure.gravatar.com\\\/avatar\\\/16b2d5f6a1293ef16eadfdd15315bab8d4a87db50333f39a9b9b7a1b269a713f?s=96&d=mm&r=g\",\"url\":\"https:\\\/\\\/secure.gravatar.com\\\/avatar\\\/16b2d5f6a1293ef16eadfdd15315bab8d4a87db50333f39a9b9b7a1b269a713f?s=96&d=mm&r=g\",\"contentUrl\":\"https:\\\/\\\/secure.gravatar.com\\\/avatar\\\/16b2d5f6a1293ef16eadfdd15315bab8d4a87db50333f39a9b9b7a1b269a713f?s=96&d=mm&r=g\",\"caption\":\"Sylvie F\"},\"url\":\"https:\\\/\\\/www.altercampagne.net\\\/?author=206\"}]}<\/script>\n<!-- \/ Yoast SEO plugin. -->","yoast_head_json":{"title":"AG & 2e WE pr\u00e9paration AlterTour 2018 - AlterTour","robots":{"index":"index","follow":"follow","max-snippet":"max-snippet:-1","max-image-preview":"max-image-preview:large","max-video-preview":"max-video-preview:-1"},"canonical":"https:\/\/www.altercampagne.net\/?p=8000","og_locale":"fr_FR","og_type":"article","og_title":"AG & 2e WE pr\u00e9paration AlterTour 2018 - AlterTour","og_description":"L&rsquo;AG a eu lieu le 11 novembre et la r\u00e9union pl\u00e9ni\u00e8re les 11 et 12 novembre. Le conseil coll\u00e9gial a \u00e9t\u00e9 renouvel\u00e9 lors de l&rsquo;AG. Quelques anciens ont choisi de ne pas se repr\u00e9senter, pas pour prendre leur retraite, mais\u00a0 pour se consacrer \u00e0 d&rsquo;autres activit\u00e9s. Du coup le conseil ... Read More","og_url":"https:\/\/www.altercampagne.net\/?p=8000","og_site_name":"AlterTour","article_published_time":"2017-11-29T16:11:37+00:00","article_modified_time":"2018-05-25T05:27:59+00:00","og_image":[{"width":1007,"height":527,"url":"https:\/\/www.altercampagne.net\/wp-content\/uploads\/2017\/11\/DSC01183-article-AG-2017.jpg","type":"image\/jpeg"}],"author":"Sylvie F","twitter_card":"summary_large_image","twitter_misc":{"\u00c9crit par":"Sylvie F","Dur\u00e9e de lecture estim\u00e9e":"1 minute"},"schema":{"@context":"https:\/\/schema.org","@graph":[{"@type":"Article","@id":"https:\/\/www.altercampagne.net\/?p=8000#article","isPartOf":{"@id":"https:\/\/www.altercampagne.net\/?p=8000"},"author":{"name":"Sylvie F","@id":"https:\/\/www.altercampagne.net\/#\/schema\/person\/fad5b6595876359c96e756d4d478f820"},"headline":"AG &#038; 2e WE pr\u00e9paration AlterTour 2018","datePublished":"2017-11-29T16:11:37+00:00","dateModified":"2018-05-25T05:27:59+00:00","mainEntityOfPage":{"@id":"https:\/\/www.altercampagne.net\/?p=8000"},"wordCount":256,"image":{"@id":"https:\/\/www.altercampagne.net\/?p=8000#primaryimage"},"thumbnailUrl":"https:\/\/www.altercampagne.net\/wp-content\/uploads\/2017\/11\/DSC01183-article-AG-2017.jpg","keywords":["coll\u00e8ge solidaire","AG","marmites volantes","pl\u00e9ni\u00e8re","r\u00e9union","AlterTour 2018","Assembl\u00e9e G\u00e9n\u00e9rale","week-end"],"articleSection":["\u00c9dition 2018","\u00c9dition 2017","WE de pr\u00e9paration"],"inLanguage":"fr-FR"},{"@type":"WebPage","@id":"https:\/\/www.altercampagne.net\/?p=8000","url":"https:\/\/www.altercampagne.net\/?p=8000","name":"AG & 2e WE pr\u00e9paration AlterTour 2018 - AlterTour","isPartOf":{"@id":"https:\/\/www.altercampagne.net\/#website"},"primaryImageOfPage":{"@id":"https:\/\/www.altercampagne.net\/?p=8000#primaryimage"},"image":{"@id":"https:\/\/www.altercampagne.net\/?p=8000#primaryimage"},"thumbnailUrl":"https:\/\/www.altercampagne.net\/wp-content\/uploads\/2017\/11\/DSC01183-article-AG-2017.jpg","datePublished":"2017-11-29T16:11:37+00:00","dateModified":"2018-05-25T05:27:59+00:00","author":{"@id":"https:\/\/www.altercampagne.net\/#\/schema\/person\/fad5b6595876359c96e756d4d478f820"},"breadcrumb":{"@id":"https:\/\/www.altercampagne.net\/?p=8000#breadcrumb"},"inLanguage":"fr-FR","potentialAction":[{"@type":"ReadAction","target":["https:\/\/www.altercampagne.net\/?p=8000"]}]},{"@type":"ImageObject","inLanguage":"fr-FR","@id":"https:\/\/www.altercampagne.net\/?p=8000#primaryimage","url":"https:\/\/www.altercampagne.net\/wp-content\/uploads\/2017\/11\/DSC01183-article-AG-2017.jpg","contentUrl":"https:\/\/www.altercampagne.net\/wp-content\/uploads\/2017\/11\/DSC01183-article-AG-2017.jpg","width":1007,"height":527},{"@type":"BreadcrumbList","@id":"https:\/\/www.altercampagne.net\/?p=8000#breadcrumb","itemListElement":[{"@type":"ListItem","position":1,"name":"Accueil","item":"https:\/\/www.altercampagne.net\/"},{"@type":"ListItem","position":2,"name":"AG &#038; 2e WE pr\u00e9paration AlterTour 2018"}]},{"@type":"WebSite","@id":"https:\/\/www.altercampagne.net\/#website","url":"https:\/\/www.altercampagne.net\/","name":"AlterTour","description":"Reliez les Alternatives \u00e0 v\u00e9lo","potentialAction":[{"@type":"SearchAction","target":{"@type":"EntryPoint","urlTemplate":"https:\/\/www.altercampagne.net\/?s={search_term_string}"},"query-input":{"@type":"PropertyValueSpecification","valueRequired":true,"valueName":"search_term_string"}}],"inLanguage":"fr-FR"},{"@type":"Person","@id":"https:\/\/www.altercampagne.net\/#\/schema\/person\/fad5b6595876359c96e756d4d478f820","name":"Sylvie F","image":{"@type":"ImageObject","inLanguage":"fr-FR","@id":"https:\/\/secure.gravatar.com\/avatar\/16b2d5f6a1293ef16eadfdd15315bab8d4a87db50333f39a9b9b7a1b269a713f?s=96&d=mm&r=g","url":"https:\/\/secure.gravatar.com\/avatar\/16b2d5f6a1293ef16eadfdd15315bab8d4a87db50333f39a9b9b7a1b269a713f?s=96&d=mm&r=g","contentUrl":"https:\/\/secure.gravatar.com\/avatar\/16b2d5f6a1293ef16eadfdd15315bab8d4a87db50333f39a9b9b7a1b269a713f?s=96&d=mm&r=g","caption":"Sylvie F"},"url":"https:\/\/www.altercampagne.net\/?author=206"}]}},"_links":{"self":[{"href":"https:\/\/www.altercampagne.net\/index.php?rest_route=\/wp\/v2\/posts\/8000","targetHints":{"allow":["GET"]}}],"collection":[{"href":"https:\/\/www.altercampagne.net\/index.php?rest_route=\/wp\/v2\/posts"}],"about":[{"href":"https:\/\/www.altercampagne.net\/index.php?rest_route=\/wp\/v2\/types\/post"}],"author":[{"embeddable":true,"href":"https:\/\/www.altercampagne.net\/index.php?rest_route=\/wp\/v2\/users\/206"}],"replies":[{"embeddable":true,"href":"https:\/\/www.altercampagne.net\/index.php?rest_route=%2Fwp%2Fv2%2Fcomments&post=8000"}],"version-history":[{"count":0,"href":"https:\/\/www.altercampagne.net\/index.php?rest_route=\/wp\/v2\/posts\/8000\/revisions"}],"wp:featuredmedia":[{"embeddable":true,"href":"https:\/\/www.altercampagne.net\/index.php?rest_route=\/wp\/v2\/media\/9426"}],"wp:attachment":[{"href":"https:\/\/www.altercampagne.net\/index.php?rest_route=%2Fwp%2Fv2%2Fmedia&parent=8000"}],"wp:term":[{"taxonomy":"category","embeddable":true,"href":"https:\/\/www.altercampagne.net\/index.php?rest_route=%2Fwp%2Fv2%2Fcategories&post=8000"},{"taxonomy":"post_tag","embeddable":true,"href":"https:\/\/www.altercampagne.net\/index.php?rest_route=%2Fwp%2Fv2%2Ftags&post=8000"}],"curies":[{"name":"wp","href":"https:\/\/api.w.org\/{rel}","templated":true}]}}