{"id":804,"date":"2015-03-10T11:44:42","date_gmt":"2015-03-10T10:44:42","guid":{"rendered":"http:\/\/www.altercampagne.net\/?p=804"},"modified":"2015-03-19T15:33:54","modified_gmt":"2015-03-19T14:33:54","slug":"alterdro-3eme-rencontre-a-lorient","status":"publish","type":"post","link":"https:\/\/www.altercampagne.net\/?p=804","title":{"rendered":"Alter&rsquo;Dro 3\u00e8me rencontre \u00e0 Lorient"},"content":{"rendered":"<div>\n<p><a href=\"http:\/\/www.altercampagne.net\/wp-content\/uploads\/2015\/03\/2015-03-19-AlterDroBretagne.jpg\"><img loading=\"lazy\" decoding=\"async\" class=\"aligncenter wp-image-888 size-full\" src=\"http:\/\/www.altercampagne.net\/wp-content\/uploads\/2015\/03\/2015-03-19-AlterDroBretagne.jpg\" alt=\"\" width=\"900\" height=\"310\" srcset=\"https:\/\/www.altercampagne.net\/wp-content\/uploads\/2015\/03\/2015-03-19-AlterDroBretagne.jpg 900w, https:\/\/www.altercampagne.net\/wp-content\/uploads\/2015\/03\/2015-03-19-AlterDroBretagne-300x103.jpg 300w\" sizes=\"auto, (max-width: 900px) 100vw, 900px\" \/><\/a><\/p>\n<\/div>\n<div>La 3\u00e8me r\u00e9union de pr\u00e9paration de l&rsquo;Alter&rsquo;Dro \u00a0a permis aux (h)alt\u00e9rophiles bretons de d\u00e9finir le trac\u00e9 de leur p\u00e9riple \u00e0 v\u00e9lo ! A la grande majorit\u00e9 proche de l&rsquo;unanimit\u00e9 ou l&rsquo;inverse, il a \u00e9t\u00e9 d\u00e9cid\u00e9 de longer la c\u00f4te ! Nous partirons le jeudi midi de Quimper puis nous ferons une halte \u00e0 Concarneau, \u00e0 Pont Aven, \u00e0 Clohars Carno\u00ebt.<\/div>\n<div><\/div>\n<div>Nous arriverons \u00e0 Lorient le dimanche midi. Nous r\u00e9fl\u00e9chissons actuellement \u00e0 l&rsquo;id\u00e9e de pr\u00e9voir un d\u00e9jeuner sp\u00e9cial pour conclure ces 4 jours pass\u00e9s ensemble, \u00e0 base de pignons et autres cyclo aliments peut-\u00eatre ?<\/div>\n<div><\/div>\n<div>Concernant les \u00e9tapes interm\u00e9diaires, \u00a0des contacts ont d&rsquo;ores et d\u00e9j\u00e0 \u00e9t\u00e9 pris par t\u00e9l\u00e9phone avec les accueillants de chaque ville cit\u00e9e. Des rencontres vont permettre de pr\u00e9ciser les choses.\u00a0Des contacts ont \u00e9galement \u00e9t\u00e9 pris avec des maraichers pour pouvoir se ravitailler sur le trajet. Celui-ci\u00a0a \u00e9t\u00e9 divis\u00e9 en 3 parties\u00a0correspondant \u00ab\u00a0grosso modo\u00a0\u00bb aux 3 journ\u00e9es afin de r\u00e9partir \u00e9quitablement au sein du groupe les responsabilit\u00e9s de l&rsquo;organisation. Des id\u00e9es ont \u00e9t\u00e9 lanc\u00e9es pour trouver le logo de l&rsquo;Alter Dro 2015. (Histoire \u00e0 suivre&#8230;)<\/div>\n<div><\/div>\n<div><a href=\"http:\/\/www.altercampagne.net\/wp-content\/uploads\/2014\/11\/DSCN9313.jpg\"><img loading=\"lazy\" decoding=\"async\" class=\"alignnone size-medium wp-image-758\" src=\"http:\/\/www.altercampagne.net\/wp-content\/uploads\/2014\/11\/DSCN9313-300x225.jpg\" alt=\"alter'dro\" width=\"300\" height=\"225\" srcset=\"https:\/\/www.altercampagne.net\/wp-content\/uploads\/2014\/11\/DSCN9313-300x225.jpg 300w, https:\/\/www.altercampagne.net\/wp-content\/uploads\/2014\/11\/DSCN9313.jpg 1024w\" sizes=\"auto, (max-width: 300px) 100vw, 300px\" \/><\/a> <a href=\"http:\/\/www.altercampagne.net\/wp-content\/uploads\/2014\/11\/DSCN9310.jpg\"><img loading=\"lazy\" decoding=\"async\" class=\"alignnone size-medium wp-image-756\" src=\"http:\/\/www.altercampagne.net\/wp-content\/uploads\/2014\/11\/DSCN9310-300x225.jpg\" alt=\"alter'dro\" width=\"300\" height=\"225\" srcset=\"https:\/\/www.altercampagne.net\/wp-content\/uploads\/2014\/11\/DSCN9310-300x225.jpg 300w, https:\/\/www.altercampagne.net\/wp-content\/uploads\/2014\/11\/DSCN9310.jpg 1024w\" sizes=\"auto, (max-width: 300px) 100vw, 300px\" \/><\/a><\/div>\n","protected":false},"excerpt":{"rendered":"<p>La 3\u00e8me r\u00e9union de pr\u00e9paration de l&rsquo;Alter&rsquo;Dro \u00a0a permis aux (h)alt\u00e9rophiles bretons de d\u00e9finir le trac\u00e9 de leur p\u00e9riple \u00e0 v\u00e9lo ! A la grande majorit\u00e9 proche de l&rsquo;unanimit\u00e9 ou l&rsquo;inverse, il a \u00e9t\u00e9 d\u00e9cid\u00e9 de longer la c\u00f4te ! Nous partirons le jeudi midi de Quimper puis nous ferons &#8230; <\/p>\n<div><a href=\"https:\/\/www.altercampagne.net\/?p=804\" class=\"more-link\">Read More<\/a><\/div>\n","protected":false},"author":31,"featured_media":0,"comment_status":"closed","ping_status":"closed","sticky":false,"template":"","format":"standard","meta":{"footnotes":""},"categories":[1],"tags":[],"class_list":["post-804","post","type-post","status-publish","format-standard","hentry","category-non-classe","no-post-thumbnail"],"yoast_head":"<!-- This site is optimized with the Yoast SEO plugin v27.3 - https:\/\/yoast.com\/product\/yoast-seo-wordpress\/ -->\n<title>Alter&#039;Dro 3\u00e8me rencontre \u00e0 Lorient - AlterTour<\/title>\n<meta name=\"robots\" content=\"index, follow, max-snippet:-1, max-image-preview:large, max-video-preview:-1\" \/>\n<link rel=\"canonical\" href=\"https:\/\/www.altercampagne.net\/?p=804\" \/>\n<meta property=\"og:locale\" content=\"fr_FR\" \/>\n<meta property=\"og:type\" content=\"article\" \/>\n<meta property=\"og:title\" content=\"Alter&#039;Dro 3\u00e8me rencontre \u00e0 Lorient - AlterTour\" \/>\n<meta property=\"og:description\" content=\"La 3\u00e8me r\u00e9union de pr\u00e9paration de l&rsquo;Alter&rsquo;Dro \u00a0a permis aux (h)alt\u00e9rophiles bretons de d\u00e9finir le trac\u00e9 de leur p\u00e9riple \u00e0 v\u00e9lo ! A la grande majorit\u00e9 proche de l&rsquo;unanimit\u00e9 ou l&rsquo;inverse, il a \u00e9t\u00e9 d\u00e9cid\u00e9 de longer la c\u00f4te ! Nous partirons le jeudi midi de Quimper puis nous ferons ... Read More\" \/>\n<meta property=\"og:url\" content=\"https:\/\/www.altercampagne.net\/?p=804\" \/>\n<meta property=\"og:site_name\" content=\"AlterTour\" \/>\n<meta property=\"article:published_time\" content=\"2015-03-10T10:44:42+00:00\" \/>\n<meta property=\"article:modified_time\" content=\"2015-03-19T14:33:54+00:00\" \/>\n<meta property=\"og:image\" content=\"http:\/\/www.altercampagne.net\/wp-content\/uploads\/2015\/03\/2015-03-19-AlterDroBretagne.jpg\" \/>\n<meta name=\"author\" content=\"romain\" \/>\n<meta name=\"twitter:card\" content=\"summary_large_image\" \/>\n<meta name=\"twitter:label1\" content=\"\u00c9crit par\" \/>\n\t<meta name=\"twitter:data1\" content=\"romain\" \/>\n\t<meta name=\"twitter:label2\" content=\"Dur\u00e9e de lecture estim\u00e9e\" \/>\n\t<meta name=\"twitter:data2\" content=\"1 minute\" \/>\n<script type=\"application\/ld+json\" class=\"yoast-schema-graph\">{\"@context\":\"https:\\\/\\\/schema.org\",\"@graph\":[{\"@type\":\"Article\",\"@id\":\"https:\\\/\\\/www.altercampagne.net\\\/?p=804#article\",\"isPartOf\":{\"@id\":\"https:\\\/\\\/www.altercampagne.net\\\/?p=804\"},\"author\":{\"name\":\"romain\",\"@id\":\"https:\\\/\\\/www.altercampagne.net\\\/#\\\/schema\\\/person\\\/1af7a05974213f21e606cc2cd1df8387\"},\"headline\":\"Alter&rsquo;Dro 3\u00e8me rencontre \u00e0 Lorient\",\"datePublished\":\"2015-03-10T10:44:42+00:00\",\"dateModified\":\"2015-03-19T14:33:54+00:00\",\"mainEntityOfPage\":{\"@id\":\"https:\\\/\\\/www.altercampagne.net\\\/?p=804\"},\"wordCount\":207,\"image\":{\"@id\":\"https:\\\/\\\/www.altercampagne.net\\\/?p=804#primaryimage\"},\"thumbnailUrl\":\"http:\\\/\\\/www.altercampagne.net\\\/wp-content\\\/uploads\\\/2015\\\/03\\\/2015-03-19-AlterDroBretagne.jpg\",\"inLanguage\":\"fr-FR\"},{\"@type\":\"WebPage\",\"@id\":\"https:\\\/\\\/www.altercampagne.net\\\/?p=804\",\"url\":\"https:\\\/\\\/www.altercampagne.net\\\/?p=804\",\"name\":\"Alter'Dro 3\u00e8me rencontre \u00e0 Lorient - AlterTour\",\"isPartOf\":{\"@id\":\"https:\\\/\\\/www.altercampagne.net\\\/#website\"},\"primaryImageOfPage\":{\"@id\":\"https:\\\/\\\/www.altercampagne.net\\\/?p=804#primaryimage\"},\"image\":{\"@id\":\"https:\\\/\\\/www.altercampagne.net\\\/?p=804#primaryimage\"},\"thumbnailUrl\":\"http:\\\/\\\/www.altercampagne.net\\\/wp-content\\\/uploads\\\/2015\\\/03\\\/2015-03-19-AlterDroBretagne.jpg\",\"datePublished\":\"2015-03-10T10:44:42+00:00\",\"dateModified\":\"2015-03-19T14:33:54+00:00\",\"author\":{\"@id\":\"https:\\\/\\\/www.altercampagne.net\\\/#\\\/schema\\\/person\\\/1af7a05974213f21e606cc2cd1df8387\"},\"breadcrumb\":{\"@id\":\"https:\\\/\\\/www.altercampagne.net\\\/?p=804#breadcrumb\"},\"inLanguage\":\"fr-FR\",\"potentialAction\":[{\"@type\":\"ReadAction\",\"target\":[\"https:\\\/\\\/www.altercampagne.net\\\/?p=804\"]}]},{\"@type\":\"ImageObject\",\"inLanguage\":\"fr-FR\",\"@id\":\"https:\\\/\\\/www.altercampagne.net\\\/?p=804#primaryimage\",\"url\":\"https:\\\/\\\/www.altercampagne.net\\\/wp-content\\\/uploads\\\/2015\\\/03\\\/2015-03-19-AlterDroBretagne.jpg\",\"contentUrl\":\"https:\\\/\\\/www.altercampagne.net\\\/wp-content\\\/uploads\\\/2015\\\/03\\\/2015-03-19-AlterDroBretagne.jpg\",\"width\":900,\"height\":310,\"caption\":\"Pr\u00e9sentation de l'Alter'Dro\"},{\"@type\":\"BreadcrumbList\",\"@id\":\"https:\\\/\\\/www.altercampagne.net\\\/?p=804#breadcrumb\",\"itemListElement\":[{\"@type\":\"ListItem\",\"position\":1,\"name\":\"Accueil\",\"item\":\"https:\\\/\\\/www.altercampagne.net\\\/\"},{\"@type\":\"ListItem\",\"position\":2,\"name\":\"Alter&rsquo;Dro 3\u00e8me rencontre \u00e0 Lorient\"}]},{\"@type\":\"WebSite\",\"@id\":\"https:\\\/\\\/www.altercampagne.net\\\/#website\",\"url\":\"https:\\\/\\\/www.altercampagne.net\\\/\",\"name\":\"AlterTour\",\"description\":\"Reliez les Alternatives \u00e0 v\u00e9lo\",\"potentialAction\":[{\"@type\":\"SearchAction\",\"target\":{\"@type\":\"EntryPoint\",\"urlTemplate\":\"https:\\\/\\\/www.altercampagne.net\\\/?s={search_term_string}\"},\"query-input\":{\"@type\":\"PropertyValueSpecification\",\"valueRequired\":true,\"valueName\":\"search_term_string\"}}],\"inLanguage\":\"fr-FR\"},{\"@type\":\"Person\",\"@id\":\"https:\\\/\\\/www.altercampagne.net\\\/#\\\/schema\\\/person\\\/1af7a05974213f21e606cc2cd1df8387\",\"name\":\"romain\",\"image\":{\"@type\":\"ImageObject\",\"inLanguage\":\"fr-FR\",\"@id\":\"https:\\\/\\\/secure.gravatar.com\\\/avatar\\\/da687a4249035986390a579a26641c19f75e1c92ca6e6e9d72edc382b44df405?s=96&d=mm&r=g\",\"url\":\"https:\\\/\\\/secure.gravatar.com\\\/avatar\\\/da687a4249035986390a579a26641c19f75e1c92ca6e6e9d72edc382b44df405?s=96&d=mm&r=g\",\"contentUrl\":\"https:\\\/\\\/secure.gravatar.com\\\/avatar\\\/da687a4249035986390a579a26641c19f75e1c92ca6e6e9d72edc382b44df405?s=96&d=mm&r=g\",\"caption\":\"romain\"},\"url\":\"https:\\\/\\\/www.altercampagne.net\\\/?author=31\"}]}<\/script>\n<!-- \/ Yoast SEO plugin. -->","yoast_head_json":{"title":"Alter'Dro 3\u00e8me rencontre \u00e0 Lorient - AlterTour","robots":{"index":"index","follow":"follow","max-snippet":"max-snippet:-1","max-image-preview":"max-image-preview:large","max-video-preview":"max-video-preview:-1"},"canonical":"https:\/\/www.altercampagne.net\/?p=804","og_locale":"fr_FR","og_type":"article","og_title":"Alter'Dro 3\u00e8me rencontre \u00e0 Lorient - AlterTour","og_description":"La 3\u00e8me r\u00e9union de pr\u00e9paration de l&rsquo;Alter&rsquo;Dro \u00a0a permis aux (h)alt\u00e9rophiles bretons de d\u00e9finir le trac\u00e9 de leur p\u00e9riple \u00e0 v\u00e9lo ! A la grande majorit\u00e9 proche de l&rsquo;unanimit\u00e9 ou l&rsquo;inverse, il a \u00e9t\u00e9 d\u00e9cid\u00e9 de longer la c\u00f4te ! Nous partirons le jeudi midi de Quimper puis nous ferons ... Read More","og_url":"https:\/\/www.altercampagne.net\/?p=804","og_site_name":"AlterTour","article_published_time":"2015-03-10T10:44:42+00:00","article_modified_time":"2015-03-19T14:33:54+00:00","og_image":[{"url":"http:\/\/www.altercampagne.net\/wp-content\/uploads\/2015\/03\/2015-03-19-AlterDroBretagne.jpg","type":"","width":"","height":""}],"author":"romain","twitter_card":"summary_large_image","twitter_misc":{"\u00c9crit par":"romain","Dur\u00e9e de lecture estim\u00e9e":"1 minute"},"schema":{"@context":"https:\/\/schema.org","@graph":[{"@type":"Article","@id":"https:\/\/www.altercampagne.net\/?p=804#article","isPartOf":{"@id":"https:\/\/www.altercampagne.net\/?p=804"},"author":{"name":"romain","@id":"https:\/\/www.altercampagne.net\/#\/schema\/person\/1af7a05974213f21e606cc2cd1df8387"},"headline":"Alter&rsquo;Dro 3\u00e8me rencontre \u00e0 Lorient","datePublished":"2015-03-10T10:44:42+00:00","dateModified":"2015-03-19T14:33:54+00:00","mainEntityOfPage":{"@id":"https:\/\/www.altercampagne.net\/?p=804"},"wordCount":207,"image":{"@id":"https:\/\/www.altercampagne.net\/?p=804#primaryimage"},"thumbnailUrl":"http:\/\/www.altercampagne.net\/wp-content\/uploads\/2015\/03\/2015-03-19-AlterDroBretagne.jpg","inLanguage":"fr-FR"},{"@type":"WebPage","@id":"https:\/\/www.altercampagne.net\/?p=804","url":"https:\/\/www.altercampagne.net\/?p=804","name":"Alter'Dro 3\u00e8me rencontre \u00e0 Lorient - AlterTour","isPartOf":{"@id":"https:\/\/www.altercampagne.net\/#website"},"primaryImageOfPage":{"@id":"https:\/\/www.altercampagne.net\/?p=804#primaryimage"},"image":{"@id":"https:\/\/www.altercampagne.net\/?p=804#primaryimage"},"thumbnailUrl":"http:\/\/www.altercampagne.net\/wp-content\/uploads\/2015\/03\/2015-03-19-AlterDroBretagne.jpg","datePublished":"2015-03-10T10:44:42+00:00","dateModified":"2015-03-19T14:33:54+00:00","author":{"@id":"https:\/\/www.altercampagne.net\/#\/schema\/person\/1af7a05974213f21e606cc2cd1df8387"},"breadcrumb":{"@id":"https:\/\/www.altercampagne.net\/?p=804#breadcrumb"},"inLanguage":"fr-FR","potentialAction":[{"@type":"ReadAction","target":["https:\/\/www.altercampagne.net\/?p=804"]}]},{"@type":"ImageObject","inLanguage":"fr-FR","@id":"https:\/\/www.altercampagne.net\/?p=804#primaryimage","url":"https:\/\/www.altercampagne.net\/wp-content\/uploads\/2015\/03\/2015-03-19-AlterDroBretagne.jpg","contentUrl":"https:\/\/www.altercampagne.net\/wp-content\/uploads\/2015\/03\/2015-03-19-AlterDroBretagne.jpg","width":900,"height":310,"caption":"Pr\u00e9sentation de l'Alter'Dro"},{"@type":"BreadcrumbList","@id":"https:\/\/www.altercampagne.net\/?p=804#breadcrumb","itemListElement":[{"@type":"ListItem","position":1,"name":"Accueil","item":"https:\/\/www.altercampagne.net\/"},{"@type":"ListItem","position":2,"name":"Alter&rsquo;Dro 3\u00e8me rencontre \u00e0 Lorient"}]},{"@type":"WebSite","@id":"https:\/\/www.altercampagne.net\/#website","url":"https:\/\/www.altercampagne.net\/","name":"AlterTour","description":"Reliez les Alternatives \u00e0 v\u00e9lo","potentialAction":[{"@type":"SearchAction","target":{"@type":"EntryPoint","urlTemplate":"https:\/\/www.altercampagne.net\/?s={search_term_string}"},"query-input":{"@type":"PropertyValueSpecification","valueRequired":true,"valueName":"search_term_string"}}],"inLanguage":"fr-FR"},{"@type":"Person","@id":"https:\/\/www.altercampagne.net\/#\/schema\/person\/1af7a05974213f21e606cc2cd1df8387","name":"romain","image":{"@type":"ImageObject","inLanguage":"fr-FR","@id":"https:\/\/secure.gravatar.com\/avatar\/da687a4249035986390a579a26641c19f75e1c92ca6e6e9d72edc382b44df405?s=96&d=mm&r=g","url":"https:\/\/secure.gravatar.com\/avatar\/da687a4249035986390a579a26641c19f75e1c92ca6e6e9d72edc382b44df405?s=96&d=mm&r=g","contentUrl":"https:\/\/secure.gravatar.com\/avatar\/da687a4249035986390a579a26641c19f75e1c92ca6e6e9d72edc382b44df405?s=96&d=mm&r=g","caption":"romain"},"url":"https:\/\/www.altercampagne.net\/?author=31"}]}},"_links":{"self":[{"href":"https:\/\/www.altercampagne.net\/index.php?rest_route=\/wp\/v2\/posts\/804","targetHints":{"allow":["GET"]}}],"collection":[{"href":"https:\/\/www.altercampagne.net\/index.php?rest_route=\/wp\/v2\/posts"}],"about":[{"href":"https:\/\/www.altercampagne.net\/index.php?rest_route=\/wp\/v2\/types\/post"}],"author":[{"embeddable":true,"href":"https:\/\/www.altercampagne.net\/index.php?rest_route=\/wp\/v2\/users\/31"}],"replies":[{"embeddable":true,"href":"https:\/\/www.altercampagne.net\/index.php?rest_route=%2Fwp%2Fv2%2Fcomments&post=804"}],"version-history":[{"count":0,"href":"https:\/\/www.altercampagne.net\/index.php?rest_route=\/wp\/v2\/posts\/804\/revisions"}],"wp:attachment":[{"href":"https:\/\/www.altercampagne.net\/index.php?rest_route=%2Fwp%2Fv2%2Fmedia&parent=804"}],"wp:term":[{"taxonomy":"category","embeddable":true,"href":"https:\/\/www.altercampagne.net\/index.php?rest_route=%2Fwp%2Fv2%2Fcategories&post=804"},{"taxonomy":"post_tag","embeddable":true,"href":"https:\/\/www.altercampagne.net\/index.php?rest_route=%2Fwp%2Fv2%2Ftags&post=804"}],"curies":[{"name":"wp","href":"https:\/\/api.w.org\/{rel}","templated":true}]}}