{"id":8047,"date":"2017-10-23T12:10:31","date_gmt":"2017-10-23T10:10:31","guid":{"rendered":"http:\/\/www.altercampagne.net\/?p=8047"},"modified":"2018-03-25T11:05:34","modified_gmt":"2018-03-25T09:05:34","slug":"numero-de-silence-de-novembre-cuisines-en-transition","status":"publish","type":"post","link":"https:\/\/www.altercampagne.net\/?p=8047","title":{"rendered":"Num\u00e9ro de Silence de novembre : Cuisines en transition"},"content":{"rendered":"<p><span style=\"text-decoration: underline;\">Peut-on se passer de frigo<\/span> ?<br \/>\nLe frigo est le premier poste de consommation d&rsquo;\u00e9lectricit\u00e9 dans nos logements. Il existe des moyens d&rsquo;en limiter l&rsquo;usage, voire pour les plus d\u00e9termin\u00e9\u00b7es, de le supprimer.<\/p>\n<p><span style=\"text-decoration: underline;\">Le soleil aux fourneaux<\/span><br \/>\nLes cuiseurs solaires peuvent permettre, \u00e0 la belle saison, de mettre sa cuisini\u00e8re au repos et\/ou d&rsquo;\u00e9viter le recours aux barbecues.<\/p>\n<p><span style=\"text-decoration: underline;\">\u00c9conomiser sur les temps de cuisson<\/span><br \/>\nCan Decreix (la maison de la d\u00e9croissance en catalan) a r\u00e9alis\u00e9 un tableau qui vise \u00e0 diminuer les temps de cuisson des grains secs, afin d&rsquo;\u00e9conomiser l&rsquo;\u00e9nergie\u2026 ou de faciliter la cuisson \u00e0 l&rsquo;\u00e9nergie solaire.<\/p>\n<p><span style=\"text-decoration: underline;\">Les bicymachines : p\u00e9daler pour se passer d\u2019\u00e9lectricit\u00e9<\/span><br \/>\nPour faire fonctionner des appareils m\u00e9nagers sans \u00e9lectricit\u00e9, que cela soit par choix, par d\u00e9fi ou par obligation, on peut miser sur une \u00e9nergie renouvelable originale : la force de ses mollets. Place au v\u00e9lo-machine !<\/p>\n<p><span style=\"text-decoration: underline;\">La place des femmes et des hommes \u00e0 la cuisine<\/span><br \/>\nL&rsquo;am\u00e9nagement de l&rsquo;espace n&rsquo;est pas qu&rsquo;une question d&rsquo;esth\u00e9tique : il est porteur de sens. L&rsquo;espace de la cuisine, son am\u00e9nagement et son \u00e9quipement sont autant les r\u00e9sultats de rapports de genre que d&rsquo;une prise en compte plus ou moins grande de l&rsquo;\u00e9cologie.<\/p>\n<p><span style=\"text-decoration: underline;\">La marmite norv\u00e9gienne et la parabole solaire<\/span><br \/>\nT\u00e9moignages de tentatives pour une cuisson \u00e0 moindre consommation !<\/p>\n<p><strong>Des articles<\/strong><br \/>\nGrand vent de jeunesse sur le th\u00e9\u00e2tre !<br \/>\nClimat : d\u00e9sob\u00e9issance civile de masse contre l&rsquo;industrie fossile<br \/>\nMoisson d\u2019alternatives en Chine rurale<br \/>\nUne respiration hors de l\u2019\u00e9cole<br \/>\nCrispr-cas9 : prendre le monde comme labo<br \/>\nCherchez LA femme !<\/p>\n<p><strong>Des chroniques et des br\u00e8ves<\/strong><br \/>\nBonnes nouvelles de la Terre\u2009: Mutualiser le transport des produits, une bonne id\u00e9e pour les petits paysans<br \/>\nNucl\u00e9aire \u00e7a boum\u2009!\u2009: La Cor\u00e9e du Nord et le d\u00e9sarmement<br \/>\nL&rsquo;\u00e9cologie, c&rsquo;est la sant\u00e9\u2009: La sant\u00e9 environnementale au c\u0153ur des politiques de sant\u00e9 !<\/p>\n<p>Belle journ\u00e9e et bonne lecture !<\/p>\n<p>Retrouvez la Revue Silence en Biocoop et\/ou abonnez-vous directement sur leur site : <a href=\"http:\/\/www.revuesilence.net\/\" target=\"_blank\" rel=\"noopener\">http:\/\/www.revuesilence.net\/<\/a><\/p>\n<p><a href=\"http:\/\/www.altercampagne.net\/?attachment_id=8048\" rel=\"attachment wp-att-8048\"><img loading=\"lazy\" decoding=\"async\" class=\"size-full wp-image-8048 aligncenter\" src=\"http:\/\/www.altercampagne.net\/wp-content\/uploads\/2017\/12\/461BD.jpg\" alt=\"\" width=\"595\" height=\"842\" srcset=\"https:\/\/www.altercampagne.net\/wp-content\/uploads\/2017\/12\/461BD.jpg 595w, https:\/\/www.altercampagne.net\/wp-content\/uploads\/2017\/12\/461BD-212x300.jpg 212w\" sizes=\"auto, (max-width: 595px) 100vw, 595px\" \/><\/a><\/p>\n","protected":false},"excerpt":{"rendered":"<p>Peut-on se passer de frigo ? Le frigo est le premier poste de consommation d&rsquo;\u00e9lectricit\u00e9 dans nos logements. Il existe des moyens d&rsquo;en limiter l&rsquo;usage, voire pour les plus d\u00e9termin\u00e9\u00b7es, de le supprimer. Le soleil aux fourneaux Les cuiseurs solaires peuvent permettre, \u00e0 la belle saison, de mettre sa cuisini\u00e8re &#8230; <\/p>\n<div><a href=\"https:\/\/www.altercampagne.net\/?p=8047\" class=\"more-link\">Read More<\/a><\/div>\n","protected":false},"author":214,"featured_media":9412,"comment_status":"closed","ping_status":"closed","sticky":false,"template":"","format":"standard","meta":{"footnotes":""},"categories":[3248],"tags":[13,44,73,299,2724,2834,3243],"class_list":["post-8047","post","type-post","status-publish","format-standard","has-post-thumbnail","hentry","category-silence","tag-revue-silence","tag-climat","tag-transition","tag-desobeissance-civile","tag-silence","tag-novembre-2017","tag-cuisines-en-transition"],"yoast_head":"<!-- This site is optimized with the Yoast SEO plugin v27.3 - https:\/\/yoast.com\/product\/yoast-seo-wordpress\/ -->\n<title>Num\u00e9ro de Silence de novembre : Cuisines en transition - AlterTour<\/title>\n<meta name=\"robots\" content=\"index, follow, max-snippet:-1, max-image-preview:large, max-video-preview:-1\" \/>\n<link rel=\"canonical\" href=\"https:\/\/www.altercampagne.net\/?p=8047\" \/>\n<meta property=\"og:locale\" content=\"fr_FR\" \/>\n<meta property=\"og:type\" content=\"article\" \/>\n<meta property=\"og:title\" content=\"Num\u00e9ro de Silence de novembre : Cuisines en transition - AlterTour\" \/>\n<meta property=\"og:description\" content=\"Peut-on se passer de frigo ? Le frigo est le premier poste de consommation d&rsquo;\u00e9lectricit\u00e9 dans nos logements. Il existe des moyens d&rsquo;en limiter l&rsquo;usage, voire pour les plus d\u00e9termin\u00e9\u00b7es, de le supprimer. Le soleil aux fourneaux Les cuiseurs solaires peuvent permettre, \u00e0 la belle saison, de mettre sa cuisini\u00e8re ... Read More\" \/>\n<meta property=\"og:url\" content=\"https:\/\/www.altercampagne.net\/?p=8047\" \/>\n<meta property=\"og:site_name\" content=\"AlterTour\" \/>\n<meta property=\"article:published_time\" content=\"2017-10-23T10:10:31+00:00\" \/>\n<meta property=\"article:modified_time\" content=\"2018-03-25T09:05:34+00:00\" \/>\n<meta property=\"og:image\" content=\"https:\/\/www.altercampagne.net\/wp-content\/uploads\/2017\/10\/461BD-couv.jpg\" \/>\n\t<meta property=\"og:image:width\" content=\"595\" \/>\n\t<meta property=\"og:image:height\" content=\"310\" \/>\n\t<meta property=\"og:image:type\" content=\"image\/jpeg\" \/>\n<meta name=\"author\" content=\"Mathieu\" \/>\n<meta name=\"twitter:card\" content=\"summary_large_image\" \/>\n<meta name=\"twitter:label1\" content=\"\u00c9crit par\" \/>\n\t<meta name=\"twitter:data1\" content=\"Mathieu\" \/>\n\t<meta name=\"twitter:label2\" content=\"Dur\u00e9e de lecture estim\u00e9e\" \/>\n\t<meta name=\"twitter:data2\" content=\"2 minutes\" \/>\n<script type=\"application\/ld+json\" class=\"yoast-schema-graph\">{\"@context\":\"https:\\\/\\\/schema.org\",\"@graph\":[{\"@type\":\"Article\",\"@id\":\"https:\\\/\\\/www.altercampagne.net\\\/?p=8047#article\",\"isPartOf\":{\"@id\":\"https:\\\/\\\/www.altercampagne.net\\\/?p=8047\"},\"author\":{\"name\":\"Mathieu\",\"@id\":\"https:\\\/\\\/www.altercampagne.net\\\/#\\\/schema\\\/person\\\/0f261460c09e430caa0f9bcffa319109\"},\"headline\":\"Num\u00e9ro de Silence de novembre : Cuisines en transition\",\"datePublished\":\"2017-10-23T10:10:31+00:00\",\"dateModified\":\"2018-03-25T09:05:34+00:00\",\"mainEntityOfPage\":{\"@id\":\"https:\\\/\\\/www.altercampagne.net\\\/?p=8047\"},\"wordCount\":360,\"image\":{\"@id\":\"https:\\\/\\\/www.altercampagne.net\\\/?p=8047#primaryimage\"},\"thumbnailUrl\":\"https:\\\/\\\/www.altercampagne.net\\\/wp-content\\\/uploads\\\/2017\\\/10\\\/461BD-couv.jpg\",\"keywords\":[\"revue Silence\",\"climat\",\"Transition\",\"d\u00e9sob\u00e9issance civile\",\"silence\",\"novembre 2017\",\"Cuisines en transition\"],\"articleSection\":[\"Silence\"],\"inLanguage\":\"fr-FR\"},{\"@type\":\"WebPage\",\"@id\":\"https:\\\/\\\/www.altercampagne.net\\\/?p=8047\",\"url\":\"https:\\\/\\\/www.altercampagne.net\\\/?p=8047\",\"name\":\"Num\u00e9ro de Silence de novembre : Cuisines en transition - AlterTour\",\"isPartOf\":{\"@id\":\"https:\\\/\\\/www.altercampagne.net\\\/#website\"},\"primaryImageOfPage\":{\"@id\":\"https:\\\/\\\/www.altercampagne.net\\\/?p=8047#primaryimage\"},\"image\":{\"@id\":\"https:\\\/\\\/www.altercampagne.net\\\/?p=8047#primaryimage\"},\"thumbnailUrl\":\"https:\\\/\\\/www.altercampagne.net\\\/wp-content\\\/uploads\\\/2017\\\/10\\\/461BD-couv.jpg\",\"datePublished\":\"2017-10-23T10:10:31+00:00\",\"dateModified\":\"2018-03-25T09:05:34+00:00\",\"author\":{\"@id\":\"https:\\\/\\\/www.altercampagne.net\\\/#\\\/schema\\\/person\\\/0f261460c09e430caa0f9bcffa319109\"},\"breadcrumb\":{\"@id\":\"https:\\\/\\\/www.altercampagne.net\\\/?p=8047#breadcrumb\"},\"inLanguage\":\"fr-FR\",\"potentialAction\":[{\"@type\":\"ReadAction\",\"target\":[\"https:\\\/\\\/www.altercampagne.net\\\/?p=8047\"]}]},{\"@type\":\"ImageObject\",\"inLanguage\":\"fr-FR\",\"@id\":\"https:\\\/\\\/www.altercampagne.net\\\/?p=8047#primaryimage\",\"url\":\"https:\\\/\\\/www.altercampagne.net\\\/wp-content\\\/uploads\\\/2017\\\/10\\\/461BD-couv.jpg\",\"contentUrl\":\"https:\\\/\\\/www.altercampagne.net\\\/wp-content\\\/uploads\\\/2017\\\/10\\\/461BD-couv.jpg\",\"width\":595,\"height\":310},{\"@type\":\"BreadcrumbList\",\"@id\":\"https:\\\/\\\/www.altercampagne.net\\\/?p=8047#breadcrumb\",\"itemListElement\":[{\"@type\":\"ListItem\",\"position\":1,\"name\":\"Accueil\",\"item\":\"https:\\\/\\\/www.altercampagne.net\\\/\"},{\"@type\":\"ListItem\",\"position\":2,\"name\":\"Num\u00e9ro de Silence de novembre : Cuisines en transition\"}]},{\"@type\":\"WebSite\",\"@id\":\"https:\\\/\\\/www.altercampagne.net\\\/#website\",\"url\":\"https:\\\/\\\/www.altercampagne.net\\\/\",\"name\":\"AlterTour\",\"description\":\"Reliez les Alternatives \u00e0 v\u00e9lo\",\"potentialAction\":[{\"@type\":\"SearchAction\",\"target\":{\"@type\":\"EntryPoint\",\"urlTemplate\":\"https:\\\/\\\/www.altercampagne.net\\\/?s={search_term_string}\"},\"query-input\":{\"@type\":\"PropertyValueSpecification\",\"valueRequired\":true,\"valueName\":\"search_term_string\"}}],\"inLanguage\":\"fr-FR\"},{\"@type\":\"Person\",\"@id\":\"https:\\\/\\\/www.altercampagne.net\\\/#\\\/schema\\\/person\\\/0f261460c09e430caa0f9bcffa319109\",\"name\":\"Mathieu\",\"image\":{\"@type\":\"ImageObject\",\"inLanguage\":\"fr-FR\",\"@id\":\"https:\\\/\\\/secure.gravatar.com\\\/avatar\\\/aa9d3d24c83f2141e5e2709d0f63d09a99f6be6bb7a50abc4915838d9f54501a?s=96&d=mm&r=g\",\"url\":\"https:\\\/\\\/secure.gravatar.com\\\/avatar\\\/aa9d3d24c83f2141e5e2709d0f63d09a99f6be6bb7a50abc4915838d9f54501a?s=96&d=mm&r=g\",\"contentUrl\":\"https:\\\/\\\/secure.gravatar.com\\\/avatar\\\/aa9d3d24c83f2141e5e2709d0f63d09a99f6be6bb7a50abc4915838d9f54501a?s=96&d=mm&r=g\",\"caption\":\"Mathieu\"},\"url\":\"https:\\\/\\\/www.altercampagne.net\\\/?author=214\"}]}<\/script>\n<!-- \/ Yoast SEO plugin. -->","yoast_head_json":{"title":"Num\u00e9ro de Silence de novembre : Cuisines en transition - AlterTour","robots":{"index":"index","follow":"follow","max-snippet":"max-snippet:-1","max-image-preview":"max-image-preview:large","max-video-preview":"max-video-preview:-1"},"canonical":"https:\/\/www.altercampagne.net\/?p=8047","og_locale":"fr_FR","og_type":"article","og_title":"Num\u00e9ro de Silence de novembre : Cuisines en transition - AlterTour","og_description":"Peut-on se passer de frigo ? Le frigo est le premier poste de consommation d&rsquo;\u00e9lectricit\u00e9 dans nos logements. Il existe des moyens d&rsquo;en limiter l&rsquo;usage, voire pour les plus d\u00e9termin\u00e9\u00b7es, de le supprimer. Le soleil aux fourneaux Les cuiseurs solaires peuvent permettre, \u00e0 la belle saison, de mettre sa cuisini\u00e8re ... Read More","og_url":"https:\/\/www.altercampagne.net\/?p=8047","og_site_name":"AlterTour","article_published_time":"2017-10-23T10:10:31+00:00","article_modified_time":"2018-03-25T09:05:34+00:00","og_image":[{"width":595,"height":310,"url":"https:\/\/www.altercampagne.net\/wp-content\/uploads\/2017\/10\/461BD-couv.jpg","type":"image\/jpeg"}],"author":"Mathieu","twitter_card":"summary_large_image","twitter_misc":{"\u00c9crit par":"Mathieu","Dur\u00e9e de lecture estim\u00e9e":"2 minutes"},"schema":{"@context":"https:\/\/schema.org","@graph":[{"@type":"Article","@id":"https:\/\/www.altercampagne.net\/?p=8047#article","isPartOf":{"@id":"https:\/\/www.altercampagne.net\/?p=8047"},"author":{"name":"Mathieu","@id":"https:\/\/www.altercampagne.net\/#\/schema\/person\/0f261460c09e430caa0f9bcffa319109"},"headline":"Num\u00e9ro de Silence de novembre : Cuisines en transition","datePublished":"2017-10-23T10:10:31+00:00","dateModified":"2018-03-25T09:05:34+00:00","mainEntityOfPage":{"@id":"https:\/\/www.altercampagne.net\/?p=8047"},"wordCount":360,"image":{"@id":"https:\/\/www.altercampagne.net\/?p=8047#primaryimage"},"thumbnailUrl":"https:\/\/www.altercampagne.net\/wp-content\/uploads\/2017\/10\/461BD-couv.jpg","keywords":["revue Silence","climat","Transition","d\u00e9sob\u00e9issance civile","silence","novembre 2017","Cuisines en transition"],"articleSection":["Silence"],"inLanguage":"fr-FR"},{"@type":"WebPage","@id":"https:\/\/www.altercampagne.net\/?p=8047","url":"https:\/\/www.altercampagne.net\/?p=8047","name":"Num\u00e9ro de Silence de novembre : Cuisines en transition - AlterTour","isPartOf":{"@id":"https:\/\/www.altercampagne.net\/#website"},"primaryImageOfPage":{"@id":"https:\/\/www.altercampagne.net\/?p=8047#primaryimage"},"image":{"@id":"https:\/\/www.altercampagne.net\/?p=8047#primaryimage"},"thumbnailUrl":"https:\/\/www.altercampagne.net\/wp-content\/uploads\/2017\/10\/461BD-couv.jpg","datePublished":"2017-10-23T10:10:31+00:00","dateModified":"2018-03-25T09:05:34+00:00","author":{"@id":"https:\/\/www.altercampagne.net\/#\/schema\/person\/0f261460c09e430caa0f9bcffa319109"},"breadcrumb":{"@id":"https:\/\/www.altercampagne.net\/?p=8047#breadcrumb"},"inLanguage":"fr-FR","potentialAction":[{"@type":"ReadAction","target":["https:\/\/www.altercampagne.net\/?p=8047"]}]},{"@type":"ImageObject","inLanguage":"fr-FR","@id":"https:\/\/www.altercampagne.net\/?p=8047#primaryimage","url":"https:\/\/www.altercampagne.net\/wp-content\/uploads\/2017\/10\/461BD-couv.jpg","contentUrl":"https:\/\/www.altercampagne.net\/wp-content\/uploads\/2017\/10\/461BD-couv.jpg","width":595,"height":310},{"@type":"BreadcrumbList","@id":"https:\/\/www.altercampagne.net\/?p=8047#breadcrumb","itemListElement":[{"@type":"ListItem","position":1,"name":"Accueil","item":"https:\/\/www.altercampagne.net\/"},{"@type":"ListItem","position":2,"name":"Num\u00e9ro de Silence de novembre : Cuisines en transition"}]},{"@type":"WebSite","@id":"https:\/\/www.altercampagne.net\/#website","url":"https:\/\/www.altercampagne.net\/","name":"AlterTour","description":"Reliez les Alternatives \u00e0 v\u00e9lo","potentialAction":[{"@type":"SearchAction","target":{"@type":"EntryPoint","urlTemplate":"https:\/\/www.altercampagne.net\/?s={search_term_string}"},"query-input":{"@type":"PropertyValueSpecification","valueRequired":true,"valueName":"search_term_string"}}],"inLanguage":"fr-FR"},{"@type":"Person","@id":"https:\/\/www.altercampagne.net\/#\/schema\/person\/0f261460c09e430caa0f9bcffa319109","name":"Mathieu","image":{"@type":"ImageObject","inLanguage":"fr-FR","@id":"https:\/\/secure.gravatar.com\/avatar\/aa9d3d24c83f2141e5e2709d0f63d09a99f6be6bb7a50abc4915838d9f54501a?s=96&d=mm&r=g","url":"https:\/\/secure.gravatar.com\/avatar\/aa9d3d24c83f2141e5e2709d0f63d09a99f6be6bb7a50abc4915838d9f54501a?s=96&d=mm&r=g","contentUrl":"https:\/\/secure.gravatar.com\/avatar\/aa9d3d24c83f2141e5e2709d0f63d09a99f6be6bb7a50abc4915838d9f54501a?s=96&d=mm&r=g","caption":"Mathieu"},"url":"https:\/\/www.altercampagne.net\/?author=214"}]}},"_links":{"self":[{"href":"https:\/\/www.altercampagne.net\/index.php?rest_route=\/wp\/v2\/posts\/8047","targetHints":{"allow":["GET"]}}],"collection":[{"href":"https:\/\/www.altercampagne.net\/index.php?rest_route=\/wp\/v2\/posts"}],"about":[{"href":"https:\/\/www.altercampagne.net\/index.php?rest_route=\/wp\/v2\/types\/post"}],"author":[{"embeddable":true,"href":"https:\/\/www.altercampagne.net\/index.php?rest_route=\/wp\/v2\/users\/214"}],"replies":[{"embeddable":true,"href":"https:\/\/www.altercampagne.net\/index.php?rest_route=%2Fwp%2Fv2%2Fcomments&post=8047"}],"version-history":[{"count":0,"href":"https:\/\/www.altercampagne.net\/index.php?rest_route=\/wp\/v2\/posts\/8047\/revisions"}],"wp:featuredmedia":[{"embeddable":true,"href":"https:\/\/www.altercampagne.net\/index.php?rest_route=\/wp\/v2\/media\/9412"}],"wp:attachment":[{"href":"https:\/\/www.altercampagne.net\/index.php?rest_route=%2Fwp%2Fv2%2Fmedia&parent=8047"}],"wp:term":[{"taxonomy":"category","embeddable":true,"href":"https:\/\/www.altercampagne.net\/index.php?rest_route=%2Fwp%2Fv2%2Fcategories&post=8047"},{"taxonomy":"post_tag","embeddable":true,"href":"https:\/\/www.altercampagne.net\/index.php?rest_route=%2Fwp%2Fv2%2Ftags&post=8047"}],"curies":[{"name":"wp","href":"https:\/\/api.w.org\/{rel}","templated":true}]}}