{"id":8053,"date":"2017-11-20T13:24:34","date_gmt":"2017-11-20T12:24:34","guid":{"rendered":"http:\/\/www.altercampagne.net\/?p=8053"},"modified":"2018-03-25T11:04:53","modified_gmt":"2018-03-25T09:04:53","slug":"numero-de-silence-de-decembre-les-nouveaux-visages-de-lhabitat-participatif","status":"publish","type":"post","link":"https:\/\/www.altercampagne.net\/?p=8053","title":{"rendered":"Num\u00e9ro de Silence de d\u00e9cembre : Les nouveaux visages de l\u2019habitat participatif"},"content":{"rendered":"<p><span style=\"text-decoration: underline;\">Abricoop, une coop\u00e9rative d\u2019habitant\u00b7es sort de terre<\/span><br \/>\nHabiter autrement les villes, acc\u00e9der \u00e0 la propri\u00e9t\u00e9 quand on n\u2019a pas de tr\u00e8s gros moyens et partager avec ses voisin\u00b7es : c\u2019est l\u2019aventure dans laquelle s\u2019est lanc\u00e9e l&rsquo;association toulousaine La Jeune Pousse en cr\u00e9ant la coop\u00e9rative d&rsquo;habitant\u00b7es Abricoop, qui ouvre ses portes durant l&rsquo;hiver 2017-2018.<\/p>\n<p><span style=\"text-decoration: underline;\">Carte de France des membres de la Coordin&rsquo;action nationale des associations de l&rsquo;habitat participatif<\/span><\/p>\n<p><span style=\"text-decoration: underline;\">Un r\u00e9seau national pour habiter autrement<\/span><br \/>\nC\u00e9cile Viallon, membre de la Coordin&rsquo;action nationale des associations de l&rsquo;habitat participatif, revient pour Silence sur ce r\u00e9seau et sur la dynamique nationale en faveur de l&rsquo;habitat participatif.<\/p>\n<p><span style=\"text-decoration: underline;\">La coop\u00e9rative immobili\u00e8re : demain, on loge gratis ?<\/span><br \/>\nAcheter ou louer, le choix n\u2019est gu\u00e8re enthousiasmant. Les coop\u00e9ratives d\u2019habitant\u00b7es constituent une alternative r\u00e9jouissante pour sortir de la sp\u00e9culation immobili\u00e8re. Mais seront-elles suffisantes ? La coop\u00e9rative immobili\u00e8re se donne pour but de sortir des logements du march\u00e9 immobilier.<\/p>\n<p><span style=\"text-decoration: underline;\">\u00ab\u00a0Inventer une nouvelle fa\u00e7on d&rsquo;habiter et de vivre\u00a0\u00bb<\/span><br \/>\nDans son livre Commun Village, Anne Bruneau pr\u00e9sente un habitat group\u00e9 imaginaire abordant les diff\u00e9rentes questions qui se posent autour de ce genre de pratiques. Elle s&rsquo;est inspir\u00e9e pour cela de 25 lieux ayant r\u00e9ellement exist\u00e9.<\/p>\n<p><strong>Des articles<\/strong><br \/>\nMon \u00e9cole en paille<br \/>\nLa parole fraternelle de Patrick Chamoiseau<br \/>\nZ\u00e9ro d\u00e9chet : puis-je amener mon propre contenant chez mon commer\u00e7ant ?<br \/>\nRetour \u00e0 la Chanvri\u00e8re du B\u00e9lon<br \/>\nSemer des lettres, r\u00e9colter l\u2019\u00e9change<br \/>\nAux enfants<br \/>\nPour une poign\u00e9e de degr\u00e9s<\/p>\n<p><strong>Des chroniques et des br\u00e8ves<\/strong><br \/>\nBonnes nouvelles de la Terre\u2009: Fermes d\u2019avenir : grandes ambitions, grandes interrogations<br \/>\nNucl\u00e9aire \u00e7a boum\u2009!\u2009: Nous avons le prix Nobel\u2009!<br \/>\nEn direct de nos colonies\u2009: Congo : le silence de la France<br \/>\nL&rsquo;\u00e9cologie, c&rsquo;est la sant\u00e9\u2009: Perturbateurs endocriniens : heureusement le Parlement europ\u00e9en veille !<\/p>\n<p>Belle journ\u00e9e et bonne lecture !<\/p>\n<p>Retrouvez la Revue Silence en Biocoop et\/ou abonnez-vous directement sur leur site : <a href=\"http:\/\/www.revuesilence.net\/\" target=\"_blank\" rel=\"noopener\">http:\/\/www.revuesilence.net\/<\/a><\/p>\n<p><a href=\"http:\/\/www.altercampagne.net\/?attachment_id=8054\" rel=\"attachment wp-att-8054\"><img loading=\"lazy\" decoding=\"async\" class=\"size-full wp-image-8054 aligncenter\" src=\"http:\/\/www.altercampagne.net\/wp-content\/uploads\/2017\/12\/462bd.jpg\" alt=\"\" width=\"595\" height=\"842\" srcset=\"https:\/\/www.altercampagne.net\/wp-content\/uploads\/2017\/12\/462bd.jpg 595w, https:\/\/www.altercampagne.net\/wp-content\/uploads\/2017\/12\/462bd-212x300.jpg 212w\" sizes=\"auto, (max-width: 595px) 100vw, 595px\" \/><\/a><\/p>\n","protected":false},"excerpt":{"rendered":"<p>Abricoop, une coop\u00e9rative d\u2019habitant\u00b7es sort de terre Habiter autrement les villes, acc\u00e9der \u00e0 la propri\u00e9t\u00e9 quand on n\u2019a pas de tr\u00e8s gros moyens et partager avec ses voisin\u00b7es : c\u2019est l\u2019aventure dans laquelle s\u2019est lanc\u00e9e l&rsquo;association toulousaine La Jeune Pousse en cr\u00e9ant la coop\u00e9rative d&rsquo;habitant\u00b7es Abricoop, qui ouvre ses portes &#8230; <\/p>\n<div><a href=\"https:\/\/www.altercampagne.net\/?p=8053\" class=\"more-link\">Read More<\/a><\/div>\n","protected":false},"author":214,"featured_media":9410,"comment_status":"closed","ping_status":"closed","sticky":false,"template":"","format":"standard","meta":{"footnotes":""},"categories":[3248],"tags":[13,2724,3244],"class_list":["post-8053","post","type-post","status-publish","format-standard","has-post-thumbnail","hentry","category-silence","tag-revue-silence","tag-silence","tag-decembre-2017"],"yoast_head":"<!-- This site is optimized with the Yoast SEO plugin v27.3 - https:\/\/yoast.com\/product\/yoast-seo-wordpress\/ -->\n<title>Num\u00e9ro de Silence de d\u00e9cembre : Les nouveaux visages de l\u2019habitat participatif - AlterTour<\/title>\n<meta name=\"robots\" content=\"index, follow, max-snippet:-1, max-image-preview:large, max-video-preview:-1\" \/>\n<link rel=\"canonical\" href=\"https:\/\/www.altercampagne.net\/?p=8053\" \/>\n<meta property=\"og:locale\" content=\"fr_FR\" \/>\n<meta property=\"og:type\" content=\"article\" \/>\n<meta property=\"og:title\" content=\"Num\u00e9ro de Silence de d\u00e9cembre : Les nouveaux visages de l\u2019habitat participatif - AlterTour\" \/>\n<meta property=\"og:description\" content=\"Abricoop, une coop\u00e9rative d\u2019habitant\u00b7es sort de terre Habiter autrement les villes, acc\u00e9der \u00e0 la propri\u00e9t\u00e9 quand on n\u2019a pas de tr\u00e8s gros moyens et partager avec ses voisin\u00b7es : c\u2019est l\u2019aventure dans laquelle s\u2019est lanc\u00e9e l&rsquo;association toulousaine La Jeune Pousse en cr\u00e9ant la coop\u00e9rative d&rsquo;habitant\u00b7es Abricoop, qui ouvre ses portes ... Read More\" \/>\n<meta property=\"og:url\" content=\"https:\/\/www.altercampagne.net\/?p=8053\" \/>\n<meta property=\"og:site_name\" content=\"AlterTour\" \/>\n<meta property=\"article:published_time\" content=\"2017-11-20T12:24:34+00:00\" \/>\n<meta property=\"article:modified_time\" content=\"2018-03-25T09:04:53+00:00\" \/>\n<meta property=\"og:image\" content=\"https:\/\/www.altercampagne.net\/wp-content\/uploads\/2017\/11\/462bd-couv.jpg\" \/>\n\t<meta property=\"og:image:width\" content=\"595\" \/>\n\t<meta property=\"og:image:height\" content=\"310\" \/>\n\t<meta property=\"og:image:type\" content=\"image\/jpeg\" \/>\n<meta name=\"author\" content=\"Mathieu\" \/>\n<meta name=\"twitter:card\" content=\"summary_large_image\" \/>\n<meta name=\"twitter:label1\" content=\"\u00c9crit par\" \/>\n\t<meta name=\"twitter:data1\" content=\"Mathieu\" \/>\n\t<meta name=\"twitter:label2\" content=\"Dur\u00e9e de lecture estim\u00e9e\" \/>\n\t<meta name=\"twitter:data2\" content=\"2 minutes\" \/>\n<script type=\"application\/ld+json\" class=\"yoast-schema-graph\">{\"@context\":\"https:\\\/\\\/schema.org\",\"@graph\":[{\"@type\":\"Article\",\"@id\":\"https:\\\/\\\/www.altercampagne.net\\\/?p=8053#article\",\"isPartOf\":{\"@id\":\"https:\\\/\\\/www.altercampagne.net\\\/?p=8053\"},\"author\":{\"name\":\"Mathieu\",\"@id\":\"https:\\\/\\\/www.altercampagne.net\\\/#\\\/schema\\\/person\\\/0f261460c09e430caa0f9bcffa319109\"},\"headline\":\"Num\u00e9ro de Silence de d\u00e9cembre : Les nouveaux visages de l\u2019habitat participatif\",\"datePublished\":\"2017-11-20T12:24:34+00:00\",\"dateModified\":\"2018-03-25T09:04:53+00:00\",\"mainEntityOfPage\":{\"@id\":\"https:\\\/\\\/www.altercampagne.net\\\/?p=8053\"},\"wordCount\":369,\"image\":{\"@id\":\"https:\\\/\\\/www.altercampagne.net\\\/?p=8053#primaryimage\"},\"thumbnailUrl\":\"https:\\\/\\\/www.altercampagne.net\\\/wp-content\\\/uploads\\\/2017\\\/11\\\/462bd-couv.jpg\",\"keywords\":[\"revue Silence\",\"silence\",\"d\u00e9cembre 2017\"],\"articleSection\":[\"Silence\"],\"inLanguage\":\"fr-FR\"},{\"@type\":\"WebPage\",\"@id\":\"https:\\\/\\\/www.altercampagne.net\\\/?p=8053\",\"url\":\"https:\\\/\\\/www.altercampagne.net\\\/?p=8053\",\"name\":\"Num\u00e9ro de Silence de d\u00e9cembre : Les nouveaux visages de l\u2019habitat participatif - AlterTour\",\"isPartOf\":{\"@id\":\"https:\\\/\\\/www.altercampagne.net\\\/#website\"},\"primaryImageOfPage\":{\"@id\":\"https:\\\/\\\/www.altercampagne.net\\\/?p=8053#primaryimage\"},\"image\":{\"@id\":\"https:\\\/\\\/www.altercampagne.net\\\/?p=8053#primaryimage\"},\"thumbnailUrl\":\"https:\\\/\\\/www.altercampagne.net\\\/wp-content\\\/uploads\\\/2017\\\/11\\\/462bd-couv.jpg\",\"datePublished\":\"2017-11-20T12:24:34+00:00\",\"dateModified\":\"2018-03-25T09:04:53+00:00\",\"author\":{\"@id\":\"https:\\\/\\\/www.altercampagne.net\\\/#\\\/schema\\\/person\\\/0f261460c09e430caa0f9bcffa319109\"},\"breadcrumb\":{\"@id\":\"https:\\\/\\\/www.altercampagne.net\\\/?p=8053#breadcrumb\"},\"inLanguage\":\"fr-FR\",\"potentialAction\":[{\"@type\":\"ReadAction\",\"target\":[\"https:\\\/\\\/www.altercampagne.net\\\/?p=8053\"]}]},{\"@type\":\"ImageObject\",\"inLanguage\":\"fr-FR\",\"@id\":\"https:\\\/\\\/www.altercampagne.net\\\/?p=8053#primaryimage\",\"url\":\"https:\\\/\\\/www.altercampagne.net\\\/wp-content\\\/uploads\\\/2017\\\/11\\\/462bd-couv.jpg\",\"contentUrl\":\"https:\\\/\\\/www.altercampagne.net\\\/wp-content\\\/uploads\\\/2017\\\/11\\\/462bd-couv.jpg\",\"width\":595,\"height\":310},{\"@type\":\"BreadcrumbList\",\"@id\":\"https:\\\/\\\/www.altercampagne.net\\\/?p=8053#breadcrumb\",\"itemListElement\":[{\"@type\":\"ListItem\",\"position\":1,\"name\":\"Accueil\",\"item\":\"https:\\\/\\\/www.altercampagne.net\\\/\"},{\"@type\":\"ListItem\",\"position\":2,\"name\":\"Num\u00e9ro de Silence de d\u00e9cembre : Les nouveaux visages de l\u2019habitat participatif\"}]},{\"@type\":\"WebSite\",\"@id\":\"https:\\\/\\\/www.altercampagne.net\\\/#website\",\"url\":\"https:\\\/\\\/www.altercampagne.net\\\/\",\"name\":\"AlterTour\",\"description\":\"Reliez les Alternatives \u00e0 v\u00e9lo\",\"potentialAction\":[{\"@type\":\"SearchAction\",\"target\":{\"@type\":\"EntryPoint\",\"urlTemplate\":\"https:\\\/\\\/www.altercampagne.net\\\/?s={search_term_string}\"},\"query-input\":{\"@type\":\"PropertyValueSpecification\",\"valueRequired\":true,\"valueName\":\"search_term_string\"}}],\"inLanguage\":\"fr-FR\"},{\"@type\":\"Person\",\"@id\":\"https:\\\/\\\/www.altercampagne.net\\\/#\\\/schema\\\/person\\\/0f261460c09e430caa0f9bcffa319109\",\"name\":\"Mathieu\",\"image\":{\"@type\":\"ImageObject\",\"inLanguage\":\"fr-FR\",\"@id\":\"https:\\\/\\\/secure.gravatar.com\\\/avatar\\\/aa9d3d24c83f2141e5e2709d0f63d09a99f6be6bb7a50abc4915838d9f54501a?s=96&d=mm&r=g\",\"url\":\"https:\\\/\\\/secure.gravatar.com\\\/avatar\\\/aa9d3d24c83f2141e5e2709d0f63d09a99f6be6bb7a50abc4915838d9f54501a?s=96&d=mm&r=g\",\"contentUrl\":\"https:\\\/\\\/secure.gravatar.com\\\/avatar\\\/aa9d3d24c83f2141e5e2709d0f63d09a99f6be6bb7a50abc4915838d9f54501a?s=96&d=mm&r=g\",\"caption\":\"Mathieu\"},\"url\":\"https:\\\/\\\/www.altercampagne.net\\\/?author=214\"}]}<\/script>\n<!-- \/ Yoast SEO plugin. -->","yoast_head_json":{"title":"Num\u00e9ro de Silence de d\u00e9cembre : Les nouveaux visages de l\u2019habitat participatif - AlterTour","robots":{"index":"index","follow":"follow","max-snippet":"max-snippet:-1","max-image-preview":"max-image-preview:large","max-video-preview":"max-video-preview:-1"},"canonical":"https:\/\/www.altercampagne.net\/?p=8053","og_locale":"fr_FR","og_type":"article","og_title":"Num\u00e9ro de Silence de d\u00e9cembre : Les nouveaux visages de l\u2019habitat participatif - AlterTour","og_description":"Abricoop, une coop\u00e9rative d\u2019habitant\u00b7es sort de terre Habiter autrement les villes, acc\u00e9der \u00e0 la propri\u00e9t\u00e9 quand on n\u2019a pas de tr\u00e8s gros moyens et partager avec ses voisin\u00b7es : c\u2019est l\u2019aventure dans laquelle s\u2019est lanc\u00e9e l&rsquo;association toulousaine La Jeune Pousse en cr\u00e9ant la coop\u00e9rative d&rsquo;habitant\u00b7es Abricoop, qui ouvre ses portes ... Read More","og_url":"https:\/\/www.altercampagne.net\/?p=8053","og_site_name":"AlterTour","article_published_time":"2017-11-20T12:24:34+00:00","article_modified_time":"2018-03-25T09:04:53+00:00","og_image":[{"width":595,"height":310,"url":"https:\/\/www.altercampagne.net\/wp-content\/uploads\/2017\/11\/462bd-couv.jpg","type":"image\/jpeg"}],"author":"Mathieu","twitter_card":"summary_large_image","twitter_misc":{"\u00c9crit par":"Mathieu","Dur\u00e9e de lecture estim\u00e9e":"2 minutes"},"schema":{"@context":"https:\/\/schema.org","@graph":[{"@type":"Article","@id":"https:\/\/www.altercampagne.net\/?p=8053#article","isPartOf":{"@id":"https:\/\/www.altercampagne.net\/?p=8053"},"author":{"name":"Mathieu","@id":"https:\/\/www.altercampagne.net\/#\/schema\/person\/0f261460c09e430caa0f9bcffa319109"},"headline":"Num\u00e9ro de Silence de d\u00e9cembre : Les nouveaux visages de l\u2019habitat participatif","datePublished":"2017-11-20T12:24:34+00:00","dateModified":"2018-03-25T09:04:53+00:00","mainEntityOfPage":{"@id":"https:\/\/www.altercampagne.net\/?p=8053"},"wordCount":369,"image":{"@id":"https:\/\/www.altercampagne.net\/?p=8053#primaryimage"},"thumbnailUrl":"https:\/\/www.altercampagne.net\/wp-content\/uploads\/2017\/11\/462bd-couv.jpg","keywords":["revue Silence","silence","d\u00e9cembre 2017"],"articleSection":["Silence"],"inLanguage":"fr-FR"},{"@type":"WebPage","@id":"https:\/\/www.altercampagne.net\/?p=8053","url":"https:\/\/www.altercampagne.net\/?p=8053","name":"Num\u00e9ro de Silence de d\u00e9cembre : Les nouveaux visages de l\u2019habitat participatif - AlterTour","isPartOf":{"@id":"https:\/\/www.altercampagne.net\/#website"},"primaryImageOfPage":{"@id":"https:\/\/www.altercampagne.net\/?p=8053#primaryimage"},"image":{"@id":"https:\/\/www.altercampagne.net\/?p=8053#primaryimage"},"thumbnailUrl":"https:\/\/www.altercampagne.net\/wp-content\/uploads\/2017\/11\/462bd-couv.jpg","datePublished":"2017-11-20T12:24:34+00:00","dateModified":"2018-03-25T09:04:53+00:00","author":{"@id":"https:\/\/www.altercampagne.net\/#\/schema\/person\/0f261460c09e430caa0f9bcffa319109"},"breadcrumb":{"@id":"https:\/\/www.altercampagne.net\/?p=8053#breadcrumb"},"inLanguage":"fr-FR","potentialAction":[{"@type":"ReadAction","target":["https:\/\/www.altercampagne.net\/?p=8053"]}]},{"@type":"ImageObject","inLanguage":"fr-FR","@id":"https:\/\/www.altercampagne.net\/?p=8053#primaryimage","url":"https:\/\/www.altercampagne.net\/wp-content\/uploads\/2017\/11\/462bd-couv.jpg","contentUrl":"https:\/\/www.altercampagne.net\/wp-content\/uploads\/2017\/11\/462bd-couv.jpg","width":595,"height":310},{"@type":"BreadcrumbList","@id":"https:\/\/www.altercampagne.net\/?p=8053#breadcrumb","itemListElement":[{"@type":"ListItem","position":1,"name":"Accueil","item":"https:\/\/www.altercampagne.net\/"},{"@type":"ListItem","position":2,"name":"Num\u00e9ro de Silence de d\u00e9cembre : Les nouveaux visages de l\u2019habitat participatif"}]},{"@type":"WebSite","@id":"https:\/\/www.altercampagne.net\/#website","url":"https:\/\/www.altercampagne.net\/","name":"AlterTour","description":"Reliez les Alternatives \u00e0 v\u00e9lo","potentialAction":[{"@type":"SearchAction","target":{"@type":"EntryPoint","urlTemplate":"https:\/\/www.altercampagne.net\/?s={search_term_string}"},"query-input":{"@type":"PropertyValueSpecification","valueRequired":true,"valueName":"search_term_string"}}],"inLanguage":"fr-FR"},{"@type":"Person","@id":"https:\/\/www.altercampagne.net\/#\/schema\/person\/0f261460c09e430caa0f9bcffa319109","name":"Mathieu","image":{"@type":"ImageObject","inLanguage":"fr-FR","@id":"https:\/\/secure.gravatar.com\/avatar\/aa9d3d24c83f2141e5e2709d0f63d09a99f6be6bb7a50abc4915838d9f54501a?s=96&d=mm&r=g","url":"https:\/\/secure.gravatar.com\/avatar\/aa9d3d24c83f2141e5e2709d0f63d09a99f6be6bb7a50abc4915838d9f54501a?s=96&d=mm&r=g","contentUrl":"https:\/\/secure.gravatar.com\/avatar\/aa9d3d24c83f2141e5e2709d0f63d09a99f6be6bb7a50abc4915838d9f54501a?s=96&d=mm&r=g","caption":"Mathieu"},"url":"https:\/\/www.altercampagne.net\/?author=214"}]}},"_links":{"self":[{"href":"https:\/\/www.altercampagne.net\/index.php?rest_route=\/wp\/v2\/posts\/8053","targetHints":{"allow":["GET"]}}],"collection":[{"href":"https:\/\/www.altercampagne.net\/index.php?rest_route=\/wp\/v2\/posts"}],"about":[{"href":"https:\/\/www.altercampagne.net\/index.php?rest_route=\/wp\/v2\/types\/post"}],"author":[{"embeddable":true,"href":"https:\/\/www.altercampagne.net\/index.php?rest_route=\/wp\/v2\/users\/214"}],"replies":[{"embeddable":true,"href":"https:\/\/www.altercampagne.net\/index.php?rest_route=%2Fwp%2Fv2%2Fcomments&post=8053"}],"version-history":[{"count":0,"href":"https:\/\/www.altercampagne.net\/index.php?rest_route=\/wp\/v2\/posts\/8053\/revisions"}],"wp:featuredmedia":[{"embeddable":true,"href":"https:\/\/www.altercampagne.net\/index.php?rest_route=\/wp\/v2\/media\/9410"}],"wp:attachment":[{"href":"https:\/\/www.altercampagne.net\/index.php?rest_route=%2Fwp%2Fv2%2Fmedia&parent=8053"}],"wp:term":[{"taxonomy":"category","embeddable":true,"href":"https:\/\/www.altercampagne.net\/index.php?rest_route=%2Fwp%2Fv2%2Fcategories&post=8053"},{"taxonomy":"post_tag","embeddable":true,"href":"https:\/\/www.altercampagne.net\/index.php?rest_route=%2Fwp%2Fv2%2Ftags&post=8053"}],"curies":[{"name":"wp","href":"https:\/\/api.w.org\/{rel}","templated":true}]}}