{"id":8128,"date":"2017-12-12T15:06:59","date_gmt":"2017-12-12T14:06:59","guid":{"rendered":"http:\/\/www.altercampagne.net\/?p=8128"},"modified":"2018-03-13T09:35:47","modified_gmt":"2018-03-13T08:35:47","slug":"le-collectif-la-maison-a-ramonville-saint-agne-31","status":"publish","type":"post","link":"https:\/\/www.altercampagne.net\/?p=8128","title":{"rendered":"Le Collectif la Maison \u00e0 Ramonville-Saint-Agne (31)"},"content":{"rendered":"<p>Situ\u00e9e \u00e0 proximit\u00e9 du canal du midi, la Maison de l\u2019\u00c9conomie Solidaire de Ramonville-Saint-Agne (31) s\u2019est install\u00e9e dans un petit coin de paradis loin de la folie de la ville. Entour\u00e9e de v\u00e9g\u00e9tation, la vieille b\u00e2tisse offre tout l\u2019espace n\u00e9cessaire pour accueillir une dizaine d\u2019initiatives sociales et solidaires. Un espace pens\u00e9 pour favoriser l\u2019\u00e9change et l\u2019\u00e9mergence de projets communs.<\/p>\n<p>C\u2019est en 2002 que commence l\u2019aventure, un projet port\u00e9 par l\u2019<a href=\"http:\/\/adepes.org\/\" target=\"_blank\" rel=\"noopener\">Adep\u00e9s<\/a>, l\u2019Agence de d\u00e9veloppement et de promotion de l\u2019\u00e9conomie solidaire en Midi-Pyr\u00e9n\u00e9es. Aujourd\u2019hui, ce sont huit structures qui cohabitent et partagent le b\u00e2timent. Une belle initiative bas\u00e9e sur une volont\u00e9 de soutenir une \u00e9conomie centr\u00e9e sur l\u2019environnement et sur les besoins locaux. Un projet o\u00f9 la coop\u00e9ration prime sur la concurrence.<\/p>\n<p>Depuis mai 2015 le collectif risque l&rsquo;expulsion. Le SICOVAL n\u00e9gocient aupr\u00e8s de la mairie de Ramonville l&rsquo;acquisition de la maison et de son terrain dans le cadre de l&rsquo;extension du Parc Technologique du Canal.<\/p>\n<p>Les associatifs et les riverains ont cr\u00e9\u00e9 le <a href=\"http:\/\/www.collectif-la-maison.fr\/\" target=\"_blank\" rel=\"noopener\">Collectif la Maison<\/a> pour maintenir l&rsquo;activit\u00e9 associative sur le lieu. Il\u00b7elle\u00b7s organisent r\u00e9guli\u00e8rement des activit\u00e9s et des \u00e9v\u00e9nements sur place : jardin collectif, \u00e9coconstruction, m\u00e9canique, couture, musique&#8230;<br \/>\nIl\u00b7elle\u00b7s veillent \u00e0 la meilleure utilisation possible de cet espace associatif qui demeure un bien \u00e0 la disposition des habitants de Ramonville et de la r\u00e9gion.<\/p>\n<p style=\"text-align: right\"><strong>Virgile<\/strong><\/p>\n","protected":false},"excerpt":{"rendered":"<p>Situ\u00e9e \u00e0 proximit\u00e9 du canal du midi, la Maison de l\u2019\u00c9conomie Solidaire de Ramonville-Saint-Agne (31) s\u2019est install\u00e9e dans un petit coin de paradis loin de la folie de la ville. Entour\u00e9e de v\u00e9g\u00e9tation, la vieille b\u00e2tisse offre tout l\u2019espace n\u00e9cessaire pour accueillir une dizaine d\u2019initiatives sociales et solidaires. Un espace &#8230; <\/p>\n<div><a href=\"https:\/\/www.altercampagne.net\/?p=8128\" class=\"more-link\">Read More<\/a><\/div>\n","protected":false},"author":215,"featured_media":8129,"comment_status":"closed","ping_status":"closed","sticky":false,"template":"","format":"standard","meta":{"footnotes":""},"categories":[3457,3486,3480,3488],"tags":[85,358,1844,1851,1852,1858,2783,2785,3124,3125,3251],"class_list":["post-8128","post","type-post","status-publish","format-standard","has-post-thumbnail","hentry","category-edition-2017","category-environnement","category-occitanie","category-social","tag-haute-garonne","tag-altertour","tag-midi-pyrenees","tag-maison-de-leconomie-solidaire","tag-adepes","tag-ramonville-saint-agne","tag-altertour-2017","tag-occitanie","tag-maison-de-leconomie-sociale-et-solidaire","tag-collectif-la-maison","tag-3251"],"yoast_head":"<!-- This site is optimized with the Yoast SEO plugin v27.3 - https:\/\/yoast.com\/product\/yoast-seo-wordpress\/ -->\n<title>Le Collectif la Maison \u00e0 Ramonville-Saint-Agne (31) - AlterTour<\/title>\n<meta name=\"robots\" content=\"index, follow, max-snippet:-1, max-image-preview:large, max-video-preview:-1\" \/>\n<link rel=\"canonical\" href=\"https:\/\/www.altercampagne.net\/?p=8128\" \/>\n<meta property=\"og:locale\" content=\"fr_FR\" \/>\n<meta property=\"og:type\" content=\"article\" \/>\n<meta property=\"og:title\" content=\"Le Collectif la Maison \u00e0 Ramonville-Saint-Agne (31) - AlterTour\" \/>\n<meta property=\"og:description\" content=\"Situ\u00e9e \u00e0 proximit\u00e9 du canal du midi, la Maison de l\u2019\u00c9conomie Solidaire de Ramonville-Saint-Agne (31) s\u2019est install\u00e9e dans un petit coin de paradis loin de la folie de la ville. Entour\u00e9e de v\u00e9g\u00e9tation, la vieille b\u00e2tisse offre tout l\u2019espace n\u00e9cessaire pour accueillir une dizaine d\u2019initiatives sociales et solidaires. Un espace ... Read More\" \/>\n<meta property=\"og:url\" content=\"https:\/\/www.altercampagne.net\/?p=8128\" \/>\n<meta property=\"og:site_name\" content=\"AlterTour\" \/>\n<meta property=\"article:published_time\" content=\"2017-12-12T14:06:59+00:00\" \/>\n<meta property=\"article:modified_time\" content=\"2018-03-13T08:35:47+00:00\" \/>\n<meta property=\"og:image\" content=\"https:\/\/www.altercampagne.net\/wp-content\/uploads\/2017\/12\/Collectif-la-maison-IMAG0393-e1601459548762.jpg\" \/>\n\t<meta property=\"og:image:width\" content=\"1000\" \/>\n\t<meta property=\"og:image:height\" content=\"525\" \/>\n\t<meta property=\"og:image:type\" content=\"image\/jpeg\" \/>\n<meta name=\"author\" content=\"AlterTour\" \/>\n<meta name=\"twitter:card\" content=\"summary_large_image\" \/>\n<meta name=\"twitter:label1\" content=\"\u00c9crit par\" \/>\n\t<meta name=\"twitter:data1\" content=\"AlterTour\" \/>\n\t<meta name=\"twitter:label2\" content=\"Dur\u00e9e de lecture estim\u00e9e\" \/>\n\t<meta name=\"twitter:data2\" content=\"1 minute\" \/>\n<script type=\"application\/ld+json\" class=\"yoast-schema-graph\">{\"@context\":\"https:\\\/\\\/schema.org\",\"@graph\":[{\"@type\":\"Article\",\"@id\":\"https:\\\/\\\/www.altercampagne.net\\\/?p=8128#article\",\"isPartOf\":{\"@id\":\"https:\\\/\\\/www.altercampagne.net\\\/?p=8128\"},\"author\":{\"name\":\"AlterTour\",\"@id\":\"https:\\\/\\\/www.altercampagne.net\\\/#\\\/schema\\\/person\\\/e5b68c803196f649c2152249d262d94a\"},\"headline\":\"Le Collectif la Maison \u00e0 Ramonville-Saint-Agne (31)\",\"datePublished\":\"2017-12-12T14:06:59+00:00\",\"dateModified\":\"2018-03-13T08:35:47+00:00\",\"mainEntityOfPage\":{\"@id\":\"https:\\\/\\\/www.altercampagne.net\\\/?p=8128\"},\"wordCount\":258,\"image\":{\"@id\":\"https:\\\/\\\/www.altercampagne.net\\\/?p=8128#primaryimage\"},\"thumbnailUrl\":\"https:\\\/\\\/www.altercampagne.net\\\/wp-content\\\/uploads\\\/2017\\\/12\\\/Collectif-la-maison-IMAG0393-e1601459548762.jpg\",\"keywords\":[\"Haute-Garonne\",\"AlterTour\",\"Midi-Pyr\u00e9n\u00e9es\",\"Maison de l\u2019Economie Solidaire\",\"ADEPES\",\"Ramonville-Saint-Agne\",\"AlterTour 2017\",\"Occitanie\",\"Maison de l\u2019\u00c9conomie Sociale et Solidaire\",\"Collectif la Maison\",\"31\"],\"articleSection\":[\"\u00c9dition 2017\",\"Environnement\",\"Occitanie\",\"Social\"],\"inLanguage\":\"fr-FR\"},{\"@type\":\"WebPage\",\"@id\":\"https:\\\/\\\/www.altercampagne.net\\\/?p=8128\",\"url\":\"https:\\\/\\\/www.altercampagne.net\\\/?p=8128\",\"name\":\"Le Collectif la Maison \u00e0 Ramonville-Saint-Agne (31) - AlterTour\",\"isPartOf\":{\"@id\":\"https:\\\/\\\/www.altercampagne.net\\\/#website\"},\"primaryImageOfPage\":{\"@id\":\"https:\\\/\\\/www.altercampagne.net\\\/?p=8128#primaryimage\"},\"image\":{\"@id\":\"https:\\\/\\\/www.altercampagne.net\\\/?p=8128#primaryimage\"},\"thumbnailUrl\":\"https:\\\/\\\/www.altercampagne.net\\\/wp-content\\\/uploads\\\/2017\\\/12\\\/Collectif-la-maison-IMAG0393-e1601459548762.jpg\",\"datePublished\":\"2017-12-12T14:06:59+00:00\",\"dateModified\":\"2018-03-13T08:35:47+00:00\",\"author\":{\"@id\":\"https:\\\/\\\/www.altercampagne.net\\\/#\\\/schema\\\/person\\\/e5b68c803196f649c2152249d262d94a\"},\"breadcrumb\":{\"@id\":\"https:\\\/\\\/www.altercampagne.net\\\/?p=8128#breadcrumb\"},\"inLanguage\":\"fr-FR\",\"potentialAction\":[{\"@type\":\"ReadAction\",\"target\":[\"https:\\\/\\\/www.altercampagne.net\\\/?p=8128\"]}]},{\"@type\":\"ImageObject\",\"inLanguage\":\"fr-FR\",\"@id\":\"https:\\\/\\\/www.altercampagne.net\\\/?p=8128#primaryimage\",\"url\":\"https:\\\/\\\/www.altercampagne.net\\\/wp-content\\\/uploads\\\/2017\\\/12\\\/Collectif-la-maison-IMAG0393-e1601459548762.jpg\",\"contentUrl\":\"https:\\\/\\\/www.altercampagne.net\\\/wp-content\\\/uploads\\\/2017\\\/12\\\/Collectif-la-maison-IMAG0393-e1601459548762.jpg\",\"width\":1000,\"height\":525},{\"@type\":\"BreadcrumbList\",\"@id\":\"https:\\\/\\\/www.altercampagne.net\\\/?p=8128#breadcrumb\",\"itemListElement\":[{\"@type\":\"ListItem\",\"position\":1,\"name\":\"Accueil\",\"item\":\"https:\\\/\\\/www.altercampagne.net\\\/\"},{\"@type\":\"ListItem\",\"position\":2,\"name\":\"Le Collectif la Maison \u00e0 Ramonville-Saint-Agne (31)\"}]},{\"@type\":\"WebSite\",\"@id\":\"https:\\\/\\\/www.altercampagne.net\\\/#website\",\"url\":\"https:\\\/\\\/www.altercampagne.net\\\/\",\"name\":\"AlterTour\",\"description\":\"Reliez les Alternatives \u00e0 v\u00e9lo\",\"potentialAction\":[{\"@type\":\"SearchAction\",\"target\":{\"@type\":\"EntryPoint\",\"urlTemplate\":\"https:\\\/\\\/www.altercampagne.net\\\/?s={search_term_string}\"},\"query-input\":{\"@type\":\"PropertyValueSpecification\",\"valueRequired\":true,\"valueName\":\"search_term_string\"}}],\"inLanguage\":\"fr-FR\"},{\"@type\":\"Person\",\"@id\":\"https:\\\/\\\/www.altercampagne.net\\\/#\\\/schema\\\/person\\\/e5b68c803196f649c2152249d262d94a\",\"name\":\"AlterTour\",\"image\":{\"@type\":\"ImageObject\",\"inLanguage\":\"fr-FR\",\"@id\":\"https:\\\/\\\/secure.gravatar.com\\\/avatar\\\/3f2ed77f8506b8ea264ad5938bb0114bfa10f35b64086a66dfbb6e9f58ad9693?s=96&d=mm&r=g\",\"url\":\"https:\\\/\\\/secure.gravatar.com\\\/avatar\\\/3f2ed77f8506b8ea264ad5938bb0114bfa10f35b64086a66dfbb6e9f58ad9693?s=96&d=mm&r=g\",\"contentUrl\":\"https:\\\/\\\/secure.gravatar.com\\\/avatar\\\/3f2ed77f8506b8ea264ad5938bb0114bfa10f35b64086a66dfbb6e9f58ad9693?s=96&d=mm&r=g\",\"caption\":\"AlterTour\"},\"url\":\"https:\\\/\\\/www.altercampagne.net\\\/?author=215\"}]}<\/script>\n<!-- \/ Yoast SEO plugin. -->","yoast_head_json":{"title":"Le Collectif la Maison \u00e0 Ramonville-Saint-Agne (31) - AlterTour","robots":{"index":"index","follow":"follow","max-snippet":"max-snippet:-1","max-image-preview":"max-image-preview:large","max-video-preview":"max-video-preview:-1"},"canonical":"https:\/\/www.altercampagne.net\/?p=8128","og_locale":"fr_FR","og_type":"article","og_title":"Le Collectif la Maison \u00e0 Ramonville-Saint-Agne (31) - AlterTour","og_description":"Situ\u00e9e \u00e0 proximit\u00e9 du canal du midi, la Maison de l\u2019\u00c9conomie Solidaire de Ramonville-Saint-Agne (31) s\u2019est install\u00e9e dans un petit coin de paradis loin de la folie de la ville. Entour\u00e9e de v\u00e9g\u00e9tation, la vieille b\u00e2tisse offre tout l\u2019espace n\u00e9cessaire pour accueillir une dizaine d\u2019initiatives sociales et solidaires. Un espace ... Read More","og_url":"https:\/\/www.altercampagne.net\/?p=8128","og_site_name":"AlterTour","article_published_time":"2017-12-12T14:06:59+00:00","article_modified_time":"2018-03-13T08:35:47+00:00","og_image":[{"width":1000,"height":525,"url":"https:\/\/www.altercampagne.net\/wp-content\/uploads\/2017\/12\/Collectif-la-maison-IMAG0393-e1601459548762.jpg","type":"image\/jpeg"}],"author":"AlterTour","twitter_card":"summary_large_image","twitter_misc":{"\u00c9crit par":"AlterTour","Dur\u00e9e de lecture estim\u00e9e":"1 minute"},"schema":{"@context":"https:\/\/schema.org","@graph":[{"@type":"Article","@id":"https:\/\/www.altercampagne.net\/?p=8128#article","isPartOf":{"@id":"https:\/\/www.altercampagne.net\/?p=8128"},"author":{"name":"AlterTour","@id":"https:\/\/www.altercampagne.net\/#\/schema\/person\/e5b68c803196f649c2152249d262d94a"},"headline":"Le Collectif la Maison \u00e0 Ramonville-Saint-Agne (31)","datePublished":"2017-12-12T14:06:59+00:00","dateModified":"2018-03-13T08:35:47+00:00","mainEntityOfPage":{"@id":"https:\/\/www.altercampagne.net\/?p=8128"},"wordCount":258,"image":{"@id":"https:\/\/www.altercampagne.net\/?p=8128#primaryimage"},"thumbnailUrl":"https:\/\/www.altercampagne.net\/wp-content\/uploads\/2017\/12\/Collectif-la-maison-IMAG0393-e1601459548762.jpg","keywords":["Haute-Garonne","AlterTour","Midi-Pyr\u00e9n\u00e9es","Maison de l\u2019Economie Solidaire","ADEPES","Ramonville-Saint-Agne","AlterTour 2017","Occitanie","Maison de l\u2019\u00c9conomie Sociale et Solidaire","Collectif la Maison","31"],"articleSection":["\u00c9dition 2017","Environnement","Occitanie","Social"],"inLanguage":"fr-FR"},{"@type":"WebPage","@id":"https:\/\/www.altercampagne.net\/?p=8128","url":"https:\/\/www.altercampagne.net\/?p=8128","name":"Le Collectif la Maison \u00e0 Ramonville-Saint-Agne (31) - AlterTour","isPartOf":{"@id":"https:\/\/www.altercampagne.net\/#website"},"primaryImageOfPage":{"@id":"https:\/\/www.altercampagne.net\/?p=8128#primaryimage"},"image":{"@id":"https:\/\/www.altercampagne.net\/?p=8128#primaryimage"},"thumbnailUrl":"https:\/\/www.altercampagne.net\/wp-content\/uploads\/2017\/12\/Collectif-la-maison-IMAG0393-e1601459548762.jpg","datePublished":"2017-12-12T14:06:59+00:00","dateModified":"2018-03-13T08:35:47+00:00","author":{"@id":"https:\/\/www.altercampagne.net\/#\/schema\/person\/e5b68c803196f649c2152249d262d94a"},"breadcrumb":{"@id":"https:\/\/www.altercampagne.net\/?p=8128#breadcrumb"},"inLanguage":"fr-FR","potentialAction":[{"@type":"ReadAction","target":["https:\/\/www.altercampagne.net\/?p=8128"]}]},{"@type":"ImageObject","inLanguage":"fr-FR","@id":"https:\/\/www.altercampagne.net\/?p=8128#primaryimage","url":"https:\/\/www.altercampagne.net\/wp-content\/uploads\/2017\/12\/Collectif-la-maison-IMAG0393-e1601459548762.jpg","contentUrl":"https:\/\/www.altercampagne.net\/wp-content\/uploads\/2017\/12\/Collectif-la-maison-IMAG0393-e1601459548762.jpg","width":1000,"height":525},{"@type":"BreadcrumbList","@id":"https:\/\/www.altercampagne.net\/?p=8128#breadcrumb","itemListElement":[{"@type":"ListItem","position":1,"name":"Accueil","item":"https:\/\/www.altercampagne.net\/"},{"@type":"ListItem","position":2,"name":"Le Collectif la Maison \u00e0 Ramonville-Saint-Agne (31)"}]},{"@type":"WebSite","@id":"https:\/\/www.altercampagne.net\/#website","url":"https:\/\/www.altercampagne.net\/","name":"AlterTour","description":"Reliez les Alternatives \u00e0 v\u00e9lo","potentialAction":[{"@type":"SearchAction","target":{"@type":"EntryPoint","urlTemplate":"https:\/\/www.altercampagne.net\/?s={search_term_string}"},"query-input":{"@type":"PropertyValueSpecification","valueRequired":true,"valueName":"search_term_string"}}],"inLanguage":"fr-FR"},{"@type":"Person","@id":"https:\/\/www.altercampagne.net\/#\/schema\/person\/e5b68c803196f649c2152249d262d94a","name":"AlterTour","image":{"@type":"ImageObject","inLanguage":"fr-FR","@id":"https:\/\/secure.gravatar.com\/avatar\/3f2ed77f8506b8ea264ad5938bb0114bfa10f35b64086a66dfbb6e9f58ad9693?s=96&d=mm&r=g","url":"https:\/\/secure.gravatar.com\/avatar\/3f2ed77f8506b8ea264ad5938bb0114bfa10f35b64086a66dfbb6e9f58ad9693?s=96&d=mm&r=g","contentUrl":"https:\/\/secure.gravatar.com\/avatar\/3f2ed77f8506b8ea264ad5938bb0114bfa10f35b64086a66dfbb6e9f58ad9693?s=96&d=mm&r=g","caption":"AlterTour"},"url":"https:\/\/www.altercampagne.net\/?author=215"}]}},"_links":{"self":[{"href":"https:\/\/www.altercampagne.net\/index.php?rest_route=\/wp\/v2\/posts\/8128","targetHints":{"allow":["GET"]}}],"collection":[{"href":"https:\/\/www.altercampagne.net\/index.php?rest_route=\/wp\/v2\/posts"}],"about":[{"href":"https:\/\/www.altercampagne.net\/index.php?rest_route=\/wp\/v2\/types\/post"}],"author":[{"embeddable":true,"href":"https:\/\/www.altercampagne.net\/index.php?rest_route=\/wp\/v2\/users\/215"}],"replies":[{"embeddable":true,"href":"https:\/\/www.altercampagne.net\/index.php?rest_route=%2Fwp%2Fv2%2Fcomments&post=8128"}],"version-history":[{"count":0,"href":"https:\/\/www.altercampagne.net\/index.php?rest_route=\/wp\/v2\/posts\/8128\/revisions"}],"wp:featuredmedia":[{"embeddable":true,"href":"https:\/\/www.altercampagne.net\/index.php?rest_route=\/wp\/v2\/media\/8129"}],"wp:attachment":[{"href":"https:\/\/www.altercampagne.net\/index.php?rest_route=%2Fwp%2Fv2%2Fmedia&parent=8128"}],"wp:term":[{"taxonomy":"category","embeddable":true,"href":"https:\/\/www.altercampagne.net\/index.php?rest_route=%2Fwp%2Fv2%2Fcategories&post=8128"},{"taxonomy":"post_tag","embeddable":true,"href":"https:\/\/www.altercampagne.net\/index.php?rest_route=%2Fwp%2Fv2%2Ftags&post=8128"}],"curies":[{"name":"wp","href":"https:\/\/api.w.org\/{rel}","templated":true}]}}