{"id":8142,"date":"2017-12-14T09:02:20","date_gmt":"2017-12-14T08:02:20","guid":{"rendered":"http:\/\/www.altercampagne.net\/?p=8142"},"modified":"2019-09-13T11:19:32","modified_gmt":"2019-09-13T09:19:32","slug":"alleycat-a-toulouse-le-9-juillet-2017","status":"publish","type":"post","link":"https:\/\/www.altercampagne.net\/?p=8142","title":{"rendered":"Alleycat \u00e0 Toulouse le 9 juillet 2017"},"content":{"rendered":"<p>Dimanche matin, 9 juillet 2017, jardin du Grand Rond, Toulouse. La ville se r\u00e9veille en douceur. Nous avons rendez-vous pour une journ\u00e9e tr\u00e9pidante organis\u00e9e par l\u2019AlterTour et <a href=\"http:\/\/viabrachy.org\/\" target=\"_blank\" rel=\"noopener noreferrer\">Via Brachy<\/a>. Une aventure \u00e0 dos de v\u00e9lo, une balade urbaine \u00e0 la rencontre d\u2019initiatives toulousaines.<br \/>\nLes cyclistes arrivent d&rsquo;abord au compte-gouttes puis par vagues successives. Des portugais, siciliens et grecques nous ont rejoints, une bande de joyeux lurons venus participer au \u00ab voyage en h\u00e9t\u00e9rotopie \u00bb organis\u00e9 par l\u2019association Via Brachy, co-organisateur de la journ\u00e9e. Les cyclistes de l&rsquo;AlterTour viennent renforcer les rangs suivis d\u2019une poign\u00e9e de curieux. Au total ce sont plus de 80 cyclistes qui vont sillonner Toulouse \u00e0 la rencontre de projets alternatifs.<\/p>\n<p>Une dizaine de groupes est form\u00e9e, chacun d\u00e9couvre sa feuille de route et les lieux \u00e0 visiter. Le temps de s\u2019accorder sur l\u2019itin\u00e9raire et les \u00e9quipes se dispersent dans un grand tintamarre de sonnettes.<\/p>\n<p>J\u2019ai rejoins le groupe 3 et nous voil\u00e0 engag\u00e9s dans le centre historique \u00e0 la recherche de notre premi\u00e8re rencontre. Annie nous fait d\u00e9couvrir son cin\u00e9ma ind\u00e9pendant, rebaptis\u00e9 American Cosmograph, un projet install\u00e9 dans un ancien op\u00e9ra du XVIIIe si\u00e8cle. Notre journ\u00e9e se poursuit avec la d\u00e9couverte des ateliers de l&rsquo;association \u00ab\u00a0Bois&amp;Cie\u00a0\u00bb sp\u00e9cialis\u00e9e dans la transmission des savoirs relatifs au travail du bois. Un peu plus tard nous participons \u00e0 une campagne d&rsquo;affichage encadr\u00e9e par Julien, initiateur du projet \u00ab\u00a0Un mur dans le r\u00e9el\u00a0\u00bb, initiative autour de la r\u00e9appropriation de l&rsquo;espace d&rsquo;expression publique. Nous rencontrons finalement Olivier, fondateur de l&rsquo;atelier V\u00e9lorution, un atelier v\u00e9lo militant, tr\u00e8s actif sur Toulouse.<\/p>\n<p>Au total ce sont plus d\u2019une vingtaine d\u2019alternatives qui sont rencontr\u00e9es au cours de la journ\u00e9e. Alternatives sociales, culturelles, jardins partag\u00e9s et bien d\u2019autres.<\/p>\n<p>La soir\u00e9e est l\u2019occasion de tous nous retrouver autour d\u2019un repas partag\u00e9. Participants, organisateurs mais aussi visiteurs r\u00e9unis pour nous ouvrir un peu plus au monde des possibles. Les groupes prennent la parole, le temps du partage de quelques anecdotes et d\u00e9couvertes. Bient\u00f4t les discussions s\u2019\u00e9vanouissent pour laisser place au groupe Rebetiko, rythmes aux couleurs d\u2019une musique traditionnelle grecque.<\/p>\n<p style=\"text-align: right;\"><strong>Virgile<\/strong><\/p>\n","protected":false},"excerpt":{"rendered":"<p>Dimanche matin, 9 juillet 2017, jardin du Grand Rond, Toulouse. La ville se r\u00e9veille en douceur. Nous avons rendez-vous pour une journ\u00e9e tr\u00e9pidante organis\u00e9e par l\u2019AlterTour et Via Brachy. Une aventure \u00e0 dos de v\u00e9lo, une balade urbaine \u00e0 la rencontre d\u2019initiatives toulousaines. Les cyclistes arrivent d&rsquo;abord au compte-gouttes puis &#8230; <\/p>\n<div><a href=\"https:\/\/www.altercampagne.net\/?p=8142\" class=\"more-link\">Read More<\/a><\/div>\n","protected":false},"author":215,"featured_media":8143,"comment_status":"closed","ping_status":"closed","sticky":false,"template":"","format":"standard","meta":{"footnotes":""},"categories":[3457,3486,3480,3488,3932],"tags":[85,88,102,358,1844,2465,2783,2785,2787,2977,3252,3253],"class_list":["post-8142","post","type-post","status-publish","format-standard","has-post-thumbnail","hentry","category-edition-2017","category-environnement","category-occitanie","category-social","category-velo","tag-haute-garonne","tag-toulouse","tag-velorution","tag-altertour","tag-midi-pyrenees","tag-alleycat","tag-altertour-2017","tag-occitanie","tag-velorution-toulouse","tag-via-brachy","tag-voyage-en-heterotopie","tag-atelier-velorution"],"yoast_head":"<!-- This site is optimized with the Yoast SEO plugin v27.3 - https:\/\/yoast.com\/product\/yoast-seo-wordpress\/ -->\n<title>Alleycat \u00e0 Toulouse le 9 juillet 2017 - AlterTour<\/title>\n<meta name=\"robots\" content=\"index, follow, max-snippet:-1, max-image-preview:large, max-video-preview:-1\" \/>\n<link rel=\"canonical\" href=\"https:\/\/www.altercampagne.net\/?p=8142\" \/>\n<meta property=\"og:locale\" content=\"fr_FR\" \/>\n<meta property=\"og:type\" content=\"article\" \/>\n<meta property=\"og:title\" content=\"Alleycat \u00e0 Toulouse le 9 juillet 2017 - AlterTour\" \/>\n<meta property=\"og:description\" content=\"Dimanche matin, 9 juillet 2017, jardin du Grand Rond, Toulouse. La ville se r\u00e9veille en douceur. Nous avons rendez-vous pour une journ\u00e9e tr\u00e9pidante organis\u00e9e par l\u2019AlterTour et Via Brachy. Une aventure \u00e0 dos de v\u00e9lo, une balade urbaine \u00e0 la rencontre d\u2019initiatives toulousaines. Les cyclistes arrivent d&rsquo;abord au compte-gouttes puis ... Read More\" \/>\n<meta property=\"og:url\" content=\"https:\/\/www.altercampagne.net\/?p=8142\" \/>\n<meta property=\"og:site_name\" content=\"AlterTour\" \/>\n<meta property=\"article:published_time\" content=\"2017-12-14T08:02:20+00:00\" \/>\n<meta property=\"article:modified_time\" content=\"2019-09-13T09:19:32+00:00\" \/>\n<meta property=\"og:image\" content=\"https:\/\/www.altercampagne.net\/wp-content\/uploads\/2017\/12\/2017-07-09_0001Altertour_Juanfe027-e1601459490181.jpg\" \/>\n\t<meta property=\"og:image:width\" content=\"1147\" \/>\n\t<meta property=\"og:image:height\" content=\"602\" \/>\n\t<meta property=\"og:image:type\" content=\"image\/jpeg\" \/>\n<meta name=\"author\" content=\"AlterTour\" \/>\n<meta name=\"twitter:card\" content=\"summary_large_image\" \/>\n<meta name=\"twitter:label1\" content=\"\u00c9crit par\" \/>\n\t<meta name=\"twitter:data1\" content=\"AlterTour\" \/>\n\t<meta name=\"twitter:label2\" content=\"Dur\u00e9e de lecture estim\u00e9e\" \/>\n\t<meta name=\"twitter:data2\" content=\"2 minutes\" \/>\n<script type=\"application\/ld+json\" class=\"yoast-schema-graph\">{\"@context\":\"https:\\\/\\\/schema.org\",\"@graph\":[{\"@type\":\"Article\",\"@id\":\"https:\\\/\\\/www.altercampagne.net\\\/?p=8142#article\",\"isPartOf\":{\"@id\":\"https:\\\/\\\/www.altercampagne.net\\\/?p=8142\"},\"author\":{\"name\":\"AlterTour\",\"@id\":\"https:\\\/\\\/www.altercampagne.net\\\/#\\\/schema\\\/person\\\/e5b68c803196f649c2152249d262d94a\"},\"headline\":\"Alleycat \u00e0 Toulouse le 9 juillet 2017\",\"datePublished\":\"2017-12-14T08:02:20+00:00\",\"dateModified\":\"2019-09-13T09:19:32+00:00\",\"mainEntityOfPage\":{\"@id\":\"https:\\\/\\\/www.altercampagne.net\\\/?p=8142\"},\"wordCount\":392,\"image\":{\"@id\":\"https:\\\/\\\/www.altercampagne.net\\\/?p=8142#primaryimage\"},\"thumbnailUrl\":\"https:\\\/\\\/www.altercampagne.net\\\/wp-content\\\/uploads\\\/2017\\\/12\\\/2017-07-09_0001Altertour_Juanfe027-e1601459490181.jpg\",\"keywords\":[\"Haute-Garonne\",\"Toulouse\",\"v\u00e9lorution\",\"AlterTour\",\"Midi-Pyr\u00e9n\u00e9es\",\"Alleycat\",\"AlterTour 2017\",\"Occitanie\",\"V\u00e9lorution Toulouse\",\"Via Brachy\",\"voyage en h\u00e9t\u00e9rotopie\",\"atelier V\u00e9lorution\"],\"articleSection\":[\"\u00c9dition 2017\",\"Environnement\",\"Occitanie\",\"Social\",\"V\u00e9lo\"],\"inLanguage\":\"fr-FR\"},{\"@type\":\"WebPage\",\"@id\":\"https:\\\/\\\/www.altercampagne.net\\\/?p=8142\",\"url\":\"https:\\\/\\\/www.altercampagne.net\\\/?p=8142\",\"name\":\"Alleycat \u00e0 Toulouse le 9 juillet 2017 - AlterTour\",\"isPartOf\":{\"@id\":\"https:\\\/\\\/www.altercampagne.net\\\/#website\"},\"primaryImageOfPage\":{\"@id\":\"https:\\\/\\\/www.altercampagne.net\\\/?p=8142#primaryimage\"},\"image\":{\"@id\":\"https:\\\/\\\/www.altercampagne.net\\\/?p=8142#primaryimage\"},\"thumbnailUrl\":\"https:\\\/\\\/www.altercampagne.net\\\/wp-content\\\/uploads\\\/2017\\\/12\\\/2017-07-09_0001Altertour_Juanfe027-e1601459490181.jpg\",\"datePublished\":\"2017-12-14T08:02:20+00:00\",\"dateModified\":\"2019-09-13T09:19:32+00:00\",\"author\":{\"@id\":\"https:\\\/\\\/www.altercampagne.net\\\/#\\\/schema\\\/person\\\/e5b68c803196f649c2152249d262d94a\"},\"breadcrumb\":{\"@id\":\"https:\\\/\\\/www.altercampagne.net\\\/?p=8142#breadcrumb\"},\"inLanguage\":\"fr-FR\",\"potentialAction\":[{\"@type\":\"ReadAction\",\"target\":[\"https:\\\/\\\/www.altercampagne.net\\\/?p=8142\"]}]},{\"@type\":\"ImageObject\",\"inLanguage\":\"fr-FR\",\"@id\":\"https:\\\/\\\/www.altercampagne.net\\\/?p=8142#primaryimage\",\"url\":\"https:\\\/\\\/www.altercampagne.net\\\/wp-content\\\/uploads\\\/2017\\\/12\\\/2017-07-09_0001Altertour_Juanfe027-e1601459490181.jpg\",\"contentUrl\":\"https:\\\/\\\/www.altercampagne.net\\\/wp-content\\\/uploads\\\/2017\\\/12\\\/2017-07-09_0001Altertour_Juanfe027-e1601459490181.jpg\",\"width\":1147,\"height\":602},{\"@type\":\"BreadcrumbList\",\"@id\":\"https:\\\/\\\/www.altercampagne.net\\\/?p=8142#breadcrumb\",\"itemListElement\":[{\"@type\":\"ListItem\",\"position\":1,\"name\":\"Accueil\",\"item\":\"https:\\\/\\\/www.altercampagne.net\\\/\"},{\"@type\":\"ListItem\",\"position\":2,\"name\":\"Alleycat \u00e0 Toulouse le 9 juillet 2017\"}]},{\"@type\":\"WebSite\",\"@id\":\"https:\\\/\\\/www.altercampagne.net\\\/#website\",\"url\":\"https:\\\/\\\/www.altercampagne.net\\\/\",\"name\":\"AlterTour\",\"description\":\"Reliez les Alternatives \u00e0 v\u00e9lo\",\"potentialAction\":[{\"@type\":\"SearchAction\",\"target\":{\"@type\":\"EntryPoint\",\"urlTemplate\":\"https:\\\/\\\/www.altercampagne.net\\\/?s={search_term_string}\"},\"query-input\":{\"@type\":\"PropertyValueSpecification\",\"valueRequired\":true,\"valueName\":\"search_term_string\"}}],\"inLanguage\":\"fr-FR\"},{\"@type\":\"Person\",\"@id\":\"https:\\\/\\\/www.altercampagne.net\\\/#\\\/schema\\\/person\\\/e5b68c803196f649c2152249d262d94a\",\"name\":\"AlterTour\",\"image\":{\"@type\":\"ImageObject\",\"inLanguage\":\"fr-FR\",\"@id\":\"https:\\\/\\\/secure.gravatar.com\\\/avatar\\\/3f2ed77f8506b8ea264ad5938bb0114bfa10f35b64086a66dfbb6e9f58ad9693?s=96&d=mm&r=g\",\"url\":\"https:\\\/\\\/secure.gravatar.com\\\/avatar\\\/3f2ed77f8506b8ea264ad5938bb0114bfa10f35b64086a66dfbb6e9f58ad9693?s=96&d=mm&r=g\",\"contentUrl\":\"https:\\\/\\\/secure.gravatar.com\\\/avatar\\\/3f2ed77f8506b8ea264ad5938bb0114bfa10f35b64086a66dfbb6e9f58ad9693?s=96&d=mm&r=g\",\"caption\":\"AlterTour\"},\"url\":\"https:\\\/\\\/www.altercampagne.net\\\/?author=215\"}]}<\/script>\n<!-- \/ Yoast SEO plugin. -->","yoast_head_json":{"title":"Alleycat \u00e0 Toulouse le 9 juillet 2017 - AlterTour","robots":{"index":"index","follow":"follow","max-snippet":"max-snippet:-1","max-image-preview":"max-image-preview:large","max-video-preview":"max-video-preview:-1"},"canonical":"https:\/\/www.altercampagne.net\/?p=8142","og_locale":"fr_FR","og_type":"article","og_title":"Alleycat \u00e0 Toulouse le 9 juillet 2017 - AlterTour","og_description":"Dimanche matin, 9 juillet 2017, jardin du Grand Rond, Toulouse. La ville se r\u00e9veille en douceur. Nous avons rendez-vous pour une journ\u00e9e tr\u00e9pidante organis\u00e9e par l\u2019AlterTour et Via Brachy. Une aventure \u00e0 dos de v\u00e9lo, une balade urbaine \u00e0 la rencontre d\u2019initiatives toulousaines. Les cyclistes arrivent d&rsquo;abord au compte-gouttes puis ... Read More","og_url":"https:\/\/www.altercampagne.net\/?p=8142","og_site_name":"AlterTour","article_published_time":"2017-12-14T08:02:20+00:00","article_modified_time":"2019-09-13T09:19:32+00:00","og_image":[{"width":1147,"height":602,"url":"https:\/\/www.altercampagne.net\/wp-content\/uploads\/2017\/12\/2017-07-09_0001Altertour_Juanfe027-e1601459490181.jpg","type":"image\/jpeg"}],"author":"AlterTour","twitter_card":"summary_large_image","twitter_misc":{"\u00c9crit par":"AlterTour","Dur\u00e9e de lecture estim\u00e9e":"2 minutes"},"schema":{"@context":"https:\/\/schema.org","@graph":[{"@type":"Article","@id":"https:\/\/www.altercampagne.net\/?p=8142#article","isPartOf":{"@id":"https:\/\/www.altercampagne.net\/?p=8142"},"author":{"name":"AlterTour","@id":"https:\/\/www.altercampagne.net\/#\/schema\/person\/e5b68c803196f649c2152249d262d94a"},"headline":"Alleycat \u00e0 Toulouse le 9 juillet 2017","datePublished":"2017-12-14T08:02:20+00:00","dateModified":"2019-09-13T09:19:32+00:00","mainEntityOfPage":{"@id":"https:\/\/www.altercampagne.net\/?p=8142"},"wordCount":392,"image":{"@id":"https:\/\/www.altercampagne.net\/?p=8142#primaryimage"},"thumbnailUrl":"https:\/\/www.altercampagne.net\/wp-content\/uploads\/2017\/12\/2017-07-09_0001Altertour_Juanfe027-e1601459490181.jpg","keywords":["Haute-Garonne","Toulouse","v\u00e9lorution","AlterTour","Midi-Pyr\u00e9n\u00e9es","Alleycat","AlterTour 2017","Occitanie","V\u00e9lorution Toulouse","Via Brachy","voyage en h\u00e9t\u00e9rotopie","atelier V\u00e9lorution"],"articleSection":["\u00c9dition 2017","Environnement","Occitanie","Social","V\u00e9lo"],"inLanguage":"fr-FR"},{"@type":"WebPage","@id":"https:\/\/www.altercampagne.net\/?p=8142","url":"https:\/\/www.altercampagne.net\/?p=8142","name":"Alleycat \u00e0 Toulouse le 9 juillet 2017 - AlterTour","isPartOf":{"@id":"https:\/\/www.altercampagne.net\/#website"},"primaryImageOfPage":{"@id":"https:\/\/www.altercampagne.net\/?p=8142#primaryimage"},"image":{"@id":"https:\/\/www.altercampagne.net\/?p=8142#primaryimage"},"thumbnailUrl":"https:\/\/www.altercampagne.net\/wp-content\/uploads\/2017\/12\/2017-07-09_0001Altertour_Juanfe027-e1601459490181.jpg","datePublished":"2017-12-14T08:02:20+00:00","dateModified":"2019-09-13T09:19:32+00:00","author":{"@id":"https:\/\/www.altercampagne.net\/#\/schema\/person\/e5b68c803196f649c2152249d262d94a"},"breadcrumb":{"@id":"https:\/\/www.altercampagne.net\/?p=8142#breadcrumb"},"inLanguage":"fr-FR","potentialAction":[{"@type":"ReadAction","target":["https:\/\/www.altercampagne.net\/?p=8142"]}]},{"@type":"ImageObject","inLanguage":"fr-FR","@id":"https:\/\/www.altercampagne.net\/?p=8142#primaryimage","url":"https:\/\/www.altercampagne.net\/wp-content\/uploads\/2017\/12\/2017-07-09_0001Altertour_Juanfe027-e1601459490181.jpg","contentUrl":"https:\/\/www.altercampagne.net\/wp-content\/uploads\/2017\/12\/2017-07-09_0001Altertour_Juanfe027-e1601459490181.jpg","width":1147,"height":602},{"@type":"BreadcrumbList","@id":"https:\/\/www.altercampagne.net\/?p=8142#breadcrumb","itemListElement":[{"@type":"ListItem","position":1,"name":"Accueil","item":"https:\/\/www.altercampagne.net\/"},{"@type":"ListItem","position":2,"name":"Alleycat \u00e0 Toulouse le 9 juillet 2017"}]},{"@type":"WebSite","@id":"https:\/\/www.altercampagne.net\/#website","url":"https:\/\/www.altercampagne.net\/","name":"AlterTour","description":"Reliez les Alternatives \u00e0 v\u00e9lo","potentialAction":[{"@type":"SearchAction","target":{"@type":"EntryPoint","urlTemplate":"https:\/\/www.altercampagne.net\/?s={search_term_string}"},"query-input":{"@type":"PropertyValueSpecification","valueRequired":true,"valueName":"search_term_string"}}],"inLanguage":"fr-FR"},{"@type":"Person","@id":"https:\/\/www.altercampagne.net\/#\/schema\/person\/e5b68c803196f649c2152249d262d94a","name":"AlterTour","image":{"@type":"ImageObject","inLanguage":"fr-FR","@id":"https:\/\/secure.gravatar.com\/avatar\/3f2ed77f8506b8ea264ad5938bb0114bfa10f35b64086a66dfbb6e9f58ad9693?s=96&d=mm&r=g","url":"https:\/\/secure.gravatar.com\/avatar\/3f2ed77f8506b8ea264ad5938bb0114bfa10f35b64086a66dfbb6e9f58ad9693?s=96&d=mm&r=g","contentUrl":"https:\/\/secure.gravatar.com\/avatar\/3f2ed77f8506b8ea264ad5938bb0114bfa10f35b64086a66dfbb6e9f58ad9693?s=96&d=mm&r=g","caption":"AlterTour"},"url":"https:\/\/www.altercampagne.net\/?author=215"}]}},"_links":{"self":[{"href":"https:\/\/www.altercampagne.net\/index.php?rest_route=\/wp\/v2\/posts\/8142","targetHints":{"allow":["GET"]}}],"collection":[{"href":"https:\/\/www.altercampagne.net\/index.php?rest_route=\/wp\/v2\/posts"}],"about":[{"href":"https:\/\/www.altercampagne.net\/index.php?rest_route=\/wp\/v2\/types\/post"}],"author":[{"embeddable":true,"href":"https:\/\/www.altercampagne.net\/index.php?rest_route=\/wp\/v2\/users\/215"}],"replies":[{"embeddable":true,"href":"https:\/\/www.altercampagne.net\/index.php?rest_route=%2Fwp%2Fv2%2Fcomments&post=8142"}],"version-history":[{"count":0,"href":"https:\/\/www.altercampagne.net\/index.php?rest_route=\/wp\/v2\/posts\/8142\/revisions"}],"wp:featuredmedia":[{"embeddable":true,"href":"https:\/\/www.altercampagne.net\/index.php?rest_route=\/wp\/v2\/media\/8143"}],"wp:attachment":[{"href":"https:\/\/www.altercampagne.net\/index.php?rest_route=%2Fwp%2Fv2%2Fmedia&parent=8142"}],"wp:term":[{"taxonomy":"category","embeddable":true,"href":"https:\/\/www.altercampagne.net\/index.php?rest_route=%2Fwp%2Fv2%2Fcategories&post=8142"},{"taxonomy":"post_tag","embeddable":true,"href":"https:\/\/www.altercampagne.net\/index.php?rest_route=%2Fwp%2Fv2%2Ftags&post=8142"}],"curies":[{"name":"wp","href":"https:\/\/api.w.org\/{rel}","templated":true}]}}