{"id":8148,"date":"2017-12-22T09:02:30","date_gmt":"2017-12-22T08:02:30","guid":{"rendered":"http:\/\/www.altercampagne.net\/?p=8148"},"modified":"2018-02-23T16:37:11","modified_gmt":"2018-02-23T15:37:11","slug":"ardelaine-a-saint-pierreville-en-ardeche","status":"publish","type":"post","link":"https:\/\/www.altercampagne.net\/?p=8148","title":{"rendered":"Ardelaine \u00e0 Saint-Pierreville en Ard\u00e8che"},"content":{"rendered":"<p>Comme son nom l&rsquo;indique, du bestiau au tricot, ils assurent toutes les phases de la fili\u00e8re bio de la laine : tonte, cardage, transformation en matelas, couettes, oreillers, v\u00eatements pour petits et grands.<br \/>\nIls \u00e9taient sept en 1975, ils sont plus de soixante aujourd&rsquo;hui. En quarante-sept ans, <a href=\"https:\/\/www.ardelaine.fr\/\" target=\"_blank\" rel=\"noopener\">Ardelaine<\/a> est devenue une Scop o\u00f9 les salaires sont \u00e9gaux, o\u00f9 l&rsquo;environnement est totalement respect\u00e9, o\u00f9 l&rsquo;achat de la mati\u00e8re premi\u00e8re est local, o\u00f9 la mise en place d&rsquo;une laverie pour toutes les laines du Massif Central etc, etc.<br \/>\nIl est bien loin le temps o\u00f9 B\u00e9atrice, orthophoniste \u00e0 l&rsquo;\u00e9poque cherchait avec son mari, lui-m\u00eame architecte, une maison pour eux et leurs futurs enfants.<br \/>\nLa famille s&rsquo;est quelque peu agrandie ! Sic<br \/>\nLes g\u00e9nies de l&rsquo;Ard\u00e8che en les animaux anthropomorphiques des moutons, sont bienheureux !<br \/>\nL&rsquo;AlterTour a v\u00e9cu un beau moment avec leur dynamisme&#8230;<\/p>\n<p style=\"text-align: right;\"><strong>Christine<\/strong><\/p>\n","protected":false},"excerpt":{"rendered":"<p>Comme son nom l&rsquo;indique, du bestiau au tricot, ils assurent toutes les phases de la fili\u00e8re bio de la laine : tonte, cardage, transformation en matelas, couettes, oreillers, v\u00eatements pour petits et grands. Ils \u00e9taient sept en 1975, ils sont plus de soixante aujourd&rsquo;hui. En quarante-sept ans, Ardelaine est devenue &#8230; <\/p>\n<div><a href=\"https:\/\/www.altercampagne.net\/?p=8148\" class=\"more-link\">Read More<\/a><\/div>\n","protected":false},"author":215,"featured_media":9407,"comment_status":"closed","ping_status":"closed","sticky":false,"template":"","format":"standard","meta":{"footnotes":""},"categories":[3471,3457,3488],"tags":[1489,1650,1727,2738,2807,3056],"class_list":["post-8148","post","type-post","status-publish","format-standard","has-post-thumbnail","hentry","category-auvergne-rhone-alpes","category-edition-2017","category-social","tag-auvergne-rhone-alpes","tag-rhone-alpes","tag-scop","tag-ardeche","tag-ardelaine","tag-saint-pierreville"],"yoast_head":"<!-- This site is optimized with the Yoast SEO plugin v27.3 - https:\/\/yoast.com\/product\/yoast-seo-wordpress\/ -->\n<title>Ardelaine \u00e0 Saint-Pierreville en Ard\u00e8che - AlterTour<\/title>\n<meta name=\"robots\" content=\"index, follow, max-snippet:-1, max-image-preview:large, max-video-preview:-1\" \/>\n<link rel=\"canonical\" href=\"https:\/\/www.altercampagne.net\/?p=8148\" \/>\n<meta property=\"og:locale\" content=\"fr_FR\" \/>\n<meta property=\"og:type\" content=\"article\" \/>\n<meta property=\"og:title\" content=\"Ardelaine \u00e0 Saint-Pierreville en Ard\u00e8che - AlterTour\" \/>\n<meta property=\"og:description\" content=\"Comme son nom l&rsquo;indique, du bestiau au tricot, ils assurent toutes les phases de la fili\u00e8re bio de la laine : tonte, cardage, transformation en matelas, couettes, oreillers, v\u00eatements pour petits et grands. Ils \u00e9taient sept en 1975, ils sont plus de soixante aujourd&rsquo;hui. En quarante-sept ans, Ardelaine est devenue ... Read More\" \/>\n<meta property=\"og:url\" content=\"https:\/\/www.altercampagne.net\/?p=8148\" \/>\n<meta property=\"og:site_name\" content=\"AlterTour\" \/>\n<meta property=\"article:published_time\" content=\"2017-12-22T08:02:30+00:00\" \/>\n<meta property=\"article:modified_time\" content=\"2018-02-23T15:37:11+00:00\" \/>\n<meta property=\"og:image\" content=\"https:\/\/www.altercampagne.net\/wp-content\/uploads\/2017\/12\/2017-08-07_18.04.jpg\" \/>\n\t<meta property=\"og:image:width\" content=\"837\" \/>\n\t<meta property=\"og:image:height\" content=\"437\" \/>\n\t<meta property=\"og:image:type\" content=\"image\/jpeg\" \/>\n<meta name=\"author\" content=\"AlterTour\" \/>\n<meta name=\"twitter:card\" content=\"summary_large_image\" \/>\n<meta name=\"twitter:label1\" content=\"\u00c9crit par\" \/>\n\t<meta name=\"twitter:data1\" content=\"AlterTour\" \/>\n\t<meta name=\"twitter:label2\" content=\"Dur\u00e9e de lecture estim\u00e9e\" \/>\n\t<meta name=\"twitter:data2\" content=\"1 minute\" \/>\n<script type=\"application\/ld+json\" class=\"yoast-schema-graph\">{\"@context\":\"https:\\\/\\\/schema.org\",\"@graph\":[{\"@type\":\"Article\",\"@id\":\"https:\\\/\\\/www.altercampagne.net\\\/?p=8148#article\",\"isPartOf\":{\"@id\":\"https:\\\/\\\/www.altercampagne.net\\\/?p=8148\"},\"author\":{\"name\":\"AlterTour\",\"@id\":\"https:\\\/\\\/www.altercampagne.net\\\/#\\\/schema\\\/person\\\/e5b68c803196f649c2152249d262d94a\"},\"headline\":\"Ardelaine \u00e0 Saint-Pierreville en Ard\u00e8che\",\"datePublished\":\"2017-12-22T08:02:30+00:00\",\"dateModified\":\"2018-02-23T15:37:11+00:00\",\"mainEntityOfPage\":{\"@id\":\"https:\\\/\\\/www.altercampagne.net\\\/?p=8148\"},\"wordCount\":160,\"image\":{\"@id\":\"https:\\\/\\\/www.altercampagne.net\\\/?p=8148#primaryimage\"},\"thumbnailUrl\":\"https:\\\/\\\/www.altercampagne.net\\\/wp-content\\\/uploads\\\/2017\\\/12\\\/2017-08-07_18.04.jpg\",\"keywords\":[\"Auvergne-Rh\u00f4ne-Alpes\",\"Rhone-Alpes\",\"SCOP\",\"Ard\u00e8che\",\"Ardelaine\",\"Saint Pierreville\"],\"articleSection\":[\"Auvergne-Rh\u00f4ne-Alpes\",\"\u00c9dition 2017\",\"Social\"],\"inLanguage\":\"fr-FR\"},{\"@type\":\"WebPage\",\"@id\":\"https:\\\/\\\/www.altercampagne.net\\\/?p=8148\",\"url\":\"https:\\\/\\\/www.altercampagne.net\\\/?p=8148\",\"name\":\"Ardelaine \u00e0 Saint-Pierreville en Ard\u00e8che - AlterTour\",\"isPartOf\":{\"@id\":\"https:\\\/\\\/www.altercampagne.net\\\/#website\"},\"primaryImageOfPage\":{\"@id\":\"https:\\\/\\\/www.altercampagne.net\\\/?p=8148#primaryimage\"},\"image\":{\"@id\":\"https:\\\/\\\/www.altercampagne.net\\\/?p=8148#primaryimage\"},\"thumbnailUrl\":\"https:\\\/\\\/www.altercampagne.net\\\/wp-content\\\/uploads\\\/2017\\\/12\\\/2017-08-07_18.04.jpg\",\"datePublished\":\"2017-12-22T08:02:30+00:00\",\"dateModified\":\"2018-02-23T15:37:11+00:00\",\"author\":{\"@id\":\"https:\\\/\\\/www.altercampagne.net\\\/#\\\/schema\\\/person\\\/e5b68c803196f649c2152249d262d94a\"},\"breadcrumb\":{\"@id\":\"https:\\\/\\\/www.altercampagne.net\\\/?p=8148#breadcrumb\"},\"inLanguage\":\"fr-FR\",\"potentialAction\":[{\"@type\":\"ReadAction\",\"target\":[\"https:\\\/\\\/www.altercampagne.net\\\/?p=8148\"]}]},{\"@type\":\"ImageObject\",\"inLanguage\":\"fr-FR\",\"@id\":\"https:\\\/\\\/www.altercampagne.net\\\/?p=8148#primaryimage\",\"url\":\"https:\\\/\\\/www.altercampagne.net\\\/wp-content\\\/uploads\\\/2017\\\/12\\\/2017-08-07_18.04.jpg\",\"contentUrl\":\"https:\\\/\\\/www.altercampagne.net\\\/wp-content\\\/uploads\\\/2017\\\/12\\\/2017-08-07_18.04.jpg\",\"width\":837,\"height\":437},{\"@type\":\"BreadcrumbList\",\"@id\":\"https:\\\/\\\/www.altercampagne.net\\\/?p=8148#breadcrumb\",\"itemListElement\":[{\"@type\":\"ListItem\",\"position\":1,\"name\":\"Accueil\",\"item\":\"https:\\\/\\\/www.altercampagne.net\\\/\"},{\"@type\":\"ListItem\",\"position\":2,\"name\":\"Ardelaine \u00e0 Saint-Pierreville en Ard\u00e8che\"}]},{\"@type\":\"WebSite\",\"@id\":\"https:\\\/\\\/www.altercampagne.net\\\/#website\",\"url\":\"https:\\\/\\\/www.altercampagne.net\\\/\",\"name\":\"AlterTour\",\"description\":\"Reliez les Alternatives \u00e0 v\u00e9lo\",\"potentialAction\":[{\"@type\":\"SearchAction\",\"target\":{\"@type\":\"EntryPoint\",\"urlTemplate\":\"https:\\\/\\\/www.altercampagne.net\\\/?s={search_term_string}\"},\"query-input\":{\"@type\":\"PropertyValueSpecification\",\"valueRequired\":true,\"valueName\":\"search_term_string\"}}],\"inLanguage\":\"fr-FR\"},{\"@type\":\"Person\",\"@id\":\"https:\\\/\\\/www.altercampagne.net\\\/#\\\/schema\\\/person\\\/e5b68c803196f649c2152249d262d94a\",\"name\":\"AlterTour\",\"image\":{\"@type\":\"ImageObject\",\"inLanguage\":\"fr-FR\",\"@id\":\"https:\\\/\\\/secure.gravatar.com\\\/avatar\\\/3f2ed77f8506b8ea264ad5938bb0114bfa10f35b64086a66dfbb6e9f58ad9693?s=96&d=mm&r=g\",\"url\":\"https:\\\/\\\/secure.gravatar.com\\\/avatar\\\/3f2ed77f8506b8ea264ad5938bb0114bfa10f35b64086a66dfbb6e9f58ad9693?s=96&d=mm&r=g\",\"contentUrl\":\"https:\\\/\\\/secure.gravatar.com\\\/avatar\\\/3f2ed77f8506b8ea264ad5938bb0114bfa10f35b64086a66dfbb6e9f58ad9693?s=96&d=mm&r=g\",\"caption\":\"AlterTour\"},\"url\":\"https:\\\/\\\/www.altercampagne.net\\\/?author=215\"}]}<\/script>\n<!-- \/ Yoast SEO plugin. -->","yoast_head_json":{"title":"Ardelaine \u00e0 Saint-Pierreville en Ard\u00e8che - AlterTour","robots":{"index":"index","follow":"follow","max-snippet":"max-snippet:-1","max-image-preview":"max-image-preview:large","max-video-preview":"max-video-preview:-1"},"canonical":"https:\/\/www.altercampagne.net\/?p=8148","og_locale":"fr_FR","og_type":"article","og_title":"Ardelaine \u00e0 Saint-Pierreville en Ard\u00e8che - AlterTour","og_description":"Comme son nom l&rsquo;indique, du bestiau au tricot, ils assurent toutes les phases de la fili\u00e8re bio de la laine : tonte, cardage, transformation en matelas, couettes, oreillers, v\u00eatements pour petits et grands. Ils \u00e9taient sept en 1975, ils sont plus de soixante aujourd&rsquo;hui. En quarante-sept ans, Ardelaine est devenue ... Read More","og_url":"https:\/\/www.altercampagne.net\/?p=8148","og_site_name":"AlterTour","article_published_time":"2017-12-22T08:02:30+00:00","article_modified_time":"2018-02-23T15:37:11+00:00","og_image":[{"width":837,"height":437,"url":"https:\/\/www.altercampagne.net\/wp-content\/uploads\/2017\/12\/2017-08-07_18.04.jpg","type":"image\/jpeg"}],"author":"AlterTour","twitter_card":"summary_large_image","twitter_misc":{"\u00c9crit par":"AlterTour","Dur\u00e9e de lecture estim\u00e9e":"1 minute"},"schema":{"@context":"https:\/\/schema.org","@graph":[{"@type":"Article","@id":"https:\/\/www.altercampagne.net\/?p=8148#article","isPartOf":{"@id":"https:\/\/www.altercampagne.net\/?p=8148"},"author":{"name":"AlterTour","@id":"https:\/\/www.altercampagne.net\/#\/schema\/person\/e5b68c803196f649c2152249d262d94a"},"headline":"Ardelaine \u00e0 Saint-Pierreville en Ard\u00e8che","datePublished":"2017-12-22T08:02:30+00:00","dateModified":"2018-02-23T15:37:11+00:00","mainEntityOfPage":{"@id":"https:\/\/www.altercampagne.net\/?p=8148"},"wordCount":160,"image":{"@id":"https:\/\/www.altercampagne.net\/?p=8148#primaryimage"},"thumbnailUrl":"https:\/\/www.altercampagne.net\/wp-content\/uploads\/2017\/12\/2017-08-07_18.04.jpg","keywords":["Auvergne-Rh\u00f4ne-Alpes","Rhone-Alpes","SCOP","Ard\u00e8che","Ardelaine","Saint Pierreville"],"articleSection":["Auvergne-Rh\u00f4ne-Alpes","\u00c9dition 2017","Social"],"inLanguage":"fr-FR"},{"@type":"WebPage","@id":"https:\/\/www.altercampagne.net\/?p=8148","url":"https:\/\/www.altercampagne.net\/?p=8148","name":"Ardelaine \u00e0 Saint-Pierreville en Ard\u00e8che - AlterTour","isPartOf":{"@id":"https:\/\/www.altercampagne.net\/#website"},"primaryImageOfPage":{"@id":"https:\/\/www.altercampagne.net\/?p=8148#primaryimage"},"image":{"@id":"https:\/\/www.altercampagne.net\/?p=8148#primaryimage"},"thumbnailUrl":"https:\/\/www.altercampagne.net\/wp-content\/uploads\/2017\/12\/2017-08-07_18.04.jpg","datePublished":"2017-12-22T08:02:30+00:00","dateModified":"2018-02-23T15:37:11+00:00","author":{"@id":"https:\/\/www.altercampagne.net\/#\/schema\/person\/e5b68c803196f649c2152249d262d94a"},"breadcrumb":{"@id":"https:\/\/www.altercampagne.net\/?p=8148#breadcrumb"},"inLanguage":"fr-FR","potentialAction":[{"@type":"ReadAction","target":["https:\/\/www.altercampagne.net\/?p=8148"]}]},{"@type":"ImageObject","inLanguage":"fr-FR","@id":"https:\/\/www.altercampagne.net\/?p=8148#primaryimage","url":"https:\/\/www.altercampagne.net\/wp-content\/uploads\/2017\/12\/2017-08-07_18.04.jpg","contentUrl":"https:\/\/www.altercampagne.net\/wp-content\/uploads\/2017\/12\/2017-08-07_18.04.jpg","width":837,"height":437},{"@type":"BreadcrumbList","@id":"https:\/\/www.altercampagne.net\/?p=8148#breadcrumb","itemListElement":[{"@type":"ListItem","position":1,"name":"Accueil","item":"https:\/\/www.altercampagne.net\/"},{"@type":"ListItem","position":2,"name":"Ardelaine \u00e0 Saint-Pierreville en Ard\u00e8che"}]},{"@type":"WebSite","@id":"https:\/\/www.altercampagne.net\/#website","url":"https:\/\/www.altercampagne.net\/","name":"AlterTour","description":"Reliez les Alternatives \u00e0 v\u00e9lo","potentialAction":[{"@type":"SearchAction","target":{"@type":"EntryPoint","urlTemplate":"https:\/\/www.altercampagne.net\/?s={search_term_string}"},"query-input":{"@type":"PropertyValueSpecification","valueRequired":true,"valueName":"search_term_string"}}],"inLanguage":"fr-FR"},{"@type":"Person","@id":"https:\/\/www.altercampagne.net\/#\/schema\/person\/e5b68c803196f649c2152249d262d94a","name":"AlterTour","image":{"@type":"ImageObject","inLanguage":"fr-FR","@id":"https:\/\/secure.gravatar.com\/avatar\/3f2ed77f8506b8ea264ad5938bb0114bfa10f35b64086a66dfbb6e9f58ad9693?s=96&d=mm&r=g","url":"https:\/\/secure.gravatar.com\/avatar\/3f2ed77f8506b8ea264ad5938bb0114bfa10f35b64086a66dfbb6e9f58ad9693?s=96&d=mm&r=g","contentUrl":"https:\/\/secure.gravatar.com\/avatar\/3f2ed77f8506b8ea264ad5938bb0114bfa10f35b64086a66dfbb6e9f58ad9693?s=96&d=mm&r=g","caption":"AlterTour"},"url":"https:\/\/www.altercampagne.net\/?author=215"}]}},"_links":{"self":[{"href":"https:\/\/www.altercampagne.net\/index.php?rest_route=\/wp\/v2\/posts\/8148","targetHints":{"allow":["GET"]}}],"collection":[{"href":"https:\/\/www.altercampagne.net\/index.php?rest_route=\/wp\/v2\/posts"}],"about":[{"href":"https:\/\/www.altercampagne.net\/index.php?rest_route=\/wp\/v2\/types\/post"}],"author":[{"embeddable":true,"href":"https:\/\/www.altercampagne.net\/index.php?rest_route=\/wp\/v2\/users\/215"}],"replies":[{"embeddable":true,"href":"https:\/\/www.altercampagne.net\/index.php?rest_route=%2Fwp%2Fv2%2Fcomments&post=8148"}],"version-history":[{"count":0,"href":"https:\/\/www.altercampagne.net\/index.php?rest_route=\/wp\/v2\/posts\/8148\/revisions"}],"wp:featuredmedia":[{"embeddable":true,"href":"https:\/\/www.altercampagne.net\/index.php?rest_route=\/wp\/v2\/media\/9407"}],"wp:attachment":[{"href":"https:\/\/www.altercampagne.net\/index.php?rest_route=%2Fwp%2Fv2%2Fmedia&parent=8148"}],"wp:term":[{"taxonomy":"category","embeddable":true,"href":"https:\/\/www.altercampagne.net\/index.php?rest_route=%2Fwp%2Fv2%2Fcategories&post=8148"},{"taxonomy":"post_tag","embeddable":true,"href":"https:\/\/www.altercampagne.net\/index.php?rest_route=%2Fwp%2Fv2%2Ftags&post=8148"}],"curies":[{"name":"wp","href":"https:\/\/api.w.org\/{rel}","templated":true}]}}