{"id":8161,"date":"2018-01-13T09:01:16","date_gmt":"2018-01-13T08:01:16","guid":{"rendered":"http:\/\/www.altercampagne.net\/?p=8161"},"modified":"2019-09-13T11:29:26","modified_gmt":"2019-09-13T09:29:26","slug":"au-tour-du-cycle-a-crest-26","status":"publish","type":"post","link":"https:\/\/www.altercampagne.net\/?p=8161","title":{"rendered":"Au Tour du Cycle \u00e0 Crest (26)"},"content":{"rendered":"<p><a href=\"http:\/\/www.altercampagne.net\/wp-content\/uploads\/2017\/12\/PhotoArticleAuTourDuCycle1_.png\"><img loading=\"lazy\" decoding=\"async\" class=\"size-full wp-image-8120 alignright\" src=\"http:\/\/www.altercampagne.net\/wp-content\/uploads\/2017\/12\/PhotoArticleAuTourDuCycle1_.png\" alt=\"\" width=\"236\" height=\"315\" srcset=\"https:\/\/www.altercampagne.net\/wp-content\/uploads\/2017\/12\/PhotoArticleAuTourDuCycle1_.png 236w, https:\/\/www.altercampagne.net\/wp-content\/uploads\/2017\/12\/PhotoArticleAuTourDuCycle1_-225x300.png 225w\" sizes=\"auto, (max-width: 236px) 100vw, 236px\" \/><\/a><a href=\"https:\/\/autourducycle.wordpress.com\/\" target=\"_blank\" rel=\"noopener noreferrer\">Au Tour du Cycle<\/a> est une association qui promeut la pratique du v\u00e9lo au travers d\u2019un atelier participatif en plein centre-ville de Crest (Dr\u00f4me).<\/p>\n<p>Les adh\u00e9rent\u00b7e\u00b7s peuvent venir y bricoler leur v\u00e9lo avec les outils de l\u2019atelier, apprendre \u00e0 r\u00e9parer et entretenir leurs vieux biclous comme leurs plus pimpantes bicyclettes ou m\u00eame acheter un v\u00e9lo en seconde-main r\u00e9par\u00e9 (ou non) par des b\u00e9n\u00e9voles.<\/p>\n<p>Le but du projet ? \u00catre acteur de la transition, \u00e0 l\u2019\u00e9chelle locale, en facilitant un mode de d\u00e9placement doux, en redonnant de l\u2019autonomie aux gens, le tout en pr\u00f4nant la coop\u00e9ration dans une ambiance conviviale.<\/p>\n<p>Le vendredi 11 ao\u00fbt, environ 70 altercyclistes accompagn\u00e9s d\u2019une vingtaine de cyclistes de l\u2019Ecotopia Bike Tour, sont venus rencontrer des b\u00e9n\u00e9voles d\u2019Au Tour du Cycle autour de sirops dr\u00f4mois sur la place Julien juste devant le local de l\u2019atelier, avant de se rendre \u00e0 l\u2019Usine Vivante de Crest pour le d\u00e9jeuner.<\/p>\n<p style=\"text-align: right;\"><strong>Vincent<\/strong><\/p>\n","protected":false},"excerpt":{"rendered":"<p>Au Tour du Cycle est une association qui promeut la pratique du v\u00e9lo au travers d\u2019un atelier participatif en plein centre-ville de Crest (Dr\u00f4me). Les adh\u00e9rent\u00b7e\u00b7s peuvent venir y bricoler leur v\u00e9lo avec les outils de l\u2019atelier, apprendre \u00e0 r\u00e9parer et entretenir leurs vieux biclous comme leurs plus pimpantes bicyclettes &#8230; <\/p>\n<div><a href=\"https:\/\/www.altercampagne.net\/?p=8161\" class=\"more-link\">Read More<\/a><\/div>\n","protected":false},"author":209,"featured_media":9334,"comment_status":"closed","ping_status":"closed","sticky":false,"template":"","format":"standard","meta":{"footnotes":""},"categories":[3471,3489,3487,3457,3932],"tags":[544,1091,1489,1650,2808,3063],"class_list":["post-8161","post","type-post","status-publish","format-standard","has-post-thumbnail","hentry","category-auvergne-rhone-alpes","category-alimentation","category-energie","category-edition-2017","category-velo","tag-ecotopia-bike-tour","tag-drome","tag-auvergne-rhone-alpes","tag-rhone-alpes","tag-au-tour-du-cycle","tag-crest"],"yoast_head":"<!-- This site is optimized with the Yoast SEO plugin v27.3 - https:\/\/yoast.com\/product\/yoast-seo-wordpress\/ -->\n<title>Au Tour du Cycle \u00e0 Crest (26) - AlterTour<\/title>\n<meta name=\"robots\" content=\"index, follow, max-snippet:-1, max-image-preview:large, max-video-preview:-1\" \/>\n<link rel=\"canonical\" href=\"https:\/\/www.altercampagne.net\/?p=8161\" \/>\n<meta property=\"og:locale\" content=\"fr_FR\" \/>\n<meta property=\"og:type\" content=\"article\" \/>\n<meta property=\"og:title\" content=\"Au Tour du Cycle \u00e0 Crest (26) - AlterTour\" \/>\n<meta property=\"og:description\" content=\"Au Tour du Cycle est une association qui promeut la pratique du v\u00e9lo au travers d\u2019un atelier participatif en plein centre-ville de Crest (Dr\u00f4me). Les adh\u00e9rent\u00b7e\u00b7s peuvent venir y bricoler leur v\u00e9lo avec les outils de l\u2019atelier, apprendre \u00e0 r\u00e9parer et entretenir leurs vieux biclous comme leurs plus pimpantes bicyclettes ... Read More\" \/>\n<meta property=\"og:url\" content=\"https:\/\/www.altercampagne.net\/?p=8161\" \/>\n<meta property=\"og:site_name\" content=\"AlterTour\" \/>\n<meta property=\"article:published_time\" content=\"2018-01-13T08:01:16+00:00\" \/>\n<meta property=\"article:modified_time\" content=\"2019-09-13T09:29:26+00:00\" \/>\n<meta property=\"og:image\" content=\"https:\/\/www.altercampagne.net\/wp-content\/uploads\/2018\/01\/Atelier-Au-Tour-Du-Cycle-DSC00832.jpg\" \/>\n\t<meta property=\"og:image:width\" content=\"755\" \/>\n\t<meta property=\"og:image:height\" content=\"395\" \/>\n\t<meta property=\"og:image:type\" content=\"image\/jpeg\" \/>\n<meta name=\"author\" content=\"Vincent\" \/>\n<meta name=\"twitter:card\" content=\"summary_large_image\" \/>\n<meta name=\"twitter:label1\" content=\"\u00c9crit par\" \/>\n\t<meta name=\"twitter:data1\" content=\"Vincent\" \/>\n\t<meta name=\"twitter:label2\" content=\"Dur\u00e9e de lecture estim\u00e9e\" \/>\n\t<meta name=\"twitter:data2\" content=\"1 minute\" \/>\n<script type=\"application\/ld+json\" class=\"yoast-schema-graph\">{\"@context\":\"https:\\\/\\\/schema.org\",\"@graph\":[{\"@type\":\"Article\",\"@id\":\"https:\\\/\\\/www.altercampagne.net\\\/?p=8161#article\",\"isPartOf\":{\"@id\":\"https:\\\/\\\/www.altercampagne.net\\\/?p=8161\"},\"author\":{\"name\":\"Vincent\",\"@id\":\"https:\\\/\\\/www.altercampagne.net\\\/#\\\/schema\\\/person\\\/7c299acaf3c77c51c6adfd4b5de88c6e\"},\"headline\":\"Au Tour du Cycle \u00e0 Crest (26)\",\"datePublished\":\"2018-01-13T08:01:16+00:00\",\"dateModified\":\"2019-09-13T09:29:26+00:00\",\"mainEntityOfPage\":{\"@id\":\"https:\\\/\\\/www.altercampagne.net\\\/?p=8161\"},\"wordCount\":180,\"image\":{\"@id\":\"https:\\\/\\\/www.altercampagne.net\\\/?p=8161#primaryimage\"},\"thumbnailUrl\":\"https:\\\/\\\/www.altercampagne.net\\\/wp-content\\\/uploads\\\/2018\\\/01\\\/Atelier-Au-Tour-Du-Cycle-DSC00832.jpg\",\"keywords\":[\"ecotopia bike tour\",\"Dr\u00f4me\",\"Auvergne-Rh\u00f4ne-Alpes\",\"Rhone-Alpes\",\"Au Tour du Cycle\",\"Crest\"],\"articleSection\":[\"Auvergne-Rh\u00f4ne-Alpes\",\"Alimentation\",\"\u00c9nergie\",\"\u00c9dition 2017\",\"V\u00e9lo\"],\"inLanguage\":\"fr-FR\"},{\"@type\":\"WebPage\",\"@id\":\"https:\\\/\\\/www.altercampagne.net\\\/?p=8161\",\"url\":\"https:\\\/\\\/www.altercampagne.net\\\/?p=8161\",\"name\":\"Au Tour du Cycle \u00e0 Crest (26) - AlterTour\",\"isPartOf\":{\"@id\":\"https:\\\/\\\/www.altercampagne.net\\\/#website\"},\"primaryImageOfPage\":{\"@id\":\"https:\\\/\\\/www.altercampagne.net\\\/?p=8161#primaryimage\"},\"image\":{\"@id\":\"https:\\\/\\\/www.altercampagne.net\\\/?p=8161#primaryimage\"},\"thumbnailUrl\":\"https:\\\/\\\/www.altercampagne.net\\\/wp-content\\\/uploads\\\/2018\\\/01\\\/Atelier-Au-Tour-Du-Cycle-DSC00832.jpg\",\"datePublished\":\"2018-01-13T08:01:16+00:00\",\"dateModified\":\"2019-09-13T09:29:26+00:00\",\"author\":{\"@id\":\"https:\\\/\\\/www.altercampagne.net\\\/#\\\/schema\\\/person\\\/7c299acaf3c77c51c6adfd4b5de88c6e\"},\"breadcrumb\":{\"@id\":\"https:\\\/\\\/www.altercampagne.net\\\/?p=8161#breadcrumb\"},\"inLanguage\":\"fr-FR\",\"potentialAction\":[{\"@type\":\"ReadAction\",\"target\":[\"https:\\\/\\\/www.altercampagne.net\\\/?p=8161\"]}]},{\"@type\":\"ImageObject\",\"inLanguage\":\"fr-FR\",\"@id\":\"https:\\\/\\\/www.altercampagne.net\\\/?p=8161#primaryimage\",\"url\":\"https:\\\/\\\/www.altercampagne.net\\\/wp-content\\\/uploads\\\/2018\\\/01\\\/Atelier-Au-Tour-Du-Cycle-DSC00832.jpg\",\"contentUrl\":\"https:\\\/\\\/www.altercampagne.net\\\/wp-content\\\/uploads\\\/2018\\\/01\\\/Atelier-Au-Tour-Du-Cycle-DSC00832.jpg\",\"width\":755,\"height\":395},{\"@type\":\"BreadcrumbList\",\"@id\":\"https:\\\/\\\/www.altercampagne.net\\\/?p=8161#breadcrumb\",\"itemListElement\":[{\"@type\":\"ListItem\",\"position\":1,\"name\":\"Accueil\",\"item\":\"https:\\\/\\\/www.altercampagne.net\\\/\"},{\"@type\":\"ListItem\",\"position\":2,\"name\":\"Au Tour du Cycle \u00e0 Crest (26)\"}]},{\"@type\":\"WebSite\",\"@id\":\"https:\\\/\\\/www.altercampagne.net\\\/#website\",\"url\":\"https:\\\/\\\/www.altercampagne.net\\\/\",\"name\":\"AlterTour\",\"description\":\"Reliez les Alternatives \u00e0 v\u00e9lo\",\"potentialAction\":[{\"@type\":\"SearchAction\",\"target\":{\"@type\":\"EntryPoint\",\"urlTemplate\":\"https:\\\/\\\/www.altercampagne.net\\\/?s={search_term_string}\"},\"query-input\":{\"@type\":\"PropertyValueSpecification\",\"valueRequired\":true,\"valueName\":\"search_term_string\"}}],\"inLanguage\":\"fr-FR\"},{\"@type\":\"Person\",\"@id\":\"https:\\\/\\\/www.altercampagne.net\\\/#\\\/schema\\\/person\\\/7c299acaf3c77c51c6adfd4b5de88c6e\",\"name\":\"Vincent\",\"image\":{\"@type\":\"ImageObject\",\"inLanguage\":\"fr-FR\",\"@id\":\"https:\\\/\\\/secure.gravatar.com\\\/avatar\\\/f461b4b95c70112e36d8b4abf020c8231a3fa729bdccb05f4f7c9974a0bf24cd?s=96&d=mm&r=g\",\"url\":\"https:\\\/\\\/secure.gravatar.com\\\/avatar\\\/f461b4b95c70112e36d8b4abf020c8231a3fa729bdccb05f4f7c9974a0bf24cd?s=96&d=mm&r=g\",\"contentUrl\":\"https:\\\/\\\/secure.gravatar.com\\\/avatar\\\/f461b4b95c70112e36d8b4abf020c8231a3fa729bdccb05f4f7c9974a0bf24cd?s=96&d=mm&r=g\",\"caption\":\"Vincent\"},\"url\":\"https:\\\/\\\/www.altercampagne.net\\\/?author=209\"}]}<\/script>\n<!-- \/ Yoast SEO plugin. -->","yoast_head_json":{"title":"Au Tour du Cycle \u00e0 Crest (26) - AlterTour","robots":{"index":"index","follow":"follow","max-snippet":"max-snippet:-1","max-image-preview":"max-image-preview:large","max-video-preview":"max-video-preview:-1"},"canonical":"https:\/\/www.altercampagne.net\/?p=8161","og_locale":"fr_FR","og_type":"article","og_title":"Au Tour du Cycle \u00e0 Crest (26) - AlterTour","og_description":"Au Tour du Cycle est une association qui promeut la pratique du v\u00e9lo au travers d\u2019un atelier participatif en plein centre-ville de Crest (Dr\u00f4me). Les adh\u00e9rent\u00b7e\u00b7s peuvent venir y bricoler leur v\u00e9lo avec les outils de l\u2019atelier, apprendre \u00e0 r\u00e9parer et entretenir leurs vieux biclous comme leurs plus pimpantes bicyclettes ... Read More","og_url":"https:\/\/www.altercampagne.net\/?p=8161","og_site_name":"AlterTour","article_published_time":"2018-01-13T08:01:16+00:00","article_modified_time":"2019-09-13T09:29:26+00:00","og_image":[{"width":755,"height":395,"url":"https:\/\/www.altercampagne.net\/wp-content\/uploads\/2018\/01\/Atelier-Au-Tour-Du-Cycle-DSC00832.jpg","type":"image\/jpeg"}],"author":"Vincent","twitter_card":"summary_large_image","twitter_misc":{"\u00c9crit par":"Vincent","Dur\u00e9e de lecture estim\u00e9e":"1 minute"},"schema":{"@context":"https:\/\/schema.org","@graph":[{"@type":"Article","@id":"https:\/\/www.altercampagne.net\/?p=8161#article","isPartOf":{"@id":"https:\/\/www.altercampagne.net\/?p=8161"},"author":{"name":"Vincent","@id":"https:\/\/www.altercampagne.net\/#\/schema\/person\/7c299acaf3c77c51c6adfd4b5de88c6e"},"headline":"Au Tour du Cycle \u00e0 Crest (26)","datePublished":"2018-01-13T08:01:16+00:00","dateModified":"2019-09-13T09:29:26+00:00","mainEntityOfPage":{"@id":"https:\/\/www.altercampagne.net\/?p=8161"},"wordCount":180,"image":{"@id":"https:\/\/www.altercampagne.net\/?p=8161#primaryimage"},"thumbnailUrl":"https:\/\/www.altercampagne.net\/wp-content\/uploads\/2018\/01\/Atelier-Au-Tour-Du-Cycle-DSC00832.jpg","keywords":["ecotopia bike tour","Dr\u00f4me","Auvergne-Rh\u00f4ne-Alpes","Rhone-Alpes","Au Tour du Cycle","Crest"],"articleSection":["Auvergne-Rh\u00f4ne-Alpes","Alimentation","\u00c9nergie","\u00c9dition 2017","V\u00e9lo"],"inLanguage":"fr-FR"},{"@type":"WebPage","@id":"https:\/\/www.altercampagne.net\/?p=8161","url":"https:\/\/www.altercampagne.net\/?p=8161","name":"Au Tour du Cycle \u00e0 Crest (26) - AlterTour","isPartOf":{"@id":"https:\/\/www.altercampagne.net\/#website"},"primaryImageOfPage":{"@id":"https:\/\/www.altercampagne.net\/?p=8161#primaryimage"},"image":{"@id":"https:\/\/www.altercampagne.net\/?p=8161#primaryimage"},"thumbnailUrl":"https:\/\/www.altercampagne.net\/wp-content\/uploads\/2018\/01\/Atelier-Au-Tour-Du-Cycle-DSC00832.jpg","datePublished":"2018-01-13T08:01:16+00:00","dateModified":"2019-09-13T09:29:26+00:00","author":{"@id":"https:\/\/www.altercampagne.net\/#\/schema\/person\/7c299acaf3c77c51c6adfd4b5de88c6e"},"breadcrumb":{"@id":"https:\/\/www.altercampagne.net\/?p=8161#breadcrumb"},"inLanguage":"fr-FR","potentialAction":[{"@type":"ReadAction","target":["https:\/\/www.altercampagne.net\/?p=8161"]}]},{"@type":"ImageObject","inLanguage":"fr-FR","@id":"https:\/\/www.altercampagne.net\/?p=8161#primaryimage","url":"https:\/\/www.altercampagne.net\/wp-content\/uploads\/2018\/01\/Atelier-Au-Tour-Du-Cycle-DSC00832.jpg","contentUrl":"https:\/\/www.altercampagne.net\/wp-content\/uploads\/2018\/01\/Atelier-Au-Tour-Du-Cycle-DSC00832.jpg","width":755,"height":395},{"@type":"BreadcrumbList","@id":"https:\/\/www.altercampagne.net\/?p=8161#breadcrumb","itemListElement":[{"@type":"ListItem","position":1,"name":"Accueil","item":"https:\/\/www.altercampagne.net\/"},{"@type":"ListItem","position":2,"name":"Au Tour du Cycle \u00e0 Crest (26)"}]},{"@type":"WebSite","@id":"https:\/\/www.altercampagne.net\/#website","url":"https:\/\/www.altercampagne.net\/","name":"AlterTour","description":"Reliez les Alternatives \u00e0 v\u00e9lo","potentialAction":[{"@type":"SearchAction","target":{"@type":"EntryPoint","urlTemplate":"https:\/\/www.altercampagne.net\/?s={search_term_string}"},"query-input":{"@type":"PropertyValueSpecification","valueRequired":true,"valueName":"search_term_string"}}],"inLanguage":"fr-FR"},{"@type":"Person","@id":"https:\/\/www.altercampagne.net\/#\/schema\/person\/7c299acaf3c77c51c6adfd4b5de88c6e","name":"Vincent","image":{"@type":"ImageObject","inLanguage":"fr-FR","@id":"https:\/\/secure.gravatar.com\/avatar\/f461b4b95c70112e36d8b4abf020c8231a3fa729bdccb05f4f7c9974a0bf24cd?s=96&d=mm&r=g","url":"https:\/\/secure.gravatar.com\/avatar\/f461b4b95c70112e36d8b4abf020c8231a3fa729bdccb05f4f7c9974a0bf24cd?s=96&d=mm&r=g","contentUrl":"https:\/\/secure.gravatar.com\/avatar\/f461b4b95c70112e36d8b4abf020c8231a3fa729bdccb05f4f7c9974a0bf24cd?s=96&d=mm&r=g","caption":"Vincent"},"url":"https:\/\/www.altercampagne.net\/?author=209"}]}},"_links":{"self":[{"href":"https:\/\/www.altercampagne.net\/index.php?rest_route=\/wp\/v2\/posts\/8161","targetHints":{"allow":["GET"]}}],"collection":[{"href":"https:\/\/www.altercampagne.net\/index.php?rest_route=\/wp\/v2\/posts"}],"about":[{"href":"https:\/\/www.altercampagne.net\/index.php?rest_route=\/wp\/v2\/types\/post"}],"author":[{"embeddable":true,"href":"https:\/\/www.altercampagne.net\/index.php?rest_route=\/wp\/v2\/users\/209"}],"replies":[{"embeddable":true,"href":"https:\/\/www.altercampagne.net\/index.php?rest_route=%2Fwp%2Fv2%2Fcomments&post=8161"}],"version-history":[{"count":0,"href":"https:\/\/www.altercampagne.net\/index.php?rest_route=\/wp\/v2\/posts\/8161\/revisions"}],"wp:featuredmedia":[{"embeddable":true,"href":"https:\/\/www.altercampagne.net\/index.php?rest_route=\/wp\/v2\/media\/9334"}],"wp:attachment":[{"href":"https:\/\/www.altercampagne.net\/index.php?rest_route=%2Fwp%2Fv2%2Fmedia&parent=8161"}],"wp:term":[{"taxonomy":"category","embeddable":true,"href":"https:\/\/www.altercampagne.net\/index.php?rest_route=%2Fwp%2Fv2%2Fcategories&post=8161"},{"taxonomy":"post_tag","embeddable":true,"href":"https:\/\/www.altercampagne.net\/index.php?rest_route=%2Fwp%2Fv2%2Ftags&post=8161"}],"curies":[{"name":"wp","href":"https:\/\/api.w.org\/{rel}","templated":true}]}}