{"id":8170,"date":"2018-01-20T09:03:31","date_gmt":"2018-01-20T08:03:31","guid":{"rendered":"http:\/\/www.altercampagne.net\/?p=8170"},"modified":"2018-02-23T16:27:46","modified_gmt":"2018-02-23T15:27:46","slug":"la-zad-de-roybon-en-isere","status":"publish","type":"post","link":"https:\/\/www.altercampagne.net\/?p=8170","title":{"rendered":"La Zad de Roybon en Is\u00e8re"},"content":{"rendered":"<p>Nous arrivons \u00e0 la <a href=\"https:\/\/zadroybon.wordpress.com\/\" target=\"_blank\" rel=\"noopener\">Zone A D\u00e9fendre (ZAD) de Roybon<\/a> sur le coup de 11h30. Accueillis aux abords de la maison \u00ab La Marquise \u00bb, ancienne maison foresti\u00e8re de l\u2019ONF (Office National des For\u00eats) par 2 ZADistes qui vivent l\u00e0 toute l\u2019ann\u00e9e, les altercyclistes profitent d\u2019un caf\u00e9 offert, se perchent sur un gros tronc d\u2019arbre, et \u00e9coutent le r\u00e9cit passionnant de cette lutte.<\/p>\n<p>Dans les ann\u00e9es 2000, un projet de d\u00e9veloppement d\u2019un Center Parc (filiale du Groupe Pierre &amp; Vacances) voit le jour, dans la for\u00eat des Chambarans, situ\u00e9e en Is\u00e8re, tout proche de la Dr\u00f4me, une zone class\u00e9e Natura 2000. La perspective de la cr\u00e9ation d\u2019emplois, ch\u00e8re aux \u00e9lus locaux et \u00e0 une partie de la population amorce un long processus de d\u00e9marches administratives pour faire advenir le projet.<\/p>\n<p>Pour Pierre &amp; Vacances, le coup est facile \u00e0 jouer : l\u2019investissement est limit\u00e9, car la for\u00eat peut \u00eatre acquise \u00e0 bas prix (terrains non-constructibles) et les autorit\u00e9s publiques sont pr\u00eates \u00e0 co-financer l\u2019investissement faramineux pour construire les cottages pour vacanciers. La gestion du parc est quant \u00e0 elle minimale, car lorsque les cottages sont lou\u00e9s, elle est externalis\u00e9e aupr\u00e8s d\u2019une agence sp\u00e9cialis\u00e9e ? Et quand ils sont vendus, elle est prise en charge par les propri\u00e9taires eux-m\u00eames.<\/p>\n<p>Incontestablement, le projet a une forte empreinte environnementale : destruction d\u2019esp\u00e8ces prot\u00e9g\u00e9es, pollution du milieu (eau, sol) . Des collectifs, des associations (p\u00eacheurs, locaux) s\u2019opposent fermement au projet d\u00e8s le d\u00e9part.<br \/>\nFace aux recours et aux contestations \u00e9manant des collectifs citoyens la strat\u00e9gie adopt\u00e9e par les promoteurs du projet est celle du \u00ab saucissonnage \u00bb: diviser le sujet en diff\u00e9rents enjeux cloisonn\u00e9s (gestion de l\u2019eau, de l\u2019urbanisme, du d\u00e9frichement, de l\u2019assainissement) afin de limiter le ralliement des opposants.<\/p>\n<p>Fin 2014, suite \u00e0 l\u2019obtention par les pro-Center Parc d\u2019une autorisation sur l\u2019eau et le d\u00e9frichement, la tension monte d\u2019un cran : une contestation juridique du projet, \u00e0 travers l\u2019association <a href=\"http:\/\/www.pcscp.org\/\" target=\"_blank\" rel=\"noopener\">Pour les Chambarans Sans Center Parc<\/a> (PCSCP) est engag\u00e9e, et des ZADistes viennent occuper les lieux. Au plus haut, ils ont \u00e9t\u00e9 jusque 1 000 sur place.<br \/>\n\u00ab On a compris au bout de 6 mois qu\u2019on habitait dans une for\u00eat ! Il nous a fallu apprendre la culture sylvicole, l\u2019abattage, le d\u00e9bardage, et aller au-del\u00e0 de notre imaginaire autour de la for\u00eat \u00bb<br \/>\n\u00ab Au d\u00e9but, on \u00e9tait l\u00e0 pour la lutte. Et puis on a eu envie de vivre l\u00e0, et d\u2019en profiter. Pour nous c\u2019est devenu plus qu\u2019un espace ouvert, un refuge \u00bb<\/p>\n<p>Les ZADistes, plut\u00f4t jeunes et parfois de la r\u00e9gion, mais pas seulement, s\u2019installent sur les lieux. Certains campent, d\u2019autres sont log\u00e9s dans l\u2019ex-maison de l\u2019ONF, d\u2019autres construisent \u00e0 base de torchis des barricades et des fortifications dans lesquelles ils pourront vivre. Ils apprennent \u00e0 travailler le bois, s\u2019\u00e9quipent d\u2019un camion pour pouvoir g\u00e9rer la for\u00eat, et installent quelques ch\u00e8vres et poules pour assurer leur subsistance.<br \/>\nIls rencontrent eux aussi l\u2019opposition : des locaux qui contestent leur l\u00e9gitimit\u00e9 \u00e0 d\u00e9fendre la zone, des jeunes du coin qui viennent faire du grabuge en cassant les constructions de sites pr\u00e9caires. Une grenade incendiaire a m\u00eame \u00e9t\u00e9 jet\u00e9e sur un site inflammable, une nuit il y a pr\u00e8s de 2 ans.<\/p>\n<p>Et puis il leur faut apprendre \u00e0 lutter ensemble, \u00ab vivre sans se mettre sur la gueule \u00bb. Peu \u00e0 peu, leur contestation se structure. Il y a d\u00e9sormais des r\u00e9unions mensuelles entre les ZADistes pr\u00e9sents sur le site, une r\u00e9flexion politique autour des r\u00e9sistances contemporaines, un blog, et la ZAD de Roybon est d\u00e9sormais en r\u00e9seau avec d\u2019autres luttes (des fermes en r\u00e9sistance, d\u2019autres ZAD, l\u2019accueil des migrants\u2026)<br \/>\nAujourd\u2019hui, ils sont \u00e0 minima entre 15 et 20 de mani\u00e8re permanente sur le site. Ils re\u00e7oivent ceux qui leur rendent visite dans une logique de soutien (Ecotopia, Altertour et les amis d\u2019autres combats\u2026) et poursuivent la lutte. \u00ab On l\u00e2chera rien, faut rester l\u00e0 ! \u00bb<br \/>\nApr\u00e8s ce r\u00e9cit partag\u00e9 par les accueillants, les altercyclistes enfourchent leur v\u00e9lo et sont guid\u00e9s \u00e0 travers la for\u00eat dans diff\u00e9rents points strat\u00e9giques de la ZAD. Ils marquent une \u00e9tape \u00e0 Palette Palace, sorte de point de ralliement\/squat en forme de tipi, fait \u00e0 base de palette, de torchis et de b\u00e2ches en plastique, puis s\u2019aventurent jusqu\u2019\u00e0 la barricade ACAB \u2018All Cops Are Bastards\u2019, o\u00f9 vivent plusieurs personnes, pr\u00eates \u00e0 r\u00e9agir \u00e0 toute intervention des forces de l\u2019ordre.<\/p>\n<p>Apr\u00e8s avoir aid\u00e9 les ZADistes \u00e0 d\u00e9placer quelques troncs de bois, les altercyclistes repartent vers de nouvelles aventures, en croisant bien s\u00fbr quelques voitures polici\u00e8res en poste aux abords de la ZAD\u2026<br \/>\nDu grain \u00e0 moudre pour les altercyclistes, qui ressortent pour certains affect\u00e9s par cette rencontre et l\u2019intensit\u00e9 de la lutte. Il se d\u00e9gage de cet \u00e9change un dr\u00f4le de contraste entre la gentillesse et l\u2019ouverture au dialogue des ZADistes qui les ont accueillis, la duret\u00e9 de leur quotidien forestier et la violence \u00e9conomique dite \u00ab blanche \u00bb contre laquelle il se battent. \u00ab On l\u00e2chera rien, faut rester l\u00e0 ! \u00bb<\/p>\n<p style=\"text-align: right;\"><strong>Marine<\/strong><\/p>\n","protected":false},"excerpt":{"rendered":"<p>Nous arrivons \u00e0 la Zone A D\u00e9fendre (ZAD) de Roybon sur le coup de 11h30. Accueillis aux abords de la maison \u00ab La Marquise \u00bb, ancienne maison foresti\u00e8re de l\u2019ONF (Office National des For\u00eats) par 2 ZADistes qui vivent l\u00e0 toute l\u2019ann\u00e9e, les altercyclistes profitent d\u2019un caf\u00e9 offert, se perchent &#8230; <\/p>\n<div><a href=\"https:\/\/www.altercampagne.net\/?p=8170\" class=\"more-link\">Read More<\/a><\/div>\n","protected":false},"author":220,"featured_media":9399,"comment_status":"closed","ping_status":"closed","sticky":false,"template":"","format":"standard","meta":{"footnotes":""},"categories":[3471,3457,3486],"tags":[3093,3271,3270,3269,3268,3267,3266,3265,3264,484,3090,2861,1982,1650,1489,1217,1024],"class_list":["post-8170","post","type-post","status-publish","format-standard","has-post-thumbnail","hentry","category-auvergne-rhone-alpes","category-edition-2017","category-environnement","tag-pcscp","tag-pour-les-chambarans-sans-center-parc","tag-onf","tag-la-marquise","tag-pierre-vacances","tag-foret-des-chambarans","tag-center-parc","tag-zone-a-defendre","tag-3264","tag-zad","tag-roybon","tag-zad-de-roybon","tag-isere","tag-rhone-alpes","tag-auvergne-rhone-alpes","tag-natura-2000","tag-zadistes"],"yoast_head":"<!-- This site is optimized with the Yoast SEO plugin v27.3 - https:\/\/yoast.com\/product\/yoast-seo-wordpress\/ -->\n<title>La Zad de Roybon en Is\u00e8re - AlterTour<\/title>\n<meta name=\"robots\" content=\"index, follow, max-snippet:-1, max-image-preview:large, max-video-preview:-1\" \/>\n<link rel=\"canonical\" href=\"https:\/\/www.altercampagne.net\/?p=8170\" \/>\n<meta property=\"og:locale\" content=\"fr_FR\" \/>\n<meta property=\"og:type\" content=\"article\" \/>\n<meta property=\"og:title\" content=\"La Zad de Roybon en Is\u00e8re - AlterTour\" \/>\n<meta property=\"og:description\" content=\"Nous arrivons \u00e0 la Zone A D\u00e9fendre (ZAD) de Roybon sur le coup de 11h30. Accueillis aux abords de la maison \u00ab La Marquise \u00bb, ancienne maison foresti\u00e8re de l\u2019ONF (Office National des For\u00eats) par 2 ZADistes qui vivent l\u00e0 toute l\u2019ann\u00e9e, les altercyclistes profitent d\u2019un caf\u00e9 offert, se perchent ... Read More\" \/>\n<meta property=\"og:url\" content=\"https:\/\/www.altercampagne.net\/?p=8170\" \/>\n<meta property=\"og:site_name\" content=\"AlterTour\" \/>\n<meta property=\"article:published_time\" content=\"2018-01-20T08:03:31+00:00\" \/>\n<meta property=\"article:modified_time\" content=\"2018-02-23T15:27:46+00:00\" \/>\n<meta property=\"og:image\" content=\"https:\/\/www.altercampagne.net\/wp-content\/uploads\/2018\/01\/DSC01018.jpg\" \/>\n\t<meta property=\"og:image:width\" content=\"850\" \/>\n\t<meta property=\"og:image:height\" content=\"444\" \/>\n\t<meta property=\"og:image:type\" content=\"image\/jpeg\" \/>\n<meta name=\"author\" content=\"Marine\" \/>\n<meta name=\"twitter:card\" content=\"summary_large_image\" \/>\n<meta name=\"twitter:label1\" content=\"\u00c9crit par\" \/>\n\t<meta name=\"twitter:data1\" content=\"Marine\" \/>\n\t<meta name=\"twitter:label2\" content=\"Dur\u00e9e de lecture estim\u00e9e\" \/>\n\t<meta name=\"twitter:data2\" content=\"4 minutes\" \/>\n<script type=\"application\/ld+json\" class=\"yoast-schema-graph\">{\"@context\":\"https:\\\/\\\/schema.org\",\"@graph\":[{\"@type\":\"Article\",\"@id\":\"https:\\\/\\\/www.altercampagne.net\\\/?p=8170#article\",\"isPartOf\":{\"@id\":\"https:\\\/\\\/www.altercampagne.net\\\/?p=8170\"},\"author\":{\"name\":\"Marine\",\"@id\":\"https:\\\/\\\/www.altercampagne.net\\\/#\\\/schema\\\/person\\\/a9ec2b8e04c50496bc8a8d7ffbd0756e\"},\"headline\":\"La Zad de Roybon en Is\u00e8re\",\"datePublished\":\"2018-01-20T08:03:31+00:00\",\"dateModified\":\"2018-02-23T15:27:46+00:00\",\"mainEntityOfPage\":{\"@id\":\"https:\\\/\\\/www.altercampagne.net\\\/?p=8170\"},\"wordCount\":903,\"image\":{\"@id\":\"https:\\\/\\\/www.altercampagne.net\\\/?p=8170#primaryimage\"},\"thumbnailUrl\":\"https:\\\/\\\/www.altercampagne.net\\\/wp-content\\\/uploads\\\/2018\\\/01\\\/DSC01018.jpg\",\"keywords\":[\"PCSCP\",\"Pour les Chambarans Sans Center Parc\",\"ONF\",\"La Marquise\",\"Pierre &amp; Vacances\",\"for\u00eat des Chambarans\",\"Center Parc\",\"Zone A D\u00e9fendre\",\"38\",\"zad\",\"Roybon\",\"zad de roybon\",\"Is\u00e8re\",\"Rhone-Alpes\",\"Auvergne-Rh\u00f4ne-Alpes\",\"Natura 2000\",\"zadistes\"],\"articleSection\":[\"Auvergne-Rh\u00f4ne-Alpes\",\"\u00c9dition 2017\",\"Environnement\"],\"inLanguage\":\"fr-FR\"},{\"@type\":\"WebPage\",\"@id\":\"https:\\\/\\\/www.altercampagne.net\\\/?p=8170\",\"url\":\"https:\\\/\\\/www.altercampagne.net\\\/?p=8170\",\"name\":\"La Zad de Roybon en Is\u00e8re - AlterTour\",\"isPartOf\":{\"@id\":\"https:\\\/\\\/www.altercampagne.net\\\/#website\"},\"primaryImageOfPage\":{\"@id\":\"https:\\\/\\\/www.altercampagne.net\\\/?p=8170#primaryimage\"},\"image\":{\"@id\":\"https:\\\/\\\/www.altercampagne.net\\\/?p=8170#primaryimage\"},\"thumbnailUrl\":\"https:\\\/\\\/www.altercampagne.net\\\/wp-content\\\/uploads\\\/2018\\\/01\\\/DSC01018.jpg\",\"datePublished\":\"2018-01-20T08:03:31+00:00\",\"dateModified\":\"2018-02-23T15:27:46+00:00\",\"author\":{\"@id\":\"https:\\\/\\\/www.altercampagne.net\\\/#\\\/schema\\\/person\\\/a9ec2b8e04c50496bc8a8d7ffbd0756e\"},\"breadcrumb\":{\"@id\":\"https:\\\/\\\/www.altercampagne.net\\\/?p=8170#breadcrumb\"},\"inLanguage\":\"fr-FR\",\"potentialAction\":[{\"@type\":\"ReadAction\",\"target\":[\"https:\\\/\\\/www.altercampagne.net\\\/?p=8170\"]}]},{\"@type\":\"ImageObject\",\"inLanguage\":\"fr-FR\",\"@id\":\"https:\\\/\\\/www.altercampagne.net\\\/?p=8170#primaryimage\",\"url\":\"https:\\\/\\\/www.altercampagne.net\\\/wp-content\\\/uploads\\\/2018\\\/01\\\/DSC01018.jpg\",\"contentUrl\":\"https:\\\/\\\/www.altercampagne.net\\\/wp-content\\\/uploads\\\/2018\\\/01\\\/DSC01018.jpg\",\"width\":850,\"height\":444},{\"@type\":\"BreadcrumbList\",\"@id\":\"https:\\\/\\\/www.altercampagne.net\\\/?p=8170#breadcrumb\",\"itemListElement\":[{\"@type\":\"ListItem\",\"position\":1,\"name\":\"Accueil\",\"item\":\"https:\\\/\\\/www.altercampagne.net\\\/\"},{\"@type\":\"ListItem\",\"position\":2,\"name\":\"La Zad de Roybon en Is\u00e8re\"}]},{\"@type\":\"WebSite\",\"@id\":\"https:\\\/\\\/www.altercampagne.net\\\/#website\",\"url\":\"https:\\\/\\\/www.altercampagne.net\\\/\",\"name\":\"AlterTour\",\"description\":\"Reliez les Alternatives \u00e0 v\u00e9lo\",\"potentialAction\":[{\"@type\":\"SearchAction\",\"target\":{\"@type\":\"EntryPoint\",\"urlTemplate\":\"https:\\\/\\\/www.altercampagne.net\\\/?s={search_term_string}\"},\"query-input\":{\"@type\":\"PropertyValueSpecification\",\"valueRequired\":true,\"valueName\":\"search_term_string\"}}],\"inLanguage\":\"fr-FR\"},{\"@type\":\"Person\",\"@id\":\"https:\\\/\\\/www.altercampagne.net\\\/#\\\/schema\\\/person\\\/a9ec2b8e04c50496bc8a8d7ffbd0756e\",\"name\":\"Marine\",\"image\":{\"@type\":\"ImageObject\",\"inLanguage\":\"fr-FR\",\"@id\":\"https:\\\/\\\/secure.gravatar.com\\\/avatar\\\/7a7a866b83f95d2f3eb80ce8f6be788c9fc4f72a44bdea8f2bf09c49c9a855a4?s=96&d=mm&r=g\",\"url\":\"https:\\\/\\\/secure.gravatar.com\\\/avatar\\\/7a7a866b83f95d2f3eb80ce8f6be788c9fc4f72a44bdea8f2bf09c49c9a855a4?s=96&d=mm&r=g\",\"contentUrl\":\"https:\\\/\\\/secure.gravatar.com\\\/avatar\\\/7a7a866b83f95d2f3eb80ce8f6be788c9fc4f72a44bdea8f2bf09c49c9a855a4?s=96&d=mm&r=g\",\"caption\":\"Marine\"},\"url\":\"https:\\\/\\\/www.altercampagne.net\\\/?author=220\"}]}<\/script>\n<!-- \/ Yoast SEO plugin. -->","yoast_head_json":{"title":"La Zad de Roybon en Is\u00e8re - AlterTour","robots":{"index":"index","follow":"follow","max-snippet":"max-snippet:-1","max-image-preview":"max-image-preview:large","max-video-preview":"max-video-preview:-1"},"canonical":"https:\/\/www.altercampagne.net\/?p=8170","og_locale":"fr_FR","og_type":"article","og_title":"La Zad de Roybon en Is\u00e8re - AlterTour","og_description":"Nous arrivons \u00e0 la Zone A D\u00e9fendre (ZAD) de Roybon sur le coup de 11h30. Accueillis aux abords de la maison \u00ab La Marquise \u00bb, ancienne maison foresti\u00e8re de l\u2019ONF (Office National des For\u00eats) par 2 ZADistes qui vivent l\u00e0 toute l\u2019ann\u00e9e, les altercyclistes profitent d\u2019un caf\u00e9 offert, se perchent ... Read More","og_url":"https:\/\/www.altercampagne.net\/?p=8170","og_site_name":"AlterTour","article_published_time":"2018-01-20T08:03:31+00:00","article_modified_time":"2018-02-23T15:27:46+00:00","og_image":[{"width":850,"height":444,"url":"https:\/\/www.altercampagne.net\/wp-content\/uploads\/2018\/01\/DSC01018.jpg","type":"image\/jpeg"}],"author":"Marine","twitter_card":"summary_large_image","twitter_misc":{"\u00c9crit par":"Marine","Dur\u00e9e de lecture estim\u00e9e":"4 minutes"},"schema":{"@context":"https:\/\/schema.org","@graph":[{"@type":"Article","@id":"https:\/\/www.altercampagne.net\/?p=8170#article","isPartOf":{"@id":"https:\/\/www.altercampagne.net\/?p=8170"},"author":{"name":"Marine","@id":"https:\/\/www.altercampagne.net\/#\/schema\/person\/a9ec2b8e04c50496bc8a8d7ffbd0756e"},"headline":"La Zad de Roybon en Is\u00e8re","datePublished":"2018-01-20T08:03:31+00:00","dateModified":"2018-02-23T15:27:46+00:00","mainEntityOfPage":{"@id":"https:\/\/www.altercampagne.net\/?p=8170"},"wordCount":903,"image":{"@id":"https:\/\/www.altercampagne.net\/?p=8170#primaryimage"},"thumbnailUrl":"https:\/\/www.altercampagne.net\/wp-content\/uploads\/2018\/01\/DSC01018.jpg","keywords":["PCSCP","Pour les Chambarans Sans Center Parc","ONF","La Marquise","Pierre &amp; Vacances","for\u00eat des Chambarans","Center Parc","Zone A D\u00e9fendre","38","zad","Roybon","zad de roybon","Is\u00e8re","Rhone-Alpes","Auvergne-Rh\u00f4ne-Alpes","Natura 2000","zadistes"],"articleSection":["Auvergne-Rh\u00f4ne-Alpes","\u00c9dition 2017","Environnement"],"inLanguage":"fr-FR"},{"@type":"WebPage","@id":"https:\/\/www.altercampagne.net\/?p=8170","url":"https:\/\/www.altercampagne.net\/?p=8170","name":"La Zad de Roybon en Is\u00e8re - AlterTour","isPartOf":{"@id":"https:\/\/www.altercampagne.net\/#website"},"primaryImageOfPage":{"@id":"https:\/\/www.altercampagne.net\/?p=8170#primaryimage"},"image":{"@id":"https:\/\/www.altercampagne.net\/?p=8170#primaryimage"},"thumbnailUrl":"https:\/\/www.altercampagne.net\/wp-content\/uploads\/2018\/01\/DSC01018.jpg","datePublished":"2018-01-20T08:03:31+00:00","dateModified":"2018-02-23T15:27:46+00:00","author":{"@id":"https:\/\/www.altercampagne.net\/#\/schema\/person\/a9ec2b8e04c50496bc8a8d7ffbd0756e"},"breadcrumb":{"@id":"https:\/\/www.altercampagne.net\/?p=8170#breadcrumb"},"inLanguage":"fr-FR","potentialAction":[{"@type":"ReadAction","target":["https:\/\/www.altercampagne.net\/?p=8170"]}]},{"@type":"ImageObject","inLanguage":"fr-FR","@id":"https:\/\/www.altercampagne.net\/?p=8170#primaryimage","url":"https:\/\/www.altercampagne.net\/wp-content\/uploads\/2018\/01\/DSC01018.jpg","contentUrl":"https:\/\/www.altercampagne.net\/wp-content\/uploads\/2018\/01\/DSC01018.jpg","width":850,"height":444},{"@type":"BreadcrumbList","@id":"https:\/\/www.altercampagne.net\/?p=8170#breadcrumb","itemListElement":[{"@type":"ListItem","position":1,"name":"Accueil","item":"https:\/\/www.altercampagne.net\/"},{"@type":"ListItem","position":2,"name":"La Zad de Roybon en Is\u00e8re"}]},{"@type":"WebSite","@id":"https:\/\/www.altercampagne.net\/#website","url":"https:\/\/www.altercampagne.net\/","name":"AlterTour","description":"Reliez les Alternatives \u00e0 v\u00e9lo","potentialAction":[{"@type":"SearchAction","target":{"@type":"EntryPoint","urlTemplate":"https:\/\/www.altercampagne.net\/?s={search_term_string}"},"query-input":{"@type":"PropertyValueSpecification","valueRequired":true,"valueName":"search_term_string"}}],"inLanguage":"fr-FR"},{"@type":"Person","@id":"https:\/\/www.altercampagne.net\/#\/schema\/person\/a9ec2b8e04c50496bc8a8d7ffbd0756e","name":"Marine","image":{"@type":"ImageObject","inLanguage":"fr-FR","@id":"https:\/\/secure.gravatar.com\/avatar\/7a7a866b83f95d2f3eb80ce8f6be788c9fc4f72a44bdea8f2bf09c49c9a855a4?s=96&d=mm&r=g","url":"https:\/\/secure.gravatar.com\/avatar\/7a7a866b83f95d2f3eb80ce8f6be788c9fc4f72a44bdea8f2bf09c49c9a855a4?s=96&d=mm&r=g","contentUrl":"https:\/\/secure.gravatar.com\/avatar\/7a7a866b83f95d2f3eb80ce8f6be788c9fc4f72a44bdea8f2bf09c49c9a855a4?s=96&d=mm&r=g","caption":"Marine"},"url":"https:\/\/www.altercampagne.net\/?author=220"}]}},"_links":{"self":[{"href":"https:\/\/www.altercampagne.net\/index.php?rest_route=\/wp\/v2\/posts\/8170","targetHints":{"allow":["GET"]}}],"collection":[{"href":"https:\/\/www.altercampagne.net\/index.php?rest_route=\/wp\/v2\/posts"}],"about":[{"href":"https:\/\/www.altercampagne.net\/index.php?rest_route=\/wp\/v2\/types\/post"}],"author":[{"embeddable":true,"href":"https:\/\/www.altercampagne.net\/index.php?rest_route=\/wp\/v2\/users\/220"}],"replies":[{"embeddable":true,"href":"https:\/\/www.altercampagne.net\/index.php?rest_route=%2Fwp%2Fv2%2Fcomments&post=8170"}],"version-history":[{"count":0,"href":"https:\/\/www.altercampagne.net\/index.php?rest_route=\/wp\/v2\/posts\/8170\/revisions"}],"wp:featuredmedia":[{"embeddable":true,"href":"https:\/\/www.altercampagne.net\/index.php?rest_route=\/wp\/v2\/media\/9399"}],"wp:attachment":[{"href":"https:\/\/www.altercampagne.net\/index.php?rest_route=%2Fwp%2Fv2%2Fmedia&parent=8170"}],"wp:term":[{"taxonomy":"category","embeddable":true,"href":"https:\/\/www.altercampagne.net\/index.php?rest_route=%2Fwp%2Fv2%2Fcategories&post=8170"},{"taxonomy":"post_tag","embeddable":true,"href":"https:\/\/www.altercampagne.net\/index.php?rest_route=%2Fwp%2Fv2%2Ftags&post=8170"}],"curies":[{"name":"wp","href":"https:\/\/api.w.org\/{rel}","templated":true}]}}