{"id":8175,"date":"2017-12-14T15:50:57","date_gmt":"2017-12-14T14:50:57","guid":{"rendered":"http:\/\/www.altercampagne.net\/?p=8175"},"modified":"2018-05-25T07:27:20","modified_gmt":"2018-05-25T05:27:20","slug":"3eme-week-end-de-preparation-de-laltertour-2018-les-16-et-17-decembre-2017-a-andines","status":"publish","type":"post","link":"https:\/\/www.altercampagne.net\/?p=8175","title":{"rendered":"3e WE pr\u00e9paration AlterTour 2018 : Participez !"},"content":{"rendered":"<p>Les 16 et 17 d\u00e9cembre 2017 nous nous retrouvons \u00e0 <a href=\"http:\/\/www.andines.com\/\" target=\"_blank\" rel=\"noopener\">Andines<\/a> pour choisir le th\u00e8me et le parcours de l&rsquo;AlterTour 2018.<\/p>\n<p>Adresse : 5 Rue de La Poterie &#8211; 93200 Saint-Denis<\/p>\n<p><strong>Samedi<\/strong><br \/>\n09h30\u00a0:\u00a0Accueil et pr\u00e9sentation du lieu : la coop\u00e9rative Andines<br \/>\n10h00 : Retour du Coll\u00e8ge Solidaire<br \/>\n11h00 : <strong>Quel Th\u00e8me<\/strong> pour l\u2019AlterTour 2018 ? R\u00e9flexion<\/p>\n<p>14h30 : Retour des groupes de travail Programme et Rythme sur l\u2019AlterTour<br \/>\n15h30 : Bilan sur le d\u00e9frichage du parcours<br \/>\n16h00 : <strong>Quel Parcours<\/strong> pour l\u2019AlterTour 2018 ? R\u00e9flexion<\/p>\n<p>19h00 : Soir\u00e9e festive<\/p>\n<p><span style=\"color: #000000;\"><b>Dimanche<\/b><\/span><br \/>\n09h00 : Accueil<br \/>\n09h30 : Th\u00e8me pour l\u2019AlterTour 2018 : D\u00e9cision<br \/>\n11h30 : Retour du groupe de travail \u00c9chapp\u00e9es Belles (L\u2019AlterTour\u00a0sans v\u00e9hicule)<br \/>\n12h00 : Parcours de l\u2019AlterTour 2018 : D\u00e9cision<\/p>\n<p>14h00 : Projet de plateforme sur le voyage \u00e0 v\u00e9lo<br \/>\nQuel R\u00e8glement int\u00e9rieur pour l\u2019association Altercampagne ?<br \/>\n14h30 : Cl\u00f4ture du\u00a0week-end\u00a0et temps convivial<\/p>\n","protected":false},"excerpt":{"rendered":"<p>Les 16 et 17 d\u00e9cembre 2017 nous nous retrouvons \u00e0 Andines pour choisir le th\u00e8me et le parcours de l&rsquo;AlterTour 2018. Adresse : 5 Rue de La Poterie &#8211; 93200 Saint-Denis Samedi 09h30\u00a0:\u00a0Accueil et pr\u00e9sentation du lieu : la coop\u00e9rative Andines 10h00 : Retour du Coll\u00e8ge Solidaire 11h00 : Quel &#8230; <\/p>\n<div><a href=\"https:\/\/www.altercampagne.net\/?p=8175\" class=\"more-link\">Read More<\/a><\/div>\n","protected":false},"author":214,"featured_media":9425,"comment_status":"closed","ping_status":"closed","sticky":false,"template":"","format":"standard","meta":{"footnotes":""},"categories":[3470,3539],"tags":[51,434,476,520,925,1490,2828,3221,3244,3565],"class_list":["post-8175","post","type-post","status-publish","format-standard","has-post-thumbnail","hentry","category-edition-2018","category-we-de-preparation","tag-andines","tag-pleniere","tag-reunion","tag-parcours","tag-saint-denis","tag-ile-de-france","tag-theme","tag-altertour-2018","tag-decembre-2017","tag-week-end"],"yoast_head":"<!-- This site is optimized with the Yoast SEO plugin v27.3 - https:\/\/yoast.com\/product\/yoast-seo-wordpress\/ -->\n<title>3e WE pr\u00e9paration AlterTour 2018 : Participez ! - AlterTour<\/title>\n<meta name=\"robots\" content=\"index, follow, max-snippet:-1, max-image-preview:large, max-video-preview:-1\" \/>\n<link rel=\"canonical\" href=\"https:\/\/www.altercampagne.net\/?p=8175\" \/>\n<meta property=\"og:locale\" content=\"fr_FR\" \/>\n<meta property=\"og:type\" content=\"article\" \/>\n<meta property=\"og:title\" content=\"3e WE pr\u00e9paration AlterTour 2018 : Participez ! - AlterTour\" \/>\n<meta property=\"og:description\" content=\"Les 16 et 17 d\u00e9cembre 2017 nous nous retrouvons \u00e0 Andines pour choisir le th\u00e8me et le parcours de l&rsquo;AlterTour 2018. Adresse : 5 Rue de La Poterie &#8211; 93200 Saint-Denis Samedi 09h30\u00a0:\u00a0Accueil et pr\u00e9sentation du lieu : la coop\u00e9rative Andines 10h00 : Retour du Coll\u00e8ge Solidaire 11h00 : Quel ... Read More\" \/>\n<meta property=\"og:url\" content=\"https:\/\/www.altercampagne.net\/?p=8175\" \/>\n<meta property=\"og:site_name\" content=\"AlterTour\" \/>\n<meta property=\"article:published_time\" content=\"2017-12-14T14:50:57+00:00\" \/>\n<meta property=\"article:modified_time\" content=\"2018-05-25T05:27:20+00:00\" \/>\n<meta property=\"og:image\" content=\"https:\/\/www.altercampagne.net\/wp-content\/uploads\/2017\/12\/2017-08-05_18.19.jpg\" \/>\n\t<meta property=\"og:image:width\" content=\"837\" \/>\n\t<meta property=\"og:image:height\" content=\"437\" \/>\n\t<meta property=\"og:image:type\" content=\"image\/jpeg\" \/>\n<meta name=\"author\" content=\"Mathieu\" \/>\n<meta name=\"twitter:card\" content=\"summary_large_image\" \/>\n<meta name=\"twitter:label1\" content=\"\u00c9crit par\" \/>\n\t<meta name=\"twitter:data1\" content=\"Mathieu\" \/>\n\t<meta name=\"twitter:label2\" content=\"Dur\u00e9e de lecture estim\u00e9e\" \/>\n\t<meta name=\"twitter:data2\" content=\"1 minute\" \/>\n<script type=\"application\/ld+json\" class=\"yoast-schema-graph\">{\"@context\":\"https:\\\/\\\/schema.org\",\"@graph\":[{\"@type\":\"Article\",\"@id\":\"https:\\\/\\\/www.altercampagne.net\\\/?p=8175#article\",\"isPartOf\":{\"@id\":\"https:\\\/\\\/www.altercampagne.net\\\/?p=8175\"},\"author\":{\"name\":\"Mathieu\",\"@id\":\"https:\\\/\\\/www.altercampagne.net\\\/#\\\/schema\\\/person\\\/0f261460c09e430caa0f9bcffa319109\"},\"headline\":\"3e WE pr\u00e9paration AlterTour 2018 : Participez !\",\"datePublished\":\"2017-12-14T14:50:57+00:00\",\"dateModified\":\"2018-05-25T05:27:20+00:00\",\"mainEntityOfPage\":{\"@id\":\"https:\\\/\\\/www.altercampagne.net\\\/?p=8175\"},\"wordCount\":149,\"image\":{\"@id\":\"https:\\\/\\\/www.altercampagne.net\\\/?p=8175#primaryimage\"},\"thumbnailUrl\":\"https:\\\/\\\/www.altercampagne.net\\\/wp-content\\\/uploads\\\/2017\\\/12\\\/2017-08-05_18.19.jpg\",\"keywords\":[\"Andines\",\"pl\u00e9ni\u00e8re\",\"r\u00e9union\",\"parcours\",\"Saint-Denis\",\"ile-de-france\",\"th\u00e8me\",\"AlterTour 2018\",\"d\u00e9cembre 2017\",\"week-end\"],\"articleSection\":[\"\u00c9dition 2018\",\"WE de pr\u00e9paration\"],\"inLanguage\":\"fr-FR\"},{\"@type\":\"WebPage\",\"@id\":\"https:\\\/\\\/www.altercampagne.net\\\/?p=8175\",\"url\":\"https:\\\/\\\/www.altercampagne.net\\\/?p=8175\",\"name\":\"3e WE pr\u00e9paration AlterTour 2018 : Participez ! - AlterTour\",\"isPartOf\":{\"@id\":\"https:\\\/\\\/www.altercampagne.net\\\/#website\"},\"primaryImageOfPage\":{\"@id\":\"https:\\\/\\\/www.altercampagne.net\\\/?p=8175#primaryimage\"},\"image\":{\"@id\":\"https:\\\/\\\/www.altercampagne.net\\\/?p=8175#primaryimage\"},\"thumbnailUrl\":\"https:\\\/\\\/www.altercampagne.net\\\/wp-content\\\/uploads\\\/2017\\\/12\\\/2017-08-05_18.19.jpg\",\"datePublished\":\"2017-12-14T14:50:57+00:00\",\"dateModified\":\"2018-05-25T05:27:20+00:00\",\"author\":{\"@id\":\"https:\\\/\\\/www.altercampagne.net\\\/#\\\/schema\\\/person\\\/0f261460c09e430caa0f9bcffa319109\"},\"breadcrumb\":{\"@id\":\"https:\\\/\\\/www.altercampagne.net\\\/?p=8175#breadcrumb\"},\"inLanguage\":\"fr-FR\",\"potentialAction\":[{\"@type\":\"ReadAction\",\"target\":[\"https:\\\/\\\/www.altercampagne.net\\\/?p=8175\"]}]},{\"@type\":\"ImageObject\",\"inLanguage\":\"fr-FR\",\"@id\":\"https:\\\/\\\/www.altercampagne.net\\\/?p=8175#primaryimage\",\"url\":\"https:\\\/\\\/www.altercampagne.net\\\/wp-content\\\/uploads\\\/2017\\\/12\\\/2017-08-05_18.19.jpg\",\"contentUrl\":\"https:\\\/\\\/www.altercampagne.net\\\/wp-content\\\/uploads\\\/2017\\\/12\\\/2017-08-05_18.19.jpg\",\"width\":837,\"height\":437},{\"@type\":\"BreadcrumbList\",\"@id\":\"https:\\\/\\\/www.altercampagne.net\\\/?p=8175#breadcrumb\",\"itemListElement\":[{\"@type\":\"ListItem\",\"position\":1,\"name\":\"Accueil\",\"item\":\"https:\\\/\\\/www.altercampagne.net\\\/\"},{\"@type\":\"ListItem\",\"position\":2,\"name\":\"3e WE pr\u00e9paration AlterTour 2018 : Participez !\"}]},{\"@type\":\"WebSite\",\"@id\":\"https:\\\/\\\/www.altercampagne.net\\\/#website\",\"url\":\"https:\\\/\\\/www.altercampagne.net\\\/\",\"name\":\"AlterTour\",\"description\":\"Reliez les Alternatives \u00e0 v\u00e9lo\",\"potentialAction\":[{\"@type\":\"SearchAction\",\"target\":{\"@type\":\"EntryPoint\",\"urlTemplate\":\"https:\\\/\\\/www.altercampagne.net\\\/?s={search_term_string}\"},\"query-input\":{\"@type\":\"PropertyValueSpecification\",\"valueRequired\":true,\"valueName\":\"search_term_string\"}}],\"inLanguage\":\"fr-FR\"},{\"@type\":\"Person\",\"@id\":\"https:\\\/\\\/www.altercampagne.net\\\/#\\\/schema\\\/person\\\/0f261460c09e430caa0f9bcffa319109\",\"name\":\"Mathieu\",\"image\":{\"@type\":\"ImageObject\",\"inLanguage\":\"fr-FR\",\"@id\":\"https:\\\/\\\/secure.gravatar.com\\\/avatar\\\/aa9d3d24c83f2141e5e2709d0f63d09a99f6be6bb7a50abc4915838d9f54501a?s=96&d=mm&r=g\",\"url\":\"https:\\\/\\\/secure.gravatar.com\\\/avatar\\\/aa9d3d24c83f2141e5e2709d0f63d09a99f6be6bb7a50abc4915838d9f54501a?s=96&d=mm&r=g\",\"contentUrl\":\"https:\\\/\\\/secure.gravatar.com\\\/avatar\\\/aa9d3d24c83f2141e5e2709d0f63d09a99f6be6bb7a50abc4915838d9f54501a?s=96&d=mm&r=g\",\"caption\":\"Mathieu\"},\"url\":\"https:\\\/\\\/www.altercampagne.net\\\/?author=214\"}]}<\/script>\n<!-- \/ Yoast SEO plugin. -->","yoast_head_json":{"title":"3e WE pr\u00e9paration AlterTour 2018 : Participez ! - AlterTour","robots":{"index":"index","follow":"follow","max-snippet":"max-snippet:-1","max-image-preview":"max-image-preview:large","max-video-preview":"max-video-preview:-1"},"canonical":"https:\/\/www.altercampagne.net\/?p=8175","og_locale":"fr_FR","og_type":"article","og_title":"3e WE pr\u00e9paration AlterTour 2018 : Participez ! - AlterTour","og_description":"Les 16 et 17 d\u00e9cembre 2017 nous nous retrouvons \u00e0 Andines pour choisir le th\u00e8me et le parcours de l&rsquo;AlterTour 2018. Adresse : 5 Rue de La Poterie &#8211; 93200 Saint-Denis Samedi 09h30\u00a0:\u00a0Accueil et pr\u00e9sentation du lieu : la coop\u00e9rative Andines 10h00 : Retour du Coll\u00e8ge Solidaire 11h00 : Quel ... Read More","og_url":"https:\/\/www.altercampagne.net\/?p=8175","og_site_name":"AlterTour","article_published_time":"2017-12-14T14:50:57+00:00","article_modified_time":"2018-05-25T05:27:20+00:00","og_image":[{"width":837,"height":437,"url":"https:\/\/www.altercampagne.net\/wp-content\/uploads\/2017\/12\/2017-08-05_18.19.jpg","type":"image\/jpeg"}],"author":"Mathieu","twitter_card":"summary_large_image","twitter_misc":{"\u00c9crit par":"Mathieu","Dur\u00e9e de lecture estim\u00e9e":"1 minute"},"schema":{"@context":"https:\/\/schema.org","@graph":[{"@type":"Article","@id":"https:\/\/www.altercampagne.net\/?p=8175#article","isPartOf":{"@id":"https:\/\/www.altercampagne.net\/?p=8175"},"author":{"name":"Mathieu","@id":"https:\/\/www.altercampagne.net\/#\/schema\/person\/0f261460c09e430caa0f9bcffa319109"},"headline":"3e WE pr\u00e9paration AlterTour 2018 : Participez !","datePublished":"2017-12-14T14:50:57+00:00","dateModified":"2018-05-25T05:27:20+00:00","mainEntityOfPage":{"@id":"https:\/\/www.altercampagne.net\/?p=8175"},"wordCount":149,"image":{"@id":"https:\/\/www.altercampagne.net\/?p=8175#primaryimage"},"thumbnailUrl":"https:\/\/www.altercampagne.net\/wp-content\/uploads\/2017\/12\/2017-08-05_18.19.jpg","keywords":["Andines","pl\u00e9ni\u00e8re","r\u00e9union","parcours","Saint-Denis","ile-de-france","th\u00e8me","AlterTour 2018","d\u00e9cembre 2017","week-end"],"articleSection":["\u00c9dition 2018","WE de pr\u00e9paration"],"inLanguage":"fr-FR"},{"@type":"WebPage","@id":"https:\/\/www.altercampagne.net\/?p=8175","url":"https:\/\/www.altercampagne.net\/?p=8175","name":"3e WE pr\u00e9paration AlterTour 2018 : Participez ! - AlterTour","isPartOf":{"@id":"https:\/\/www.altercampagne.net\/#website"},"primaryImageOfPage":{"@id":"https:\/\/www.altercampagne.net\/?p=8175#primaryimage"},"image":{"@id":"https:\/\/www.altercampagne.net\/?p=8175#primaryimage"},"thumbnailUrl":"https:\/\/www.altercampagne.net\/wp-content\/uploads\/2017\/12\/2017-08-05_18.19.jpg","datePublished":"2017-12-14T14:50:57+00:00","dateModified":"2018-05-25T05:27:20+00:00","author":{"@id":"https:\/\/www.altercampagne.net\/#\/schema\/person\/0f261460c09e430caa0f9bcffa319109"},"breadcrumb":{"@id":"https:\/\/www.altercampagne.net\/?p=8175#breadcrumb"},"inLanguage":"fr-FR","potentialAction":[{"@type":"ReadAction","target":["https:\/\/www.altercampagne.net\/?p=8175"]}]},{"@type":"ImageObject","inLanguage":"fr-FR","@id":"https:\/\/www.altercampagne.net\/?p=8175#primaryimage","url":"https:\/\/www.altercampagne.net\/wp-content\/uploads\/2017\/12\/2017-08-05_18.19.jpg","contentUrl":"https:\/\/www.altercampagne.net\/wp-content\/uploads\/2017\/12\/2017-08-05_18.19.jpg","width":837,"height":437},{"@type":"BreadcrumbList","@id":"https:\/\/www.altercampagne.net\/?p=8175#breadcrumb","itemListElement":[{"@type":"ListItem","position":1,"name":"Accueil","item":"https:\/\/www.altercampagne.net\/"},{"@type":"ListItem","position":2,"name":"3e WE pr\u00e9paration AlterTour 2018 : Participez !"}]},{"@type":"WebSite","@id":"https:\/\/www.altercampagne.net\/#website","url":"https:\/\/www.altercampagne.net\/","name":"AlterTour","description":"Reliez les Alternatives \u00e0 v\u00e9lo","potentialAction":[{"@type":"SearchAction","target":{"@type":"EntryPoint","urlTemplate":"https:\/\/www.altercampagne.net\/?s={search_term_string}"},"query-input":{"@type":"PropertyValueSpecification","valueRequired":true,"valueName":"search_term_string"}}],"inLanguage":"fr-FR"},{"@type":"Person","@id":"https:\/\/www.altercampagne.net\/#\/schema\/person\/0f261460c09e430caa0f9bcffa319109","name":"Mathieu","image":{"@type":"ImageObject","inLanguage":"fr-FR","@id":"https:\/\/secure.gravatar.com\/avatar\/aa9d3d24c83f2141e5e2709d0f63d09a99f6be6bb7a50abc4915838d9f54501a?s=96&d=mm&r=g","url":"https:\/\/secure.gravatar.com\/avatar\/aa9d3d24c83f2141e5e2709d0f63d09a99f6be6bb7a50abc4915838d9f54501a?s=96&d=mm&r=g","contentUrl":"https:\/\/secure.gravatar.com\/avatar\/aa9d3d24c83f2141e5e2709d0f63d09a99f6be6bb7a50abc4915838d9f54501a?s=96&d=mm&r=g","caption":"Mathieu"},"url":"https:\/\/www.altercampagne.net\/?author=214"}]}},"_links":{"self":[{"href":"https:\/\/www.altercampagne.net\/index.php?rest_route=\/wp\/v2\/posts\/8175","targetHints":{"allow":["GET"]}}],"collection":[{"href":"https:\/\/www.altercampagne.net\/index.php?rest_route=\/wp\/v2\/posts"}],"about":[{"href":"https:\/\/www.altercampagne.net\/index.php?rest_route=\/wp\/v2\/types\/post"}],"author":[{"embeddable":true,"href":"https:\/\/www.altercampagne.net\/index.php?rest_route=\/wp\/v2\/users\/214"}],"replies":[{"embeddable":true,"href":"https:\/\/www.altercampagne.net\/index.php?rest_route=%2Fwp%2Fv2%2Fcomments&post=8175"}],"version-history":[{"count":0,"href":"https:\/\/www.altercampagne.net\/index.php?rest_route=\/wp\/v2\/posts\/8175\/revisions"}],"wp:featuredmedia":[{"embeddable":true,"href":"https:\/\/www.altercampagne.net\/index.php?rest_route=\/wp\/v2\/media\/9425"}],"wp:attachment":[{"href":"https:\/\/www.altercampagne.net\/index.php?rest_route=%2Fwp%2Fv2%2Fmedia&parent=8175"}],"wp:term":[{"taxonomy":"category","embeddable":true,"href":"https:\/\/www.altercampagne.net\/index.php?rest_route=%2Fwp%2Fv2%2Fcategories&post=8175"},{"taxonomy":"post_tag","embeddable":true,"href":"https:\/\/www.altercampagne.net\/index.php?rest_route=%2Fwp%2Fv2%2Ftags&post=8175"}],"curies":[{"name":"wp","href":"https:\/\/api.w.org\/{rel}","templated":true}]}}