{"id":8208,"date":"2017-11-13T19:38:28","date_gmt":"2017-11-13T18:38:28","guid":{"rendered":"http:\/\/www.altercampagne.net\/?p=8208"},"modified":"2018-05-25T07:39:54","modified_gmt":"2018-05-25T05:39:54","slug":"bienvenue-a-la-nouvelle-equipe-du-college-solidaire-daltercampagne-2","status":"publish","type":"post","link":"https:\/\/www.altercampagne.net\/?p=8208","title":{"rendered":"Bienvenue \u00e0 la nouvelle \u00e9quipe du Coll\u00e8ge Solidaire d\u2019Altercampagne !"},"content":{"rendered":"<p>Les 11 et 12 novembre 2017 nous \u00e9tions r\u00e9unis aux <a href=\"http:\/\/montreuil.marmitesvolantes.fr\/\" target=\"_blank\" rel=\"noopener\">Marmites Volantes<\/a> \u00e0 Montreuil pour l&rsquo;Assembl\u00e9e G\u00e9n\u00e9rale de l&rsquo;association Altercampagne. Ce fut l\u2019occasion de faire le point sur l\u2019ann\u00e9e \u00e9coul\u00e9e, de poursuivre le travail engag\u00e9 en septembre sur l\u2019AlterTour 2018 et de d\u00e9signer le nouveau Coll\u00e8ge Solidaire.<\/p>\n<p>Dans notre association il n\u2019y a pas de bureau, pas de pr\u00e9sident, pas de secr\u00e9taire mais un Coll\u00e8ge Solidaire (CS) qui porte collectivement la responsabilit\u00e9 juridique de l\u2019association. Pour organiser l\u2019AlterTour, le CS s\u2019entoure d\u2019un Collectif d\u2019Organisation.<br \/>\nUn immense merci et une pens\u00e9e \u00e9mue pour celles et ceux qui ont termin\u00e9 leur mandat \u00e0 l\u2019occasion de l\u2019AG : Alberto Reblledo, Coline Gufflet, Guillaume de Crop, Juliette Gest, Keltoum Boumediene, Philippe Der\u00e9gel et Val\u00e9rie Marquet<\/p>\n<p>F\u00e9licitations et bienvenue au nouveau Coll\u00e8ge Solidaire :<br \/>\n\u2013 Baptiste Arnaud<br \/>\n\u2013 Bruno Cl\u00e9mentin<br \/>\n\u2013 Elsa Abdessadok<br \/>\n\u2013 Emmanuel Bulot<br \/>\n\u2013 Fabien Goblet<br \/>\n\u2013 Florence Ch\u00e9n\u00e9<br \/>\n\u2013 Fran\u00e7ois Briens<br \/>\n\u2013 Isabelle de Loenzien<br \/>\n\u2013 Julie Lefort<br \/>\n\u2013 Marine D&rsquo;Allance<br \/>\n\u2013 Philippe Huguenin<br \/>\n\u2013 Vincent Krakowski<br \/>\n\u2013 Virginie Mournetas<\/p>\n<p>Une tr\u00e8s belle dynamique est en train de na\u00eetre au sein du Coll\u00e8ge Solidaire et du Collectif d\u2019Orga. Vous pouvez nous rejoindre \u00e0 tout moment, nous d\u00e9finirons le th\u00e8me et le parcours de l\u2019AlterTour 2018 les 16 et 17 d\u00e9cembre prochain \u00e0 <a href=\"http:\/\/www.andines.com\/\" target=\"_blank\" rel=\"noopener\">Andines<\/a> (5 rue de la poterie \u2013 93200 Saint Denis).<\/p>\n","protected":false},"excerpt":{"rendered":"<p>Les 11 et 12 novembre 2017 nous \u00e9tions r\u00e9unis aux Marmites Volantes \u00e0 Montreuil pour l&rsquo;Assembl\u00e9e G\u00e9n\u00e9rale de l&rsquo;association Altercampagne. Ce fut l\u2019occasion de faire le point sur l\u2019ann\u00e9e \u00e9coul\u00e9e, de poursuivre le travail engag\u00e9 en septembre sur l\u2019AlterTour 2018 et de d\u00e9signer le nouveau Coll\u00e8ge Solidaire. Dans notre association &#8230; <\/p>\n<div><a href=\"https:\/\/www.altercampagne.net\/?p=8208\" class=\"more-link\">Read More<\/a><\/div>\n","protected":false},"author":214,"featured_media":8283,"comment_status":"closed","ping_status":"closed","sticky":false,"template":"","format":"standard","meta":{"footnotes":""},"categories":[3470],"tags":[3221,3281,3280,3279,3278,3277,3276,3275,3274,3273,36,641,634,551,476,472,434,79,67,48],"class_list":["post-8208","post","type-post","status-publish","format-standard","has-post-thumbnail","hentry","category-edition-2018","tag-altertour-2018","tag-virginie-mournetas","tag-philippe-huguenin","tag-marine-dallance","tag-julie-lefort","tag-isabelle-de-loenzien","tag-francois-briens","tag-emmanuel-bulot","tag-elsa-abdessadok","tag-bruno-clementin","tag-college-solidaire","tag-vincent-krakowski","tag-fabien-goblet","tag-baptiste-arnaud","tag-reunion","tag-montreuil","tag-pleniere","tag-florence-chene","tag-marmites-volantes","tag-ag"],"yoast_head":"<!-- This site is optimized with the Yoast SEO plugin v27.3 - https:\/\/yoast.com\/product\/yoast-seo-wordpress\/ -->\n<title>Bienvenue \u00e0 la nouvelle \u00e9quipe du Coll\u00e8ge Solidaire d\u2019Altercampagne ! - AlterTour<\/title>\n<meta name=\"robots\" content=\"index, follow, max-snippet:-1, max-image-preview:large, max-video-preview:-1\" \/>\n<link rel=\"canonical\" href=\"https:\/\/www.altercampagne.net\/?p=8208\" \/>\n<meta property=\"og:locale\" content=\"fr_FR\" \/>\n<meta property=\"og:type\" content=\"article\" \/>\n<meta property=\"og:title\" content=\"Bienvenue \u00e0 la nouvelle \u00e9quipe du Coll\u00e8ge Solidaire d\u2019Altercampagne ! - AlterTour\" \/>\n<meta property=\"og:description\" content=\"Les 11 et 12 novembre 2017 nous \u00e9tions r\u00e9unis aux Marmites Volantes \u00e0 Montreuil pour l&rsquo;Assembl\u00e9e G\u00e9n\u00e9rale de l&rsquo;association Altercampagne. Ce fut l\u2019occasion de faire le point sur l\u2019ann\u00e9e \u00e9coul\u00e9e, de poursuivre le travail engag\u00e9 en septembre sur l\u2019AlterTour 2018 et de d\u00e9signer le nouveau Coll\u00e8ge Solidaire. Dans notre association ... Read More\" \/>\n<meta property=\"og:url\" content=\"https:\/\/www.altercampagne.net\/?p=8208\" \/>\n<meta property=\"og:site_name\" content=\"AlterTour\" \/>\n<meta property=\"article:published_time\" content=\"2017-11-13T18:38:28+00:00\" \/>\n<meta property=\"article:modified_time\" content=\"2018-05-25T05:39:54+00:00\" \/>\n<meta property=\"og:image\" content=\"https:\/\/www.altercampagne.net\/wp-content\/uploads\/2017\/12\/CS-2017-2018.jpg\" \/>\n\t<meta property=\"og:image:width\" content=\"1175\" \/>\n\t<meta property=\"og:image:height\" content=\"791\" \/>\n\t<meta property=\"og:image:type\" content=\"image\/jpeg\" \/>\n<meta name=\"author\" content=\"Mathieu\" \/>\n<meta name=\"twitter:card\" content=\"summary_large_image\" \/>\n<meta name=\"twitter:label1\" content=\"\u00c9crit par\" \/>\n\t<meta name=\"twitter:data1\" content=\"Mathieu\" \/>\n\t<meta name=\"twitter:label2\" content=\"Dur\u00e9e de lecture estim\u00e9e\" \/>\n\t<meta name=\"twitter:data2\" content=\"1 minute\" \/>\n<script type=\"application\/ld+json\" class=\"yoast-schema-graph\">{\"@context\":\"https:\\\/\\\/schema.org\",\"@graph\":[{\"@type\":\"Article\",\"@id\":\"https:\\\/\\\/www.altercampagne.net\\\/?p=8208#article\",\"isPartOf\":{\"@id\":\"https:\\\/\\\/www.altercampagne.net\\\/?p=8208\"},\"author\":{\"name\":\"Mathieu\",\"@id\":\"https:\\\/\\\/www.altercampagne.net\\\/#\\\/schema\\\/person\\\/0f261460c09e430caa0f9bcffa319109\"},\"headline\":\"Bienvenue \u00e0 la nouvelle \u00e9quipe du Coll\u00e8ge Solidaire d\u2019Altercampagne !\",\"datePublished\":\"2017-11-13T18:38:28+00:00\",\"dateModified\":\"2018-05-25T05:39:54+00:00\",\"mainEntityOfPage\":{\"@id\":\"https:\\\/\\\/www.altercampagne.net\\\/?p=8208\"},\"wordCount\":243,\"image\":{\"@id\":\"https:\\\/\\\/www.altercampagne.net\\\/?p=8208#primaryimage\"},\"thumbnailUrl\":\"https:\\\/\\\/www.altercampagne.net\\\/wp-content\\\/uploads\\\/2017\\\/12\\\/CS-2017-2018.jpg\",\"keywords\":[\"AlterTour 2018\",\"Virginie Mournetas\",\"Philippe Huguenin\",\"Marine D'Allance\",\"Julie Lefort\",\"Isabelle de Loenzien\",\"Fran\u00e7ois Briens\",\"Emmanuel Bulot\",\"Elsa Abdessadok\",\"Bruno Cl\u00e9mentin\",\"coll\u00e8ge solidaire\",\"Vincent KRAKOWSKI\",\"Fabien GOBLET\",\"Baptiste Arnaud\",\"r\u00e9union\",\"Montreuil\",\"pl\u00e9ni\u00e8re\",\"Florence Ch\u00e9n\u00e9\",\"marmites volantes\",\"AG\"],\"articleSection\":[\"\u00c9dition 2018\"],\"inLanguage\":\"fr-FR\"},{\"@type\":\"WebPage\",\"@id\":\"https:\\\/\\\/www.altercampagne.net\\\/?p=8208\",\"url\":\"https:\\\/\\\/www.altercampagne.net\\\/?p=8208\",\"name\":\"Bienvenue \u00e0 la nouvelle \u00e9quipe du Coll\u00e8ge Solidaire d\u2019Altercampagne ! - AlterTour\",\"isPartOf\":{\"@id\":\"https:\\\/\\\/www.altercampagne.net\\\/#website\"},\"primaryImageOfPage\":{\"@id\":\"https:\\\/\\\/www.altercampagne.net\\\/?p=8208#primaryimage\"},\"image\":{\"@id\":\"https:\\\/\\\/www.altercampagne.net\\\/?p=8208#primaryimage\"},\"thumbnailUrl\":\"https:\\\/\\\/www.altercampagne.net\\\/wp-content\\\/uploads\\\/2017\\\/12\\\/CS-2017-2018.jpg\",\"datePublished\":\"2017-11-13T18:38:28+00:00\",\"dateModified\":\"2018-05-25T05:39:54+00:00\",\"author\":{\"@id\":\"https:\\\/\\\/www.altercampagne.net\\\/#\\\/schema\\\/person\\\/0f261460c09e430caa0f9bcffa319109\"},\"breadcrumb\":{\"@id\":\"https:\\\/\\\/www.altercampagne.net\\\/?p=8208#breadcrumb\"},\"inLanguage\":\"fr-FR\",\"potentialAction\":[{\"@type\":\"ReadAction\",\"target\":[\"https:\\\/\\\/www.altercampagne.net\\\/?p=8208\"]}]},{\"@type\":\"ImageObject\",\"inLanguage\":\"fr-FR\",\"@id\":\"https:\\\/\\\/www.altercampagne.net\\\/?p=8208#primaryimage\",\"url\":\"https:\\\/\\\/www.altercampagne.net\\\/wp-content\\\/uploads\\\/2017\\\/12\\\/CS-2017-2018.jpg\",\"contentUrl\":\"https:\\\/\\\/www.altercampagne.net\\\/wp-content\\\/uploads\\\/2017\\\/12\\\/CS-2017-2018.jpg\",\"width\":1175,\"height\":791},{\"@type\":\"BreadcrumbList\",\"@id\":\"https:\\\/\\\/www.altercampagne.net\\\/?p=8208#breadcrumb\",\"itemListElement\":[{\"@type\":\"ListItem\",\"position\":1,\"name\":\"Accueil\",\"item\":\"https:\\\/\\\/www.altercampagne.net\\\/\"},{\"@type\":\"ListItem\",\"position\":2,\"name\":\"Bienvenue \u00e0 la nouvelle \u00e9quipe du Coll\u00e8ge Solidaire d\u2019Altercampagne !\"}]},{\"@type\":\"WebSite\",\"@id\":\"https:\\\/\\\/www.altercampagne.net\\\/#website\",\"url\":\"https:\\\/\\\/www.altercampagne.net\\\/\",\"name\":\"AlterTour\",\"description\":\"Reliez les Alternatives \u00e0 v\u00e9lo\",\"potentialAction\":[{\"@type\":\"SearchAction\",\"target\":{\"@type\":\"EntryPoint\",\"urlTemplate\":\"https:\\\/\\\/www.altercampagne.net\\\/?s={search_term_string}\"},\"query-input\":{\"@type\":\"PropertyValueSpecification\",\"valueRequired\":true,\"valueName\":\"search_term_string\"}}],\"inLanguage\":\"fr-FR\"},{\"@type\":\"Person\",\"@id\":\"https:\\\/\\\/www.altercampagne.net\\\/#\\\/schema\\\/person\\\/0f261460c09e430caa0f9bcffa319109\",\"name\":\"Mathieu\",\"image\":{\"@type\":\"ImageObject\",\"inLanguage\":\"fr-FR\",\"@id\":\"https:\\\/\\\/secure.gravatar.com\\\/avatar\\\/aa9d3d24c83f2141e5e2709d0f63d09a99f6be6bb7a50abc4915838d9f54501a?s=96&d=mm&r=g\",\"url\":\"https:\\\/\\\/secure.gravatar.com\\\/avatar\\\/aa9d3d24c83f2141e5e2709d0f63d09a99f6be6bb7a50abc4915838d9f54501a?s=96&d=mm&r=g\",\"contentUrl\":\"https:\\\/\\\/secure.gravatar.com\\\/avatar\\\/aa9d3d24c83f2141e5e2709d0f63d09a99f6be6bb7a50abc4915838d9f54501a?s=96&d=mm&r=g\",\"caption\":\"Mathieu\"},\"url\":\"https:\\\/\\\/www.altercampagne.net\\\/?author=214\"}]}<\/script>\n<!-- \/ Yoast SEO plugin. -->","yoast_head_json":{"title":"Bienvenue \u00e0 la nouvelle \u00e9quipe du Coll\u00e8ge Solidaire d\u2019Altercampagne ! - AlterTour","robots":{"index":"index","follow":"follow","max-snippet":"max-snippet:-1","max-image-preview":"max-image-preview:large","max-video-preview":"max-video-preview:-1"},"canonical":"https:\/\/www.altercampagne.net\/?p=8208","og_locale":"fr_FR","og_type":"article","og_title":"Bienvenue \u00e0 la nouvelle \u00e9quipe du Coll\u00e8ge Solidaire d\u2019Altercampagne ! - AlterTour","og_description":"Les 11 et 12 novembre 2017 nous \u00e9tions r\u00e9unis aux Marmites Volantes \u00e0 Montreuil pour l&rsquo;Assembl\u00e9e G\u00e9n\u00e9rale de l&rsquo;association Altercampagne. Ce fut l\u2019occasion de faire le point sur l\u2019ann\u00e9e \u00e9coul\u00e9e, de poursuivre le travail engag\u00e9 en septembre sur l\u2019AlterTour 2018 et de d\u00e9signer le nouveau Coll\u00e8ge Solidaire. Dans notre association ... Read More","og_url":"https:\/\/www.altercampagne.net\/?p=8208","og_site_name":"AlterTour","article_published_time":"2017-11-13T18:38:28+00:00","article_modified_time":"2018-05-25T05:39:54+00:00","og_image":[{"width":1175,"height":791,"url":"https:\/\/www.altercampagne.net\/wp-content\/uploads\/2017\/12\/CS-2017-2018.jpg","type":"image\/jpeg"}],"author":"Mathieu","twitter_card":"summary_large_image","twitter_misc":{"\u00c9crit par":"Mathieu","Dur\u00e9e de lecture estim\u00e9e":"1 minute"},"schema":{"@context":"https:\/\/schema.org","@graph":[{"@type":"Article","@id":"https:\/\/www.altercampagne.net\/?p=8208#article","isPartOf":{"@id":"https:\/\/www.altercampagne.net\/?p=8208"},"author":{"name":"Mathieu","@id":"https:\/\/www.altercampagne.net\/#\/schema\/person\/0f261460c09e430caa0f9bcffa319109"},"headline":"Bienvenue \u00e0 la nouvelle \u00e9quipe du Coll\u00e8ge Solidaire d\u2019Altercampagne !","datePublished":"2017-11-13T18:38:28+00:00","dateModified":"2018-05-25T05:39:54+00:00","mainEntityOfPage":{"@id":"https:\/\/www.altercampagne.net\/?p=8208"},"wordCount":243,"image":{"@id":"https:\/\/www.altercampagne.net\/?p=8208#primaryimage"},"thumbnailUrl":"https:\/\/www.altercampagne.net\/wp-content\/uploads\/2017\/12\/CS-2017-2018.jpg","keywords":["AlterTour 2018","Virginie Mournetas","Philippe Huguenin","Marine D'Allance","Julie Lefort","Isabelle de Loenzien","Fran\u00e7ois Briens","Emmanuel Bulot","Elsa Abdessadok","Bruno Cl\u00e9mentin","coll\u00e8ge solidaire","Vincent KRAKOWSKI","Fabien GOBLET","Baptiste Arnaud","r\u00e9union","Montreuil","pl\u00e9ni\u00e8re","Florence Ch\u00e9n\u00e9","marmites volantes","AG"],"articleSection":["\u00c9dition 2018"],"inLanguage":"fr-FR"},{"@type":"WebPage","@id":"https:\/\/www.altercampagne.net\/?p=8208","url":"https:\/\/www.altercampagne.net\/?p=8208","name":"Bienvenue \u00e0 la nouvelle \u00e9quipe du Coll\u00e8ge Solidaire d\u2019Altercampagne ! - AlterTour","isPartOf":{"@id":"https:\/\/www.altercampagne.net\/#website"},"primaryImageOfPage":{"@id":"https:\/\/www.altercampagne.net\/?p=8208#primaryimage"},"image":{"@id":"https:\/\/www.altercampagne.net\/?p=8208#primaryimage"},"thumbnailUrl":"https:\/\/www.altercampagne.net\/wp-content\/uploads\/2017\/12\/CS-2017-2018.jpg","datePublished":"2017-11-13T18:38:28+00:00","dateModified":"2018-05-25T05:39:54+00:00","author":{"@id":"https:\/\/www.altercampagne.net\/#\/schema\/person\/0f261460c09e430caa0f9bcffa319109"},"breadcrumb":{"@id":"https:\/\/www.altercampagne.net\/?p=8208#breadcrumb"},"inLanguage":"fr-FR","potentialAction":[{"@type":"ReadAction","target":["https:\/\/www.altercampagne.net\/?p=8208"]}]},{"@type":"ImageObject","inLanguage":"fr-FR","@id":"https:\/\/www.altercampagne.net\/?p=8208#primaryimage","url":"https:\/\/www.altercampagne.net\/wp-content\/uploads\/2017\/12\/CS-2017-2018.jpg","contentUrl":"https:\/\/www.altercampagne.net\/wp-content\/uploads\/2017\/12\/CS-2017-2018.jpg","width":1175,"height":791},{"@type":"BreadcrumbList","@id":"https:\/\/www.altercampagne.net\/?p=8208#breadcrumb","itemListElement":[{"@type":"ListItem","position":1,"name":"Accueil","item":"https:\/\/www.altercampagne.net\/"},{"@type":"ListItem","position":2,"name":"Bienvenue \u00e0 la nouvelle \u00e9quipe du Coll\u00e8ge Solidaire d\u2019Altercampagne !"}]},{"@type":"WebSite","@id":"https:\/\/www.altercampagne.net\/#website","url":"https:\/\/www.altercampagne.net\/","name":"AlterTour","description":"Reliez les Alternatives \u00e0 v\u00e9lo","potentialAction":[{"@type":"SearchAction","target":{"@type":"EntryPoint","urlTemplate":"https:\/\/www.altercampagne.net\/?s={search_term_string}"},"query-input":{"@type":"PropertyValueSpecification","valueRequired":true,"valueName":"search_term_string"}}],"inLanguage":"fr-FR"},{"@type":"Person","@id":"https:\/\/www.altercampagne.net\/#\/schema\/person\/0f261460c09e430caa0f9bcffa319109","name":"Mathieu","image":{"@type":"ImageObject","inLanguage":"fr-FR","@id":"https:\/\/secure.gravatar.com\/avatar\/aa9d3d24c83f2141e5e2709d0f63d09a99f6be6bb7a50abc4915838d9f54501a?s=96&d=mm&r=g","url":"https:\/\/secure.gravatar.com\/avatar\/aa9d3d24c83f2141e5e2709d0f63d09a99f6be6bb7a50abc4915838d9f54501a?s=96&d=mm&r=g","contentUrl":"https:\/\/secure.gravatar.com\/avatar\/aa9d3d24c83f2141e5e2709d0f63d09a99f6be6bb7a50abc4915838d9f54501a?s=96&d=mm&r=g","caption":"Mathieu"},"url":"https:\/\/www.altercampagne.net\/?author=214"}]}},"_links":{"self":[{"href":"https:\/\/www.altercampagne.net\/index.php?rest_route=\/wp\/v2\/posts\/8208","targetHints":{"allow":["GET"]}}],"collection":[{"href":"https:\/\/www.altercampagne.net\/index.php?rest_route=\/wp\/v2\/posts"}],"about":[{"href":"https:\/\/www.altercampagne.net\/index.php?rest_route=\/wp\/v2\/types\/post"}],"author":[{"embeddable":true,"href":"https:\/\/www.altercampagne.net\/index.php?rest_route=\/wp\/v2\/users\/214"}],"replies":[{"embeddable":true,"href":"https:\/\/www.altercampagne.net\/index.php?rest_route=%2Fwp%2Fv2%2Fcomments&post=8208"}],"version-history":[{"count":0,"href":"https:\/\/www.altercampagne.net\/index.php?rest_route=\/wp\/v2\/posts\/8208\/revisions"}],"wp:featuredmedia":[{"embeddable":true,"href":"https:\/\/www.altercampagne.net\/index.php?rest_route=\/wp\/v2\/media\/8283"}],"wp:attachment":[{"href":"https:\/\/www.altercampagne.net\/index.php?rest_route=%2Fwp%2Fv2%2Fmedia&parent=8208"}],"wp:term":[{"taxonomy":"category","embeddable":true,"href":"https:\/\/www.altercampagne.net\/index.php?rest_route=%2Fwp%2Fv2%2Fcategories&post=8208"},{"taxonomy":"post_tag","embeddable":true,"href":"https:\/\/www.altercampagne.net\/index.php?rest_route=%2Fwp%2Fv2%2Ftags&post=8208"}],"curies":[{"name":"wp","href":"https:\/\/api.w.org\/{rel}","templated":true}]}}