{"id":8299,"date":"2018-01-08T09:59:01","date_gmt":"2018-01-08T08:59:01","guid":{"rendered":"http:\/\/www.altercampagne.net\/?p=8299"},"modified":"2018-05-25T07:37:48","modified_gmt":"2018-05-25T05:37:48","slug":"laltertour-a-la-cooperative-andines","status":"publish","type":"post","link":"https:\/\/www.altercampagne.net\/?p=8299","title":{"rendered":"L&rsquo;AlterTour \u00e0 la coop\u00e9rative Andines"},"content":{"rendered":"<p>Herv\u00e9 Pauchon se rend \u00e0 <a href=\"http:\/\/www.andines.com\/\" target=\"_blank\" rel=\"noopener\">la coop\u00e9rative Andines<\/a>, \u00e0 Saint-Denis, o\u00f9 se r\u00e9unit l&rsquo;\u00e9quipe organisatrice de l&rsquo;AlterTour, un relais cycliste \u00ab\u00a0familial et solidaire\u00a0\u00bb.<\/p>\n<p>&nbsp;<\/p>\n<p>Partie 1<br \/>\n<iframe loading=\"lazy\" src=\"https:\/\/www.franceinter.fr\/embed\/player\/aod\/b316d188-e895-4aa8-a0c5-47145656d164\" width=\"55%\" height=\"64\" frameborder=\"0\" scrolling=\"no\"><span style=\"display: inline-block; width: 0px; overflow: hidden; line-height: 0;\" data-mce-type=\"bookmark\" class=\"mce_SELRES_start\">\ufeff<\/span><\/iframe><\/p>\n<p>Partie 2<br \/>\n<iframe loading=\"lazy\" src=\"https:\/\/www.franceinter.fr\/embed\/player\/aod\/6829d962-fa67-4098-8a47-38370559d22e\" width=\"55%\" height=\"64\" frameborder=\"0\" scrolling=\"no\"><span style=\"display: inline-block; width: 0px; overflow: hidden; line-height: 0;\" data-mce-type=\"bookmark\" class=\"mce_SELRES_start\">\ufeff<\/span><\/iframe><\/p>\n","protected":false},"excerpt":{"rendered":"<p>Herv\u00e9 Pauchon se rend \u00e0 la coop\u00e9rative Andines, \u00e0 Saint-Denis, o\u00f9 se r\u00e9unit l&rsquo;\u00e9quipe organisatrice de l&rsquo;AlterTour, un relais cycliste \u00ab\u00a0familial et solidaire\u00a0\u00bb. &nbsp; Partie 1 \ufeff Partie 2 \ufeff<\/p>\n","protected":false},"author":214,"featured_media":8319,"comment_status":"closed","ping_status":"closed","sticky":false,"template":"","format":"standard","meta":{"footnotes":""},"categories":[239,3470],"tags":[51,358,434,476,861,925,1490,3221,3282,3283,3284,3285,3565],"class_list":["post-8299","post","type-post","status-publish","format-standard","has-post-thumbnail","hentry","category-revue-de-presse","category-edition-2018","tag-andines","tag-altertour","tag-pleniere","tag-reunion","tag-france-inter","tag-saint-denis","tag-ile-de-france","tag-altertour-2018","tag-un-temps-de-pauchon","tag-herve-pauchon","tag-seine-saint-denis","tag-3285","tag-week-end"],"yoast_head":"<!-- This site is optimized with the Yoast SEO plugin v27.3 - https:\/\/yoast.com\/product\/yoast-seo-wordpress\/ -->\n<title>L&#039;AlterTour \u00e0 la coop\u00e9rative Andines - AlterTour<\/title>\n<meta name=\"robots\" content=\"index, follow, max-snippet:-1, max-image-preview:large, max-video-preview:-1\" \/>\n<link rel=\"canonical\" href=\"https:\/\/www.altercampagne.net\/?p=8299\" \/>\n<meta property=\"og:locale\" content=\"fr_FR\" \/>\n<meta property=\"og:type\" content=\"article\" \/>\n<meta property=\"og:title\" content=\"L&#039;AlterTour \u00e0 la coop\u00e9rative Andines - AlterTour\" \/>\n<meta property=\"og:description\" content=\"Herv\u00e9 Pauchon se rend \u00e0 la coop\u00e9rative Andines, \u00e0 Saint-Denis, o\u00f9 se r\u00e9unit l&rsquo;\u00e9quipe organisatrice de l&rsquo;AlterTour, un relais cycliste \u00ab\u00a0familial et solidaire\u00a0\u00bb. &nbsp; Partie 1 \ufeff Partie 2 \ufeff\" \/>\n<meta property=\"og:url\" content=\"https:\/\/www.altercampagne.net\/?p=8299\" \/>\n<meta property=\"og:site_name\" content=\"AlterTour\" \/>\n<meta property=\"article:published_time\" content=\"2018-01-08T08:59:01+00:00\" \/>\n<meta property=\"article:modified_time\" content=\"2018-05-25T05:37:48+00:00\" \/>\n<meta property=\"og:image\" content=\"https:\/\/www.altercampagne.net\/wp-content\/uploads\/2018\/01\/2018-01-06-Un-temps-de-pauchon.jpg\" \/>\n\t<meta property=\"og:image:width\" content=\"400\" \/>\n\t<meta property=\"og:image:height\" content=\"250\" \/>\n\t<meta property=\"og:image:type\" content=\"image\/jpeg\" \/>\n<meta name=\"author\" content=\"Mathieu\" \/>\n<meta name=\"twitter:card\" content=\"summary_large_image\" \/>\n<meta name=\"twitter:label1\" content=\"\u00c9crit par\" \/>\n\t<meta name=\"twitter:data1\" content=\"Mathieu\" \/>\n<script type=\"application\/ld+json\" class=\"yoast-schema-graph\">{\"@context\":\"https:\\\/\\\/schema.org\",\"@graph\":[{\"@type\":\"Article\",\"@id\":\"https:\\\/\\\/www.altercampagne.net\\\/?p=8299#article\",\"isPartOf\":{\"@id\":\"https:\\\/\\\/www.altercampagne.net\\\/?p=8299\"},\"author\":{\"name\":\"Mathieu\",\"@id\":\"https:\\\/\\\/www.altercampagne.net\\\/#\\\/schema\\\/person\\\/0f261460c09e430caa0f9bcffa319109\"},\"headline\":\"L&rsquo;AlterTour \u00e0 la coop\u00e9rative Andines\",\"datePublished\":\"2018-01-08T08:59:01+00:00\",\"dateModified\":\"2018-05-25T05:37:48+00:00\",\"mainEntityOfPage\":{\"@id\":\"https:\\\/\\\/www.altercampagne.net\\\/?p=8299\"},\"wordCount\":34,\"image\":{\"@id\":\"https:\\\/\\\/www.altercampagne.net\\\/?p=8299#primaryimage\"},\"thumbnailUrl\":\"https:\\\/\\\/www.altercampagne.net\\\/wp-content\\\/uploads\\\/2018\\\/01\\\/2018-01-06-Un-temps-de-pauchon.jpg\",\"keywords\":[\"Andines\",\"AlterTour\",\"pl\u00e9ni\u00e8re\",\"r\u00e9union\",\"France Inter\",\"Saint-Denis\",\"ile-de-france\",\"AlterTour 2018\",\"Un temps de Pauchon\",\"Herv\u00e9 Pauchon\",\"Seine-Saint-Denis\",\"2018\",\"week-end\"],\"articleSection\":[\"Revue de presse\",\"\u00c9dition 2018\"],\"inLanguage\":\"fr-FR\"},{\"@type\":\"WebPage\",\"@id\":\"https:\\\/\\\/www.altercampagne.net\\\/?p=8299\",\"url\":\"https:\\\/\\\/www.altercampagne.net\\\/?p=8299\",\"name\":\"L'AlterTour \u00e0 la coop\u00e9rative Andines - AlterTour\",\"isPartOf\":{\"@id\":\"https:\\\/\\\/www.altercampagne.net\\\/#website\"},\"primaryImageOfPage\":{\"@id\":\"https:\\\/\\\/www.altercampagne.net\\\/?p=8299#primaryimage\"},\"image\":{\"@id\":\"https:\\\/\\\/www.altercampagne.net\\\/?p=8299#primaryimage\"},\"thumbnailUrl\":\"https:\\\/\\\/www.altercampagne.net\\\/wp-content\\\/uploads\\\/2018\\\/01\\\/2018-01-06-Un-temps-de-pauchon.jpg\",\"datePublished\":\"2018-01-08T08:59:01+00:00\",\"dateModified\":\"2018-05-25T05:37:48+00:00\",\"author\":{\"@id\":\"https:\\\/\\\/www.altercampagne.net\\\/#\\\/schema\\\/person\\\/0f261460c09e430caa0f9bcffa319109\"},\"breadcrumb\":{\"@id\":\"https:\\\/\\\/www.altercampagne.net\\\/?p=8299#breadcrumb\"},\"inLanguage\":\"fr-FR\",\"potentialAction\":[{\"@type\":\"ReadAction\",\"target\":[\"https:\\\/\\\/www.altercampagne.net\\\/?p=8299\"]}]},{\"@type\":\"ImageObject\",\"inLanguage\":\"fr-FR\",\"@id\":\"https:\\\/\\\/www.altercampagne.net\\\/?p=8299#primaryimage\",\"url\":\"https:\\\/\\\/www.altercampagne.net\\\/wp-content\\\/uploads\\\/2018\\\/01\\\/2018-01-06-Un-temps-de-pauchon.jpg\",\"contentUrl\":\"https:\\\/\\\/www.altercampagne.net\\\/wp-content\\\/uploads\\\/2018\\\/01\\\/2018-01-06-Un-temps-de-pauchon.jpg\",\"width\":400,\"height\":250},{\"@type\":\"BreadcrumbList\",\"@id\":\"https:\\\/\\\/www.altercampagne.net\\\/?p=8299#breadcrumb\",\"itemListElement\":[{\"@type\":\"ListItem\",\"position\":1,\"name\":\"Accueil\",\"item\":\"https:\\\/\\\/www.altercampagne.net\\\/\"},{\"@type\":\"ListItem\",\"position\":2,\"name\":\"L&rsquo;AlterTour \u00e0 la coop\u00e9rative Andines\"}]},{\"@type\":\"WebSite\",\"@id\":\"https:\\\/\\\/www.altercampagne.net\\\/#website\",\"url\":\"https:\\\/\\\/www.altercampagne.net\\\/\",\"name\":\"AlterTour\",\"description\":\"Reliez les Alternatives \u00e0 v\u00e9lo\",\"potentialAction\":[{\"@type\":\"SearchAction\",\"target\":{\"@type\":\"EntryPoint\",\"urlTemplate\":\"https:\\\/\\\/www.altercampagne.net\\\/?s={search_term_string}\"},\"query-input\":{\"@type\":\"PropertyValueSpecification\",\"valueRequired\":true,\"valueName\":\"search_term_string\"}}],\"inLanguage\":\"fr-FR\"},{\"@type\":\"Person\",\"@id\":\"https:\\\/\\\/www.altercampagne.net\\\/#\\\/schema\\\/person\\\/0f261460c09e430caa0f9bcffa319109\",\"name\":\"Mathieu\",\"image\":{\"@type\":\"ImageObject\",\"inLanguage\":\"fr-FR\",\"@id\":\"https:\\\/\\\/secure.gravatar.com\\\/avatar\\\/aa9d3d24c83f2141e5e2709d0f63d09a99f6be6bb7a50abc4915838d9f54501a?s=96&d=mm&r=g\",\"url\":\"https:\\\/\\\/secure.gravatar.com\\\/avatar\\\/aa9d3d24c83f2141e5e2709d0f63d09a99f6be6bb7a50abc4915838d9f54501a?s=96&d=mm&r=g\",\"contentUrl\":\"https:\\\/\\\/secure.gravatar.com\\\/avatar\\\/aa9d3d24c83f2141e5e2709d0f63d09a99f6be6bb7a50abc4915838d9f54501a?s=96&d=mm&r=g\",\"caption\":\"Mathieu\"},\"url\":\"https:\\\/\\\/www.altercampagne.net\\\/?author=214\"}]}<\/script>\n<!-- \/ Yoast SEO plugin. -->","yoast_head_json":{"title":"L'AlterTour \u00e0 la coop\u00e9rative Andines - AlterTour","robots":{"index":"index","follow":"follow","max-snippet":"max-snippet:-1","max-image-preview":"max-image-preview:large","max-video-preview":"max-video-preview:-1"},"canonical":"https:\/\/www.altercampagne.net\/?p=8299","og_locale":"fr_FR","og_type":"article","og_title":"L'AlterTour \u00e0 la coop\u00e9rative Andines - AlterTour","og_description":"Herv\u00e9 Pauchon se rend \u00e0 la coop\u00e9rative Andines, \u00e0 Saint-Denis, o\u00f9 se r\u00e9unit l&rsquo;\u00e9quipe organisatrice de l&rsquo;AlterTour, un relais cycliste \u00ab\u00a0familial et solidaire\u00a0\u00bb. &nbsp; Partie 1 \ufeff Partie 2 \ufeff","og_url":"https:\/\/www.altercampagne.net\/?p=8299","og_site_name":"AlterTour","article_published_time":"2018-01-08T08:59:01+00:00","article_modified_time":"2018-05-25T05:37:48+00:00","og_image":[{"width":400,"height":250,"url":"https:\/\/www.altercampagne.net\/wp-content\/uploads\/2018\/01\/2018-01-06-Un-temps-de-pauchon.jpg","type":"image\/jpeg"}],"author":"Mathieu","twitter_card":"summary_large_image","twitter_misc":{"\u00c9crit par":"Mathieu"},"schema":{"@context":"https:\/\/schema.org","@graph":[{"@type":"Article","@id":"https:\/\/www.altercampagne.net\/?p=8299#article","isPartOf":{"@id":"https:\/\/www.altercampagne.net\/?p=8299"},"author":{"name":"Mathieu","@id":"https:\/\/www.altercampagne.net\/#\/schema\/person\/0f261460c09e430caa0f9bcffa319109"},"headline":"L&rsquo;AlterTour \u00e0 la coop\u00e9rative Andines","datePublished":"2018-01-08T08:59:01+00:00","dateModified":"2018-05-25T05:37:48+00:00","mainEntityOfPage":{"@id":"https:\/\/www.altercampagne.net\/?p=8299"},"wordCount":34,"image":{"@id":"https:\/\/www.altercampagne.net\/?p=8299#primaryimage"},"thumbnailUrl":"https:\/\/www.altercampagne.net\/wp-content\/uploads\/2018\/01\/2018-01-06-Un-temps-de-pauchon.jpg","keywords":["Andines","AlterTour","pl\u00e9ni\u00e8re","r\u00e9union","France Inter","Saint-Denis","ile-de-france","AlterTour 2018","Un temps de Pauchon","Herv\u00e9 Pauchon","Seine-Saint-Denis","2018","week-end"],"articleSection":["Revue de presse","\u00c9dition 2018"],"inLanguage":"fr-FR"},{"@type":"WebPage","@id":"https:\/\/www.altercampagne.net\/?p=8299","url":"https:\/\/www.altercampagne.net\/?p=8299","name":"L'AlterTour \u00e0 la coop\u00e9rative Andines - AlterTour","isPartOf":{"@id":"https:\/\/www.altercampagne.net\/#website"},"primaryImageOfPage":{"@id":"https:\/\/www.altercampagne.net\/?p=8299#primaryimage"},"image":{"@id":"https:\/\/www.altercampagne.net\/?p=8299#primaryimage"},"thumbnailUrl":"https:\/\/www.altercampagne.net\/wp-content\/uploads\/2018\/01\/2018-01-06-Un-temps-de-pauchon.jpg","datePublished":"2018-01-08T08:59:01+00:00","dateModified":"2018-05-25T05:37:48+00:00","author":{"@id":"https:\/\/www.altercampagne.net\/#\/schema\/person\/0f261460c09e430caa0f9bcffa319109"},"breadcrumb":{"@id":"https:\/\/www.altercampagne.net\/?p=8299#breadcrumb"},"inLanguage":"fr-FR","potentialAction":[{"@type":"ReadAction","target":["https:\/\/www.altercampagne.net\/?p=8299"]}]},{"@type":"ImageObject","inLanguage":"fr-FR","@id":"https:\/\/www.altercampagne.net\/?p=8299#primaryimage","url":"https:\/\/www.altercampagne.net\/wp-content\/uploads\/2018\/01\/2018-01-06-Un-temps-de-pauchon.jpg","contentUrl":"https:\/\/www.altercampagne.net\/wp-content\/uploads\/2018\/01\/2018-01-06-Un-temps-de-pauchon.jpg","width":400,"height":250},{"@type":"BreadcrumbList","@id":"https:\/\/www.altercampagne.net\/?p=8299#breadcrumb","itemListElement":[{"@type":"ListItem","position":1,"name":"Accueil","item":"https:\/\/www.altercampagne.net\/"},{"@type":"ListItem","position":2,"name":"L&rsquo;AlterTour \u00e0 la coop\u00e9rative Andines"}]},{"@type":"WebSite","@id":"https:\/\/www.altercampagne.net\/#website","url":"https:\/\/www.altercampagne.net\/","name":"AlterTour","description":"Reliez les Alternatives \u00e0 v\u00e9lo","potentialAction":[{"@type":"SearchAction","target":{"@type":"EntryPoint","urlTemplate":"https:\/\/www.altercampagne.net\/?s={search_term_string}"},"query-input":{"@type":"PropertyValueSpecification","valueRequired":true,"valueName":"search_term_string"}}],"inLanguage":"fr-FR"},{"@type":"Person","@id":"https:\/\/www.altercampagne.net\/#\/schema\/person\/0f261460c09e430caa0f9bcffa319109","name":"Mathieu","image":{"@type":"ImageObject","inLanguage":"fr-FR","@id":"https:\/\/secure.gravatar.com\/avatar\/aa9d3d24c83f2141e5e2709d0f63d09a99f6be6bb7a50abc4915838d9f54501a?s=96&d=mm&r=g","url":"https:\/\/secure.gravatar.com\/avatar\/aa9d3d24c83f2141e5e2709d0f63d09a99f6be6bb7a50abc4915838d9f54501a?s=96&d=mm&r=g","contentUrl":"https:\/\/secure.gravatar.com\/avatar\/aa9d3d24c83f2141e5e2709d0f63d09a99f6be6bb7a50abc4915838d9f54501a?s=96&d=mm&r=g","caption":"Mathieu"},"url":"https:\/\/www.altercampagne.net\/?author=214"}]}},"_links":{"self":[{"href":"https:\/\/www.altercampagne.net\/index.php?rest_route=\/wp\/v2\/posts\/8299","targetHints":{"allow":["GET"]}}],"collection":[{"href":"https:\/\/www.altercampagne.net\/index.php?rest_route=\/wp\/v2\/posts"}],"about":[{"href":"https:\/\/www.altercampagne.net\/index.php?rest_route=\/wp\/v2\/types\/post"}],"author":[{"embeddable":true,"href":"https:\/\/www.altercampagne.net\/index.php?rest_route=\/wp\/v2\/users\/214"}],"replies":[{"embeddable":true,"href":"https:\/\/www.altercampagne.net\/index.php?rest_route=%2Fwp%2Fv2%2Fcomments&post=8299"}],"version-history":[{"count":0,"href":"https:\/\/www.altercampagne.net\/index.php?rest_route=\/wp\/v2\/posts\/8299\/revisions"}],"wp:featuredmedia":[{"embeddable":true,"href":"https:\/\/www.altercampagne.net\/index.php?rest_route=\/wp\/v2\/media\/8319"}],"wp:attachment":[{"href":"https:\/\/www.altercampagne.net\/index.php?rest_route=%2Fwp%2Fv2%2Fmedia&parent=8299"}],"wp:term":[{"taxonomy":"category","embeddable":true,"href":"https:\/\/www.altercampagne.net\/index.php?rest_route=%2Fwp%2Fv2%2Fcategories&post=8299"},{"taxonomy":"post_tag","embeddable":true,"href":"https:\/\/www.altercampagne.net\/index.php?rest_route=%2Fwp%2Fv2%2Ftags&post=8299"}],"curies":[{"name":"wp","href":"https:\/\/api.w.org\/{rel}","templated":true}]}}