{"id":8324,"date":"2017-07-06T20:19:22","date_gmt":"2017-07-06T18:19:22","guid":{"rendered":"http:\/\/www.altercampagne.net\/?p=8324"},"modified":"2024-11-19T14:24:07","modified_gmt":"2024-11-19T13:24:07","slug":"la-caravane-ecolo-a-lui-tout-seul","status":"publish","type":"post","link":"https:\/\/www.altercampagne.net\/?p=8324","title":{"rendered":"Histoires de sport &#8211; La caravane \u00e9colo \u00e0 lui tout seul"},"content":{"rendered":"<p><iframe loading=\"lazy\" src=\"https:\/\/www.radiofrance.fr\/franceinter\/podcasts\/histoires-de-sport\/la-caravane-ecolo-a-lui-tout-seul-1276950\" width=\"100%\" height=\"64\" frameborder=\"0\" scrolling=\"no\"><\/iframe><br \/>\nMathieu Fromont organise depuis dix ans son Tour de France \u00e9colo. Soit 1 200 kilom\u00e8tres \u00e0 v\u00e9lo sur les routes de l&rsquo;Hexagone pour promouvoir les modes de vie alternatifs.<\/p>\n<p><a href=\"http:\/\/www.altercampagne.net\/?attachment_id=8326\" rel=\"attachment wp-att-8326\"><img loading=\"lazy\" decoding=\"async\" class=\"size-full wp-image-8326 alignleft\" src=\"http:\/\/www.altercampagne.net\/wp-content\/uploads\/2017\/07\/2017-07-06-Histoires-de-sport.jpg\" alt=\"\" width=\"640\" height=\"360\" srcset=\"https:\/\/www.altercampagne.net\/wp-content\/uploads\/2017\/07\/2017-07-06-Histoires-de-sport.jpg 640w, https:\/\/www.altercampagne.net\/wp-content\/uploads\/2017\/07\/2017-07-06-Histoires-de-sport-300x169.jpg 300w\" sizes=\"auto, (max-width: 640px) 100vw, 640px\" \/><\/a><\/p>\n<div style=\"width: 640px; margin: 1px; text-align: center;\" align=\"center\">Mathieu Fromont se d\u00e9finit comme un \u00ab\u00a0altercycliste\u00a0\u00bb. Il sillonne les routes de France pour promouvoir un mode de vie plus respectueux de l&rsquo;environnement. \u00a9 Radio France \/ Thibault Lef\u00e8vre<\/div>\n<p>Le sport, ses personnages, ses anecdotes, ses coulisses\u2026 Tous les jours, Histoires de sport, c\u2019est une histoire dans un sport, des r\u00e9cits qui nous am\u00e8neront jusqu\u2019\u00e0 la rentr\u00e9e quand la ville h\u00f4te des JO de 2024 sera d\u00e9sign\u00e9e, le 13 septembre.<\/p>\n<p><iframe loading=\"lazy\" src=\"https:\/\/www.radiofrance.fr\/franceinter\/podcasts\/histoires-de-sport\/la-caravane-ecolo-a-lui-tout-seul-1276950\" width=\"350\" height=\"375\" frameborder=\"0\" scrolling=\"no\"><\/iframe><\/p>\n","protected":false},"excerpt":{"rendered":"<p>Mathieu Fromont organise depuis dix ans son Tour de France \u00e9colo. Soit 1 200 kilom\u00e8tres \u00e0 v\u00e9lo sur les routes de l&rsquo;Hexagone pour promouvoir les modes de vie alternatifs. Mathieu Fromont se d\u00e9finit comme un \u00ab\u00a0altercycliste\u00a0\u00bb. Il sillonne les routes de France pour promouvoir un mode de vie plus respectueux &#8230; <\/p>\n<div><a href=\"https:\/\/www.altercampagne.net\/?p=8324\" class=\"more-link\">Read More<\/a><\/div>\n","protected":false},"author":214,"featured_media":8326,"comment_status":"closed","ping_status":"closed","sticky":false,"template":"","format":"standard","meta":{"footnotes":""},"categories":[239],"tags":[358,552,861,2783,2784,3286,3287],"class_list":["post-8324","post","type-post","status-publish","format-standard","has-post-thumbnail","hentry","category-revue-de-presse","tag-altertour","tag-mathieu-fromont","tag-france-inter","tag-altertour-2017","tag-2784","tag-thibault-lefevre","tag-histoires-de-sport"],"yoast_head":"<!-- This site is optimized with the Yoast SEO plugin v27.3 - https:\/\/yoast.com\/product\/yoast-seo-wordpress\/ -->\n<title>Histoires de sport - La caravane \u00e9colo \u00e0 lui tout seul - AlterTour<\/title>\n<meta name=\"robots\" content=\"index, follow, max-snippet:-1, max-image-preview:large, max-video-preview:-1\" \/>\n<link rel=\"canonical\" href=\"https:\/\/www.altercampagne.net\/?p=8324\" \/>\n<meta property=\"og:locale\" content=\"fr_FR\" \/>\n<meta property=\"og:type\" content=\"article\" \/>\n<meta property=\"og:title\" content=\"Histoires de sport - La caravane \u00e9colo \u00e0 lui tout seul - AlterTour\" \/>\n<meta property=\"og:description\" content=\"Mathieu Fromont organise depuis dix ans son Tour de France \u00e9colo. Soit 1 200 kilom\u00e8tres \u00e0 v\u00e9lo sur les routes de l&rsquo;Hexagone pour promouvoir les modes de vie alternatifs. Mathieu Fromont se d\u00e9finit comme un \u00ab\u00a0altercycliste\u00a0\u00bb. Il sillonne les routes de France pour promouvoir un mode de vie plus respectueux ... Read More\" \/>\n<meta property=\"og:url\" content=\"https:\/\/www.altercampagne.net\/?p=8324\" \/>\n<meta property=\"og:site_name\" content=\"AlterTour\" \/>\n<meta property=\"article:published_time\" content=\"2017-07-06T18:19:22+00:00\" \/>\n<meta property=\"article:modified_time\" content=\"2024-11-19T13:24:07+00:00\" \/>\n<meta property=\"og:image\" content=\"https:\/\/www.altercampagne.net\/wp-content\/uploads\/2017\/07\/2017-07-06-Histoires-de-sport.jpg\" \/>\n\t<meta property=\"og:image:width\" content=\"640\" \/>\n\t<meta property=\"og:image:height\" content=\"360\" \/>\n\t<meta property=\"og:image:type\" content=\"image\/jpeg\" \/>\n<meta name=\"author\" content=\"Mathieu\" \/>\n<meta name=\"twitter:card\" content=\"summary_large_image\" \/>\n<meta name=\"twitter:label1\" content=\"\u00c9crit par\" \/>\n\t<meta name=\"twitter:data1\" content=\"Mathieu\" \/>\n\t<meta name=\"twitter:label2\" content=\"Dur\u00e9e de lecture estim\u00e9e\" \/>\n\t<meta name=\"twitter:data2\" content=\"1 minute\" \/>\n<script type=\"application\/ld+json\" class=\"yoast-schema-graph\">{\"@context\":\"https:\\\/\\\/schema.org\",\"@graph\":[{\"@type\":\"Article\",\"@id\":\"https:\\\/\\\/www.altercampagne.net\\\/?p=8324#article\",\"isPartOf\":{\"@id\":\"https:\\\/\\\/www.altercampagne.net\\\/?p=8324\"},\"author\":{\"name\":\"Mathieu\",\"@id\":\"https:\\\/\\\/www.altercampagne.net\\\/#\\\/schema\\\/person\\\/0f261460c09e430caa0f9bcffa319109\"},\"headline\":\"Histoires de sport &#8211; La caravane \u00e9colo \u00e0 lui tout seul\",\"datePublished\":\"2017-07-06T18:19:22+00:00\",\"dateModified\":\"2024-11-19T13:24:07+00:00\",\"mainEntityOfPage\":{\"@id\":\"https:\\\/\\\/www.altercampagne.net\\\/?p=8324\"},\"wordCount\":115,\"image\":{\"@id\":\"https:\\\/\\\/www.altercampagne.net\\\/?p=8324#primaryimage\"},\"thumbnailUrl\":\"https:\\\/\\\/www.altercampagne.net\\\/wp-content\\\/uploads\\\/2017\\\/07\\\/2017-07-06-Histoires-de-sport.jpg\",\"keywords\":[\"AlterTour\",\"Mathieu Fromont\",\"France Inter\",\"AlterTour 2017\",\"2017\",\"Thibault Lef\u00e8vre\",\"Histoires de sport\"],\"articleSection\":[\"Revue de presse\"],\"inLanguage\":\"fr-FR\"},{\"@type\":\"WebPage\",\"@id\":\"https:\\\/\\\/www.altercampagne.net\\\/?p=8324\",\"url\":\"https:\\\/\\\/www.altercampagne.net\\\/?p=8324\",\"name\":\"Histoires de sport - La caravane \u00e9colo \u00e0 lui tout seul - AlterTour\",\"isPartOf\":{\"@id\":\"https:\\\/\\\/www.altercampagne.net\\\/#website\"},\"primaryImageOfPage\":{\"@id\":\"https:\\\/\\\/www.altercampagne.net\\\/?p=8324#primaryimage\"},\"image\":{\"@id\":\"https:\\\/\\\/www.altercampagne.net\\\/?p=8324#primaryimage\"},\"thumbnailUrl\":\"https:\\\/\\\/www.altercampagne.net\\\/wp-content\\\/uploads\\\/2017\\\/07\\\/2017-07-06-Histoires-de-sport.jpg\",\"datePublished\":\"2017-07-06T18:19:22+00:00\",\"dateModified\":\"2024-11-19T13:24:07+00:00\",\"author\":{\"@id\":\"https:\\\/\\\/www.altercampagne.net\\\/#\\\/schema\\\/person\\\/0f261460c09e430caa0f9bcffa319109\"},\"breadcrumb\":{\"@id\":\"https:\\\/\\\/www.altercampagne.net\\\/?p=8324#breadcrumb\"},\"inLanguage\":\"fr-FR\",\"potentialAction\":[{\"@type\":\"ReadAction\",\"target\":[\"https:\\\/\\\/www.altercampagne.net\\\/?p=8324\"]}]},{\"@type\":\"ImageObject\",\"inLanguage\":\"fr-FR\",\"@id\":\"https:\\\/\\\/www.altercampagne.net\\\/?p=8324#primaryimage\",\"url\":\"https:\\\/\\\/www.altercampagne.net\\\/wp-content\\\/uploads\\\/2017\\\/07\\\/2017-07-06-Histoires-de-sport.jpg\",\"contentUrl\":\"https:\\\/\\\/www.altercampagne.net\\\/wp-content\\\/uploads\\\/2017\\\/07\\\/2017-07-06-Histoires-de-sport.jpg\",\"width\":640,\"height\":360},{\"@type\":\"BreadcrumbList\",\"@id\":\"https:\\\/\\\/www.altercampagne.net\\\/?p=8324#breadcrumb\",\"itemListElement\":[{\"@type\":\"ListItem\",\"position\":1,\"name\":\"Accueil\",\"item\":\"https:\\\/\\\/www.altercampagne.net\\\/\"},{\"@type\":\"ListItem\",\"position\":2,\"name\":\"Histoires de sport &#8211; La caravane \u00e9colo \u00e0 lui tout seul\"}]},{\"@type\":\"WebSite\",\"@id\":\"https:\\\/\\\/www.altercampagne.net\\\/#website\",\"url\":\"https:\\\/\\\/www.altercampagne.net\\\/\",\"name\":\"AlterTour\",\"description\":\"Reliez les Alternatives \u00e0 v\u00e9lo\",\"potentialAction\":[{\"@type\":\"SearchAction\",\"target\":{\"@type\":\"EntryPoint\",\"urlTemplate\":\"https:\\\/\\\/www.altercampagne.net\\\/?s={search_term_string}\"},\"query-input\":{\"@type\":\"PropertyValueSpecification\",\"valueRequired\":true,\"valueName\":\"search_term_string\"}}],\"inLanguage\":\"fr-FR\"},{\"@type\":\"Person\",\"@id\":\"https:\\\/\\\/www.altercampagne.net\\\/#\\\/schema\\\/person\\\/0f261460c09e430caa0f9bcffa319109\",\"name\":\"Mathieu\",\"image\":{\"@type\":\"ImageObject\",\"inLanguage\":\"fr-FR\",\"@id\":\"https:\\\/\\\/secure.gravatar.com\\\/avatar\\\/aa9d3d24c83f2141e5e2709d0f63d09a99f6be6bb7a50abc4915838d9f54501a?s=96&d=mm&r=g\",\"url\":\"https:\\\/\\\/secure.gravatar.com\\\/avatar\\\/aa9d3d24c83f2141e5e2709d0f63d09a99f6be6bb7a50abc4915838d9f54501a?s=96&d=mm&r=g\",\"contentUrl\":\"https:\\\/\\\/secure.gravatar.com\\\/avatar\\\/aa9d3d24c83f2141e5e2709d0f63d09a99f6be6bb7a50abc4915838d9f54501a?s=96&d=mm&r=g\",\"caption\":\"Mathieu\"},\"url\":\"https:\\\/\\\/www.altercampagne.net\\\/?author=214\"}]}<\/script>\n<!-- \/ Yoast SEO plugin. -->","yoast_head_json":{"title":"Histoires de sport - La caravane \u00e9colo \u00e0 lui tout seul - AlterTour","robots":{"index":"index","follow":"follow","max-snippet":"max-snippet:-1","max-image-preview":"max-image-preview:large","max-video-preview":"max-video-preview:-1"},"canonical":"https:\/\/www.altercampagne.net\/?p=8324","og_locale":"fr_FR","og_type":"article","og_title":"Histoires de sport - La caravane \u00e9colo \u00e0 lui tout seul - AlterTour","og_description":"Mathieu Fromont organise depuis dix ans son Tour de France \u00e9colo. Soit 1 200 kilom\u00e8tres \u00e0 v\u00e9lo sur les routes de l&rsquo;Hexagone pour promouvoir les modes de vie alternatifs. Mathieu Fromont se d\u00e9finit comme un \u00ab\u00a0altercycliste\u00a0\u00bb. Il sillonne les routes de France pour promouvoir un mode de vie plus respectueux ... Read More","og_url":"https:\/\/www.altercampagne.net\/?p=8324","og_site_name":"AlterTour","article_published_time":"2017-07-06T18:19:22+00:00","article_modified_time":"2024-11-19T13:24:07+00:00","og_image":[{"width":640,"height":360,"url":"https:\/\/www.altercampagne.net\/wp-content\/uploads\/2017\/07\/2017-07-06-Histoires-de-sport.jpg","type":"image\/jpeg"}],"author":"Mathieu","twitter_card":"summary_large_image","twitter_misc":{"\u00c9crit par":"Mathieu","Dur\u00e9e de lecture estim\u00e9e":"1 minute"},"schema":{"@context":"https:\/\/schema.org","@graph":[{"@type":"Article","@id":"https:\/\/www.altercampagne.net\/?p=8324#article","isPartOf":{"@id":"https:\/\/www.altercampagne.net\/?p=8324"},"author":{"name":"Mathieu","@id":"https:\/\/www.altercampagne.net\/#\/schema\/person\/0f261460c09e430caa0f9bcffa319109"},"headline":"Histoires de sport &#8211; La caravane \u00e9colo \u00e0 lui tout seul","datePublished":"2017-07-06T18:19:22+00:00","dateModified":"2024-11-19T13:24:07+00:00","mainEntityOfPage":{"@id":"https:\/\/www.altercampagne.net\/?p=8324"},"wordCount":115,"image":{"@id":"https:\/\/www.altercampagne.net\/?p=8324#primaryimage"},"thumbnailUrl":"https:\/\/www.altercampagne.net\/wp-content\/uploads\/2017\/07\/2017-07-06-Histoires-de-sport.jpg","keywords":["AlterTour","Mathieu Fromont","France Inter","AlterTour 2017","2017","Thibault Lef\u00e8vre","Histoires de sport"],"articleSection":["Revue de presse"],"inLanguage":"fr-FR"},{"@type":"WebPage","@id":"https:\/\/www.altercampagne.net\/?p=8324","url":"https:\/\/www.altercampagne.net\/?p=8324","name":"Histoires de sport - La caravane \u00e9colo \u00e0 lui tout seul - AlterTour","isPartOf":{"@id":"https:\/\/www.altercampagne.net\/#website"},"primaryImageOfPage":{"@id":"https:\/\/www.altercampagne.net\/?p=8324#primaryimage"},"image":{"@id":"https:\/\/www.altercampagne.net\/?p=8324#primaryimage"},"thumbnailUrl":"https:\/\/www.altercampagne.net\/wp-content\/uploads\/2017\/07\/2017-07-06-Histoires-de-sport.jpg","datePublished":"2017-07-06T18:19:22+00:00","dateModified":"2024-11-19T13:24:07+00:00","author":{"@id":"https:\/\/www.altercampagne.net\/#\/schema\/person\/0f261460c09e430caa0f9bcffa319109"},"breadcrumb":{"@id":"https:\/\/www.altercampagne.net\/?p=8324#breadcrumb"},"inLanguage":"fr-FR","potentialAction":[{"@type":"ReadAction","target":["https:\/\/www.altercampagne.net\/?p=8324"]}]},{"@type":"ImageObject","inLanguage":"fr-FR","@id":"https:\/\/www.altercampagne.net\/?p=8324#primaryimage","url":"https:\/\/www.altercampagne.net\/wp-content\/uploads\/2017\/07\/2017-07-06-Histoires-de-sport.jpg","contentUrl":"https:\/\/www.altercampagne.net\/wp-content\/uploads\/2017\/07\/2017-07-06-Histoires-de-sport.jpg","width":640,"height":360},{"@type":"BreadcrumbList","@id":"https:\/\/www.altercampagne.net\/?p=8324#breadcrumb","itemListElement":[{"@type":"ListItem","position":1,"name":"Accueil","item":"https:\/\/www.altercampagne.net\/"},{"@type":"ListItem","position":2,"name":"Histoires de sport &#8211; La caravane \u00e9colo \u00e0 lui tout seul"}]},{"@type":"WebSite","@id":"https:\/\/www.altercampagne.net\/#website","url":"https:\/\/www.altercampagne.net\/","name":"AlterTour","description":"Reliez les Alternatives \u00e0 v\u00e9lo","potentialAction":[{"@type":"SearchAction","target":{"@type":"EntryPoint","urlTemplate":"https:\/\/www.altercampagne.net\/?s={search_term_string}"},"query-input":{"@type":"PropertyValueSpecification","valueRequired":true,"valueName":"search_term_string"}}],"inLanguage":"fr-FR"},{"@type":"Person","@id":"https:\/\/www.altercampagne.net\/#\/schema\/person\/0f261460c09e430caa0f9bcffa319109","name":"Mathieu","image":{"@type":"ImageObject","inLanguage":"fr-FR","@id":"https:\/\/secure.gravatar.com\/avatar\/aa9d3d24c83f2141e5e2709d0f63d09a99f6be6bb7a50abc4915838d9f54501a?s=96&d=mm&r=g","url":"https:\/\/secure.gravatar.com\/avatar\/aa9d3d24c83f2141e5e2709d0f63d09a99f6be6bb7a50abc4915838d9f54501a?s=96&d=mm&r=g","contentUrl":"https:\/\/secure.gravatar.com\/avatar\/aa9d3d24c83f2141e5e2709d0f63d09a99f6be6bb7a50abc4915838d9f54501a?s=96&d=mm&r=g","caption":"Mathieu"},"url":"https:\/\/www.altercampagne.net\/?author=214"}]}},"_links":{"self":[{"href":"https:\/\/www.altercampagne.net\/index.php?rest_route=\/wp\/v2\/posts\/8324","targetHints":{"allow":["GET"]}}],"collection":[{"href":"https:\/\/www.altercampagne.net\/index.php?rest_route=\/wp\/v2\/posts"}],"about":[{"href":"https:\/\/www.altercampagne.net\/index.php?rest_route=\/wp\/v2\/types\/post"}],"author":[{"embeddable":true,"href":"https:\/\/www.altercampagne.net\/index.php?rest_route=\/wp\/v2\/users\/214"}],"replies":[{"embeddable":true,"href":"https:\/\/www.altercampagne.net\/index.php?rest_route=%2Fwp%2Fv2%2Fcomments&post=8324"}],"version-history":[{"count":8,"href":"https:\/\/www.altercampagne.net\/index.php?rest_route=\/wp\/v2\/posts\/8324\/revisions"}],"predecessor-version":[{"id":28891,"href":"https:\/\/www.altercampagne.net\/index.php?rest_route=\/wp\/v2\/posts\/8324\/revisions\/28891"}],"wp:featuredmedia":[{"embeddable":true,"href":"https:\/\/www.altercampagne.net\/index.php?rest_route=\/wp\/v2\/media\/8326"}],"wp:attachment":[{"href":"https:\/\/www.altercampagne.net\/index.php?rest_route=%2Fwp%2Fv2%2Fmedia&parent=8324"}],"wp:term":[{"taxonomy":"category","embeddable":true,"href":"https:\/\/www.altercampagne.net\/index.php?rest_route=%2Fwp%2Fv2%2Fcategories&post=8324"},{"taxonomy":"post_tag","embeddable":true,"href":"https:\/\/www.altercampagne.net\/index.php?rest_route=%2Fwp%2Fv2%2Ftags&post=8324"}],"curies":[{"name":"wp","href":"https:\/\/api.w.org\/{rel}","templated":true}]}}