{"id":8536,"date":"2018-01-16T10:28:37","date_gmt":"2018-01-16T09:28:37","guid":{"rendered":"http:\/\/www.altercampagne.net\/?p=8536"},"modified":"2018-03-06T19:07:22","modified_gmt":"2018-03-06T18:07:22","slug":"programme-previsionnel-de-laltertour-2018","status":"publish","type":"post","link":"https:\/\/www.altercampagne.net\/?p=8536","title":{"rendered":"L&rsquo;AlterTour 2018 roulera d&rsquo;Amiens \u00e0 Strasbourg"},"content":{"rendered":"<div id=\"cs-content\" class=\"cs-content\"><\/div>\n","protected":false},"excerpt":{"rendered":"","protected":false},"author":214,"featured_media":9401,"comment_status":"closed","ping_status":"closed","sticky":false,"template":"","format":"standard","meta":{"footnotes":""},"categories":[3475,3470,3476,3477,3469],"tags":[25,26,51,173,191,218,252,449,547,628,659,660,1137,1490,1491,1514,1540,1812,2110,2120,2723,2746,2864,2865,2866,2870,2925,2926,2927,2928,2929,2930,2931,2932,2933,2934,2937,3221,3232,3233,3234,3235,3236,3240,3241,3284,3310,3311,3312,3313,3314,3315,3316,3317,3318,3319,3320,3321,3322,3323,3324,3325,3326,3327,3328,3329,3330,3331,3332,3333,3334,3335,3336,3337,3338,3339,3340,3341,3342,3343,3344,3345,3346,3347,3348,3349,3350,3351,3352,3353,3354,3355,3356,3357,3358,3359,3360,3361,3362,3363,3364,3365,3366,3367,3368,3369,3370,3371,3372,3373,3374,3375,3376,3377,3378,3379,3380,3381,3382,3439,3455,3530],"class_list":["post-8536","post","type-post","status-publish","format-standard","has-post-thumbnail","hentry","category-grand-est","category-edition-2018","category-hauts-de-france","category-ile-de-france","category-programmes","tag-bure","tag-nancy","tag-andines","tag-atelier-dynamo","tag-maison-de-resistance-a-la-poubelle-nucleaire","tag-tour-alternatiba","tag-reliez-les-alternatives-a-velo","tag-confederation-paysanne","tag-tour-cyclo-militant","tag-infogm","tag-anti-tour-de-france","tag-tour-de-france","tag-beauvais","tag-ile-de-france","tag-jardin-dalice","tag-meuse","tag-meurthe-et-moselle","tag-tour-de-france-des-alternatives","tag-val-doise","tag-yvelines","tag-bagnolet","tag-seine-et-marne","tag-tour-velo-ecolo","tag-tour-velo-ecologique","tag-tour-cyclomilitant","tag-tour-a-velo-ecologique","tag-tour-de-france-ecolo","tag-tour-de-france-ecologique","tag-tour-de-france-agroecologie","tag-tour-de-france-transition","tag-tour-de-france-ecolieux","tag-tour-de-france-permaculture","tag-tour-de-france-ecologie","tag-tour-de-france-climat","tag-tour-de-france-bio","tag-tour-de-france-alternatives","tag-tour-de-france-micro-brasserie","tag-altertour-2018","tag-haut-rhin","tag-bas-rhin","tag-vosges","tag-marne","tag-haute-marne","tag-oise","tag-somme","tag-seine-saint-denis","tag-tour-de-france-a-velo","tag-tour-de-france-decroissance","tag-novissen","tag-maison-du-colonel","tag-utopic","tag-machinerie","tag-journal-fakir","tag-beauvais-en-transition","tag-oecocentre-de-la-bergerie","tag-jardins-de-ceres","tag-parole-errante","tag-conquete-du-pain","tag-tour-de-france-autogere","tag-maison-des-babayagas","tag-murs-a-peches","tag-collectif-notre-parc-nest-pas-a-vendre","tag-association-clinamen","tag-collectif-pour-le-triangle-de-gonesse","tag-ecotemps-briard","tag-association-la-cococinelle","tag-groupement-des-bouilleurs-de-cru","tag-alternatiba-vitry-le-francois","tag-lpo-champagne-ardenne","tag-nature-de-der","tag-grands-jardins","tag-mjc-des-3-maisons","tag-jardin-de-centauree","tag-la-faille","tag-ecolline","tag-atelier-lengrenage","tag-domaine-du-beubois","tag-association-latre-de-la-vallee","tag-collectif-arts-des-possibles","tag-jardins-de-manspach","tag-les-sheds","tag-ungersheim-village-en-transition","tag-ungersheim","tag-vignoble-klur","tag-maison-mimire","tag-atelier-bretzselle","tag-bretzselle","tag-collectif-contre-le-grand-contournement-ouest-de-strasbourg","tag-zad-du-moulin","tag-amiens","tag-fontaine-bonneleau","tag-chaumont-en-vexin","tag-chaussy","tag-chateaufort","tag-la-courneuve","tag-gonesse","tag-meaux","tag-montmirail","tag-reuves","tag-sommesous","tag-vitry-le-francois","tag-outines","tag-saint-dizier","tag-montbras","tag-moutrot","tag-einvaux","tag-azerailles","tag-badonviller","tag-saint-die-des-vosges","tag-orbey","tag-husseren-wesserling","tag-manspach","tag-kingersheim","tag-katzenthal","tag-wittisheim","tag-strasbourg","tag-kolbsheim","tag-hauts-de-france","tag-grand-est","tag-ateliers-de-la-bergerette","tag-fermiers-de-la-francilienne","tag-les-miels-de-la-champagne"],"yoast_head":"<!-- This site is optimized with the Yoast SEO plugin v27.3 - https:\/\/yoast.com\/product\/yoast-seo-wordpress\/ -->\n<title>L&#039;AlterTour 2018 roulera d&#039;Amiens \u00e0 Strasbourg - AlterTour<\/title>\n<meta name=\"robots\" content=\"index, follow, max-snippet:-1, max-image-preview:large, max-video-preview:-1\" \/>\n<link rel=\"canonical\" href=\"https:\/\/www.altercampagne.net\/?p=8536\" \/>\n<meta property=\"og:locale\" content=\"fr_FR\" \/>\n<meta property=\"og:type\" content=\"article\" \/>\n<meta property=\"og:title\" content=\"L&#039;AlterTour 2018 roulera d&#039;Amiens \u00e0 Strasbourg - AlterTour\" \/>\n<meta property=\"og:url\" content=\"https:\/\/www.altercampagne.net\/?p=8536\" \/>\n<meta property=\"og:site_name\" content=\"AlterTour\" \/>\n<meta property=\"article:published_time\" content=\"2018-01-16T09:28:37+00:00\" \/>\n<meta property=\"article:modified_time\" content=\"2018-03-06T18:07:22+00:00\" \/>\n<meta property=\"og:image\" content=\"https:\/\/www.altercampagne.net\/wp-content\/uploads\/2018\/01\/2013-08-20_10.18.jpg\" \/>\n\t<meta property=\"og:image:width\" content=\"695\" \/>\n\t<meta property=\"og:image:height\" content=\"363\" \/>\n\t<meta property=\"og:image:type\" content=\"image\/jpeg\" \/>\n<meta name=\"author\" content=\"Mathieu\" \/>\n<meta name=\"twitter:card\" content=\"summary_large_image\" \/>\n<meta name=\"twitter:label1\" content=\"\u00c9crit par\" \/>\n\t<meta name=\"twitter:data1\" content=\"Mathieu\" \/>\n\t<meta name=\"twitter:label2\" content=\"Dur\u00e9e de lecture estim\u00e9e\" \/>\n\t<meta name=\"twitter:data2\" content=\"4 minutes\" \/>\n<script type=\"application\/ld+json\" class=\"yoast-schema-graph\">{\"@context\":\"https:\\\/\\\/schema.org\",\"@graph\":[{\"@type\":\"Article\",\"@id\":\"https:\\\/\\\/www.altercampagne.net\\\/?p=8536#article\",\"isPartOf\":{\"@id\":\"https:\\\/\\\/www.altercampagne.net\\\/?p=8536\"},\"author\":{\"name\":\"Mathieu\",\"@id\":\"https:\\\/\\\/www.altercampagne.net\\\/#\\\/schema\\\/person\\\/0f261460c09e430caa0f9bcffa319109\"},\"headline\":\"L&rsquo;AlterTour 2018 roulera d&rsquo;Amiens \u00e0 Strasbourg\",\"datePublished\":\"2018-01-16T09:28:37+00:00\",\"dateModified\":\"2018-03-06T18:07:22+00:00\",\"mainEntityOfPage\":{\"@id\":\"https:\\\/\\\/www.altercampagne.net\\\/?p=8536\"},\"wordCount\":848,\"image\":{\"@id\":\"https:\\\/\\\/www.altercampagne.net\\\/?p=8536#primaryimage\"},\"thumbnailUrl\":\"https:\\\/\\\/www.altercampagne.net\\\/wp-content\\\/uploads\\\/2018\\\/01\\\/2013-08-20_10.18.jpg\",\"keywords\":[\"Bure\",\"Nancy\",\"Andines\",\"Atelier Dynamo\",\"maison de r\u00e9sistance \u00e0 la poubelle nucl\u00e9aire\",\"Tour Alternatiba\",\"reliez les alternatives \u00e0 v\u00e9lo\",\"conf\u00e9d\u00e9ration paysanne\",\"tour cyclo-militant\",\"Inf\u2019OGM\",\"anti-Tour de France\",\"Tour de France\",\"beauvais\",\"ile-de-france\",\"jardin d'alice\",\"Meuse\",\"Meurthe-et-Moselle\",\"tour de France des Alternatives\",\"Val-d\u2019Oise\",\"Yvelines\",\"Bagnolet\",\"Seine-et-Marne\",\"tour v\u00e9lo \u00e9colo\",\"tour v\u00e9lo \u00e9cologique\",\"tour cyclomilitant\",\"tour \u00e0 v\u00e9lo \u00e9cologique\",\"tour de france \u00e9colo\",\"tour de france \u00e9cologique\",\"tour de france agro\u00e9cologie\",\"tour de france transition\",\"tour de france \u00e9colieux\",\"tour de france permaculture\",\"tour de france \u00e9cologie\",\"tour de france climat\",\"tour de France bio\",\"tour de France alternatives\",\"tour de France micro-brasserie\",\"AlterTour 2018\",\"Haut-Rhin\",\"Bas-Rhin\",\"Vosges\",\"Marne\",\"Haute-Marne\",\"Oise\",\"Somme\",\"Seine-Saint-Denis\",\"tour de france \u00e0 v\u00e9lo\",\"tour de france d\u00e9croissance\",\"Novissen\",\"Maison du Colonel\",\"UtoPic\",\"machinerie\",\"Journal Fakir\",\"Beauvais en Transition\",\"Oecocentre de la Bergerie\",\"Jardins de C\u00e9r\u00e8s\",\"parole errante\",\"Conqu\u00eate du pain\",\"tour de france autog\u00e9r\u00e9\",\"Maison des Babayagas\",\"Murs \u00e0 P\u00eaches\",\"Collectif Notre parc n'est pas \u00e0 vendre\",\"Association Clinamen\",\"Collectif pour le triangle de Gonesse\",\"Ecotemps briard\",\"Association La Cococinelle\",\"Groupement des bouilleurs de cru\",\"Alternatiba Vitry-le-Fran\u00e7ois\",\"LPO Champagne Ardenne\",\"Nature de Der\",\"Grands Jardins\",\"MJC des 3 Maisons\",\"jardin de Centaur\u00e9e\",\"La Faille\",\"Ecolline\",\"atelier l'engrenage\",\"Domaine du Beubois\",\"Association l\u2019\u00c2tre de la Vall\u00e9e\",\"Collectif arts des possibles\",\"Jardins de Manspach\",\"Les Sheds\",\"Ungersheim Village en transition\",\"Ungersheim\",\"Vignoble Klur\",\"Maison Mimire\",\"atelier Bretz'Selle\",\"Bretz'Selle\",\"Collectif contre le Grand Contournement Ouest de Strasbourg\",\"ZAD du Moulin\",\"Amiens\",\"Fontaine-Bonneleau\",\"Chaumont-en-Vexin\",\"Chaussy\",\"Ch\u00e2teaufort\",\"La Courneuve\",\"Gonesse\",\"Meaux\",\"Montmirail\",\"Reuves\",\"Sommesous\",\"Vitry-le-Fran\u00e7ois\",\"Outines\",\"Saint- Dizier\",\"Montbras\",\"Moutrot\",\"Einvaux\",\"Azerailles\",\"Badonviller\",\"Saint-Di\u00e9-des-Vosges\",\"Orbey\",\"Husseren-Wesserling\",\"Manspach\",\"Kingersheim\",\"Katzenthal\",\"Wittisheim\",\"Strasbourg\",\"Kolbsheim\",\"Hauts-de-France\",\"Grand Est\",\"Ateliers de la Bergerette\",\"fermiers de la francilienne\",\"Les miels de la Champagne\"],\"articleSection\":[\"Grand Est\",\"\u00c9dition 2018\",\"Hauts-de-France\",\"\u00cele-de-France\",\"Programmes\"],\"inLanguage\":\"fr-FR\"},{\"@type\":\"WebPage\",\"@id\":\"https:\\\/\\\/www.altercampagne.net\\\/?p=8536\",\"url\":\"https:\\\/\\\/www.altercampagne.net\\\/?p=8536\",\"name\":\"L'AlterTour 2018 roulera d'Amiens \u00e0 Strasbourg - AlterTour\",\"isPartOf\":{\"@id\":\"https:\\\/\\\/www.altercampagne.net\\\/#website\"},\"primaryImageOfPage\":{\"@id\":\"https:\\\/\\\/www.altercampagne.net\\\/?p=8536#primaryimage\"},\"image\":{\"@id\":\"https:\\\/\\\/www.altercampagne.net\\\/?p=8536#primaryimage\"},\"thumbnailUrl\":\"https:\\\/\\\/www.altercampagne.net\\\/wp-content\\\/uploads\\\/2018\\\/01\\\/2013-08-20_10.18.jpg\",\"datePublished\":\"2018-01-16T09:28:37+00:00\",\"dateModified\":\"2018-03-06T18:07:22+00:00\",\"author\":{\"@id\":\"https:\\\/\\\/www.altercampagne.net\\\/#\\\/schema\\\/person\\\/0f261460c09e430caa0f9bcffa319109\"},\"breadcrumb\":{\"@id\":\"https:\\\/\\\/www.altercampagne.net\\\/?p=8536#breadcrumb\"},\"inLanguage\":\"fr-FR\",\"potentialAction\":[{\"@type\":\"ReadAction\",\"target\":[\"https:\\\/\\\/www.altercampagne.net\\\/?p=8536\"]}]},{\"@type\":\"ImageObject\",\"inLanguage\":\"fr-FR\",\"@id\":\"https:\\\/\\\/www.altercampagne.net\\\/?p=8536#primaryimage\",\"url\":\"https:\\\/\\\/www.altercampagne.net\\\/wp-content\\\/uploads\\\/2018\\\/01\\\/2013-08-20_10.18.jpg\",\"contentUrl\":\"https:\\\/\\\/www.altercampagne.net\\\/wp-content\\\/uploads\\\/2018\\\/01\\\/2013-08-20_10.18.jpg\",\"width\":695,\"height\":363},{\"@type\":\"BreadcrumbList\",\"@id\":\"https:\\\/\\\/www.altercampagne.net\\\/?p=8536#breadcrumb\",\"itemListElement\":[{\"@type\":\"ListItem\",\"position\":1,\"name\":\"Accueil\",\"item\":\"https:\\\/\\\/www.altercampagne.net\\\/\"},{\"@type\":\"ListItem\",\"position\":2,\"name\":\"L&rsquo;AlterTour 2018 roulera d&rsquo;Amiens \u00e0 Strasbourg\"}]},{\"@type\":\"WebSite\",\"@id\":\"https:\\\/\\\/www.altercampagne.net\\\/#website\",\"url\":\"https:\\\/\\\/www.altercampagne.net\\\/\",\"name\":\"AlterTour\",\"description\":\"Reliez les Alternatives \u00e0 v\u00e9lo\",\"potentialAction\":[{\"@type\":\"SearchAction\",\"target\":{\"@type\":\"EntryPoint\",\"urlTemplate\":\"https:\\\/\\\/www.altercampagne.net\\\/?s={search_term_string}\"},\"query-input\":{\"@type\":\"PropertyValueSpecification\",\"valueRequired\":true,\"valueName\":\"search_term_string\"}}],\"inLanguage\":\"fr-FR\"},{\"@type\":\"Person\",\"@id\":\"https:\\\/\\\/www.altercampagne.net\\\/#\\\/schema\\\/person\\\/0f261460c09e430caa0f9bcffa319109\",\"name\":\"Mathieu\",\"image\":{\"@type\":\"ImageObject\",\"inLanguage\":\"fr-FR\",\"@id\":\"https:\\\/\\\/secure.gravatar.com\\\/avatar\\\/aa9d3d24c83f2141e5e2709d0f63d09a99f6be6bb7a50abc4915838d9f54501a?s=96&d=mm&r=g\",\"url\":\"https:\\\/\\\/secure.gravatar.com\\\/avatar\\\/aa9d3d24c83f2141e5e2709d0f63d09a99f6be6bb7a50abc4915838d9f54501a?s=96&d=mm&r=g\",\"contentUrl\":\"https:\\\/\\\/secure.gravatar.com\\\/avatar\\\/aa9d3d24c83f2141e5e2709d0f63d09a99f6be6bb7a50abc4915838d9f54501a?s=96&d=mm&r=g\",\"caption\":\"Mathieu\"},\"url\":\"https:\\\/\\\/www.altercampagne.net\\\/?author=214\"}]}<\/script>\n<!-- \/ Yoast SEO plugin. -->","yoast_head_json":{"title":"L'AlterTour 2018 roulera d'Amiens \u00e0 Strasbourg - AlterTour","robots":{"index":"index","follow":"follow","max-snippet":"max-snippet:-1","max-image-preview":"max-image-preview:large","max-video-preview":"max-video-preview:-1"},"canonical":"https:\/\/www.altercampagne.net\/?p=8536","og_locale":"fr_FR","og_type":"article","og_title":"L'AlterTour 2018 roulera d'Amiens \u00e0 Strasbourg - AlterTour","og_url":"https:\/\/www.altercampagne.net\/?p=8536","og_site_name":"AlterTour","article_published_time":"2018-01-16T09:28:37+00:00","article_modified_time":"2018-03-06T18:07:22+00:00","og_image":[{"width":695,"height":363,"url":"https:\/\/www.altercampagne.net\/wp-content\/uploads\/2018\/01\/2013-08-20_10.18.jpg","type":"image\/jpeg"}],"author":"Mathieu","twitter_card":"summary_large_image","twitter_misc":{"\u00c9crit par":"Mathieu","Dur\u00e9e de lecture estim\u00e9e":"4 minutes"},"schema":{"@context":"https:\/\/schema.org","@graph":[{"@type":"Article","@id":"https:\/\/www.altercampagne.net\/?p=8536#article","isPartOf":{"@id":"https:\/\/www.altercampagne.net\/?p=8536"},"author":{"name":"Mathieu","@id":"https:\/\/www.altercampagne.net\/#\/schema\/person\/0f261460c09e430caa0f9bcffa319109"},"headline":"L&rsquo;AlterTour 2018 roulera d&rsquo;Amiens \u00e0 Strasbourg","datePublished":"2018-01-16T09:28:37+00:00","dateModified":"2018-03-06T18:07:22+00:00","mainEntityOfPage":{"@id":"https:\/\/www.altercampagne.net\/?p=8536"},"wordCount":848,"image":{"@id":"https:\/\/www.altercampagne.net\/?p=8536#primaryimage"},"thumbnailUrl":"https:\/\/www.altercampagne.net\/wp-content\/uploads\/2018\/01\/2013-08-20_10.18.jpg","keywords":["Bure","Nancy","Andines","Atelier Dynamo","maison de r\u00e9sistance \u00e0 la poubelle nucl\u00e9aire","Tour Alternatiba","reliez les alternatives \u00e0 v\u00e9lo","conf\u00e9d\u00e9ration paysanne","tour cyclo-militant","Inf\u2019OGM","anti-Tour de France","Tour de France","beauvais","ile-de-france","jardin d'alice","Meuse","Meurthe-et-Moselle","tour de France des Alternatives","Val-d\u2019Oise","Yvelines","Bagnolet","Seine-et-Marne","tour v\u00e9lo \u00e9colo","tour v\u00e9lo \u00e9cologique","tour cyclomilitant","tour \u00e0 v\u00e9lo \u00e9cologique","tour de france \u00e9colo","tour de france \u00e9cologique","tour de france agro\u00e9cologie","tour de france transition","tour de france \u00e9colieux","tour de france permaculture","tour de france \u00e9cologie","tour de france climat","tour de France bio","tour de France alternatives","tour de France micro-brasserie","AlterTour 2018","Haut-Rhin","Bas-Rhin","Vosges","Marne","Haute-Marne","Oise","Somme","Seine-Saint-Denis","tour de france \u00e0 v\u00e9lo","tour de france d\u00e9croissance","Novissen","Maison du Colonel","UtoPic","machinerie","Journal Fakir","Beauvais en Transition","Oecocentre de la Bergerie","Jardins de C\u00e9r\u00e8s","parole errante","Conqu\u00eate du pain","tour de france autog\u00e9r\u00e9","Maison des Babayagas","Murs \u00e0 P\u00eaches","Collectif Notre parc n'est pas \u00e0 vendre","Association Clinamen","Collectif pour le triangle de Gonesse","Ecotemps briard","Association La Cococinelle","Groupement des bouilleurs de cru","Alternatiba Vitry-le-Fran\u00e7ois","LPO Champagne Ardenne","Nature de Der","Grands Jardins","MJC des 3 Maisons","jardin de Centaur\u00e9e","La Faille","Ecolline","atelier l'engrenage","Domaine du Beubois","Association l\u2019\u00c2tre de la Vall\u00e9e","Collectif arts des possibles","Jardins de Manspach","Les Sheds","Ungersheim Village en transition","Ungersheim","Vignoble Klur","Maison Mimire","atelier Bretz'Selle","Bretz'Selle","Collectif contre le Grand Contournement Ouest de Strasbourg","ZAD du Moulin","Amiens","Fontaine-Bonneleau","Chaumont-en-Vexin","Chaussy","Ch\u00e2teaufort","La Courneuve","Gonesse","Meaux","Montmirail","Reuves","Sommesous","Vitry-le-Fran\u00e7ois","Outines","Saint- Dizier","Montbras","Moutrot","Einvaux","Azerailles","Badonviller","Saint-Di\u00e9-des-Vosges","Orbey","Husseren-Wesserling","Manspach","Kingersheim","Katzenthal","Wittisheim","Strasbourg","Kolbsheim","Hauts-de-France","Grand Est","Ateliers de la Bergerette","fermiers de la francilienne","Les miels de la Champagne"],"articleSection":["Grand Est","\u00c9dition 2018","Hauts-de-France","\u00cele-de-France","Programmes"],"inLanguage":"fr-FR"},{"@type":"WebPage","@id":"https:\/\/www.altercampagne.net\/?p=8536","url":"https:\/\/www.altercampagne.net\/?p=8536","name":"L'AlterTour 2018 roulera d'Amiens \u00e0 Strasbourg - AlterTour","isPartOf":{"@id":"https:\/\/www.altercampagne.net\/#website"},"primaryImageOfPage":{"@id":"https:\/\/www.altercampagne.net\/?p=8536#primaryimage"},"image":{"@id":"https:\/\/www.altercampagne.net\/?p=8536#primaryimage"},"thumbnailUrl":"https:\/\/www.altercampagne.net\/wp-content\/uploads\/2018\/01\/2013-08-20_10.18.jpg","datePublished":"2018-01-16T09:28:37+00:00","dateModified":"2018-03-06T18:07:22+00:00","author":{"@id":"https:\/\/www.altercampagne.net\/#\/schema\/person\/0f261460c09e430caa0f9bcffa319109"},"breadcrumb":{"@id":"https:\/\/www.altercampagne.net\/?p=8536#breadcrumb"},"inLanguage":"fr-FR","potentialAction":[{"@type":"ReadAction","target":["https:\/\/www.altercampagne.net\/?p=8536"]}]},{"@type":"ImageObject","inLanguage":"fr-FR","@id":"https:\/\/www.altercampagne.net\/?p=8536#primaryimage","url":"https:\/\/www.altercampagne.net\/wp-content\/uploads\/2018\/01\/2013-08-20_10.18.jpg","contentUrl":"https:\/\/www.altercampagne.net\/wp-content\/uploads\/2018\/01\/2013-08-20_10.18.jpg","width":695,"height":363},{"@type":"BreadcrumbList","@id":"https:\/\/www.altercampagne.net\/?p=8536#breadcrumb","itemListElement":[{"@type":"ListItem","position":1,"name":"Accueil","item":"https:\/\/www.altercampagne.net\/"},{"@type":"ListItem","position":2,"name":"L&rsquo;AlterTour 2018 roulera d&rsquo;Amiens \u00e0 Strasbourg"}]},{"@type":"WebSite","@id":"https:\/\/www.altercampagne.net\/#website","url":"https:\/\/www.altercampagne.net\/","name":"AlterTour","description":"Reliez les Alternatives \u00e0 v\u00e9lo","potentialAction":[{"@type":"SearchAction","target":{"@type":"EntryPoint","urlTemplate":"https:\/\/www.altercampagne.net\/?s={search_term_string}"},"query-input":{"@type":"PropertyValueSpecification","valueRequired":true,"valueName":"search_term_string"}}],"inLanguage":"fr-FR"},{"@type":"Person","@id":"https:\/\/www.altercampagne.net\/#\/schema\/person\/0f261460c09e430caa0f9bcffa319109","name":"Mathieu","image":{"@type":"ImageObject","inLanguage":"fr-FR","@id":"https:\/\/secure.gravatar.com\/avatar\/aa9d3d24c83f2141e5e2709d0f63d09a99f6be6bb7a50abc4915838d9f54501a?s=96&d=mm&r=g","url":"https:\/\/secure.gravatar.com\/avatar\/aa9d3d24c83f2141e5e2709d0f63d09a99f6be6bb7a50abc4915838d9f54501a?s=96&d=mm&r=g","contentUrl":"https:\/\/secure.gravatar.com\/avatar\/aa9d3d24c83f2141e5e2709d0f63d09a99f6be6bb7a50abc4915838d9f54501a?s=96&d=mm&r=g","caption":"Mathieu"},"url":"https:\/\/www.altercampagne.net\/?author=214"}]}},"_links":{"self":[{"href":"https:\/\/www.altercampagne.net\/index.php?rest_route=\/wp\/v2\/posts\/8536","targetHints":{"allow":["GET"]}}],"collection":[{"href":"https:\/\/www.altercampagne.net\/index.php?rest_route=\/wp\/v2\/posts"}],"about":[{"href":"https:\/\/www.altercampagne.net\/index.php?rest_route=\/wp\/v2\/types\/post"}],"author":[{"embeddable":true,"href":"https:\/\/www.altercampagne.net\/index.php?rest_route=\/wp\/v2\/users\/214"}],"replies":[{"embeddable":true,"href":"https:\/\/www.altercampagne.net\/index.php?rest_route=%2Fwp%2Fv2%2Fcomments&post=8536"}],"version-history":[{"count":0,"href":"https:\/\/www.altercampagne.net\/index.php?rest_route=\/wp\/v2\/posts\/8536\/revisions"}],"wp:featuredmedia":[{"embeddable":true,"href":"https:\/\/www.altercampagne.net\/index.php?rest_route=\/wp\/v2\/media\/9401"}],"wp:attachment":[{"href":"https:\/\/www.altercampagne.net\/index.php?rest_route=%2Fwp%2Fv2%2Fmedia&parent=8536"}],"wp:term":[{"taxonomy":"category","embeddable":true,"href":"https:\/\/www.altercampagne.net\/index.php?rest_route=%2Fwp%2Fv2%2Fcategories&post=8536"},{"taxonomy":"post_tag","embeddable":true,"href":"https:\/\/www.altercampagne.net\/index.php?rest_route=%2Fwp%2Fv2%2Ftags&post=8536"}],"curies":[{"name":"wp","href":"https:\/\/api.w.org\/{rel}","templated":true}]}}