{"id":8596,"date":"2018-01-07T19:12:56","date_gmt":"2018-01-07T18:12:56","guid":{"rendered":"http:\/\/www.altercampagne.net\/?p=8596"},"modified":"2018-03-24T17:14:04","modified_gmt":"2018-03-24T16:14:04","slug":"3eme-week-end-de-preparation-de-laltertour-2018-16-17-decembre-2017","status":"publish","type":"post","link":"https:\/\/www.altercampagne.net\/?p=8596","title":{"rendered":"3e WE de pr\u00e9paration de l&rsquo;AlterTour 2018"},"content":{"rendered":"<p>Incroyable ce qu&rsquo;on est productifs un froid week-end de d\u00e9cembre \u00e0 Saint-Denis. C&rsquo;est la <a href=\"http:\/\/www.andines.com\/\" target=\"_blank\" rel=\"noopener\">Coop\u00e9rative Andines<\/a> qui nous a re\u00e7u dans ses locaux. On en a profit\u00e9 pour faire nos derniers achats de No\u00ebl !<\/p>\n<p>Nous \u00e9tions 30 et il fallait choisir le parcours, le th\u00e8me de l&rsquo;AlterTour 2018, rien que \u00e7a ! <strong>C\u00f4t\u00e9 parcours<\/strong>, nous avions 5 trajets possibles pour rejoindre l&rsquo;Alsace \u00e0 la mer. On voulait passer \u00e0 Bure, \u00e0 Europacity, \u00e0 Strasbourg, \u00e0 Flamanville, converger avec le Tour Alternatiba, ne pas faire plus de 900 km, etc \u2026 Bref la quadrature du cercle. Finalement, ce sera <strong>Amiens -&gt; Strasbourg en passant par Paris<\/strong>, du 14 au 26 ao\u00fbt. On pourra rencontrer le collectif pour le Triangle de Gonesse qui <a href=\"http:\/\/nonaeuropacity.com\/\" target=\"_blank\" rel=\"noopener\">lutte contre Europacity<\/a>, le <a href=\"https:\/\/alternatiba.eu\/tour-alternatiba\/5000km\/\" target=\"_blank\" rel=\"noopener\">Tour Alternatiba<\/a> \u00e0 Bure, site pr\u00e9vu pour l&rsquo;enfouissement des d\u00e9chets nucl\u00e9aires. On passera aussi \u00e0 <a href=\"https:\/\/www.mairie-ungersheim.fr\/village-en-transition\/\" target=\"_blank\" rel=\"noopener\">Ungersheim<\/a> (68), sacr\u00e9 village en transition.<\/p>\n<p>Pour le <strong>th\u00e8me<\/strong> de l&rsquo;AT 2018\u2026 d&rsquo;abord th\u00e8me ou pas-th\u00e8me ? apr\u00e8s discussion.. ce sera \u00ab la <strong>paix \/ non-violence<\/strong> \u00bb. Reste \u00e0 trouver un slogan !<\/p>\n<p>Le <strong>rythme<\/strong> sur l&rsquo;AlterTour a \u00e9t\u00e9 discut\u00e9 et on a adopt\u00e9 une s\u00e9rie de bonnes pratiques pour pouvoir rencontrer vraiment les alternatives sans courir tout le temps (min. \u00bd journ\u00e9e avec chaque accueillant.e, si v\u00e9lo journ\u00e9e pleine, plut\u00f4t repos le lendemain..etc). De nouveaux groupes de travail se sont lanc\u00e9s : pr\u00e9paration d\u2019une conf\u00e9rence gesticul\u00e9e, slogan, v\u00e9lorution, investissements\u2026<\/p>\n<p>Et puis on a r\u00eav\u00e9 les \u00e9chapp\u00e9es belles 2018 (les parcours parall\u00e8les \u00e0 l&rsquo;AlterTour sans v\u00e9hicule logistique), on a tourn\u00e9 des interviews vid\u00e9os d&rsquo;Altercyclistes, et on a m\u00eame eu droit \u00e0 un sketch avec des ma\u00eetres-queues !<\/p>\n<p>Ouf ! Quel week-end !<\/p>\n","protected":false},"excerpt":{"rendered":"<p>Incroyable ce qu&rsquo;on est productifs un froid week-end de d\u00e9cembre \u00e0 Saint-Denis. C&rsquo;est la Coop\u00e9rative Andines qui nous a re\u00e7u dans ses locaux. On en a profit\u00e9 pour faire nos derniers achats de No\u00ebl ! Nous \u00e9tions 30 et il fallait choisir le parcours, le th\u00e8me de l&rsquo;AlterTour 2018, rien &#8230; <\/p>\n<div><a href=\"https:\/\/www.altercampagne.net\/?p=8596\" class=\"more-link\">Read More<\/a><\/div>\n","protected":false},"author":206,"featured_media":9403,"comment_status":"closed","ping_status":"closed","sticky":false,"template":"","format":"standard","meta":{"footnotes":""},"categories":[3470,3539],"tags":[25,51,218,434,476,3221,3285,3346,3353,3359,3379,3383,3384,3385],"class_list":["post-8596","post","type-post","status-publish","format-standard","has-post-thumbnail","hentry","category-edition-2018","category-we-de-preparation","tag-bure","tag-andines","tag-tour-alternatiba","tag-pleniere","tag-reunion","tag-altertour-2018","tag-3285","tag-ungersheim","tag-amiens","tag-gonesse","tag-strasbourg","tag-cooperative-andines","tag-europacity","tag-flamanville"],"yoast_head":"<!-- This site is optimized with the Yoast SEO plugin v27.3 - https:\/\/yoast.com\/product\/yoast-seo-wordpress\/ -->\n<title>3e WE de pr\u00e9paration de l&#039;AlterTour 2018 - AlterTour<\/title>\n<meta name=\"robots\" content=\"index, follow, max-snippet:-1, max-image-preview:large, max-video-preview:-1\" \/>\n<link rel=\"canonical\" href=\"https:\/\/www.altercampagne.net\/?p=8596\" \/>\n<meta property=\"og:locale\" content=\"fr_FR\" \/>\n<meta property=\"og:type\" content=\"article\" \/>\n<meta property=\"og:title\" content=\"3e WE de pr\u00e9paration de l&#039;AlterTour 2018 - AlterTour\" \/>\n<meta property=\"og:description\" content=\"Incroyable ce qu&rsquo;on est productifs un froid week-end de d\u00e9cembre \u00e0 Saint-Denis. C&rsquo;est la Coop\u00e9rative Andines qui nous a re\u00e7u dans ses locaux. On en a profit\u00e9 pour faire nos derniers achats de No\u00ebl ! Nous \u00e9tions 30 et il fallait choisir le parcours, le th\u00e8me de l&rsquo;AlterTour 2018, rien ... Read More\" \/>\n<meta property=\"og:url\" content=\"https:\/\/www.altercampagne.net\/?p=8596\" \/>\n<meta property=\"og:site_name\" content=\"AlterTour\" \/>\n<meta property=\"article:published_time\" content=\"2018-01-07T18:12:56+00:00\" \/>\n<meta property=\"article:modified_time\" content=\"2018-03-24T16:14:04+00:00\" \/>\n<meta property=\"og:image\" content=\"https:\/\/www.altercampagne.net\/wp-content\/uploads\/2018\/01\/3\u00e8me-Week-End-de-pr\u00e9paration-de-lAlterTour-2018.jpg\" \/>\n\t<meta property=\"og:image:width\" content=\"850\" \/>\n\t<meta property=\"og:image:height\" content=\"445\" \/>\n\t<meta property=\"og:image:type\" content=\"image\/jpeg\" \/>\n<meta name=\"author\" content=\"Sylvie F\" \/>\n<meta name=\"twitter:card\" content=\"summary_large_image\" \/>\n<meta name=\"twitter:label1\" content=\"\u00c9crit par\" \/>\n\t<meta name=\"twitter:data1\" content=\"Sylvie F\" \/>\n\t<meta name=\"twitter:label2\" content=\"Dur\u00e9e de lecture estim\u00e9e\" \/>\n\t<meta name=\"twitter:data2\" content=\"1 minute\" \/>\n<script type=\"application\/ld+json\" class=\"yoast-schema-graph\">{\"@context\":\"https:\\\/\\\/schema.org\",\"@graph\":[{\"@type\":\"Article\",\"@id\":\"https:\\\/\\\/www.altercampagne.net\\\/?p=8596#article\",\"isPartOf\":{\"@id\":\"https:\\\/\\\/www.altercampagne.net\\\/?p=8596\"},\"author\":{\"name\":\"Sylvie F\",\"@id\":\"https:\\\/\\\/www.altercampagne.net\\\/#\\\/schema\\\/person\\\/fad5b6595876359c96e756d4d478f820\"},\"headline\":\"3e WE de pr\u00e9paration de l&rsquo;AlterTour 2018\",\"datePublished\":\"2018-01-07T18:12:56+00:00\",\"dateModified\":\"2018-03-24T16:14:04+00:00\",\"mainEntityOfPage\":{\"@id\":\"https:\\\/\\\/www.altercampagne.net\\\/?p=8596\"},\"wordCount\":293,\"image\":{\"@id\":\"https:\\\/\\\/www.altercampagne.net\\\/?p=8596#primaryimage\"},\"thumbnailUrl\":\"https:\\\/\\\/www.altercampagne.net\\\/wp-content\\\/uploads\\\/2018\\\/01\\\/3\u00e8me-Week-End-de-pr\u00e9paration-de-lAlterTour-2018.jpg\",\"keywords\":[\"Bure\",\"Andines\",\"Tour Alternatiba\",\"pl\u00e9ni\u00e8re\",\"r\u00e9union\",\"AlterTour 2018\",\"2018\",\"Ungersheim\",\"Amiens\",\"Gonesse\",\"Strasbourg\",\"Coop\u00e9rative Andines\",\"Europacity\",\"Flamanville\"],\"articleSection\":[\"\u00c9dition 2018\",\"WE de pr\u00e9paration\"],\"inLanguage\":\"fr-FR\"},{\"@type\":\"WebPage\",\"@id\":\"https:\\\/\\\/www.altercampagne.net\\\/?p=8596\",\"url\":\"https:\\\/\\\/www.altercampagne.net\\\/?p=8596\",\"name\":\"3e WE de pr\u00e9paration de l'AlterTour 2018 - AlterTour\",\"isPartOf\":{\"@id\":\"https:\\\/\\\/www.altercampagne.net\\\/#website\"},\"primaryImageOfPage\":{\"@id\":\"https:\\\/\\\/www.altercampagne.net\\\/?p=8596#primaryimage\"},\"image\":{\"@id\":\"https:\\\/\\\/www.altercampagne.net\\\/?p=8596#primaryimage\"},\"thumbnailUrl\":\"https:\\\/\\\/www.altercampagne.net\\\/wp-content\\\/uploads\\\/2018\\\/01\\\/3\u00e8me-Week-End-de-pr\u00e9paration-de-lAlterTour-2018.jpg\",\"datePublished\":\"2018-01-07T18:12:56+00:00\",\"dateModified\":\"2018-03-24T16:14:04+00:00\",\"author\":{\"@id\":\"https:\\\/\\\/www.altercampagne.net\\\/#\\\/schema\\\/person\\\/fad5b6595876359c96e756d4d478f820\"},\"breadcrumb\":{\"@id\":\"https:\\\/\\\/www.altercampagne.net\\\/?p=8596#breadcrumb\"},\"inLanguage\":\"fr-FR\",\"potentialAction\":[{\"@type\":\"ReadAction\",\"target\":[\"https:\\\/\\\/www.altercampagne.net\\\/?p=8596\"]}]},{\"@type\":\"ImageObject\",\"inLanguage\":\"fr-FR\",\"@id\":\"https:\\\/\\\/www.altercampagne.net\\\/?p=8596#primaryimage\",\"url\":\"https:\\\/\\\/www.altercampagne.net\\\/wp-content\\\/uploads\\\/2018\\\/01\\\/3\u00e8me-Week-End-de-pr\u00e9paration-de-lAlterTour-2018.jpg\",\"contentUrl\":\"https:\\\/\\\/www.altercampagne.net\\\/wp-content\\\/uploads\\\/2018\\\/01\\\/3\u00e8me-Week-End-de-pr\u00e9paration-de-lAlterTour-2018.jpg\",\"width\":850,\"height\":445},{\"@type\":\"BreadcrumbList\",\"@id\":\"https:\\\/\\\/www.altercampagne.net\\\/?p=8596#breadcrumb\",\"itemListElement\":[{\"@type\":\"ListItem\",\"position\":1,\"name\":\"Accueil\",\"item\":\"https:\\\/\\\/www.altercampagne.net\\\/\"},{\"@type\":\"ListItem\",\"position\":2,\"name\":\"3e WE de pr\u00e9paration de l&rsquo;AlterTour 2018\"}]},{\"@type\":\"WebSite\",\"@id\":\"https:\\\/\\\/www.altercampagne.net\\\/#website\",\"url\":\"https:\\\/\\\/www.altercampagne.net\\\/\",\"name\":\"AlterTour\",\"description\":\"Reliez les Alternatives \u00e0 v\u00e9lo\",\"potentialAction\":[{\"@type\":\"SearchAction\",\"target\":{\"@type\":\"EntryPoint\",\"urlTemplate\":\"https:\\\/\\\/www.altercampagne.net\\\/?s={search_term_string}\"},\"query-input\":{\"@type\":\"PropertyValueSpecification\",\"valueRequired\":true,\"valueName\":\"search_term_string\"}}],\"inLanguage\":\"fr-FR\"},{\"@type\":\"Person\",\"@id\":\"https:\\\/\\\/www.altercampagne.net\\\/#\\\/schema\\\/person\\\/fad5b6595876359c96e756d4d478f820\",\"name\":\"Sylvie F\",\"image\":{\"@type\":\"ImageObject\",\"inLanguage\":\"fr-FR\",\"@id\":\"https:\\\/\\\/secure.gravatar.com\\\/avatar\\\/16b2d5f6a1293ef16eadfdd15315bab8d4a87db50333f39a9b9b7a1b269a713f?s=96&d=mm&r=g\",\"url\":\"https:\\\/\\\/secure.gravatar.com\\\/avatar\\\/16b2d5f6a1293ef16eadfdd15315bab8d4a87db50333f39a9b9b7a1b269a713f?s=96&d=mm&r=g\",\"contentUrl\":\"https:\\\/\\\/secure.gravatar.com\\\/avatar\\\/16b2d5f6a1293ef16eadfdd15315bab8d4a87db50333f39a9b9b7a1b269a713f?s=96&d=mm&r=g\",\"caption\":\"Sylvie F\"},\"url\":\"https:\\\/\\\/www.altercampagne.net\\\/?author=206\"}]}<\/script>\n<!-- \/ Yoast SEO plugin. -->","yoast_head_json":{"title":"3e WE de pr\u00e9paration de l'AlterTour 2018 - AlterTour","robots":{"index":"index","follow":"follow","max-snippet":"max-snippet:-1","max-image-preview":"max-image-preview:large","max-video-preview":"max-video-preview:-1"},"canonical":"https:\/\/www.altercampagne.net\/?p=8596","og_locale":"fr_FR","og_type":"article","og_title":"3e WE de pr\u00e9paration de l'AlterTour 2018 - AlterTour","og_description":"Incroyable ce qu&rsquo;on est productifs un froid week-end de d\u00e9cembre \u00e0 Saint-Denis. C&rsquo;est la Coop\u00e9rative Andines qui nous a re\u00e7u dans ses locaux. On en a profit\u00e9 pour faire nos derniers achats de No\u00ebl ! Nous \u00e9tions 30 et il fallait choisir le parcours, le th\u00e8me de l&rsquo;AlterTour 2018, rien ... Read More","og_url":"https:\/\/www.altercampagne.net\/?p=8596","og_site_name":"AlterTour","article_published_time":"2018-01-07T18:12:56+00:00","article_modified_time":"2018-03-24T16:14:04+00:00","og_image":[{"width":850,"height":445,"url":"https:\/\/www.altercampagne.net\/wp-content\/uploads\/2018\/01\/3\u00e8me-Week-End-de-pr\u00e9paration-de-lAlterTour-2018.jpg","type":"image\/jpeg"}],"author":"Sylvie F","twitter_card":"summary_large_image","twitter_misc":{"\u00c9crit par":"Sylvie F","Dur\u00e9e de lecture estim\u00e9e":"1 minute"},"schema":{"@context":"https:\/\/schema.org","@graph":[{"@type":"Article","@id":"https:\/\/www.altercampagne.net\/?p=8596#article","isPartOf":{"@id":"https:\/\/www.altercampagne.net\/?p=8596"},"author":{"name":"Sylvie F","@id":"https:\/\/www.altercampagne.net\/#\/schema\/person\/fad5b6595876359c96e756d4d478f820"},"headline":"3e WE de pr\u00e9paration de l&rsquo;AlterTour 2018","datePublished":"2018-01-07T18:12:56+00:00","dateModified":"2018-03-24T16:14:04+00:00","mainEntityOfPage":{"@id":"https:\/\/www.altercampagne.net\/?p=8596"},"wordCount":293,"image":{"@id":"https:\/\/www.altercampagne.net\/?p=8596#primaryimage"},"thumbnailUrl":"https:\/\/www.altercampagne.net\/wp-content\/uploads\/2018\/01\/3\u00e8me-Week-End-de-pr\u00e9paration-de-lAlterTour-2018.jpg","keywords":["Bure","Andines","Tour Alternatiba","pl\u00e9ni\u00e8re","r\u00e9union","AlterTour 2018","2018","Ungersheim","Amiens","Gonesse","Strasbourg","Coop\u00e9rative Andines","Europacity","Flamanville"],"articleSection":["\u00c9dition 2018","WE de pr\u00e9paration"],"inLanguage":"fr-FR"},{"@type":"WebPage","@id":"https:\/\/www.altercampagne.net\/?p=8596","url":"https:\/\/www.altercampagne.net\/?p=8596","name":"3e WE de pr\u00e9paration de l'AlterTour 2018 - AlterTour","isPartOf":{"@id":"https:\/\/www.altercampagne.net\/#website"},"primaryImageOfPage":{"@id":"https:\/\/www.altercampagne.net\/?p=8596#primaryimage"},"image":{"@id":"https:\/\/www.altercampagne.net\/?p=8596#primaryimage"},"thumbnailUrl":"https:\/\/www.altercampagne.net\/wp-content\/uploads\/2018\/01\/3\u00e8me-Week-End-de-pr\u00e9paration-de-lAlterTour-2018.jpg","datePublished":"2018-01-07T18:12:56+00:00","dateModified":"2018-03-24T16:14:04+00:00","author":{"@id":"https:\/\/www.altercampagne.net\/#\/schema\/person\/fad5b6595876359c96e756d4d478f820"},"breadcrumb":{"@id":"https:\/\/www.altercampagne.net\/?p=8596#breadcrumb"},"inLanguage":"fr-FR","potentialAction":[{"@type":"ReadAction","target":["https:\/\/www.altercampagne.net\/?p=8596"]}]},{"@type":"ImageObject","inLanguage":"fr-FR","@id":"https:\/\/www.altercampagne.net\/?p=8596#primaryimage","url":"https:\/\/www.altercampagne.net\/wp-content\/uploads\/2018\/01\/3\u00e8me-Week-End-de-pr\u00e9paration-de-lAlterTour-2018.jpg","contentUrl":"https:\/\/www.altercampagne.net\/wp-content\/uploads\/2018\/01\/3\u00e8me-Week-End-de-pr\u00e9paration-de-lAlterTour-2018.jpg","width":850,"height":445},{"@type":"BreadcrumbList","@id":"https:\/\/www.altercampagne.net\/?p=8596#breadcrumb","itemListElement":[{"@type":"ListItem","position":1,"name":"Accueil","item":"https:\/\/www.altercampagne.net\/"},{"@type":"ListItem","position":2,"name":"3e WE de pr\u00e9paration de l&rsquo;AlterTour 2018"}]},{"@type":"WebSite","@id":"https:\/\/www.altercampagne.net\/#website","url":"https:\/\/www.altercampagne.net\/","name":"AlterTour","description":"Reliez les Alternatives \u00e0 v\u00e9lo","potentialAction":[{"@type":"SearchAction","target":{"@type":"EntryPoint","urlTemplate":"https:\/\/www.altercampagne.net\/?s={search_term_string}"},"query-input":{"@type":"PropertyValueSpecification","valueRequired":true,"valueName":"search_term_string"}}],"inLanguage":"fr-FR"},{"@type":"Person","@id":"https:\/\/www.altercampagne.net\/#\/schema\/person\/fad5b6595876359c96e756d4d478f820","name":"Sylvie F","image":{"@type":"ImageObject","inLanguage":"fr-FR","@id":"https:\/\/secure.gravatar.com\/avatar\/16b2d5f6a1293ef16eadfdd15315bab8d4a87db50333f39a9b9b7a1b269a713f?s=96&d=mm&r=g","url":"https:\/\/secure.gravatar.com\/avatar\/16b2d5f6a1293ef16eadfdd15315bab8d4a87db50333f39a9b9b7a1b269a713f?s=96&d=mm&r=g","contentUrl":"https:\/\/secure.gravatar.com\/avatar\/16b2d5f6a1293ef16eadfdd15315bab8d4a87db50333f39a9b9b7a1b269a713f?s=96&d=mm&r=g","caption":"Sylvie F"},"url":"https:\/\/www.altercampagne.net\/?author=206"}]}},"_links":{"self":[{"href":"https:\/\/www.altercampagne.net\/index.php?rest_route=\/wp\/v2\/posts\/8596","targetHints":{"allow":["GET"]}}],"collection":[{"href":"https:\/\/www.altercampagne.net\/index.php?rest_route=\/wp\/v2\/posts"}],"about":[{"href":"https:\/\/www.altercampagne.net\/index.php?rest_route=\/wp\/v2\/types\/post"}],"author":[{"embeddable":true,"href":"https:\/\/www.altercampagne.net\/index.php?rest_route=\/wp\/v2\/users\/206"}],"replies":[{"embeddable":true,"href":"https:\/\/www.altercampagne.net\/index.php?rest_route=%2Fwp%2Fv2%2Fcomments&post=8596"}],"version-history":[{"count":0,"href":"https:\/\/www.altercampagne.net\/index.php?rest_route=\/wp\/v2\/posts\/8596\/revisions"}],"wp:featuredmedia":[{"embeddable":true,"href":"https:\/\/www.altercampagne.net\/index.php?rest_route=\/wp\/v2\/media\/9403"}],"wp:attachment":[{"href":"https:\/\/www.altercampagne.net\/index.php?rest_route=%2Fwp%2Fv2%2Fmedia&parent=8596"}],"wp:term":[{"taxonomy":"category","embeddable":true,"href":"https:\/\/www.altercampagne.net\/index.php?rest_route=%2Fwp%2Fv2%2Fcategories&post=8596"},{"taxonomy":"post_tag","embeddable":true,"href":"https:\/\/www.altercampagne.net\/index.php?rest_route=%2Fwp%2Fv2%2Ftags&post=8596"}],"curies":[{"name":"wp","href":"https:\/\/api.w.org\/{rel}","templated":true}]}}