{"id":8693,"date":"2018-01-21T12:51:48","date_gmt":"2018-01-21T11:51:48","guid":{"rendered":"http:\/\/www.altercampagne.net\/?p=8693"},"modified":"2018-05-30T10:11:51","modified_gmt":"2018-05-30T08:11:51","slug":"numero-de-silence-de-fevrier-semences-vivantes-graines-dautonomie","status":"publish","type":"post","link":"https:\/\/www.altercampagne.net\/?p=8693","title":{"rendered":"Semences vivantes, graines d&rsquo;autonomie"},"content":{"rendered":"<p><strong>Revue Silence &#8211; N\u00b0 F\u00e9vrier 2018.<\/strong><\/p>\n<p><span style=\"text-decoration: underline;\">Faire vivre la diversit\u00e9 des bl\u00e9s<\/span><br \/>\nEn Rh\u00f4ne-Alpes, un groupe de paysan\u00b7nes travaille depuis 2004 pour reprendre en main collectivement le maintien, la s\u00e9lection et la culture de vari\u00e9t\u00e9s paysannes de c\u00e9r\u00e9ales.<\/p>\n<p><span style=\"text-decoration: underline;\">Le droit : s&rsquo;y conformer ou le contourner ?<\/span><br \/>\nLes plantes deviennent une somme d\u2019informations g\u00e9n\u00e9tiques que l\u2019on peut bricoler, breveter, vendre\u2026 \u00e0 souhait. Il est donc important de lutter \u00e0 la fois contre cette approche du vivant et contre le ph\u00e9nom\u00e8ne d\u2019enclosure juridique qui l&rsquo;accompagne.<\/p>\n<p><span style=\"text-decoration: underline;\">La controverse chez Kokopelli<\/span><br \/>\nL\u2019association Kokopelli diffuse depuis plus de 17 ans des semences de vari\u00e9t\u00e9s libres de droits. Son image de lutte (contre les OGM, pour les semences libres, etc.) laissait pr\u00e9sager un soin particulier port\u00e9 aux conditions de travail de ses salari\u00e9\u00b7es. Pas si s\u00fbr\u2026<\/p>\n<p><span style=\"text-decoration: underline;\">Une ferme-\u00e9cole pour l&rsquo;autonomie alimentaire au Liban<\/span><br \/>\nUn collectif d\u2019agricult\u00b7rices syrien\u00b7nes, libanais\u00b7es et fran\u00e7ais\u00b7es a cr\u00e9\u00e9 une formation en agro-\u00e9cologie au Liban, qui vise \u00e0 mettre \u00e0 profit ces techniques pour r\u00e9sister \u00e0 la guerre et former des r\u00e9seaux de travailleu\u00b7ses et d\u2019agricult\u00b7rices.<\/p>\n<p><span style=\"text-decoration: underline;\">Des semences libres pr\u00e8s de chez vous<\/span><br \/>\nDans la Loire, autour de Roanne, Grainoth\u00e8que : semences libres en Roannais rassemble des semeuses et semeurs de tous niveaux pour mettre leurs pratiques en commun et chercher les chemins d\u2019une autonomie semenci\u00e8re collective.<\/p>\n<p><strong>Des articles<\/strong><br \/>\nPolitiser la cause animale<br \/>\nL\u2019\u00e9levage face aux normes : la r\u00e9sistance s\u2019organise<br \/>\nLa non-violence dans la r\u00e9volution syrienne<br \/>\nNos poubelles pleines de Kafka ?<br \/>\nLa libert\u00e9 est l\u2019affaire de tou\u00b7tes<br \/>\nEspoirs et limites de l&rsquo;autogestion au Rojava<br \/>\nRefuzniks<\/p>\n<p><strong>Des chroniques et des br\u00e8ves<\/strong><br \/>\nBonnes nouvelles de la Terre\u2009: La ferme urbaine o\u00f9 les jeunes en rupture reprennent leur vie en main<br \/>\nNucl\u00e9aire, \u00e7a boum !\u2009: Le nouveau trait\u00e9 d&rsquo;interdiction des armes nucl\u00e9aires<\/p>\n<p>Belle journ\u00e9e et bonne lecture !<\/p>\n<p>Retrouvez la Revue Silence en Biocoop et\/ou abonnez-vous directement sur leur site : <a href=\"http:\/\/www.revuesilence.net\/\" target=\"_blank\" rel=\"noopener\">http:\/\/www.revuesilence.net\/<\/a><\/p>\n<p><a href=\"http:\/\/www.altercampagne.net\/?attachment_id=8695\" rel=\"attachment wp-att-8695\"><img loading=\"lazy\" decoding=\"async\" class=\"wp-image-8695 size-full aligncenter\" src=\"http:\/\/www.altercampagne.net\/wp-content\/uploads\/2018\/01\/464bd.jpg\" alt=\"\" width=\"595\" height=\"842\" srcset=\"https:\/\/www.altercampagne.net\/wp-content\/uploads\/2018\/01\/464bd.jpg 595w, https:\/\/www.altercampagne.net\/wp-content\/uploads\/2018\/01\/464bd-212x300.jpg 212w\" sizes=\"auto, (max-width: 595px) 100vw, 595px\" \/><\/a><\/p>\n","protected":false},"excerpt":{"rendered":"<p>Revue Silence &#8211; N\u00b0 F\u00e9vrier 2018. Faire vivre la diversit\u00e9 des bl\u00e9s En Rh\u00f4ne-Alpes, un groupe de paysan\u00b7nes travaille depuis 2004 pour reprendre en main collectivement le maintien, la s\u00e9lection et la culture de vari\u00e9t\u00e9s paysannes de c\u00e9r\u00e9ales. Le droit : s&rsquo;y conformer ou le contourner ? Les plantes deviennent &#8230; <\/p>\n<div><a href=\"https:\/\/www.altercampagne.net\/?p=8693\" class=\"more-link\">Read More<\/a><\/div>\n","protected":false},"author":214,"featured_media":9395,"comment_status":"closed","ping_status":"closed","sticky":false,"template":"","format":"standard","meta":{"footnotes":""},"categories":[3248],"tags":[13,143,1372,2724,3433,3434,3435,3436],"class_list":["post-8693","post","type-post","status-publish","format-standard","has-post-thumbnail","hentry","category-silence","tag-revue-silence","tag-ogm","tag-kokopelli","tag-silence","tag-fevrier-2018","tag-semences-vivantes","tag-graines-dautonomie","tag-diversite"],"yoast_head":"<!-- This site is optimized with the Yoast SEO plugin v27.3 - https:\/\/yoast.com\/product\/yoast-seo-wordpress\/ -->\n<title>Semences vivantes, graines d&#039;autonomie - AlterTour<\/title>\n<meta name=\"robots\" content=\"index, follow, max-snippet:-1, max-image-preview:large, max-video-preview:-1\" \/>\n<link rel=\"canonical\" href=\"https:\/\/www.altercampagne.net\/?p=8693\" \/>\n<meta property=\"og:locale\" content=\"fr_FR\" \/>\n<meta property=\"og:type\" content=\"article\" \/>\n<meta property=\"og:title\" content=\"Semences vivantes, graines d&#039;autonomie - AlterTour\" \/>\n<meta property=\"og:description\" content=\"Revue Silence &#8211; N\u00b0 F\u00e9vrier 2018. Faire vivre la diversit\u00e9 des bl\u00e9s En Rh\u00f4ne-Alpes, un groupe de paysan\u00b7nes travaille depuis 2004 pour reprendre en main collectivement le maintien, la s\u00e9lection et la culture de vari\u00e9t\u00e9s paysannes de c\u00e9r\u00e9ales. Le droit : s&rsquo;y conformer ou le contourner ? Les plantes deviennent ... Read More\" \/>\n<meta property=\"og:url\" content=\"https:\/\/www.altercampagne.net\/?p=8693\" \/>\n<meta property=\"og:site_name\" content=\"AlterTour\" \/>\n<meta property=\"article:published_time\" content=\"2018-01-21T11:51:48+00:00\" \/>\n<meta property=\"article:modified_time\" content=\"2018-05-30T08:11:51+00:00\" \/>\n<meta property=\"og:image\" content=\"https:\/\/www.altercampagne.net\/wp-content\/uploads\/2018\/01\/464bd-couv.jpg\" \/>\n\t<meta property=\"og:image:width\" content=\"595\" \/>\n\t<meta property=\"og:image:height\" content=\"311\" \/>\n\t<meta property=\"og:image:type\" content=\"image\/jpeg\" \/>\n<meta name=\"author\" content=\"Mathieu\" \/>\n<meta name=\"twitter:card\" content=\"summary_large_image\" \/>\n<meta name=\"twitter:label1\" content=\"\u00c9crit par\" \/>\n\t<meta name=\"twitter:data1\" content=\"Mathieu\" \/>\n\t<meta name=\"twitter:label2\" content=\"Dur\u00e9e de lecture estim\u00e9e\" \/>\n\t<meta name=\"twitter:data2\" content=\"2 minutes\" \/>\n<script type=\"application\/ld+json\" class=\"yoast-schema-graph\">{\"@context\":\"https:\\\/\\\/schema.org\",\"@graph\":[{\"@type\":\"Article\",\"@id\":\"https:\\\/\\\/www.altercampagne.net\\\/?p=8693#article\",\"isPartOf\":{\"@id\":\"https:\\\/\\\/www.altercampagne.net\\\/?p=8693\"},\"author\":{\"name\":\"Mathieu\",\"@id\":\"https:\\\/\\\/www.altercampagne.net\\\/#\\\/schema\\\/person\\\/0f261460c09e430caa0f9bcffa319109\"},\"headline\":\"Semences vivantes, graines d&rsquo;autonomie\",\"datePublished\":\"2018-01-21T11:51:48+00:00\",\"dateModified\":\"2018-05-30T08:11:51+00:00\",\"mainEntityOfPage\":{\"@id\":\"https:\\\/\\\/www.altercampagne.net\\\/?p=8693\"},\"wordCount\":356,\"image\":{\"@id\":\"https:\\\/\\\/www.altercampagne.net\\\/?p=8693#primaryimage\"},\"thumbnailUrl\":\"https:\\\/\\\/www.altercampagne.net\\\/wp-content\\\/uploads\\\/2018\\\/01\\\/464bd-couv.jpg\",\"keywords\":[\"revue Silence\",\"ogm\",\"Kokopelli\",\"silence\",\"f\u00e9vrier 2018\",\"Semences vivantes\",\"graines d'autonomie\",\"diversit\u00e9\"],\"articleSection\":[\"Silence\"],\"inLanguage\":\"fr-FR\"},{\"@type\":\"WebPage\",\"@id\":\"https:\\\/\\\/www.altercampagne.net\\\/?p=8693\",\"url\":\"https:\\\/\\\/www.altercampagne.net\\\/?p=8693\",\"name\":\"Semences vivantes, graines d'autonomie - AlterTour\",\"isPartOf\":{\"@id\":\"https:\\\/\\\/www.altercampagne.net\\\/#website\"},\"primaryImageOfPage\":{\"@id\":\"https:\\\/\\\/www.altercampagne.net\\\/?p=8693#primaryimage\"},\"image\":{\"@id\":\"https:\\\/\\\/www.altercampagne.net\\\/?p=8693#primaryimage\"},\"thumbnailUrl\":\"https:\\\/\\\/www.altercampagne.net\\\/wp-content\\\/uploads\\\/2018\\\/01\\\/464bd-couv.jpg\",\"datePublished\":\"2018-01-21T11:51:48+00:00\",\"dateModified\":\"2018-05-30T08:11:51+00:00\",\"author\":{\"@id\":\"https:\\\/\\\/www.altercampagne.net\\\/#\\\/schema\\\/person\\\/0f261460c09e430caa0f9bcffa319109\"},\"breadcrumb\":{\"@id\":\"https:\\\/\\\/www.altercampagne.net\\\/?p=8693#breadcrumb\"},\"inLanguage\":\"fr-FR\",\"potentialAction\":[{\"@type\":\"ReadAction\",\"target\":[\"https:\\\/\\\/www.altercampagne.net\\\/?p=8693\"]}]},{\"@type\":\"ImageObject\",\"inLanguage\":\"fr-FR\",\"@id\":\"https:\\\/\\\/www.altercampagne.net\\\/?p=8693#primaryimage\",\"url\":\"https:\\\/\\\/www.altercampagne.net\\\/wp-content\\\/uploads\\\/2018\\\/01\\\/464bd-couv.jpg\",\"contentUrl\":\"https:\\\/\\\/www.altercampagne.net\\\/wp-content\\\/uploads\\\/2018\\\/01\\\/464bd-couv.jpg\",\"width\":595,\"height\":311},{\"@type\":\"BreadcrumbList\",\"@id\":\"https:\\\/\\\/www.altercampagne.net\\\/?p=8693#breadcrumb\",\"itemListElement\":[{\"@type\":\"ListItem\",\"position\":1,\"name\":\"Accueil\",\"item\":\"https:\\\/\\\/www.altercampagne.net\\\/\"},{\"@type\":\"ListItem\",\"position\":2,\"name\":\"Semences vivantes, graines d&rsquo;autonomie\"}]},{\"@type\":\"WebSite\",\"@id\":\"https:\\\/\\\/www.altercampagne.net\\\/#website\",\"url\":\"https:\\\/\\\/www.altercampagne.net\\\/\",\"name\":\"AlterTour\",\"description\":\"Reliez les Alternatives \u00e0 v\u00e9lo\",\"potentialAction\":[{\"@type\":\"SearchAction\",\"target\":{\"@type\":\"EntryPoint\",\"urlTemplate\":\"https:\\\/\\\/www.altercampagne.net\\\/?s={search_term_string}\"},\"query-input\":{\"@type\":\"PropertyValueSpecification\",\"valueRequired\":true,\"valueName\":\"search_term_string\"}}],\"inLanguage\":\"fr-FR\"},{\"@type\":\"Person\",\"@id\":\"https:\\\/\\\/www.altercampagne.net\\\/#\\\/schema\\\/person\\\/0f261460c09e430caa0f9bcffa319109\",\"name\":\"Mathieu\",\"image\":{\"@type\":\"ImageObject\",\"inLanguage\":\"fr-FR\",\"@id\":\"https:\\\/\\\/secure.gravatar.com\\\/avatar\\\/aa9d3d24c83f2141e5e2709d0f63d09a99f6be6bb7a50abc4915838d9f54501a?s=96&d=mm&r=g\",\"url\":\"https:\\\/\\\/secure.gravatar.com\\\/avatar\\\/aa9d3d24c83f2141e5e2709d0f63d09a99f6be6bb7a50abc4915838d9f54501a?s=96&d=mm&r=g\",\"contentUrl\":\"https:\\\/\\\/secure.gravatar.com\\\/avatar\\\/aa9d3d24c83f2141e5e2709d0f63d09a99f6be6bb7a50abc4915838d9f54501a?s=96&d=mm&r=g\",\"caption\":\"Mathieu\"},\"url\":\"https:\\\/\\\/www.altercampagne.net\\\/?author=214\"}]}<\/script>\n<!-- \/ Yoast SEO plugin. -->","yoast_head_json":{"title":"Semences vivantes, graines d'autonomie - AlterTour","robots":{"index":"index","follow":"follow","max-snippet":"max-snippet:-1","max-image-preview":"max-image-preview:large","max-video-preview":"max-video-preview:-1"},"canonical":"https:\/\/www.altercampagne.net\/?p=8693","og_locale":"fr_FR","og_type":"article","og_title":"Semences vivantes, graines d'autonomie - AlterTour","og_description":"Revue Silence &#8211; N\u00b0 F\u00e9vrier 2018. Faire vivre la diversit\u00e9 des bl\u00e9s En Rh\u00f4ne-Alpes, un groupe de paysan\u00b7nes travaille depuis 2004 pour reprendre en main collectivement le maintien, la s\u00e9lection et la culture de vari\u00e9t\u00e9s paysannes de c\u00e9r\u00e9ales. Le droit : s&rsquo;y conformer ou le contourner ? Les plantes deviennent ... Read More","og_url":"https:\/\/www.altercampagne.net\/?p=8693","og_site_name":"AlterTour","article_published_time":"2018-01-21T11:51:48+00:00","article_modified_time":"2018-05-30T08:11:51+00:00","og_image":[{"width":595,"height":311,"url":"https:\/\/www.altercampagne.net\/wp-content\/uploads\/2018\/01\/464bd-couv.jpg","type":"image\/jpeg"}],"author":"Mathieu","twitter_card":"summary_large_image","twitter_misc":{"\u00c9crit par":"Mathieu","Dur\u00e9e de lecture estim\u00e9e":"2 minutes"},"schema":{"@context":"https:\/\/schema.org","@graph":[{"@type":"Article","@id":"https:\/\/www.altercampagne.net\/?p=8693#article","isPartOf":{"@id":"https:\/\/www.altercampagne.net\/?p=8693"},"author":{"name":"Mathieu","@id":"https:\/\/www.altercampagne.net\/#\/schema\/person\/0f261460c09e430caa0f9bcffa319109"},"headline":"Semences vivantes, graines d&rsquo;autonomie","datePublished":"2018-01-21T11:51:48+00:00","dateModified":"2018-05-30T08:11:51+00:00","mainEntityOfPage":{"@id":"https:\/\/www.altercampagne.net\/?p=8693"},"wordCount":356,"image":{"@id":"https:\/\/www.altercampagne.net\/?p=8693#primaryimage"},"thumbnailUrl":"https:\/\/www.altercampagne.net\/wp-content\/uploads\/2018\/01\/464bd-couv.jpg","keywords":["revue Silence","ogm","Kokopelli","silence","f\u00e9vrier 2018","Semences vivantes","graines d'autonomie","diversit\u00e9"],"articleSection":["Silence"],"inLanguage":"fr-FR"},{"@type":"WebPage","@id":"https:\/\/www.altercampagne.net\/?p=8693","url":"https:\/\/www.altercampagne.net\/?p=8693","name":"Semences vivantes, graines d'autonomie - AlterTour","isPartOf":{"@id":"https:\/\/www.altercampagne.net\/#website"},"primaryImageOfPage":{"@id":"https:\/\/www.altercampagne.net\/?p=8693#primaryimage"},"image":{"@id":"https:\/\/www.altercampagne.net\/?p=8693#primaryimage"},"thumbnailUrl":"https:\/\/www.altercampagne.net\/wp-content\/uploads\/2018\/01\/464bd-couv.jpg","datePublished":"2018-01-21T11:51:48+00:00","dateModified":"2018-05-30T08:11:51+00:00","author":{"@id":"https:\/\/www.altercampagne.net\/#\/schema\/person\/0f261460c09e430caa0f9bcffa319109"},"breadcrumb":{"@id":"https:\/\/www.altercampagne.net\/?p=8693#breadcrumb"},"inLanguage":"fr-FR","potentialAction":[{"@type":"ReadAction","target":["https:\/\/www.altercampagne.net\/?p=8693"]}]},{"@type":"ImageObject","inLanguage":"fr-FR","@id":"https:\/\/www.altercampagne.net\/?p=8693#primaryimage","url":"https:\/\/www.altercampagne.net\/wp-content\/uploads\/2018\/01\/464bd-couv.jpg","contentUrl":"https:\/\/www.altercampagne.net\/wp-content\/uploads\/2018\/01\/464bd-couv.jpg","width":595,"height":311},{"@type":"BreadcrumbList","@id":"https:\/\/www.altercampagne.net\/?p=8693#breadcrumb","itemListElement":[{"@type":"ListItem","position":1,"name":"Accueil","item":"https:\/\/www.altercampagne.net\/"},{"@type":"ListItem","position":2,"name":"Semences vivantes, graines d&rsquo;autonomie"}]},{"@type":"WebSite","@id":"https:\/\/www.altercampagne.net\/#website","url":"https:\/\/www.altercampagne.net\/","name":"AlterTour","description":"Reliez les Alternatives \u00e0 v\u00e9lo","potentialAction":[{"@type":"SearchAction","target":{"@type":"EntryPoint","urlTemplate":"https:\/\/www.altercampagne.net\/?s={search_term_string}"},"query-input":{"@type":"PropertyValueSpecification","valueRequired":true,"valueName":"search_term_string"}}],"inLanguage":"fr-FR"},{"@type":"Person","@id":"https:\/\/www.altercampagne.net\/#\/schema\/person\/0f261460c09e430caa0f9bcffa319109","name":"Mathieu","image":{"@type":"ImageObject","inLanguage":"fr-FR","@id":"https:\/\/secure.gravatar.com\/avatar\/aa9d3d24c83f2141e5e2709d0f63d09a99f6be6bb7a50abc4915838d9f54501a?s=96&d=mm&r=g","url":"https:\/\/secure.gravatar.com\/avatar\/aa9d3d24c83f2141e5e2709d0f63d09a99f6be6bb7a50abc4915838d9f54501a?s=96&d=mm&r=g","contentUrl":"https:\/\/secure.gravatar.com\/avatar\/aa9d3d24c83f2141e5e2709d0f63d09a99f6be6bb7a50abc4915838d9f54501a?s=96&d=mm&r=g","caption":"Mathieu"},"url":"https:\/\/www.altercampagne.net\/?author=214"}]}},"_links":{"self":[{"href":"https:\/\/www.altercampagne.net\/index.php?rest_route=\/wp\/v2\/posts\/8693","targetHints":{"allow":["GET"]}}],"collection":[{"href":"https:\/\/www.altercampagne.net\/index.php?rest_route=\/wp\/v2\/posts"}],"about":[{"href":"https:\/\/www.altercampagne.net\/index.php?rest_route=\/wp\/v2\/types\/post"}],"author":[{"embeddable":true,"href":"https:\/\/www.altercampagne.net\/index.php?rest_route=\/wp\/v2\/users\/214"}],"replies":[{"embeddable":true,"href":"https:\/\/www.altercampagne.net\/index.php?rest_route=%2Fwp%2Fv2%2Fcomments&post=8693"}],"version-history":[{"count":0,"href":"https:\/\/www.altercampagne.net\/index.php?rest_route=\/wp\/v2\/posts\/8693\/revisions"}],"wp:featuredmedia":[{"embeddable":true,"href":"https:\/\/www.altercampagne.net\/index.php?rest_route=\/wp\/v2\/media\/9395"}],"wp:attachment":[{"href":"https:\/\/www.altercampagne.net\/index.php?rest_route=%2Fwp%2Fv2%2Fmedia&parent=8693"}],"wp:term":[{"taxonomy":"category","embeddable":true,"href":"https:\/\/www.altercampagne.net\/index.php?rest_route=%2Fwp%2Fv2%2Fcategories&post=8693"},{"taxonomy":"post_tag","embeddable":true,"href":"https:\/\/www.altercampagne.net\/index.php?rest_route=%2Fwp%2Fv2%2Ftags&post=8693"}],"curies":[{"name":"wp","href":"https:\/\/api.w.org\/{rel}","templated":true}]}}