{"id":8702,"date":"2017-07-09T10:11:40","date_gmt":"2017-07-09T08:11:40","guid":{"rendered":"http:\/\/www.altercampagne.net\/?p=8702"},"modified":"2018-01-23T10:13:15","modified_gmt":"2018-01-23T09:13:15","slug":"altertour-2017-sur-les-chemins-de-la-transition","status":"publish","type":"post","link":"https:\/\/www.altercampagne.net\/?p=8702","title":{"rendered":"AlterTour 2017 &#8211; Sur les chemins de la Transition"},"content":{"rendered":"<p>D\u00e9part du plus grand Tour de France Ecolo<\/p>\n<p>Le plus grand Tour de France \u00e9colo, l\u2019AlterTour, s\u2019\u00e9lancera de la Maison de l\u2019Economie Solidaire \u00e0 Ramonville-Saint-Agne ce dimanche 9 juillet \u00e0 9h.<\/p>\n<p>Ce rendez-vous estival de la Transition \u00e9cologique de plus de 300 cyclistes traversera la Haute-Garonne, l\u2019Ari\u00e8ge, la Catalogne, les Pyr\u00e9n\u00e9es-Orientales, l\u2019Aude, l&rsquo;H\u00e9rault, le Gard, l\u2019Ard\u00e8che, la Dr\u00f4me, l\u2019Is\u00e8re et arrivera le 20 ao\u00fbt \u00e0 Graine de Cocagne \u00e0 Valence.<\/p>\n<p>AlterTour 2017 &#8211; Sur les chemins de la Transition<\/p>\n<p>De plus en plus conscients des cons\u00e9quences sur nos vies du d\u00e9r\u00e8glement climatique et de la pollution, bon nombre de citoyen-ne-s veulent changer leurs habitudes. Ils veulent une alimentation bio et locale, des habitats \u00e0 \u00e9nergie positive, des d\u00e9placements doux\u2026 D\u2019autres souhaitent changer de m\u00e9tier ou de lieux de vie pour \u00eatre en coh\u00e9rence avec leurs valeurs. D\u2019autres encore veulent se regrouper pour agir collectivement en renfor\u00e7ant la r\u00e9silience d\u2019un territoire et en relocalisant l\u2019\u00e9conomie.<\/p>\n<p>L\u2019AlterTour permet de rencontrer ces personnes et d\u2019\u00e9changer sur leurs choix et leurs parcours de vie. Chaque jour, les Altercyclistes visitent des fermes agro-\u00e9cologiques, des \u00e9colieux, des coop\u00e9ratives d\u2019habitats, des micro-brasseries, des ateliers de r\u00e9paration de v\u00e9lo participatifs et solidaires, des Soci\u00e9t\u00e9s Coop\u00e9ratives et participatives (Scop)\u2026 Ils vont \u00e9galement soutenir des Zad, des Squat et des collectifs s\u2019opposant \u00e0 des grands projets inutiles et impos\u00e9s.<\/p>\n<p>Des chantiers collectifs, des spectacles participatifs ou des soir\u00e9es festives sont organis\u00e9s sur les diff\u00e9rents lieux d\u2019accueil.<\/p>\n<p>Avec ses trois heures de v\u00e9lo par jour en moyenne, l\u2019AlterTour est tr\u00e8s accessible. Le v\u00e9hicule logistique transporte les bagages et le minibus balai permet de se reposer de temps en temps.<\/p>\n<p>Une aventure sans p\u00e9trole avec les Echapp\u00e9e Belles<\/p>\n<p>L\u2019\u00c9chapp\u00e9e Belle, c\u2019est exp\u00e9rimenter une randonn\u00e9e en v\u00e9lo sans v\u00e9hicule d\u2019assistance mais avec des sacoches au sein d\u2019un groupe bienveillant, solidaire, autog\u00e9r\u00e9, militant, festif et cr\u00e9atif\u2026 comme sur l\u2019AlterTour. Le groupe d\u2019altercyclistes est restreint \u00e0 25 personnes maximum. L\u2019id\u00e9e est de s\u2019engager sur la totalit\u00e9 du parcours de l\u2019\u00c9chapp\u00e9e Belle afin de renforcer la coh\u00e9sion de groupe.<br \/>\nLa 1\u00e8re Echapp\u00e9e Belle partira de G\u00e9rone (Catalogne \/ Espagne) le 13 juillet puis convergera avec l\u2019AlterTour \u00e0 Armissan (Aude) le 22 juillet. La seconde, quittera l\u2019AlterTour le 1er ao\u00fbt \u00e0 Thoiras (Gard) et le rejoindra le 10 ao\u00fbt \u00e0 Eurre (Dr\u00f4me).<\/p>\n","protected":false},"excerpt":{"rendered":"<p>D\u00e9part du plus grand Tour de France Ecolo Le plus grand Tour de France \u00e9colo, l\u2019AlterTour, s\u2019\u00e9lancera de la Maison de l\u2019Economie Solidaire \u00e0 Ramonville-Saint-Agne ce dimanche 9 juillet \u00e0 9h. Ce rendez-vous estival de la Transition \u00e9cologique de plus de 300 cyclistes traversera la Haute-Garonne, l\u2019Ari\u00e8ge, la Catalogne, les &#8230; <\/p>\n<div><a href=\"https:\/\/www.altercampagne.net\/?p=8702\" class=\"more-link\">Read More<\/a><\/div>\n","protected":false},"author":214,"featured_media":0,"comment_status":"closed","ping_status":"closed","sticky":false,"template":"","format":"standard","meta":{"footnotes":""},"categories":[239],"tags":[2783,2784,3438],"class_list":["post-8702","post","type-post","status-publish","format-standard","hentry","category-revue-de-presse","tag-altertour-2017","tag-2784","tag-mediacoop","no-post-thumbnail"],"yoast_head":"<!-- This site is optimized with the Yoast SEO plugin v27.3 - https:\/\/yoast.com\/product\/yoast-seo-wordpress\/ -->\n<title>AlterTour 2017 - Sur les chemins de la Transition - AlterTour<\/title>\n<meta name=\"robots\" content=\"index, follow, max-snippet:-1, max-image-preview:large, max-video-preview:-1\" \/>\n<link rel=\"canonical\" href=\"https:\/\/www.altercampagne.net\/?p=8702\" \/>\n<meta property=\"og:locale\" content=\"fr_FR\" \/>\n<meta property=\"og:type\" content=\"article\" \/>\n<meta property=\"og:title\" content=\"AlterTour 2017 - Sur les chemins de la Transition - AlterTour\" \/>\n<meta property=\"og:description\" content=\"D\u00e9part du plus grand Tour de France Ecolo Le plus grand Tour de France \u00e9colo, l\u2019AlterTour, s\u2019\u00e9lancera de la Maison de l\u2019Economie Solidaire \u00e0 Ramonville-Saint-Agne ce dimanche 9 juillet \u00e0 9h. Ce rendez-vous estival de la Transition \u00e9cologique de plus de 300 cyclistes traversera la Haute-Garonne, l\u2019Ari\u00e8ge, la Catalogne, les ... Read More\" \/>\n<meta property=\"og:url\" content=\"https:\/\/www.altercampagne.net\/?p=8702\" \/>\n<meta property=\"og:site_name\" content=\"AlterTour\" \/>\n<meta property=\"article:published_time\" content=\"2017-07-09T08:11:40+00:00\" \/>\n<meta property=\"article:modified_time\" content=\"2018-01-23T09:13:15+00:00\" \/>\n<meta name=\"author\" content=\"Mathieu\" \/>\n<meta name=\"twitter:card\" content=\"summary_large_image\" \/>\n<meta name=\"twitter:label1\" content=\"\u00c9crit par\" \/>\n\t<meta name=\"twitter:data1\" content=\"Mathieu\" \/>\n\t<meta name=\"twitter:label2\" content=\"Dur\u00e9e de lecture estim\u00e9e\" \/>\n\t<meta name=\"twitter:data2\" content=\"2 minutes\" \/>\n<script type=\"application\/ld+json\" class=\"yoast-schema-graph\">{\"@context\":\"https:\\\/\\\/schema.org\",\"@graph\":[{\"@type\":\"Article\",\"@id\":\"https:\\\/\\\/www.altercampagne.net\\\/?p=8702#article\",\"isPartOf\":{\"@id\":\"https:\\\/\\\/www.altercampagne.net\\\/?p=8702\"},\"author\":{\"name\":\"Mathieu\",\"@id\":\"https:\\\/\\\/www.altercampagne.net\\\/#\\\/schema\\\/person\\\/0f261460c09e430caa0f9bcffa319109\"},\"headline\":\"AlterTour 2017 &#8211; Sur les chemins de la Transition\",\"datePublished\":\"2017-07-09T08:11:40+00:00\",\"dateModified\":\"2018-01-23T09:13:15+00:00\",\"mainEntityOfPage\":{\"@id\":\"https:\\\/\\\/www.altercampagne.net\\\/?p=8702\"},\"wordCount\":441,\"keywords\":[\"AlterTour 2017\",\"2017\",\"Mediacoop\"],\"articleSection\":[\"Revue de presse\"],\"inLanguage\":\"fr-FR\"},{\"@type\":\"WebPage\",\"@id\":\"https:\\\/\\\/www.altercampagne.net\\\/?p=8702\",\"url\":\"https:\\\/\\\/www.altercampagne.net\\\/?p=8702\",\"name\":\"AlterTour 2017 - Sur les chemins de la Transition - AlterTour\",\"isPartOf\":{\"@id\":\"https:\\\/\\\/www.altercampagne.net\\\/#website\"},\"datePublished\":\"2017-07-09T08:11:40+00:00\",\"dateModified\":\"2018-01-23T09:13:15+00:00\",\"author\":{\"@id\":\"https:\\\/\\\/www.altercampagne.net\\\/#\\\/schema\\\/person\\\/0f261460c09e430caa0f9bcffa319109\"},\"breadcrumb\":{\"@id\":\"https:\\\/\\\/www.altercampagne.net\\\/?p=8702#breadcrumb\"},\"inLanguage\":\"fr-FR\",\"potentialAction\":[{\"@type\":\"ReadAction\",\"target\":[\"https:\\\/\\\/www.altercampagne.net\\\/?p=8702\"]}]},{\"@type\":\"BreadcrumbList\",\"@id\":\"https:\\\/\\\/www.altercampagne.net\\\/?p=8702#breadcrumb\",\"itemListElement\":[{\"@type\":\"ListItem\",\"position\":1,\"name\":\"Accueil\",\"item\":\"https:\\\/\\\/www.altercampagne.net\\\/\"},{\"@type\":\"ListItem\",\"position\":2,\"name\":\"AlterTour 2017 &#8211; Sur les chemins de la Transition\"}]},{\"@type\":\"WebSite\",\"@id\":\"https:\\\/\\\/www.altercampagne.net\\\/#website\",\"url\":\"https:\\\/\\\/www.altercampagne.net\\\/\",\"name\":\"AlterTour\",\"description\":\"Reliez les Alternatives \u00e0 v\u00e9lo\",\"potentialAction\":[{\"@type\":\"SearchAction\",\"target\":{\"@type\":\"EntryPoint\",\"urlTemplate\":\"https:\\\/\\\/www.altercampagne.net\\\/?s={search_term_string}\"},\"query-input\":{\"@type\":\"PropertyValueSpecification\",\"valueRequired\":true,\"valueName\":\"search_term_string\"}}],\"inLanguage\":\"fr-FR\"},{\"@type\":\"Person\",\"@id\":\"https:\\\/\\\/www.altercampagne.net\\\/#\\\/schema\\\/person\\\/0f261460c09e430caa0f9bcffa319109\",\"name\":\"Mathieu\",\"image\":{\"@type\":\"ImageObject\",\"inLanguage\":\"fr-FR\",\"@id\":\"https:\\\/\\\/secure.gravatar.com\\\/avatar\\\/aa9d3d24c83f2141e5e2709d0f63d09a99f6be6bb7a50abc4915838d9f54501a?s=96&d=mm&r=g\",\"url\":\"https:\\\/\\\/secure.gravatar.com\\\/avatar\\\/aa9d3d24c83f2141e5e2709d0f63d09a99f6be6bb7a50abc4915838d9f54501a?s=96&d=mm&r=g\",\"contentUrl\":\"https:\\\/\\\/secure.gravatar.com\\\/avatar\\\/aa9d3d24c83f2141e5e2709d0f63d09a99f6be6bb7a50abc4915838d9f54501a?s=96&d=mm&r=g\",\"caption\":\"Mathieu\"},\"url\":\"https:\\\/\\\/www.altercampagne.net\\\/?author=214\"}]}<\/script>\n<!-- \/ Yoast SEO plugin. -->","yoast_head_json":{"title":"AlterTour 2017 - Sur les chemins de la Transition - AlterTour","robots":{"index":"index","follow":"follow","max-snippet":"max-snippet:-1","max-image-preview":"max-image-preview:large","max-video-preview":"max-video-preview:-1"},"canonical":"https:\/\/www.altercampagne.net\/?p=8702","og_locale":"fr_FR","og_type":"article","og_title":"AlterTour 2017 - Sur les chemins de la Transition - AlterTour","og_description":"D\u00e9part du plus grand Tour de France Ecolo Le plus grand Tour de France \u00e9colo, l\u2019AlterTour, s\u2019\u00e9lancera de la Maison de l\u2019Economie Solidaire \u00e0 Ramonville-Saint-Agne ce dimanche 9 juillet \u00e0 9h. Ce rendez-vous estival de la Transition \u00e9cologique de plus de 300 cyclistes traversera la Haute-Garonne, l\u2019Ari\u00e8ge, la Catalogne, les ... Read More","og_url":"https:\/\/www.altercampagne.net\/?p=8702","og_site_name":"AlterTour","article_published_time":"2017-07-09T08:11:40+00:00","article_modified_time":"2018-01-23T09:13:15+00:00","author":"Mathieu","twitter_card":"summary_large_image","twitter_misc":{"\u00c9crit par":"Mathieu","Dur\u00e9e de lecture estim\u00e9e":"2 minutes"},"schema":{"@context":"https:\/\/schema.org","@graph":[{"@type":"Article","@id":"https:\/\/www.altercampagne.net\/?p=8702#article","isPartOf":{"@id":"https:\/\/www.altercampagne.net\/?p=8702"},"author":{"name":"Mathieu","@id":"https:\/\/www.altercampagne.net\/#\/schema\/person\/0f261460c09e430caa0f9bcffa319109"},"headline":"AlterTour 2017 &#8211; Sur les chemins de la Transition","datePublished":"2017-07-09T08:11:40+00:00","dateModified":"2018-01-23T09:13:15+00:00","mainEntityOfPage":{"@id":"https:\/\/www.altercampagne.net\/?p=8702"},"wordCount":441,"keywords":["AlterTour 2017","2017","Mediacoop"],"articleSection":["Revue de presse"],"inLanguage":"fr-FR"},{"@type":"WebPage","@id":"https:\/\/www.altercampagne.net\/?p=8702","url":"https:\/\/www.altercampagne.net\/?p=8702","name":"AlterTour 2017 - Sur les chemins de la Transition - AlterTour","isPartOf":{"@id":"https:\/\/www.altercampagne.net\/#website"},"datePublished":"2017-07-09T08:11:40+00:00","dateModified":"2018-01-23T09:13:15+00:00","author":{"@id":"https:\/\/www.altercampagne.net\/#\/schema\/person\/0f261460c09e430caa0f9bcffa319109"},"breadcrumb":{"@id":"https:\/\/www.altercampagne.net\/?p=8702#breadcrumb"},"inLanguage":"fr-FR","potentialAction":[{"@type":"ReadAction","target":["https:\/\/www.altercampagne.net\/?p=8702"]}]},{"@type":"BreadcrumbList","@id":"https:\/\/www.altercampagne.net\/?p=8702#breadcrumb","itemListElement":[{"@type":"ListItem","position":1,"name":"Accueil","item":"https:\/\/www.altercampagne.net\/"},{"@type":"ListItem","position":2,"name":"AlterTour 2017 &#8211; Sur les chemins de la Transition"}]},{"@type":"WebSite","@id":"https:\/\/www.altercampagne.net\/#website","url":"https:\/\/www.altercampagne.net\/","name":"AlterTour","description":"Reliez les Alternatives \u00e0 v\u00e9lo","potentialAction":[{"@type":"SearchAction","target":{"@type":"EntryPoint","urlTemplate":"https:\/\/www.altercampagne.net\/?s={search_term_string}"},"query-input":{"@type":"PropertyValueSpecification","valueRequired":true,"valueName":"search_term_string"}}],"inLanguage":"fr-FR"},{"@type":"Person","@id":"https:\/\/www.altercampagne.net\/#\/schema\/person\/0f261460c09e430caa0f9bcffa319109","name":"Mathieu","image":{"@type":"ImageObject","inLanguage":"fr-FR","@id":"https:\/\/secure.gravatar.com\/avatar\/aa9d3d24c83f2141e5e2709d0f63d09a99f6be6bb7a50abc4915838d9f54501a?s=96&d=mm&r=g","url":"https:\/\/secure.gravatar.com\/avatar\/aa9d3d24c83f2141e5e2709d0f63d09a99f6be6bb7a50abc4915838d9f54501a?s=96&d=mm&r=g","contentUrl":"https:\/\/secure.gravatar.com\/avatar\/aa9d3d24c83f2141e5e2709d0f63d09a99f6be6bb7a50abc4915838d9f54501a?s=96&d=mm&r=g","caption":"Mathieu"},"url":"https:\/\/www.altercampagne.net\/?author=214"}]}},"_links":{"self":[{"href":"https:\/\/www.altercampagne.net\/index.php?rest_route=\/wp\/v2\/posts\/8702","targetHints":{"allow":["GET"]}}],"collection":[{"href":"https:\/\/www.altercampagne.net\/index.php?rest_route=\/wp\/v2\/posts"}],"about":[{"href":"https:\/\/www.altercampagne.net\/index.php?rest_route=\/wp\/v2\/types\/post"}],"author":[{"embeddable":true,"href":"https:\/\/www.altercampagne.net\/index.php?rest_route=\/wp\/v2\/users\/214"}],"replies":[{"embeddable":true,"href":"https:\/\/www.altercampagne.net\/index.php?rest_route=%2Fwp%2Fv2%2Fcomments&post=8702"}],"version-history":[{"count":0,"href":"https:\/\/www.altercampagne.net\/index.php?rest_route=\/wp\/v2\/posts\/8702\/revisions"}],"wp:attachment":[{"href":"https:\/\/www.altercampagne.net\/index.php?rest_route=%2Fwp%2Fv2%2Fmedia&parent=8702"}],"wp:term":[{"taxonomy":"category","embeddable":true,"href":"https:\/\/www.altercampagne.net\/index.php?rest_route=%2Fwp%2Fv2%2Fcategories&post=8702"},{"taxonomy":"post_tag","embeddable":true,"href":"https:\/\/www.altercampagne.net\/index.php?rest_route=%2Fwp%2Fv2%2Ftags&post=8702"}],"curies":[{"name":"wp","href":"https:\/\/api.w.org\/{rel}","templated":true}]}}