{"id":8909,"date":"2018-02-20T08:40:57","date_gmt":"2018-02-20T07:40:57","guid":{"rendered":"http:\/\/www.altercampagne.net\/?p=8909"},"modified":"2018-05-30T10:10:05","modified_gmt":"2018-05-30T08:10:05","slug":"numero-de-silence-de-mars-reagir-aux-violences-du-quotidien","status":"publish","type":"post","link":"https:\/\/www.altercampagne.net\/?p=8909","title":{"rendered":"R\u00e9agir aux violences du quotidien"},"content":{"rendered":"<p><strong>Revue Silence &#8211;\u00a0N\u00b0 Mars 2018.\u00a0<\/strong><\/p>\n<p><span style=\"text-decoration: underline;\">T\u00e9moin de violence : comment r\u00e9agir<\/span> ?<br \/>\nDans notre quotidien, nous pouvons \u00eatre t\u00e9moins de violences qui \u00e9clatent autour de nous, dans l&rsquo;espace public mais aussi dans des milieux plus confin\u00e9s : espace domestique, lieu de travail, etc. Yvette Bailly, du Mouvement pour une alternative non-violente, analyse certains de ces m\u00e9canismes\u2026 pour nous aider \u00e0 en sortir.<\/p>\n<p><span style=\"text-decoration: underline;\">L\u2019autod\u00e9fense f\u00e9ministe, un outil d\u2019\u00e9mancipation<\/span><br \/>\nComment peut-on se d\u00e9fendre quand on est confront\u00e9e \u00e0 la violence en tant que femme ? La question est \u00e0 la fois personnelle et politique. Il ne faut ni \u00eatre une f\u00e9ministe aguerrie ni une sp\u00e9cialiste des arts martiaux pour pratiquer l\u2019autod\u00e9fense\u2026 Toutes les femmes ont d\u2019ailleurs d\u00e9j\u00e0 mis en place des strat\u00e9gies pour se prot\u00e9ger ! Mais alors, qu\u2019est-ce que l\u2019autod\u00e9fense f\u00e9ministe ?<\/p>\n<p><span style=\"text-decoration: underline;\">Que faire de mes \u00e9motions quand la tension monte<\/span> ?<br \/>\n\u00c0 un niveau individuel, comment ne pas se laisser d\u00e9border par les \u00e9motions qui nous envahissent, comment \u00e9viter \u00ab\u00a0l&rsquo;escalade mim\u00e9tique de la violence\u00a0\u00bb quand nous nous trouvons dans des situations de tension ? Jean-Jacques Samuel propose ici quelques pistes pour surmonter ces situations en respectant nos propres besoins.<\/p>\n<p><strong>Des articles<\/strong><br \/>\nL\u2019accueil paysan : des vacances autrement<br \/>\nRenoncement sur le nucl\u00e9aire : d&rsquo;\u00e9tranges \u00ab\u00a0oublis\u00a0\u00bb<br \/>\nDessins d&rsquo;enfants, guerres d&rsquo;adultes<br \/>\nLes \u00c9tats g\u00e9n\u00e9raux de l&rsquo;alimentation ont nourri les espoirs et les d\u00e9ceptions<br \/>\nLa responsabilit\u00e9 de la France dans la guerre au Y\u00e9men<br \/>\nSant\u00e9 naturelle, de la contre-culture \u00e0 la loi du march\u00e9<br \/>\nNotre-Dame-des-Landes : la lutte continue<br \/>\nLes femmes des si\u00e8cles pass\u00e9s<\/p>\n<p><strong>Des chroniques et des br\u00e8ves<\/strong><br \/>\nL\u2019action non-violente : mode d\u2019emploi &#8211; Le d\u00e9fil\u00e9 silencieux<br \/>\nBonnes nouvelles de la Terre : Paysans, ils ont choisi de s\u2019installer sur la Zad de Notre-Dame-des-Landes<br \/>\nChronique terrienne : Notre-Dame-des-Landes : une victoire d\u00e9mocratique !<br \/>\nEn direct de nos colonies : Veill\u00e9e de larmes au Cameroun<br \/>\nL\u2019\u00e9cologie c\u2019est la sant\u00e9 ! : Des pesticides \u00e0 pleins poumons !<\/p>\n<p>Belle journ\u00e9e et bonne lecture !<\/p>\n<p>Retrouvez la Revue Silence en Biocoop et\/ou abonnez-vous directement sur leur site : <a href=\"http:\/\/www.revuesilence.net\/\" target=\"_blank\" rel=\"noopener\">http:\/\/www.revuesilence.net\/<\/a><\/p>\n<p><a href=\"http:\/\/www.altercampagne.net\/?attachment_id=8910\" rel=\"attachment wp-att-8910\"><img loading=\"lazy\" decoding=\"async\" class=\"size-full wp-image-8910 aligncenter\" src=\"http:\/\/www.altercampagne.net\/wp-content\/uploads\/2018\/02\/465bd.jpg\" alt=\"\" width=\"595\" height=\"842\" srcset=\"https:\/\/www.altercampagne.net\/wp-content\/uploads\/2018\/02\/465bd.jpg 595w, https:\/\/www.altercampagne.net\/wp-content\/uploads\/2018\/02\/465bd-212x300.jpg 212w\" sizes=\"auto, (max-width: 595px) 100vw, 595px\" \/><\/a><\/p>\n","protected":false},"excerpt":{"rendered":"<p>Revue Silence &#8211;\u00a0N\u00b0 Mars 2018.\u00a0 T\u00e9moin de violence : comment r\u00e9agir ? Dans notre quotidien, nous pouvons \u00eatre t\u00e9moins de violences qui \u00e9clatent autour de nous, dans l&rsquo;espace public mais aussi dans des milieux plus confin\u00e9s : espace domestique, lieu de travail, etc. Yvette Bailly, du Mouvement pour une alternative &#8230; <\/p>\n<div><a href=\"https:\/\/www.altercampagne.net\/?p=8909\" class=\"more-link\">Read More<\/a><\/div>\n","protected":false},"author":214,"featured_media":9396,"comment_status":"closed","ping_status":"closed","sticky":false,"template":"","format":"standard","meta":{"footnotes":""},"categories":[3248],"tags":[13,144,484,2724,3440,3441,3442,3443,3444,3445],"class_list":["post-8909","post","type-post","status-publish","format-standard","has-post-thumbnail","hentry","category-silence","tag-revue-silence","tag-notre-dame-des-landes","tag-zad","tag-silence","tag-mars-2018","tag-violences-du-quotidien","tag-autodefense-feministe","tag-autodefense","tag-feministe","tag-non-violente"],"yoast_head":"<!-- This site is optimized with the Yoast SEO plugin v27.3 - https:\/\/yoast.com\/product\/yoast-seo-wordpress\/ -->\n<title>R\u00e9agir aux violences du quotidien - AlterTour<\/title>\n<meta name=\"robots\" content=\"index, follow, max-snippet:-1, max-image-preview:large, max-video-preview:-1\" \/>\n<link rel=\"canonical\" href=\"https:\/\/www.altercampagne.net\/?p=8909\" \/>\n<meta property=\"og:locale\" content=\"fr_FR\" \/>\n<meta property=\"og:type\" content=\"article\" \/>\n<meta property=\"og:title\" content=\"R\u00e9agir aux violences du quotidien - AlterTour\" \/>\n<meta property=\"og:description\" content=\"Revue Silence &#8211;\u00a0N\u00b0 Mars 2018.\u00a0 T\u00e9moin de violence : comment r\u00e9agir ? Dans notre quotidien, nous pouvons \u00eatre t\u00e9moins de violences qui \u00e9clatent autour de nous, dans l&rsquo;espace public mais aussi dans des milieux plus confin\u00e9s : espace domestique, lieu de travail, etc. Yvette Bailly, du Mouvement pour une alternative ... Read More\" \/>\n<meta property=\"og:url\" content=\"https:\/\/www.altercampagne.net\/?p=8909\" \/>\n<meta property=\"og:site_name\" content=\"AlterTour\" \/>\n<meta property=\"article:published_time\" content=\"2018-02-20T07:40:57+00:00\" \/>\n<meta property=\"article:modified_time\" content=\"2018-05-30T08:10:05+00:00\" \/>\n<meta property=\"og:image\" content=\"https:\/\/www.altercampagne.net\/wp-content\/uploads\/2018\/02\/465bd-couv.jpg\" \/>\n\t<meta property=\"og:image:width\" content=\"595\" \/>\n\t<meta property=\"og:image:height\" content=\"311\" \/>\n\t<meta property=\"og:image:type\" content=\"image\/jpeg\" \/>\n<meta name=\"author\" content=\"Mathieu\" \/>\n<meta name=\"twitter:card\" content=\"summary_large_image\" \/>\n<meta name=\"twitter:label1\" content=\"\u00c9crit par\" \/>\n\t<meta name=\"twitter:data1\" content=\"Mathieu\" \/>\n\t<meta name=\"twitter:label2\" content=\"Dur\u00e9e de lecture estim\u00e9e\" \/>\n\t<meta name=\"twitter:data2\" content=\"2 minutes\" \/>\n<script type=\"application\/ld+json\" class=\"yoast-schema-graph\">{\"@context\":\"https:\\\/\\\/schema.org\",\"@graph\":[{\"@type\":\"Article\",\"@id\":\"https:\\\/\\\/www.altercampagne.net\\\/?p=8909#article\",\"isPartOf\":{\"@id\":\"https:\\\/\\\/www.altercampagne.net\\\/?p=8909\"},\"author\":{\"name\":\"Mathieu\",\"@id\":\"https:\\\/\\\/www.altercampagne.net\\\/#\\\/schema\\\/person\\\/0f261460c09e430caa0f9bcffa319109\"},\"headline\":\"R\u00e9agir aux violences du quotidien\",\"datePublished\":\"2018-02-20T07:40:57+00:00\",\"dateModified\":\"2018-05-30T08:10:05+00:00\",\"mainEntityOfPage\":{\"@id\":\"https:\\\/\\\/www.altercampagne.net\\\/?p=8909\"},\"wordCount\":364,\"image\":{\"@id\":\"https:\\\/\\\/www.altercampagne.net\\\/?p=8909#primaryimage\"},\"thumbnailUrl\":\"https:\\\/\\\/www.altercampagne.net\\\/wp-content\\\/uploads\\\/2018\\\/02\\\/465bd-couv.jpg\",\"keywords\":[\"revue Silence\",\"Notre Dame des Landes\",\"zad\",\"silence\",\"Mars 2018\",\"violences du quotidien\",\"autod\u00e9fense f\u00e9ministe\",\"autod\u00e9fense\",\"f\u00e9ministe\",\"non-violente\"],\"articleSection\":[\"Silence\"],\"inLanguage\":\"fr-FR\"},{\"@type\":\"WebPage\",\"@id\":\"https:\\\/\\\/www.altercampagne.net\\\/?p=8909\",\"url\":\"https:\\\/\\\/www.altercampagne.net\\\/?p=8909\",\"name\":\"R\u00e9agir aux violences du quotidien - AlterTour\",\"isPartOf\":{\"@id\":\"https:\\\/\\\/www.altercampagne.net\\\/#website\"},\"primaryImageOfPage\":{\"@id\":\"https:\\\/\\\/www.altercampagne.net\\\/?p=8909#primaryimage\"},\"image\":{\"@id\":\"https:\\\/\\\/www.altercampagne.net\\\/?p=8909#primaryimage\"},\"thumbnailUrl\":\"https:\\\/\\\/www.altercampagne.net\\\/wp-content\\\/uploads\\\/2018\\\/02\\\/465bd-couv.jpg\",\"datePublished\":\"2018-02-20T07:40:57+00:00\",\"dateModified\":\"2018-05-30T08:10:05+00:00\",\"author\":{\"@id\":\"https:\\\/\\\/www.altercampagne.net\\\/#\\\/schema\\\/person\\\/0f261460c09e430caa0f9bcffa319109\"},\"breadcrumb\":{\"@id\":\"https:\\\/\\\/www.altercampagne.net\\\/?p=8909#breadcrumb\"},\"inLanguage\":\"fr-FR\",\"potentialAction\":[{\"@type\":\"ReadAction\",\"target\":[\"https:\\\/\\\/www.altercampagne.net\\\/?p=8909\"]}]},{\"@type\":\"ImageObject\",\"inLanguage\":\"fr-FR\",\"@id\":\"https:\\\/\\\/www.altercampagne.net\\\/?p=8909#primaryimage\",\"url\":\"https:\\\/\\\/www.altercampagne.net\\\/wp-content\\\/uploads\\\/2018\\\/02\\\/465bd-couv.jpg\",\"contentUrl\":\"https:\\\/\\\/www.altercampagne.net\\\/wp-content\\\/uploads\\\/2018\\\/02\\\/465bd-couv.jpg\",\"width\":595,\"height\":311},{\"@type\":\"BreadcrumbList\",\"@id\":\"https:\\\/\\\/www.altercampagne.net\\\/?p=8909#breadcrumb\",\"itemListElement\":[{\"@type\":\"ListItem\",\"position\":1,\"name\":\"Accueil\",\"item\":\"https:\\\/\\\/www.altercampagne.net\\\/\"},{\"@type\":\"ListItem\",\"position\":2,\"name\":\"R\u00e9agir aux violences du quotidien\"}]},{\"@type\":\"WebSite\",\"@id\":\"https:\\\/\\\/www.altercampagne.net\\\/#website\",\"url\":\"https:\\\/\\\/www.altercampagne.net\\\/\",\"name\":\"AlterTour\",\"description\":\"Reliez les Alternatives \u00e0 v\u00e9lo\",\"potentialAction\":[{\"@type\":\"SearchAction\",\"target\":{\"@type\":\"EntryPoint\",\"urlTemplate\":\"https:\\\/\\\/www.altercampagne.net\\\/?s={search_term_string}\"},\"query-input\":{\"@type\":\"PropertyValueSpecification\",\"valueRequired\":true,\"valueName\":\"search_term_string\"}}],\"inLanguage\":\"fr-FR\"},{\"@type\":\"Person\",\"@id\":\"https:\\\/\\\/www.altercampagne.net\\\/#\\\/schema\\\/person\\\/0f261460c09e430caa0f9bcffa319109\",\"name\":\"Mathieu\",\"image\":{\"@type\":\"ImageObject\",\"inLanguage\":\"fr-FR\",\"@id\":\"https:\\\/\\\/secure.gravatar.com\\\/avatar\\\/aa9d3d24c83f2141e5e2709d0f63d09a99f6be6bb7a50abc4915838d9f54501a?s=96&d=mm&r=g\",\"url\":\"https:\\\/\\\/secure.gravatar.com\\\/avatar\\\/aa9d3d24c83f2141e5e2709d0f63d09a99f6be6bb7a50abc4915838d9f54501a?s=96&d=mm&r=g\",\"contentUrl\":\"https:\\\/\\\/secure.gravatar.com\\\/avatar\\\/aa9d3d24c83f2141e5e2709d0f63d09a99f6be6bb7a50abc4915838d9f54501a?s=96&d=mm&r=g\",\"caption\":\"Mathieu\"},\"url\":\"https:\\\/\\\/www.altercampagne.net\\\/?author=214\"}]}<\/script>\n<!-- \/ Yoast SEO plugin. -->","yoast_head_json":{"title":"R\u00e9agir aux violences du quotidien - AlterTour","robots":{"index":"index","follow":"follow","max-snippet":"max-snippet:-1","max-image-preview":"max-image-preview:large","max-video-preview":"max-video-preview:-1"},"canonical":"https:\/\/www.altercampagne.net\/?p=8909","og_locale":"fr_FR","og_type":"article","og_title":"R\u00e9agir aux violences du quotidien - AlterTour","og_description":"Revue Silence &#8211;\u00a0N\u00b0 Mars 2018.\u00a0 T\u00e9moin de violence : comment r\u00e9agir ? Dans notre quotidien, nous pouvons \u00eatre t\u00e9moins de violences qui \u00e9clatent autour de nous, dans l&rsquo;espace public mais aussi dans des milieux plus confin\u00e9s : espace domestique, lieu de travail, etc. Yvette Bailly, du Mouvement pour une alternative ... Read More","og_url":"https:\/\/www.altercampagne.net\/?p=8909","og_site_name":"AlterTour","article_published_time":"2018-02-20T07:40:57+00:00","article_modified_time":"2018-05-30T08:10:05+00:00","og_image":[{"width":595,"height":311,"url":"https:\/\/www.altercampagne.net\/wp-content\/uploads\/2018\/02\/465bd-couv.jpg","type":"image\/jpeg"}],"author":"Mathieu","twitter_card":"summary_large_image","twitter_misc":{"\u00c9crit par":"Mathieu","Dur\u00e9e de lecture estim\u00e9e":"2 minutes"},"schema":{"@context":"https:\/\/schema.org","@graph":[{"@type":"Article","@id":"https:\/\/www.altercampagne.net\/?p=8909#article","isPartOf":{"@id":"https:\/\/www.altercampagne.net\/?p=8909"},"author":{"name":"Mathieu","@id":"https:\/\/www.altercampagne.net\/#\/schema\/person\/0f261460c09e430caa0f9bcffa319109"},"headline":"R\u00e9agir aux violences du quotidien","datePublished":"2018-02-20T07:40:57+00:00","dateModified":"2018-05-30T08:10:05+00:00","mainEntityOfPage":{"@id":"https:\/\/www.altercampagne.net\/?p=8909"},"wordCount":364,"image":{"@id":"https:\/\/www.altercampagne.net\/?p=8909#primaryimage"},"thumbnailUrl":"https:\/\/www.altercampagne.net\/wp-content\/uploads\/2018\/02\/465bd-couv.jpg","keywords":["revue Silence","Notre Dame des Landes","zad","silence","Mars 2018","violences du quotidien","autod\u00e9fense f\u00e9ministe","autod\u00e9fense","f\u00e9ministe","non-violente"],"articleSection":["Silence"],"inLanguage":"fr-FR"},{"@type":"WebPage","@id":"https:\/\/www.altercampagne.net\/?p=8909","url":"https:\/\/www.altercampagne.net\/?p=8909","name":"R\u00e9agir aux violences du quotidien - AlterTour","isPartOf":{"@id":"https:\/\/www.altercampagne.net\/#website"},"primaryImageOfPage":{"@id":"https:\/\/www.altercampagne.net\/?p=8909#primaryimage"},"image":{"@id":"https:\/\/www.altercampagne.net\/?p=8909#primaryimage"},"thumbnailUrl":"https:\/\/www.altercampagne.net\/wp-content\/uploads\/2018\/02\/465bd-couv.jpg","datePublished":"2018-02-20T07:40:57+00:00","dateModified":"2018-05-30T08:10:05+00:00","author":{"@id":"https:\/\/www.altercampagne.net\/#\/schema\/person\/0f261460c09e430caa0f9bcffa319109"},"breadcrumb":{"@id":"https:\/\/www.altercampagne.net\/?p=8909#breadcrumb"},"inLanguage":"fr-FR","potentialAction":[{"@type":"ReadAction","target":["https:\/\/www.altercampagne.net\/?p=8909"]}]},{"@type":"ImageObject","inLanguage":"fr-FR","@id":"https:\/\/www.altercampagne.net\/?p=8909#primaryimage","url":"https:\/\/www.altercampagne.net\/wp-content\/uploads\/2018\/02\/465bd-couv.jpg","contentUrl":"https:\/\/www.altercampagne.net\/wp-content\/uploads\/2018\/02\/465bd-couv.jpg","width":595,"height":311},{"@type":"BreadcrumbList","@id":"https:\/\/www.altercampagne.net\/?p=8909#breadcrumb","itemListElement":[{"@type":"ListItem","position":1,"name":"Accueil","item":"https:\/\/www.altercampagne.net\/"},{"@type":"ListItem","position":2,"name":"R\u00e9agir aux violences du quotidien"}]},{"@type":"WebSite","@id":"https:\/\/www.altercampagne.net\/#website","url":"https:\/\/www.altercampagne.net\/","name":"AlterTour","description":"Reliez les Alternatives \u00e0 v\u00e9lo","potentialAction":[{"@type":"SearchAction","target":{"@type":"EntryPoint","urlTemplate":"https:\/\/www.altercampagne.net\/?s={search_term_string}"},"query-input":{"@type":"PropertyValueSpecification","valueRequired":true,"valueName":"search_term_string"}}],"inLanguage":"fr-FR"},{"@type":"Person","@id":"https:\/\/www.altercampagne.net\/#\/schema\/person\/0f261460c09e430caa0f9bcffa319109","name":"Mathieu","image":{"@type":"ImageObject","inLanguage":"fr-FR","@id":"https:\/\/secure.gravatar.com\/avatar\/aa9d3d24c83f2141e5e2709d0f63d09a99f6be6bb7a50abc4915838d9f54501a?s=96&d=mm&r=g","url":"https:\/\/secure.gravatar.com\/avatar\/aa9d3d24c83f2141e5e2709d0f63d09a99f6be6bb7a50abc4915838d9f54501a?s=96&d=mm&r=g","contentUrl":"https:\/\/secure.gravatar.com\/avatar\/aa9d3d24c83f2141e5e2709d0f63d09a99f6be6bb7a50abc4915838d9f54501a?s=96&d=mm&r=g","caption":"Mathieu"},"url":"https:\/\/www.altercampagne.net\/?author=214"}]}},"_links":{"self":[{"href":"https:\/\/www.altercampagne.net\/index.php?rest_route=\/wp\/v2\/posts\/8909","targetHints":{"allow":["GET"]}}],"collection":[{"href":"https:\/\/www.altercampagne.net\/index.php?rest_route=\/wp\/v2\/posts"}],"about":[{"href":"https:\/\/www.altercampagne.net\/index.php?rest_route=\/wp\/v2\/types\/post"}],"author":[{"embeddable":true,"href":"https:\/\/www.altercampagne.net\/index.php?rest_route=\/wp\/v2\/users\/214"}],"replies":[{"embeddable":true,"href":"https:\/\/www.altercampagne.net\/index.php?rest_route=%2Fwp%2Fv2%2Fcomments&post=8909"}],"version-history":[{"count":0,"href":"https:\/\/www.altercampagne.net\/index.php?rest_route=\/wp\/v2\/posts\/8909\/revisions"}],"wp:featuredmedia":[{"embeddable":true,"href":"https:\/\/www.altercampagne.net\/index.php?rest_route=\/wp\/v2\/media\/9396"}],"wp:attachment":[{"href":"https:\/\/www.altercampagne.net\/index.php?rest_route=%2Fwp%2Fv2%2Fmedia&parent=8909"}],"wp:term":[{"taxonomy":"category","embeddable":true,"href":"https:\/\/www.altercampagne.net\/index.php?rest_route=%2Fwp%2Fv2%2Fcategories&post=8909"},{"taxonomy":"post_tag","embeddable":true,"href":"https:\/\/www.altercampagne.net\/index.php?rest_route=%2Fwp%2Fv2%2Ftags&post=8909"}],"curies":[{"name":"wp","href":"https:\/\/api.w.org\/{rel}","templated":true}]}}