{"id":8912,"date":"2018-02-09T15:43:42","date_gmt":"2018-02-09T14:43:42","guid":{"rendered":"http:\/\/www.altercampagne.net\/?p=8912"},"modified":"2018-02-23T16:26:14","modified_gmt":"2018-02-23T15:26:14","slug":"la-ferme-collective-de-la-condamine-cultive-lentraide-et-la-sobriete","status":"publish","type":"post","link":"https:\/\/www.altercampagne.net\/?p=8912","title":{"rendered":"La ferme collective de la Condamine cultive l\u2019entraide et la sobri\u00e9t\u00e9"},"content":{"rendered":"<p><strong>En p\u00e9riph\u00e9rie de Montpellier, un collectif fait vivre la Ferme urbaine collective de la Condamine, o\u00f9 se nourrissent agriculture biologique et activit\u00e9s p\u00e9dagogiques et culturelles.<\/strong><\/p>\n<ul>\n<li>Montpellier (H\u00e9rault), reportage<\/li>\n<\/ul>\n<p>Le 25 juillet 2017, la caravane de l\u2019AlterTour, apr\u00e8s un passage par le bord de mer et une remont\u00e9e le long du Lez, traversait Montpellier du sud au nord et rejoignait la <a href=\"https:\/\/fr-fr.facebook.com\/La-Ferme-Urbaine-Collective-de-la-Condamine-911956972273397\/\" target=\"_blank\" rel=\"noopener\">Ferme urbaine collective de la Condamine<\/a> pour une journ\u00e9e de repos bien m\u00e9rit\u00e9e.<\/p>\n<p>Depuis avril 2017, sept personnes vivent dans cette ferme situ\u00e9e en bordure de la ville, avec le projet de produire des l\u00e9gumes et des fruits biologiques et d\u2019en assurer la diffusion localement.<\/p>\n<p>Paysagiste, mara\u00eech\u00e8re, cuisinier, animatrice, naturaliste, \u00e9ducatrice, architecte paysager\u2026 C\u2019est dans le r\u00e9seau des colocations montpelli\u00e9raines qu\u2019ils-elles se sont rencontr\u00e9\u00b7es. \u00ab Un premier jardin collectif est n\u00e9 d\u2019envies d\u2019exp\u00e9rimentations mara\u00eech\u00e8res, sur un petit terrain aux abords de Montpellier. Petit \u00e0 petit a germ\u00e9 l\u2019id\u00e9e d\u2019un projet m\u00ealant les activit\u00e9s des un\u00b7es et des autres. L\u2019association Les Jardiniers toqu\u00e9s s\u2019est alors cr\u00e9\u00e9e, permettant de commencer \u00e0 d\u00e9velopper une activit\u00e9 de restauration v\u00e9g\u00e9tarienne et d\u2019animation culturelle et p\u00e9dagogique. \u00bb<\/p>\n<h3>Une \u00ab ceinture nourrici\u00e8re en agro\u00e9cologie \u00bb pour am\u00e9liorer la r\u00e9silience de la ville<\/h3>\n<p>La recherche de terrains am\u00e8ne le groupe \u00e0 r\u00e9pondre \u00e0 un appel \u00e0 projets de la m\u00e9tropole Montpellier-M\u00e9diterran\u00e9e, dont la politique agroalimentaire a pr\u00e9vu de favoriser la mise en place d\u2019une \u00ab ceinture nourrici\u00e8re en agro\u00e9cologie \u00bb pour am\u00e9liorer la r\u00e9silience de la ville. D\u2019anciens mara\u00eechages, pr\u00e9empt\u00e9s par la m\u00e9tropole pour des projets d\u2019urbanisation, sont ainsi remis en culture.<\/p>\n<p>Le statut associatif ne permettant pas de r\u00e9pondre \u00e0 cet appel \u00e0 projets, six volontaires entrent alors au sein de <a href=\"http:\/\/www.terracoopa.net\/\" target=\"_blank\" rel=\"noopener\">Terra Coopa<\/a>, une coop\u00e9rative agricole qui leur permet de suivre un contrat d\u2019aide professionnel. Ils et elles b\u00e9n\u00e9ficient ainsi du revenu de solidarit\u00e9 active, le temps de d\u00e9marrer leurs activit\u00e9s. La septi\u00e8me personne g\u00e8re l\u2019association li\u00e9e \u00e0 la ferme.<\/p>\n<p><a href=\"http:\/\/www.altercampagne.net\/?attachment_id=8919\" rel=\"attachment wp-att-8919\"><img loading=\"lazy\" decoding=\"async\" class=\"alignnone size-full wp-image-8919\" src=\"http:\/\/www.altercampagne.net\/wp-content\/uploads\/2018\/02\/2017-07-26_0001Altertour_Juanfe338.jpg\" alt=\"\" width=\"1147\" height=\"645\" srcset=\"https:\/\/www.altercampagne.net\/wp-content\/uploads\/2018\/02\/2017-07-26_0001Altertour_Juanfe338.jpg 1147w, https:\/\/www.altercampagne.net\/wp-content\/uploads\/2018\/02\/2017-07-26_0001Altertour_Juanfe338-300x169.jpg 300w, https:\/\/www.altercampagne.net\/wp-content\/uploads\/2018\/02\/2017-07-26_0001Altertour_Juanfe338-768x432.jpg 768w, https:\/\/www.altercampagne.net\/wp-content\/uploads\/2018\/02\/2017-07-26_0001Altertour_Juanfe338-1024x576.jpg 1024w\" sizes=\"auto, (max-width: 1147px) 100vw, 1147px\" \/><\/a><\/p>\n<p>La m\u00e9tropole a retenu leur projet proposant de lier mara\u00eechage, cuisine et accueil p\u00e9dagogique et culturel. Elle leur a attribu\u00e9 une ancienne exploitation de cinq hectares avec un verger ancien, des serres et des terres de culture pour les l\u00e9gumes de plein champ.<\/p>\n<p>Le terrain, en bordure de route, a malheureusement servi de d\u00e9charge sauvage pendant des ann\u00e9es, ce qui n\u00e9cessite un long travail de nettoyage assur\u00e9 en partie par les services de la m\u00e9tropole et achev\u00e9 par le collectif (petits morceaux de plastique), parfois aid\u00e9 lors de journ\u00e9es de nettoyage en chantier participatif.<\/p>\n<p>La m\u00e9tropole leur a accord\u00e9 un \u00ab commodat \u00bb : un bail gratuit d\u2019un an renouvelable. Le collectif travaille sur une proposition de bail agricole \u00e0 long terme leur permettant d\u2019envisager plus sereinement leurs investissements.<\/p>\n<h3>S\u2019orienter vers l\u2019agroforesterie pour d\u00e9velopper des arbres fruitiers en couvert des l\u00e9gumes<\/h3>\n<p>La proximit\u00e9 de la ville de Montpellier assure un d\u00e9bouch\u00e9 imm\u00e9diat \u00e0 la production : elle organise la vente directe sur place et la livraison dans des points de vente, en particulier \u00e0 <a href=\"https:\/\/reporterre.net\/Allez-viens-on-cree-notre-supermarche\" target=\"_blank\" rel=\"noopener\">La Cagette, nouveau supermarch\u00e9 coop\u00e9ratif<\/a> dont certain\u00b7es suivent l\u2019avanc\u00e9e depuis le d\u00e9but.<\/p>\n<p>\u00ab L\u2019id\u00e9e est d\u2019associer les serres, les tunnels et le plein champ pour assurer une production toute l\u2019ann\u00e9e. \u00bb La premi\u00e8re ann\u00e9e, le collectif a pu commencer les semis un peu avant d\u2019\u00eatre officiellement dans les lieux. Il a \u00e9t\u00e9 d\u00e9cid\u00e9 de se concentrer sur six esp\u00e8ces de l\u00e9gumes d\u2019\u00e9t\u00e9 et six d\u2019hiver, en multipliant les vari\u00e9t\u00e9s par esp\u00e8ce.<\/p>\n<p>Lorsque le bail sera stabilis\u00e9, le groupe envisage de s\u2019orienter vers l\u2019agroforesterie pour d\u00e9velopper des arbres fruitiers en couvert des l\u00e9gumes, plut\u00f4t que de maintenir un verger \u00e0 part. L\u2019agroforesterie doit permettre d\u2019\u00e9conomiser l\u2019eau et les apports de nutriments pour les l\u00e9gumes. Certaines parcelles, cultiv\u00e9es chimiquement encore r\u00e9cemment, sont en reconversion bio. Quant \u00e0 celles o\u00f9 les l\u00e9gumes sont cultiv\u00e9s, elles sont d\u00e9j\u00e0 consid\u00e9r\u00e9es comme bio car elles sont rest\u00e9es non cultiv\u00e9es pendant six ans.<\/p>\n<p>Les sols sont d\u00e9j\u00e0 tr\u00e8s riches en mati\u00e8res organiques et, pour maintenir cette qualit\u00e9, un accord a \u00e9t\u00e9 pass\u00e9 avec des paysagistes qui livrent des d\u00e9chets verts \u00e0 composter.<\/p>\n<p>L\u2019activit\u00e9 de restauration, qui permet de g\u00e9rer les exc\u00e9dents de production, repr\u00e9sente une autre source de revenus. S\u2019il y a encore du surplus, des conserves sont r\u00e9alis\u00e9es mais uniquement pour la consommation personnelle du groupe.<\/p>\n<p>De m\u00eame, quelques poules sont pr\u00e9sentes mais, pour le moment, leurs \u0153ufs sont uniquement consomm\u00e9s sur place. La production pour la vente serait int\u00e9ressante, mais elle demande la mise en place d\u2019une gestion sanitaire, qui est envisag\u00e9e \u00e0 plus long terme.<\/p>\n<h3>Mettre en pratique des id\u00e9es d\u2019autonomie, de vie sans hi\u00e9rarchie, de respect des envies de chacun<\/h3>\n<p>Actuellement, seul un des b\u00e2timents est habitable. Cinq personnes et deux enfants y vivent en colocation, les deux autres \u00e0 l\u2019ext\u00e9rieur. Certain\u00b7es souhaitent plus d\u2019autonomie. La remise aux normes d\u2019autres b\u00e2timents, qui doit \u00eatre assur\u00e9e par la m\u00e9tropole, devrait permettre une meilleure r\u00e9partition des habitations.<\/p>\n<p>Du fait de la proximit\u00e9 de la ville, le collectif est tr\u00e8s sollicit\u00e9, que ce soit par les m\u00e9dias ou par des gens de passage qui cherchent un h\u00e9bergement. Une discussion s\u2019est ouverte avec <a href=\"http:\/\/www.accueil-paysan.com\/\" target=\"_blank\" rel=\"noopener\">Accueil paysan<\/a> pour fonder un camping \u00e0 la ferme.<\/p>\n<p>Une petite parcelle situ\u00e9e en bord de route a \u00e9t\u00e9 am\u00e9nag\u00e9e pour accueillir des \u00e9v\u00e9nements culturels. Ainsi, le passage de l\u2019AlterTour a \u00e9t\u00e9 l\u2019occasion d\u2019une soir\u00e9e musicale. Outre les cyclistes du tour, une centaine de Montpelli\u00e9rain\u00b7es y ont particip\u00e9. En octobre 2017, ils-elles ont organis\u00e9 le festival Le Champ du poulpe, m\u00ealant cirque, musique et restauration locale.<\/p>\n<p>Le m\u00e9tier de mara\u00eecher n\u2019est pas la seule motivation. Le fonctionnement collectif est un autre choix : mettre en pratique des id\u00e9es d\u2019autonomie, de vie sans hi\u00e9rarchie, de respect des envies de chacun\u00b7e. Le travail est vu comme un moyen de vivre et non comme un but. Apr\u00e8s une premi\u00e8re saison, le collectif prend conscience que chacun\u00b7e doit avoir du temps pour des activit\u00e9s ext\u00e9rieures. L\u00e9a et Nadia, par exemple, sont impliqu\u00e9es dans une chorale militante. Lors de notre deuxi\u00e8me passage, d\u00e9but septembre, elles rentraient d\u2019une rencontre des chorales \u00e0 Notre-Dame-des-Landes. Le collectif permettant de r\u00e9partir le travail, chacun\u00b7e peut s\u2019y investir \u00e0 sa mani\u00e8re. Gr\u00e2ce \u00e0 un collectif install\u00e9 sur une petite surface et \u00e0 des modes de vie peu d\u00e9pensiers, chaque individu a une plus grande libert\u00e9 vis-\u00e0-vis des imp\u00e9ratifs de culture, par rapport \u00e0 un mara\u00eecher individuel classique. La sobri\u00e9t\u00e9 et l\u2019entraide sont des facteurs de libert\u00e9.<\/p>\n<p>La Cagette a vu le jour en septembre 2017 : en dix jours, 72.000 euros ont \u00e9t\u00e9 collect\u00e9s aupr\u00e8s de plus de 200 personnes pour financer le rachat d\u2019une ancienne sup\u00e9rette. L\u2019op\u00e9ration est n\u00e9e du d\u00e9sir d\u2019un groupement d\u2019achat pr\u00e9existant de s\u2019ouvrir plus largement. Le but est d\u2019offrir une offre alimentaire de qualit\u00e9, respectueuse de l\u2019environnement et des humains. Le magasin fonctionne gr\u00e2ce \u00e0 l\u2019engagement des coop\u00e9rat\u00b7rices, qui doivent offrir trois heures de travail par mois. Le tout fonctionne sous forme coop\u00e9rative, sans notion de profit ni hi\u00e9rarchie. Les d\u00e9cisions se prennent par consentement lors d\u2019une r\u00e9union mensuelle. Des d\u00e9bats passionn\u00e9s tournent autour des produits acceptables ou pas : local, bio, \u00e0 bas prix, grandes marques\u2026<\/p>\n<p style=\"text-align: right;\">Source : <a href=\"https:\/\/reporterre.net\/La-ferme-collective-de-la-Condamine-cultive-l-entraide-et-la-sobriete\" target=\"_blank\" rel=\"noopener\"><strong>La Revue Silence pour le site Reporterre<\/strong><\/a><\/p>\n","protected":false},"excerpt":{"rendered":"<p>En p\u00e9riph\u00e9rie de Montpellier, un collectif fait vivre la Ferme urbaine collective de la Condamine, o\u00f9 se nourrissent agriculture biologique et activit\u00e9s p\u00e9dagogiques et culturelles. Montpellier (H\u00e9rault), reportage Le 25 juillet 2017, la caravane de l\u2019AlterTour, apr\u00e8s un passage par le bord de mer et une remont\u00e9e le long du &#8230; <\/p>\n<div><a href=\"https:\/\/www.altercampagne.net\/?p=8912\" class=\"more-link\">Read More<\/a><\/div>\n","protected":false},"author":214,"featured_media":9397,"comment_status":"closed","ping_status":"closed","sticky":false,"template":"","format":"standard","meta":{"footnotes":""},"categories":[3483,239,3457,3248,3480],"tags":[13,358,403,431,1341,1972,1973,2783,2785,3030,3446,3447,3448,3449,3450],"class_list":["post-8912","post","type-post","status-publish","format-standard","has-post-thumbnail","hentry","category-agriculture","category-revue-de-presse","category-edition-2017","category-silence","category-occitanie","tag-revue-silence","tag-altertour","tag-reporterre","tag-accueil-paysan","tag-montpellier","tag-herault","tag-languedoc-roussillon","tag-altertour-2017","tag-occitanie","tag-ferme-urbaine-collective-de-la-condamine","tag-ferme-collective-de-la-condamine","tag-condamine","tag-la-cagette","tag-supermarche-cooperatif","tag-terra-coopa"],"yoast_head":"<!-- This site is optimized with the Yoast SEO plugin v27.3 - https:\/\/yoast.com\/product\/yoast-seo-wordpress\/ -->\n<title>La ferme collective de la Condamine cultive l\u2019entraide et la sobri\u00e9t\u00e9 - AlterTour<\/title>\n<meta name=\"robots\" content=\"index, follow, max-snippet:-1, max-image-preview:large, max-video-preview:-1\" \/>\n<link rel=\"canonical\" href=\"https:\/\/www.altercampagne.net\/?p=8912\" \/>\n<meta property=\"og:locale\" content=\"fr_FR\" \/>\n<meta property=\"og:type\" content=\"article\" \/>\n<meta property=\"og:title\" content=\"La ferme collective de la Condamine cultive l\u2019entraide et la sobri\u00e9t\u00e9 - AlterTour\" \/>\n<meta property=\"og:description\" content=\"En p\u00e9riph\u00e9rie de Montpellier, un collectif fait vivre la Ferme urbaine collective de la Condamine, o\u00f9 se nourrissent agriculture biologique et activit\u00e9s p\u00e9dagogiques et culturelles. Montpellier (H\u00e9rault), reportage Le 25 juillet 2017, la caravane de l\u2019AlterTour, apr\u00e8s un passage par le bord de mer et une remont\u00e9e le long du ... Read More\" \/>\n<meta property=\"og:url\" content=\"https:\/\/www.altercampagne.net\/?p=8912\" \/>\n<meta property=\"og:site_name\" content=\"AlterTour\" \/>\n<meta property=\"article:published_time\" content=\"2018-02-09T14:43:42+00:00\" \/>\n<meta property=\"article:modified_time\" content=\"2018-02-23T15:26:14+00:00\" \/>\n<meta property=\"og:image\" content=\"https:\/\/www.altercampagne.net\/wp-content\/uploads\/2018\/02\/IMG_20170801_113651.jpg\" \/>\n\t<meta property=\"og:image:width\" content=\"850\" \/>\n\t<meta property=\"og:image:height\" content=\"444\" \/>\n\t<meta property=\"og:image:type\" content=\"image\/jpeg\" \/>\n<meta name=\"author\" content=\"Mathieu\" \/>\n<meta name=\"twitter:card\" content=\"summary_large_image\" \/>\n<meta name=\"twitter:label1\" content=\"\u00c9crit par\" \/>\n\t<meta name=\"twitter:data1\" content=\"Mathieu\" \/>\n\t<meta name=\"twitter:label2\" content=\"Dur\u00e9e de lecture estim\u00e9e\" \/>\n\t<meta name=\"twitter:data2\" content=\"7 minutes\" \/>\n<script type=\"application\/ld+json\" class=\"yoast-schema-graph\">{\"@context\":\"https:\\\/\\\/schema.org\",\"@graph\":[{\"@type\":\"Article\",\"@id\":\"https:\\\/\\\/www.altercampagne.net\\\/?p=8912#article\",\"isPartOf\":{\"@id\":\"https:\\\/\\\/www.altercampagne.net\\\/?p=8912\"},\"author\":{\"name\":\"Mathieu\",\"@id\":\"https:\\\/\\\/www.altercampagne.net\\\/#\\\/schema\\\/person\\\/0f261460c09e430caa0f9bcffa319109\"},\"headline\":\"La ferme collective de la Condamine cultive l\u2019entraide et la sobri\u00e9t\u00e9\",\"datePublished\":\"2018-02-09T14:43:42+00:00\",\"dateModified\":\"2018-02-23T15:26:14+00:00\",\"mainEntityOfPage\":{\"@id\":\"https:\\\/\\\/www.altercampagne.net\\\/?p=8912\"},\"wordCount\":1368,\"image\":{\"@id\":\"https:\\\/\\\/www.altercampagne.net\\\/?p=8912#primaryimage\"},\"thumbnailUrl\":\"https:\\\/\\\/www.altercampagne.net\\\/wp-content\\\/uploads\\\/2018\\\/02\\\/IMG_20170801_113651.jpg\",\"keywords\":[\"revue Silence\",\"AlterTour\",\"reporterre\",\"accueil paysan\",\"Montpellier\",\"h\u00e9rault\",\"languedoc-roussillon\",\"AlterTour 2017\",\"Occitanie\",\"Ferme Urbaine Collective de la Condamine\",\"ferme collective de la Condamine\",\"Condamine\",\"la cagette\",\"Supermarch\u00e9 coop\u00e9ratif\",\"Terra Coopa\"],\"articleSection\":[\"Agriculture\",\"Revue de presse\",\"\u00c9dition 2017\",\"Silence\",\"Occitanie\"],\"inLanguage\":\"fr-FR\"},{\"@type\":\"WebPage\",\"@id\":\"https:\\\/\\\/www.altercampagne.net\\\/?p=8912\",\"url\":\"https:\\\/\\\/www.altercampagne.net\\\/?p=8912\",\"name\":\"La ferme collective de la Condamine cultive l\u2019entraide et la sobri\u00e9t\u00e9 - AlterTour\",\"isPartOf\":{\"@id\":\"https:\\\/\\\/www.altercampagne.net\\\/#website\"},\"primaryImageOfPage\":{\"@id\":\"https:\\\/\\\/www.altercampagne.net\\\/?p=8912#primaryimage\"},\"image\":{\"@id\":\"https:\\\/\\\/www.altercampagne.net\\\/?p=8912#primaryimage\"},\"thumbnailUrl\":\"https:\\\/\\\/www.altercampagne.net\\\/wp-content\\\/uploads\\\/2018\\\/02\\\/IMG_20170801_113651.jpg\",\"datePublished\":\"2018-02-09T14:43:42+00:00\",\"dateModified\":\"2018-02-23T15:26:14+00:00\",\"author\":{\"@id\":\"https:\\\/\\\/www.altercampagne.net\\\/#\\\/schema\\\/person\\\/0f261460c09e430caa0f9bcffa319109\"},\"breadcrumb\":{\"@id\":\"https:\\\/\\\/www.altercampagne.net\\\/?p=8912#breadcrumb\"},\"inLanguage\":\"fr-FR\",\"potentialAction\":[{\"@type\":\"ReadAction\",\"target\":[\"https:\\\/\\\/www.altercampagne.net\\\/?p=8912\"]}]},{\"@type\":\"ImageObject\",\"inLanguage\":\"fr-FR\",\"@id\":\"https:\\\/\\\/www.altercampagne.net\\\/?p=8912#primaryimage\",\"url\":\"https:\\\/\\\/www.altercampagne.net\\\/wp-content\\\/uploads\\\/2018\\\/02\\\/IMG_20170801_113651.jpg\",\"contentUrl\":\"https:\\\/\\\/www.altercampagne.net\\\/wp-content\\\/uploads\\\/2018\\\/02\\\/IMG_20170801_113651.jpg\",\"width\":850,\"height\":444},{\"@type\":\"BreadcrumbList\",\"@id\":\"https:\\\/\\\/www.altercampagne.net\\\/?p=8912#breadcrumb\",\"itemListElement\":[{\"@type\":\"ListItem\",\"position\":1,\"name\":\"Accueil\",\"item\":\"https:\\\/\\\/www.altercampagne.net\\\/\"},{\"@type\":\"ListItem\",\"position\":2,\"name\":\"La ferme collective de la Condamine cultive l\u2019entraide et la sobri\u00e9t\u00e9\"}]},{\"@type\":\"WebSite\",\"@id\":\"https:\\\/\\\/www.altercampagne.net\\\/#website\",\"url\":\"https:\\\/\\\/www.altercampagne.net\\\/\",\"name\":\"AlterTour\",\"description\":\"Reliez les Alternatives \u00e0 v\u00e9lo\",\"potentialAction\":[{\"@type\":\"SearchAction\",\"target\":{\"@type\":\"EntryPoint\",\"urlTemplate\":\"https:\\\/\\\/www.altercampagne.net\\\/?s={search_term_string}\"},\"query-input\":{\"@type\":\"PropertyValueSpecification\",\"valueRequired\":true,\"valueName\":\"search_term_string\"}}],\"inLanguage\":\"fr-FR\"},{\"@type\":\"Person\",\"@id\":\"https:\\\/\\\/www.altercampagne.net\\\/#\\\/schema\\\/person\\\/0f261460c09e430caa0f9bcffa319109\",\"name\":\"Mathieu\",\"image\":{\"@type\":\"ImageObject\",\"inLanguage\":\"fr-FR\",\"@id\":\"https:\\\/\\\/secure.gravatar.com\\\/avatar\\\/aa9d3d24c83f2141e5e2709d0f63d09a99f6be6bb7a50abc4915838d9f54501a?s=96&d=mm&r=g\",\"url\":\"https:\\\/\\\/secure.gravatar.com\\\/avatar\\\/aa9d3d24c83f2141e5e2709d0f63d09a99f6be6bb7a50abc4915838d9f54501a?s=96&d=mm&r=g\",\"contentUrl\":\"https:\\\/\\\/secure.gravatar.com\\\/avatar\\\/aa9d3d24c83f2141e5e2709d0f63d09a99f6be6bb7a50abc4915838d9f54501a?s=96&d=mm&r=g\",\"caption\":\"Mathieu\"},\"url\":\"https:\\\/\\\/www.altercampagne.net\\\/?author=214\"}]}<\/script>\n<!-- \/ Yoast SEO plugin. -->","yoast_head_json":{"title":"La ferme collective de la Condamine cultive l\u2019entraide et la sobri\u00e9t\u00e9 - AlterTour","robots":{"index":"index","follow":"follow","max-snippet":"max-snippet:-1","max-image-preview":"max-image-preview:large","max-video-preview":"max-video-preview:-1"},"canonical":"https:\/\/www.altercampagne.net\/?p=8912","og_locale":"fr_FR","og_type":"article","og_title":"La ferme collective de la Condamine cultive l\u2019entraide et la sobri\u00e9t\u00e9 - AlterTour","og_description":"En p\u00e9riph\u00e9rie de Montpellier, un collectif fait vivre la Ferme urbaine collective de la Condamine, o\u00f9 se nourrissent agriculture biologique et activit\u00e9s p\u00e9dagogiques et culturelles. Montpellier (H\u00e9rault), reportage Le 25 juillet 2017, la caravane de l\u2019AlterTour, apr\u00e8s un passage par le bord de mer et une remont\u00e9e le long du ... Read More","og_url":"https:\/\/www.altercampagne.net\/?p=8912","og_site_name":"AlterTour","article_published_time":"2018-02-09T14:43:42+00:00","article_modified_time":"2018-02-23T15:26:14+00:00","og_image":[{"width":850,"height":444,"url":"https:\/\/www.altercampagne.net\/wp-content\/uploads\/2018\/02\/IMG_20170801_113651.jpg","type":"image\/jpeg"}],"author":"Mathieu","twitter_card":"summary_large_image","twitter_misc":{"\u00c9crit par":"Mathieu","Dur\u00e9e de lecture estim\u00e9e":"7 minutes"},"schema":{"@context":"https:\/\/schema.org","@graph":[{"@type":"Article","@id":"https:\/\/www.altercampagne.net\/?p=8912#article","isPartOf":{"@id":"https:\/\/www.altercampagne.net\/?p=8912"},"author":{"name":"Mathieu","@id":"https:\/\/www.altercampagne.net\/#\/schema\/person\/0f261460c09e430caa0f9bcffa319109"},"headline":"La ferme collective de la Condamine cultive l\u2019entraide et la sobri\u00e9t\u00e9","datePublished":"2018-02-09T14:43:42+00:00","dateModified":"2018-02-23T15:26:14+00:00","mainEntityOfPage":{"@id":"https:\/\/www.altercampagne.net\/?p=8912"},"wordCount":1368,"image":{"@id":"https:\/\/www.altercampagne.net\/?p=8912#primaryimage"},"thumbnailUrl":"https:\/\/www.altercampagne.net\/wp-content\/uploads\/2018\/02\/IMG_20170801_113651.jpg","keywords":["revue Silence","AlterTour","reporterre","accueil paysan","Montpellier","h\u00e9rault","languedoc-roussillon","AlterTour 2017","Occitanie","Ferme Urbaine Collective de la Condamine","ferme collective de la Condamine","Condamine","la cagette","Supermarch\u00e9 coop\u00e9ratif","Terra Coopa"],"articleSection":["Agriculture","Revue de presse","\u00c9dition 2017","Silence","Occitanie"],"inLanguage":"fr-FR"},{"@type":"WebPage","@id":"https:\/\/www.altercampagne.net\/?p=8912","url":"https:\/\/www.altercampagne.net\/?p=8912","name":"La ferme collective de la Condamine cultive l\u2019entraide et la sobri\u00e9t\u00e9 - AlterTour","isPartOf":{"@id":"https:\/\/www.altercampagne.net\/#website"},"primaryImageOfPage":{"@id":"https:\/\/www.altercampagne.net\/?p=8912#primaryimage"},"image":{"@id":"https:\/\/www.altercampagne.net\/?p=8912#primaryimage"},"thumbnailUrl":"https:\/\/www.altercampagne.net\/wp-content\/uploads\/2018\/02\/IMG_20170801_113651.jpg","datePublished":"2018-02-09T14:43:42+00:00","dateModified":"2018-02-23T15:26:14+00:00","author":{"@id":"https:\/\/www.altercampagne.net\/#\/schema\/person\/0f261460c09e430caa0f9bcffa319109"},"breadcrumb":{"@id":"https:\/\/www.altercampagne.net\/?p=8912#breadcrumb"},"inLanguage":"fr-FR","potentialAction":[{"@type":"ReadAction","target":["https:\/\/www.altercampagne.net\/?p=8912"]}]},{"@type":"ImageObject","inLanguage":"fr-FR","@id":"https:\/\/www.altercampagne.net\/?p=8912#primaryimage","url":"https:\/\/www.altercampagne.net\/wp-content\/uploads\/2018\/02\/IMG_20170801_113651.jpg","contentUrl":"https:\/\/www.altercampagne.net\/wp-content\/uploads\/2018\/02\/IMG_20170801_113651.jpg","width":850,"height":444},{"@type":"BreadcrumbList","@id":"https:\/\/www.altercampagne.net\/?p=8912#breadcrumb","itemListElement":[{"@type":"ListItem","position":1,"name":"Accueil","item":"https:\/\/www.altercampagne.net\/"},{"@type":"ListItem","position":2,"name":"La ferme collective de la Condamine cultive l\u2019entraide et la sobri\u00e9t\u00e9"}]},{"@type":"WebSite","@id":"https:\/\/www.altercampagne.net\/#website","url":"https:\/\/www.altercampagne.net\/","name":"AlterTour","description":"Reliez les Alternatives \u00e0 v\u00e9lo","potentialAction":[{"@type":"SearchAction","target":{"@type":"EntryPoint","urlTemplate":"https:\/\/www.altercampagne.net\/?s={search_term_string}"},"query-input":{"@type":"PropertyValueSpecification","valueRequired":true,"valueName":"search_term_string"}}],"inLanguage":"fr-FR"},{"@type":"Person","@id":"https:\/\/www.altercampagne.net\/#\/schema\/person\/0f261460c09e430caa0f9bcffa319109","name":"Mathieu","image":{"@type":"ImageObject","inLanguage":"fr-FR","@id":"https:\/\/secure.gravatar.com\/avatar\/aa9d3d24c83f2141e5e2709d0f63d09a99f6be6bb7a50abc4915838d9f54501a?s=96&d=mm&r=g","url":"https:\/\/secure.gravatar.com\/avatar\/aa9d3d24c83f2141e5e2709d0f63d09a99f6be6bb7a50abc4915838d9f54501a?s=96&d=mm&r=g","contentUrl":"https:\/\/secure.gravatar.com\/avatar\/aa9d3d24c83f2141e5e2709d0f63d09a99f6be6bb7a50abc4915838d9f54501a?s=96&d=mm&r=g","caption":"Mathieu"},"url":"https:\/\/www.altercampagne.net\/?author=214"}]}},"_links":{"self":[{"href":"https:\/\/www.altercampagne.net\/index.php?rest_route=\/wp\/v2\/posts\/8912","targetHints":{"allow":["GET"]}}],"collection":[{"href":"https:\/\/www.altercampagne.net\/index.php?rest_route=\/wp\/v2\/posts"}],"about":[{"href":"https:\/\/www.altercampagne.net\/index.php?rest_route=\/wp\/v2\/types\/post"}],"author":[{"embeddable":true,"href":"https:\/\/www.altercampagne.net\/index.php?rest_route=\/wp\/v2\/users\/214"}],"replies":[{"embeddable":true,"href":"https:\/\/www.altercampagne.net\/index.php?rest_route=%2Fwp%2Fv2%2Fcomments&post=8912"}],"version-history":[{"count":0,"href":"https:\/\/www.altercampagne.net\/index.php?rest_route=\/wp\/v2\/posts\/8912\/revisions"}],"wp:featuredmedia":[{"embeddable":true,"href":"https:\/\/www.altercampagne.net\/index.php?rest_route=\/wp\/v2\/media\/9397"}],"wp:attachment":[{"href":"https:\/\/www.altercampagne.net\/index.php?rest_route=%2Fwp%2Fv2%2Fmedia&parent=8912"}],"wp:term":[{"taxonomy":"category","embeddable":true,"href":"https:\/\/www.altercampagne.net\/index.php?rest_route=%2Fwp%2Fv2%2Fcategories&post=8912"},{"taxonomy":"post_tag","embeddable":true,"href":"https:\/\/www.altercampagne.net\/index.php?rest_route=%2Fwp%2Fv2%2Ftags&post=8912"}],"curies":[{"name":"wp","href":"https:\/\/api.w.org\/{rel}","templated":true}]}}