{"id":9591,"date":"2008-03-19T11:17:29","date_gmt":"2008-03-19T10:17:29","guid":{"rendered":"http:\/\/www.altercampagne.net\/?p=9591"},"modified":"2018-03-02T11:26:08","modified_gmt":"2018-03-02T10:26:08","slug":"ecofestival-de-toucy","status":"publish","type":"post","link":"https:\/\/www.altercampagne.net\/?p=9591","title":{"rendered":"EcoFestival de Toucy"},"content":{"rendered":"<p>L&rsquo;<a href=\"http:\/\/www.ecodomaine.org\/\" target=\"_blank\" rel=\"noopener\">Ecodomaine des Gilats<\/a>, nos partenaires de Toucy pr\u00e9parent leur <a href=\"http:\/\/altercampagne.free.fr\/pages\/2008\/AlterTour\/doc\/EcoFestival-Toucy_9-11mai.pdf\" target=\"_blank\" rel=\"noopener\">EcoFestival<\/a>, qui aura lieu du 9 au 11 mai \u00e0 l&rsquo;endroit o\u00f9 sera accueilli l&rsquo;AlterTour&#8230; exactement 2 mois plus tard.<\/p>\n<p>La question du marquage au sol du parcours cycliste est notamment abord\u00e9 par Maguy de Saintes :<br \/>\n\u00ab\u00a0Samedi, nous avons refait l&rsquo;itin\u00e9raire Genouill\u00e9-Mortagne. Nous avons bien pris nos rep\u00e8res, nous sommes en <span id=\"lw_1205933915_0\">principe<\/span> pr\u00eat pour faire la signalisation le moment venu : nous pensons faire des fl\u00e8ches avec de la peinture \u00e0 l&rsquo;eau (la moins ch\u00e8re) color\u00e9e en vert presque fluo ; accentu\u00e9es dans certains points stat\u00e9giques par une pancarte avec logo et peut \u00eatre banderolle ? Qu&rsquo;en pensez-vous ?\u00a0\u00bb<br \/>\n\u00ab\u00a0<em>Il y plusieurs solutions adopt\u00e9es par les comit\u00e9s d&rsquo;\u00e9tape, qui reposent toutes sur un fl\u00e9chage au sol\u00a0 <strong>biod\u00e9gradable<\/strong> :<br \/>\n&#8211; lait de chaux (chaux a\u00e9rienne liqu\u00e9fi\u00e9e, bon march\u00e9 et sans doute moins toxique que la peinture \u00e0 l&rsquo;eau) ;<br \/>\n&#8211; fl\u00e8ches au sol sp\u00e9cialement adapt\u00e9es aux parcours cyclistes, en mat\u00e9riau bio (<\/em>\u00e0 Valgorge : <a href=\"mailto:lafontdesroches@tele2.fr\">Laurent<\/a><em>) ;<br \/>\n&#8211; peinture \u00e0 l&rsquo;eau.<br \/>\nUne signalisation particuli\u00e8re de certains changements de direction est certainement n\u00e9cessaire.<br \/>\nChaque bin\u00f4me de cyclistes recevra un plan de route simplifi\u00e9. De cette mani\u00e8re, on limitera les pertes :-). <\/em>\u00ab\u00a0<\/p>\n","protected":false},"excerpt":{"rendered":"<p>L&rsquo;Ecodomaine des Gilats, nos partenaires de Toucy pr\u00e9parent leur EcoFestival, qui aura lieu du 9 au 11 mai \u00e0 l&rsquo;endroit o\u00f9 sera accueilli l&rsquo;AlterTour&#8230; exactement 2 mois plus tard. La question du marquage au sol du parcours cycliste est notamment abord\u00e9 par Maguy de Saintes : \u00ab\u00a0Samedi, nous avons refait &#8230; <\/p>\n<div><a href=\"https:\/\/www.altercampagne.net\/?p=9591\" class=\"more-link\">Read More<\/a><\/div>\n","protected":false},"author":214,"featured_media":9592,"comment_status":"closed","ping_status":"closed","sticky":false,"template":"","format":"standard","meta":{"footnotes":""},"categories":[3483,3495,3494],"tags":[984,1017,1057,3496,3497,3498,3499],"class_list":["post-9591","post","type-post","status-publish","format-standard","has-post-thumbnail","hentry","category-agriculture","category-bourgogne-franche-comte","category-edition-2008","tag-toucy","tag-bourgogne","tag-yonne","tag-bourgogne-franche-comte","tag-ecofestival","tag-genouille-mortagne","tag-ecodomaine-des-gilats"],"yoast_head":"<!-- This site is optimized with the Yoast SEO plugin v27.3 - https:\/\/yoast.com\/product\/yoast-seo-wordpress\/ -->\n<title>EcoFestival de Toucy - AlterTour<\/title>\n<meta name=\"robots\" content=\"index, follow, max-snippet:-1, max-image-preview:large, max-video-preview:-1\" \/>\n<link rel=\"canonical\" href=\"https:\/\/www.altercampagne.net\/?p=9591\" \/>\n<meta property=\"og:locale\" content=\"fr_FR\" \/>\n<meta property=\"og:type\" content=\"article\" \/>\n<meta property=\"og:title\" content=\"EcoFestival de Toucy - AlterTour\" \/>\n<meta property=\"og:description\" content=\"L&rsquo;Ecodomaine des Gilats, nos partenaires de Toucy pr\u00e9parent leur EcoFestival, qui aura lieu du 9 au 11 mai \u00e0 l&rsquo;endroit o\u00f9 sera accueilli l&rsquo;AlterTour&#8230; exactement 2 mois plus tard. La question du marquage au sol du parcours cycliste est notamment abord\u00e9 par Maguy de Saintes : \u00ab\u00a0Samedi, nous avons refait ... Read More\" \/>\n<meta property=\"og:url\" content=\"https:\/\/www.altercampagne.net\/?p=9591\" \/>\n<meta property=\"og:site_name\" content=\"AlterTour\" \/>\n<meta property=\"article:published_time\" content=\"2008-03-19T10:17:29+00:00\" \/>\n<meta property=\"article:modified_time\" content=\"2018-03-02T10:26:08+00:00\" \/>\n<meta property=\"og:image\" content=\"https:\/\/www.altercampagne.net\/wp-content\/uploads\/2018\/03\/DSCF5428_1.jpg\" \/>\n\t<meta property=\"og:image:width\" content=\"613\" \/>\n\t<meta property=\"og:image:height\" content=\"321\" \/>\n\t<meta property=\"og:image:type\" content=\"image\/jpeg\" \/>\n<meta name=\"author\" content=\"Mathieu\" \/>\n<meta name=\"twitter:card\" content=\"summary_large_image\" \/>\n<meta name=\"twitter:label1\" content=\"\u00c9crit par\" \/>\n\t<meta name=\"twitter:data1\" content=\"Mathieu\" \/>\n\t<meta name=\"twitter:label2\" content=\"Dur\u00e9e de lecture estim\u00e9e\" \/>\n\t<meta name=\"twitter:data2\" content=\"1 minute\" \/>\n<script type=\"application\/ld+json\" class=\"yoast-schema-graph\">{\"@context\":\"https:\\\/\\\/schema.org\",\"@graph\":[{\"@type\":\"Article\",\"@id\":\"https:\\\/\\\/www.altercampagne.net\\\/?p=9591#article\",\"isPartOf\":{\"@id\":\"https:\\\/\\\/www.altercampagne.net\\\/?p=9591\"},\"author\":{\"name\":\"Mathieu\",\"@id\":\"https:\\\/\\\/www.altercampagne.net\\\/#\\\/schema\\\/person\\\/0f261460c09e430caa0f9bcffa319109\"},\"headline\":\"EcoFestival de Toucy\",\"datePublished\":\"2008-03-19T10:17:29+00:00\",\"dateModified\":\"2018-03-02T10:26:08+00:00\",\"mainEntityOfPage\":{\"@id\":\"https:\\\/\\\/www.altercampagne.net\\\/?p=9591\"},\"wordCount\":218,\"image\":{\"@id\":\"https:\\\/\\\/www.altercampagne.net\\\/?p=9591#primaryimage\"},\"thumbnailUrl\":\"https:\\\/\\\/www.altercampagne.net\\\/wp-content\\\/uploads\\\/2018\\\/03\\\/DSCF5428_1.jpg\",\"keywords\":[\"Toucy\",\"Bourgogne\",\"yonne\",\"Bourgogne-Franche-Comt\u00e9\",\"EcoFestival\",\"Genouill\u00e9-Mortagne\",\"Ecodomaine des Gilats\"],\"articleSection\":[\"Agriculture\",\"Bourgogne-Franche-Comt\u00e9\",\"Edition 2008\"],\"inLanguage\":\"fr-FR\"},{\"@type\":\"WebPage\",\"@id\":\"https:\\\/\\\/www.altercampagne.net\\\/?p=9591\",\"url\":\"https:\\\/\\\/www.altercampagne.net\\\/?p=9591\",\"name\":\"EcoFestival de Toucy - AlterTour\",\"isPartOf\":{\"@id\":\"https:\\\/\\\/www.altercampagne.net\\\/#website\"},\"primaryImageOfPage\":{\"@id\":\"https:\\\/\\\/www.altercampagne.net\\\/?p=9591#primaryimage\"},\"image\":{\"@id\":\"https:\\\/\\\/www.altercampagne.net\\\/?p=9591#primaryimage\"},\"thumbnailUrl\":\"https:\\\/\\\/www.altercampagne.net\\\/wp-content\\\/uploads\\\/2018\\\/03\\\/DSCF5428_1.jpg\",\"datePublished\":\"2008-03-19T10:17:29+00:00\",\"dateModified\":\"2018-03-02T10:26:08+00:00\",\"author\":{\"@id\":\"https:\\\/\\\/www.altercampagne.net\\\/#\\\/schema\\\/person\\\/0f261460c09e430caa0f9bcffa319109\"},\"breadcrumb\":{\"@id\":\"https:\\\/\\\/www.altercampagne.net\\\/?p=9591#breadcrumb\"},\"inLanguage\":\"fr-FR\",\"potentialAction\":[{\"@type\":\"ReadAction\",\"target\":[\"https:\\\/\\\/www.altercampagne.net\\\/?p=9591\"]}]},{\"@type\":\"ImageObject\",\"inLanguage\":\"fr-FR\",\"@id\":\"https:\\\/\\\/www.altercampagne.net\\\/?p=9591#primaryimage\",\"url\":\"https:\\\/\\\/www.altercampagne.net\\\/wp-content\\\/uploads\\\/2018\\\/03\\\/DSCF5428_1.jpg\",\"contentUrl\":\"https:\\\/\\\/www.altercampagne.net\\\/wp-content\\\/uploads\\\/2018\\\/03\\\/DSCF5428_1.jpg\",\"width\":613,\"height\":321},{\"@type\":\"BreadcrumbList\",\"@id\":\"https:\\\/\\\/www.altercampagne.net\\\/?p=9591#breadcrumb\",\"itemListElement\":[{\"@type\":\"ListItem\",\"position\":1,\"name\":\"Accueil\",\"item\":\"https:\\\/\\\/www.altercampagne.net\\\/\"},{\"@type\":\"ListItem\",\"position\":2,\"name\":\"EcoFestival de Toucy\"}]},{\"@type\":\"WebSite\",\"@id\":\"https:\\\/\\\/www.altercampagne.net\\\/#website\",\"url\":\"https:\\\/\\\/www.altercampagne.net\\\/\",\"name\":\"AlterTour\",\"description\":\"Reliez les Alternatives \u00e0 v\u00e9lo\",\"potentialAction\":[{\"@type\":\"SearchAction\",\"target\":{\"@type\":\"EntryPoint\",\"urlTemplate\":\"https:\\\/\\\/www.altercampagne.net\\\/?s={search_term_string}\"},\"query-input\":{\"@type\":\"PropertyValueSpecification\",\"valueRequired\":true,\"valueName\":\"search_term_string\"}}],\"inLanguage\":\"fr-FR\"},{\"@type\":\"Person\",\"@id\":\"https:\\\/\\\/www.altercampagne.net\\\/#\\\/schema\\\/person\\\/0f261460c09e430caa0f9bcffa319109\",\"name\":\"Mathieu\",\"image\":{\"@type\":\"ImageObject\",\"inLanguage\":\"fr-FR\",\"@id\":\"https:\\\/\\\/secure.gravatar.com\\\/avatar\\\/aa9d3d24c83f2141e5e2709d0f63d09a99f6be6bb7a50abc4915838d9f54501a?s=96&d=mm&r=g\",\"url\":\"https:\\\/\\\/secure.gravatar.com\\\/avatar\\\/aa9d3d24c83f2141e5e2709d0f63d09a99f6be6bb7a50abc4915838d9f54501a?s=96&d=mm&r=g\",\"contentUrl\":\"https:\\\/\\\/secure.gravatar.com\\\/avatar\\\/aa9d3d24c83f2141e5e2709d0f63d09a99f6be6bb7a50abc4915838d9f54501a?s=96&d=mm&r=g\",\"caption\":\"Mathieu\"},\"url\":\"https:\\\/\\\/www.altercampagne.net\\\/?author=214\"}]}<\/script>\n<!-- \/ Yoast SEO plugin. -->","yoast_head_json":{"title":"EcoFestival de Toucy - AlterTour","robots":{"index":"index","follow":"follow","max-snippet":"max-snippet:-1","max-image-preview":"max-image-preview:large","max-video-preview":"max-video-preview:-1"},"canonical":"https:\/\/www.altercampagne.net\/?p=9591","og_locale":"fr_FR","og_type":"article","og_title":"EcoFestival de Toucy - AlterTour","og_description":"L&rsquo;Ecodomaine des Gilats, nos partenaires de Toucy pr\u00e9parent leur EcoFestival, qui aura lieu du 9 au 11 mai \u00e0 l&rsquo;endroit o\u00f9 sera accueilli l&rsquo;AlterTour&#8230; exactement 2 mois plus tard. La question du marquage au sol du parcours cycliste est notamment abord\u00e9 par Maguy de Saintes : \u00ab\u00a0Samedi, nous avons refait ... Read More","og_url":"https:\/\/www.altercampagne.net\/?p=9591","og_site_name":"AlterTour","article_published_time":"2008-03-19T10:17:29+00:00","article_modified_time":"2018-03-02T10:26:08+00:00","og_image":[{"width":613,"height":321,"url":"https:\/\/www.altercampagne.net\/wp-content\/uploads\/2018\/03\/DSCF5428_1.jpg","type":"image\/jpeg"}],"author":"Mathieu","twitter_card":"summary_large_image","twitter_misc":{"\u00c9crit par":"Mathieu","Dur\u00e9e de lecture estim\u00e9e":"1 minute"},"schema":{"@context":"https:\/\/schema.org","@graph":[{"@type":"Article","@id":"https:\/\/www.altercampagne.net\/?p=9591#article","isPartOf":{"@id":"https:\/\/www.altercampagne.net\/?p=9591"},"author":{"name":"Mathieu","@id":"https:\/\/www.altercampagne.net\/#\/schema\/person\/0f261460c09e430caa0f9bcffa319109"},"headline":"EcoFestival de Toucy","datePublished":"2008-03-19T10:17:29+00:00","dateModified":"2018-03-02T10:26:08+00:00","mainEntityOfPage":{"@id":"https:\/\/www.altercampagne.net\/?p=9591"},"wordCount":218,"image":{"@id":"https:\/\/www.altercampagne.net\/?p=9591#primaryimage"},"thumbnailUrl":"https:\/\/www.altercampagne.net\/wp-content\/uploads\/2018\/03\/DSCF5428_1.jpg","keywords":["Toucy","Bourgogne","yonne","Bourgogne-Franche-Comt\u00e9","EcoFestival","Genouill\u00e9-Mortagne","Ecodomaine des Gilats"],"articleSection":["Agriculture","Bourgogne-Franche-Comt\u00e9","Edition 2008"],"inLanguage":"fr-FR"},{"@type":"WebPage","@id":"https:\/\/www.altercampagne.net\/?p=9591","url":"https:\/\/www.altercampagne.net\/?p=9591","name":"EcoFestival de Toucy - AlterTour","isPartOf":{"@id":"https:\/\/www.altercampagne.net\/#website"},"primaryImageOfPage":{"@id":"https:\/\/www.altercampagne.net\/?p=9591#primaryimage"},"image":{"@id":"https:\/\/www.altercampagne.net\/?p=9591#primaryimage"},"thumbnailUrl":"https:\/\/www.altercampagne.net\/wp-content\/uploads\/2018\/03\/DSCF5428_1.jpg","datePublished":"2008-03-19T10:17:29+00:00","dateModified":"2018-03-02T10:26:08+00:00","author":{"@id":"https:\/\/www.altercampagne.net\/#\/schema\/person\/0f261460c09e430caa0f9bcffa319109"},"breadcrumb":{"@id":"https:\/\/www.altercampagne.net\/?p=9591#breadcrumb"},"inLanguage":"fr-FR","potentialAction":[{"@type":"ReadAction","target":["https:\/\/www.altercampagne.net\/?p=9591"]}]},{"@type":"ImageObject","inLanguage":"fr-FR","@id":"https:\/\/www.altercampagne.net\/?p=9591#primaryimage","url":"https:\/\/www.altercampagne.net\/wp-content\/uploads\/2018\/03\/DSCF5428_1.jpg","contentUrl":"https:\/\/www.altercampagne.net\/wp-content\/uploads\/2018\/03\/DSCF5428_1.jpg","width":613,"height":321},{"@type":"BreadcrumbList","@id":"https:\/\/www.altercampagne.net\/?p=9591#breadcrumb","itemListElement":[{"@type":"ListItem","position":1,"name":"Accueil","item":"https:\/\/www.altercampagne.net\/"},{"@type":"ListItem","position":2,"name":"EcoFestival de Toucy"}]},{"@type":"WebSite","@id":"https:\/\/www.altercampagne.net\/#website","url":"https:\/\/www.altercampagne.net\/","name":"AlterTour","description":"Reliez les Alternatives \u00e0 v\u00e9lo","potentialAction":[{"@type":"SearchAction","target":{"@type":"EntryPoint","urlTemplate":"https:\/\/www.altercampagne.net\/?s={search_term_string}"},"query-input":{"@type":"PropertyValueSpecification","valueRequired":true,"valueName":"search_term_string"}}],"inLanguage":"fr-FR"},{"@type":"Person","@id":"https:\/\/www.altercampagne.net\/#\/schema\/person\/0f261460c09e430caa0f9bcffa319109","name":"Mathieu","image":{"@type":"ImageObject","inLanguage":"fr-FR","@id":"https:\/\/secure.gravatar.com\/avatar\/aa9d3d24c83f2141e5e2709d0f63d09a99f6be6bb7a50abc4915838d9f54501a?s=96&d=mm&r=g","url":"https:\/\/secure.gravatar.com\/avatar\/aa9d3d24c83f2141e5e2709d0f63d09a99f6be6bb7a50abc4915838d9f54501a?s=96&d=mm&r=g","contentUrl":"https:\/\/secure.gravatar.com\/avatar\/aa9d3d24c83f2141e5e2709d0f63d09a99f6be6bb7a50abc4915838d9f54501a?s=96&d=mm&r=g","caption":"Mathieu"},"url":"https:\/\/www.altercampagne.net\/?author=214"}]}},"_links":{"self":[{"href":"https:\/\/www.altercampagne.net\/index.php?rest_route=\/wp\/v2\/posts\/9591","targetHints":{"allow":["GET"]}}],"collection":[{"href":"https:\/\/www.altercampagne.net\/index.php?rest_route=\/wp\/v2\/posts"}],"about":[{"href":"https:\/\/www.altercampagne.net\/index.php?rest_route=\/wp\/v2\/types\/post"}],"author":[{"embeddable":true,"href":"https:\/\/www.altercampagne.net\/index.php?rest_route=\/wp\/v2\/users\/214"}],"replies":[{"embeddable":true,"href":"https:\/\/www.altercampagne.net\/index.php?rest_route=%2Fwp%2Fv2%2Fcomments&post=9591"}],"version-history":[{"count":0,"href":"https:\/\/www.altercampagne.net\/index.php?rest_route=\/wp\/v2\/posts\/9591\/revisions"}],"wp:featuredmedia":[{"embeddable":true,"href":"https:\/\/www.altercampagne.net\/index.php?rest_route=\/wp\/v2\/media\/9592"}],"wp:attachment":[{"href":"https:\/\/www.altercampagne.net\/index.php?rest_route=%2Fwp%2Fv2%2Fmedia&parent=9591"}],"wp:term":[{"taxonomy":"category","embeddable":true,"href":"https:\/\/www.altercampagne.net\/index.php?rest_route=%2Fwp%2Fv2%2Fcategories&post=9591"},{"taxonomy":"post_tag","embeddable":true,"href":"https:\/\/www.altercampagne.net\/index.php?rest_route=%2Fwp%2Fv2%2Ftags&post=9591"}],"curies":[{"name":"wp","href":"https:\/\/api.w.org\/{rel}","templated":true}]}}