{"id":9594,"date":"2008-03-10T11:20:16","date_gmt":"2008-03-10T10:20:16","guid":{"rendered":"http:\/\/www.altercampagne.net\/?p=9594"},"modified":"2018-03-02T11:44:32","modified_gmt":"2018-03-02T10:44:32","slug":"on-sactive-dans-le-sud-ouest-pour-la-preparation-de-laltertour","status":"publish","type":"post","link":"https:\/\/www.altercampagne.net\/?p=9594","title":{"rendered":"On s&rsquo;active dans le Sud-Ouest pour la pr\u00e9paration de l&rsquo;AlterTour"},"content":{"rendered":"<p><span class=\"Style27\"><span class=\"Style25\">Pas de vacances scolaires pour les concepteurs de l&rsquo;AlterTour, qui \u0153uvrent en parall\u00e8le dans leurs quartiers respectifs tout en se coordonnant : B\u00e9n\u00e9dicte de Pau et Jean-Luc d&rsquo;Agen.<\/span><br \/>\n<span class=\"Style25\">(1er mars)<\/span> \u00a0\u00bb Nous avons eu une super r\u00e9union pour la pr\u00e9paration de l&rsquo;\u00e9tape de Pau et quelques nouvelles des landais, mais je dois les appeler, un Tarbais et quelques rep\u00e8res pris pour les \u00e9tapes, th\u00e8mes etc, \u00e7a va avancer. Pour ce qui est de l&rsquo;\u00e9tape du 23-24, Pau-Emmaus, nous \u00e9tions nombreux et nous nous sommes r\u00e9parti le travail en commission : Trajet, F\u00eate-Animation, Accueil-H\u00e9bergement, Conf\u00e9rence-D\u00e9bats, Fabrication d&rsquo;Altercyclettes, Bus&#8230; Bref, \u00e7a va \u00eatre bien.<\/span>\u00a0\u00bb B\u00e9n\u00e9dicte de Pau<br \/>\n(le 3 mars) \u00ab\u00a0<span class=\"Style27\">Rendez-vous fructueux aujourd&rsquo;hui, avec Alain Delprat, directeur de la MJC de St Livrade !<br \/>\nA priori nous aurons donc le camping et une grande salle polyvalente contigue, ainsi que les \u00e9quipements de ma MJC (salle de cin\u00e9ma, salles d&rsquo;activit\u00e9s, salles de r\u00e9union, r\u00e9fectoire&#8230;) et tout le personnel de la MJC (15 personnes) pour ce projet !!! Il se trouve que cette ann\u00e9e le th\u00e8me de la saison d&rsquo;exposition est \u00ab\u00a0de l&rsquo;exil \u00e0 l&rsquo;exode\u00a0\u00bb et que le 19 Juillet 2008 viendra clore l&rsquo;ann\u00e9e du 40\u00b0 anniversaire de la cr\u00e9ation de cette MJC, ouverte d\u00e9s ses d\u00e9buts pour d\u00e9velopper des actions autour de l&rsquo;interculturalit\u00e9.<br \/>\nNous aurons donc 3 jours de festivit\u00e9s, du Samedi 19 au Lundi 21 Juillet !!!<br \/>\n&#8211; Le Samedi 19 Juillet, la MJC organise la cl\u00f4ture de ce 40\u00b0 anniversaire.<br \/>\n&#8211; Le Dimanche 20 Juillet, un Festival de la Terre rassemblera toutes les associations des cultures \u00e9trang\u00e8res mais aussi r\u00e9gionales et chacune viendra pr\u00e9senter sa culture d&rsquo;origine, dans la diversit\u00e9 des cuisines, des chants, des danses et des traditions.<br \/>\n&#8211; Le Lundi 21 Juillet, l&rsquo;AlterTour arrivera \u00e0 St Livrade et sera entre autre l&rsquo;occasion de relier diversit\u00e9 culturelle et bio diversit\u00e9, en reliant peut-\u00eatre les vari\u00e9t\u00e9s v\u00e9g\u00e9tales et animales sp\u00e9cifiques aux cultures de ces pays et de ces r\u00e9gions ?! Des mill\u00e9naires de s\u00e9lection par les paysans ont permis d&rsquo;obtenir et d&rsquo;\u00e9changer librement des vari\u00e9t\u00e9s adapt\u00e9es aux divers climats et sols, et cette richesse doit \u00eatre pr\u00e9serv\u00e9e face \u00e0 la captation et au brevetage du vivant op\u00e9r\u00e9 par les grandes firmes industrielles.<br \/>\nLe mardi 25 Mars, une r\u00e9union sera l&rsquo;occasion de cr\u00e9er le \u00ab\u00a0collectif d&rsquo;organisation\u00a0\u00bb de cette \u00e9tape de l&rsquo;AlterTour. RDV \u00e0 18H30 \u00e0 la MJC de St Livrade. (repas auberge espagnole). Un ordre du jour et une liste des \u00ab\u00a0invit\u00e9s\u00a0\u00bb organisateurs doit \u00eatre \u00e9labor\u00e9e ces jours ci, \u00e9chang\u00e9e et valid\u00e9e entre Emile Mas, Alain Delprat, et moi m\u00eame&#8230;<br \/>\nD&rsquo;autre part, j&rsquo;ai \u00e9tudi\u00e9 le parcours pour les cyclistes, entre Meilhan\/Garonne et St Livrade, pour le 20 Juillet, ainsi que le parcours pour le 21 Juillet.<br \/>\nLe parcours Meilhan \/ St Livrade (55 km) se fera le long du canal pour les 20 premiers KM et sur petites routes de plaine pour le restant. Une \u00e9tape tranquille&#8230;<br \/>\nCe parcours s&rsquo;effectuera dans sa majorit\u00e9 sur des petites d\u00e9partementales bien d\u00e9gag\u00e9es. Des villes-\u00e9tapes se relaient tous les 15 \u00e0 20 km. Il faut bien \u00e9videmment affiner cette premi\u00e8re version et aller sur le terrain pour v\u00e9rifier les conditions de route et la difficult\u00e9 du circuit.<\/span>\u00a0\u00bb Jean-Luc d&rsquo;Agen<\/p>\n","protected":false},"excerpt":{"rendered":"<p>Pas de vacances scolaires pour les concepteurs de l&rsquo;AlterTour, qui \u0153uvrent en parall\u00e8le dans leurs quartiers respectifs tout en se coordonnant : B\u00e9n\u00e9dicte de Pau et Jean-Luc d&rsquo;Agen. (1er mars) \u00a0\u00bb Nous avons eu une super r\u00e9union pour la pr\u00e9paration de l&rsquo;\u00e9tape de Pau et quelques nouvelles des landais, mais &#8230; <\/p>\n<div><a href=\"https:\/\/www.altercampagne.net\/?p=9594\" class=\"more-link\">Read More<\/a><\/div>\n","protected":false},"author":214,"featured_media":9596,"comment_status":"closed","ping_status":"closed","sticky":false,"template":"","format":"standard","meta":{"footnotes":""},"categories":[3479,3494],"tags":[1098,3500],"class_list":["post-9594","post","type-post","status-publish","format-standard","has-post-thumbnail","hentry","category-nouvelle-aquitaine","category-edition-2008","tag-altertour-2008","tag-3500"],"yoast_head":"<!-- This site is optimized with the Yoast SEO plugin v27.3 - https:\/\/yoast.com\/product\/yoast-seo-wordpress\/ -->\n<title>On s&#039;active dans le Sud-Ouest pour la pr\u00e9paration de l&#039;AlterTour - AlterTour<\/title>\n<meta name=\"robots\" content=\"index, follow, max-snippet:-1, max-image-preview:large, max-video-preview:-1\" \/>\n<link rel=\"canonical\" href=\"https:\/\/www.altercampagne.net\/?p=9594\" \/>\n<meta property=\"og:locale\" content=\"fr_FR\" \/>\n<meta property=\"og:type\" content=\"article\" \/>\n<meta property=\"og:title\" content=\"On s&#039;active dans le Sud-Ouest pour la pr\u00e9paration de l&#039;AlterTour - AlterTour\" \/>\n<meta property=\"og:description\" content=\"Pas de vacances scolaires pour les concepteurs de l&rsquo;AlterTour, qui \u0153uvrent en parall\u00e8le dans leurs quartiers respectifs tout en se coordonnant : B\u00e9n\u00e9dicte de Pau et Jean-Luc d&rsquo;Agen. (1er mars) \u00a0\u00bb Nous avons eu une super r\u00e9union pour la pr\u00e9paration de l&rsquo;\u00e9tape de Pau et quelques nouvelles des landais, mais ... Read More\" \/>\n<meta property=\"og:url\" content=\"https:\/\/www.altercampagne.net\/?p=9594\" \/>\n<meta property=\"og:site_name\" content=\"AlterTour\" \/>\n<meta property=\"article:published_time\" content=\"2008-03-10T10:20:16+00:00\" \/>\n<meta property=\"article:modified_time\" content=\"2018-03-02T10:44:32+00:00\" \/>\n<meta property=\"og:image\" content=\"https:\/\/www.altercampagne.net\/wp-content\/uploads\/2018\/03\/2008-07-06_09.53.jpg\" \/>\n\t<meta property=\"og:image:width\" content=\"1000\" \/>\n\t<meta property=\"og:image:height\" content=\"524\" \/>\n\t<meta property=\"og:image:type\" content=\"image\/jpeg\" \/>\n<meta name=\"author\" content=\"Mathieu\" \/>\n<meta name=\"twitter:card\" content=\"summary_large_image\" \/>\n<meta name=\"twitter:label1\" content=\"\u00c9crit par\" \/>\n\t<meta name=\"twitter:data1\" content=\"Mathieu\" \/>\n\t<meta name=\"twitter:label2\" content=\"Dur\u00e9e de lecture estim\u00e9e\" \/>\n\t<meta name=\"twitter:data2\" content=\"3 minutes\" \/>\n<script type=\"application\/ld+json\" class=\"yoast-schema-graph\">{\"@context\":\"https:\\\/\\\/schema.org\",\"@graph\":[{\"@type\":\"Article\",\"@id\":\"https:\\\/\\\/www.altercampagne.net\\\/?p=9594#article\",\"isPartOf\":{\"@id\":\"https:\\\/\\\/www.altercampagne.net\\\/?p=9594\"},\"author\":{\"name\":\"Mathieu\",\"@id\":\"https:\\\/\\\/www.altercampagne.net\\\/#\\\/schema\\\/person\\\/0f261460c09e430caa0f9bcffa319109\"},\"headline\":\"On s&rsquo;active dans le Sud-Ouest pour la pr\u00e9paration de l&rsquo;AlterTour\",\"datePublished\":\"2008-03-10T10:20:16+00:00\",\"dateModified\":\"2018-03-02T10:44:32+00:00\",\"mainEntityOfPage\":{\"@id\":\"https:\\\/\\\/www.altercampagne.net\\\/?p=9594\"},\"wordCount\":586,\"image\":{\"@id\":\"https:\\\/\\\/www.altercampagne.net\\\/?p=9594#primaryimage\"},\"thumbnailUrl\":\"https:\\\/\\\/www.altercampagne.net\\\/wp-content\\\/uploads\\\/2018\\\/03\\\/2008-07-06_09.53.jpg\",\"keywords\":[\"AlterTour 2008\",\"2008\"],\"articleSection\":[\"Nouvelle-Aquitaine\",\"Edition 2008\"],\"inLanguage\":\"fr-FR\"},{\"@type\":\"WebPage\",\"@id\":\"https:\\\/\\\/www.altercampagne.net\\\/?p=9594\",\"url\":\"https:\\\/\\\/www.altercampagne.net\\\/?p=9594\",\"name\":\"On s'active dans le Sud-Ouest pour la pr\u00e9paration de l'AlterTour - AlterTour\",\"isPartOf\":{\"@id\":\"https:\\\/\\\/www.altercampagne.net\\\/#website\"},\"primaryImageOfPage\":{\"@id\":\"https:\\\/\\\/www.altercampagne.net\\\/?p=9594#primaryimage\"},\"image\":{\"@id\":\"https:\\\/\\\/www.altercampagne.net\\\/?p=9594#primaryimage\"},\"thumbnailUrl\":\"https:\\\/\\\/www.altercampagne.net\\\/wp-content\\\/uploads\\\/2018\\\/03\\\/2008-07-06_09.53.jpg\",\"datePublished\":\"2008-03-10T10:20:16+00:00\",\"dateModified\":\"2018-03-02T10:44:32+00:00\",\"author\":{\"@id\":\"https:\\\/\\\/www.altercampagne.net\\\/#\\\/schema\\\/person\\\/0f261460c09e430caa0f9bcffa319109\"},\"breadcrumb\":{\"@id\":\"https:\\\/\\\/www.altercampagne.net\\\/?p=9594#breadcrumb\"},\"inLanguage\":\"fr-FR\",\"potentialAction\":[{\"@type\":\"ReadAction\",\"target\":[\"https:\\\/\\\/www.altercampagne.net\\\/?p=9594\"]}]},{\"@type\":\"ImageObject\",\"inLanguage\":\"fr-FR\",\"@id\":\"https:\\\/\\\/www.altercampagne.net\\\/?p=9594#primaryimage\",\"url\":\"https:\\\/\\\/www.altercampagne.net\\\/wp-content\\\/uploads\\\/2018\\\/03\\\/2008-07-06_09.53.jpg\",\"contentUrl\":\"https:\\\/\\\/www.altercampagne.net\\\/wp-content\\\/uploads\\\/2018\\\/03\\\/2008-07-06_09.53.jpg\",\"width\":1000,\"height\":524},{\"@type\":\"BreadcrumbList\",\"@id\":\"https:\\\/\\\/www.altercampagne.net\\\/?p=9594#breadcrumb\",\"itemListElement\":[{\"@type\":\"ListItem\",\"position\":1,\"name\":\"Accueil\",\"item\":\"https:\\\/\\\/www.altercampagne.net\\\/\"},{\"@type\":\"ListItem\",\"position\":2,\"name\":\"On s&rsquo;active dans le Sud-Ouest pour la pr\u00e9paration de l&rsquo;AlterTour\"}]},{\"@type\":\"WebSite\",\"@id\":\"https:\\\/\\\/www.altercampagne.net\\\/#website\",\"url\":\"https:\\\/\\\/www.altercampagne.net\\\/\",\"name\":\"AlterTour\",\"description\":\"Reliez les Alternatives \u00e0 v\u00e9lo\",\"potentialAction\":[{\"@type\":\"SearchAction\",\"target\":{\"@type\":\"EntryPoint\",\"urlTemplate\":\"https:\\\/\\\/www.altercampagne.net\\\/?s={search_term_string}\"},\"query-input\":{\"@type\":\"PropertyValueSpecification\",\"valueRequired\":true,\"valueName\":\"search_term_string\"}}],\"inLanguage\":\"fr-FR\"},{\"@type\":\"Person\",\"@id\":\"https:\\\/\\\/www.altercampagne.net\\\/#\\\/schema\\\/person\\\/0f261460c09e430caa0f9bcffa319109\",\"name\":\"Mathieu\",\"image\":{\"@type\":\"ImageObject\",\"inLanguage\":\"fr-FR\",\"@id\":\"https:\\\/\\\/secure.gravatar.com\\\/avatar\\\/aa9d3d24c83f2141e5e2709d0f63d09a99f6be6bb7a50abc4915838d9f54501a?s=96&d=mm&r=g\",\"url\":\"https:\\\/\\\/secure.gravatar.com\\\/avatar\\\/aa9d3d24c83f2141e5e2709d0f63d09a99f6be6bb7a50abc4915838d9f54501a?s=96&d=mm&r=g\",\"contentUrl\":\"https:\\\/\\\/secure.gravatar.com\\\/avatar\\\/aa9d3d24c83f2141e5e2709d0f63d09a99f6be6bb7a50abc4915838d9f54501a?s=96&d=mm&r=g\",\"caption\":\"Mathieu\"},\"url\":\"https:\\\/\\\/www.altercampagne.net\\\/?author=214\"}]}<\/script>\n<!-- \/ Yoast SEO plugin. -->","yoast_head_json":{"title":"On s'active dans le Sud-Ouest pour la pr\u00e9paration de l'AlterTour - AlterTour","robots":{"index":"index","follow":"follow","max-snippet":"max-snippet:-1","max-image-preview":"max-image-preview:large","max-video-preview":"max-video-preview:-1"},"canonical":"https:\/\/www.altercampagne.net\/?p=9594","og_locale":"fr_FR","og_type":"article","og_title":"On s'active dans le Sud-Ouest pour la pr\u00e9paration de l'AlterTour - AlterTour","og_description":"Pas de vacances scolaires pour les concepteurs de l&rsquo;AlterTour, qui \u0153uvrent en parall\u00e8le dans leurs quartiers respectifs tout en se coordonnant : B\u00e9n\u00e9dicte de Pau et Jean-Luc d&rsquo;Agen. (1er mars) \u00a0\u00bb Nous avons eu une super r\u00e9union pour la pr\u00e9paration de l&rsquo;\u00e9tape de Pau et quelques nouvelles des landais, mais ... Read More","og_url":"https:\/\/www.altercampagne.net\/?p=9594","og_site_name":"AlterTour","article_published_time":"2008-03-10T10:20:16+00:00","article_modified_time":"2018-03-02T10:44:32+00:00","og_image":[{"width":1000,"height":524,"url":"https:\/\/www.altercampagne.net\/wp-content\/uploads\/2018\/03\/2008-07-06_09.53.jpg","type":"image\/jpeg"}],"author":"Mathieu","twitter_card":"summary_large_image","twitter_misc":{"\u00c9crit par":"Mathieu","Dur\u00e9e de lecture estim\u00e9e":"3 minutes"},"schema":{"@context":"https:\/\/schema.org","@graph":[{"@type":"Article","@id":"https:\/\/www.altercampagne.net\/?p=9594#article","isPartOf":{"@id":"https:\/\/www.altercampagne.net\/?p=9594"},"author":{"name":"Mathieu","@id":"https:\/\/www.altercampagne.net\/#\/schema\/person\/0f261460c09e430caa0f9bcffa319109"},"headline":"On s&rsquo;active dans le Sud-Ouest pour la pr\u00e9paration de l&rsquo;AlterTour","datePublished":"2008-03-10T10:20:16+00:00","dateModified":"2018-03-02T10:44:32+00:00","mainEntityOfPage":{"@id":"https:\/\/www.altercampagne.net\/?p=9594"},"wordCount":586,"image":{"@id":"https:\/\/www.altercampagne.net\/?p=9594#primaryimage"},"thumbnailUrl":"https:\/\/www.altercampagne.net\/wp-content\/uploads\/2018\/03\/2008-07-06_09.53.jpg","keywords":["AlterTour 2008","2008"],"articleSection":["Nouvelle-Aquitaine","Edition 2008"],"inLanguage":"fr-FR"},{"@type":"WebPage","@id":"https:\/\/www.altercampagne.net\/?p=9594","url":"https:\/\/www.altercampagne.net\/?p=9594","name":"On s'active dans le Sud-Ouest pour la pr\u00e9paration de l'AlterTour - AlterTour","isPartOf":{"@id":"https:\/\/www.altercampagne.net\/#website"},"primaryImageOfPage":{"@id":"https:\/\/www.altercampagne.net\/?p=9594#primaryimage"},"image":{"@id":"https:\/\/www.altercampagne.net\/?p=9594#primaryimage"},"thumbnailUrl":"https:\/\/www.altercampagne.net\/wp-content\/uploads\/2018\/03\/2008-07-06_09.53.jpg","datePublished":"2008-03-10T10:20:16+00:00","dateModified":"2018-03-02T10:44:32+00:00","author":{"@id":"https:\/\/www.altercampagne.net\/#\/schema\/person\/0f261460c09e430caa0f9bcffa319109"},"breadcrumb":{"@id":"https:\/\/www.altercampagne.net\/?p=9594#breadcrumb"},"inLanguage":"fr-FR","potentialAction":[{"@type":"ReadAction","target":["https:\/\/www.altercampagne.net\/?p=9594"]}]},{"@type":"ImageObject","inLanguage":"fr-FR","@id":"https:\/\/www.altercampagne.net\/?p=9594#primaryimage","url":"https:\/\/www.altercampagne.net\/wp-content\/uploads\/2018\/03\/2008-07-06_09.53.jpg","contentUrl":"https:\/\/www.altercampagne.net\/wp-content\/uploads\/2018\/03\/2008-07-06_09.53.jpg","width":1000,"height":524},{"@type":"BreadcrumbList","@id":"https:\/\/www.altercampagne.net\/?p=9594#breadcrumb","itemListElement":[{"@type":"ListItem","position":1,"name":"Accueil","item":"https:\/\/www.altercampagne.net\/"},{"@type":"ListItem","position":2,"name":"On s&rsquo;active dans le Sud-Ouest pour la pr\u00e9paration de l&rsquo;AlterTour"}]},{"@type":"WebSite","@id":"https:\/\/www.altercampagne.net\/#website","url":"https:\/\/www.altercampagne.net\/","name":"AlterTour","description":"Reliez les Alternatives \u00e0 v\u00e9lo","potentialAction":[{"@type":"SearchAction","target":{"@type":"EntryPoint","urlTemplate":"https:\/\/www.altercampagne.net\/?s={search_term_string}"},"query-input":{"@type":"PropertyValueSpecification","valueRequired":true,"valueName":"search_term_string"}}],"inLanguage":"fr-FR"},{"@type":"Person","@id":"https:\/\/www.altercampagne.net\/#\/schema\/person\/0f261460c09e430caa0f9bcffa319109","name":"Mathieu","image":{"@type":"ImageObject","inLanguage":"fr-FR","@id":"https:\/\/secure.gravatar.com\/avatar\/aa9d3d24c83f2141e5e2709d0f63d09a99f6be6bb7a50abc4915838d9f54501a?s=96&d=mm&r=g","url":"https:\/\/secure.gravatar.com\/avatar\/aa9d3d24c83f2141e5e2709d0f63d09a99f6be6bb7a50abc4915838d9f54501a?s=96&d=mm&r=g","contentUrl":"https:\/\/secure.gravatar.com\/avatar\/aa9d3d24c83f2141e5e2709d0f63d09a99f6be6bb7a50abc4915838d9f54501a?s=96&d=mm&r=g","caption":"Mathieu"},"url":"https:\/\/www.altercampagne.net\/?author=214"}]}},"_links":{"self":[{"href":"https:\/\/www.altercampagne.net\/index.php?rest_route=\/wp\/v2\/posts\/9594","targetHints":{"allow":["GET"]}}],"collection":[{"href":"https:\/\/www.altercampagne.net\/index.php?rest_route=\/wp\/v2\/posts"}],"about":[{"href":"https:\/\/www.altercampagne.net\/index.php?rest_route=\/wp\/v2\/types\/post"}],"author":[{"embeddable":true,"href":"https:\/\/www.altercampagne.net\/index.php?rest_route=\/wp\/v2\/users\/214"}],"replies":[{"embeddable":true,"href":"https:\/\/www.altercampagne.net\/index.php?rest_route=%2Fwp%2Fv2%2Fcomments&post=9594"}],"version-history":[{"count":0,"href":"https:\/\/www.altercampagne.net\/index.php?rest_route=\/wp\/v2\/posts\/9594\/revisions"}],"wp:featuredmedia":[{"embeddable":true,"href":"https:\/\/www.altercampagne.net\/index.php?rest_route=\/wp\/v2\/media\/9596"}],"wp:attachment":[{"href":"https:\/\/www.altercampagne.net\/index.php?rest_route=%2Fwp%2Fv2%2Fmedia&parent=9594"}],"wp:term":[{"taxonomy":"category","embeddable":true,"href":"https:\/\/www.altercampagne.net\/index.php?rest_route=%2Fwp%2Fv2%2Fcategories&post=9594"},{"taxonomy":"post_tag","embeddable":true,"href":"https:\/\/www.altercampagne.net\/index.php?rest_route=%2Fwp%2Fv2%2Ftags&post=9594"}],"curies":[{"name":"wp","href":"https:\/\/api.w.org\/{rel}","templated":true}]}}