{"id":9598,"date":"2008-03-09T11:45:55","date_gmt":"2008-03-09T10:45:55","guid":{"rendered":"http:\/\/www.altercampagne.net\/?p=9598"},"modified":"2018-03-02T11:56:49","modified_gmt":"2018-03-02T10:56:49","slug":"valgorge-accueillera-laltertour","status":"publish","type":"post","link":"https:\/\/www.altercampagne.net\/?p=9598","title":{"rendered":"Valgorge accueillera l&rsquo;AlterTour"},"content":{"rendered":"<p>En cette soir\u00e9e \u00e9lectorale, tout le monde n&rsquo;est pas \u00e0 l&rsquo;\u00e9coute des premiers r\u00e9sultats ; car il y a des priorit\u00e9s. Laurent du <a href=\"http:\/\/www.lafontdesroches.com\" target=\"_blank\" rel=\"noopener\">Mas de la Font des Roches<\/a> est en pleine \u00e9bullition intellectuelle, de celles qui vous maintiennent \u00e9veill\u00e9 bien plus tard que l&rsquo;annonce de la derni\u00e8re estimation du nombre de votants. Laurent vient d&rsquo;apprendre que la premi\u00e8re \u00e9tape de l&rsquo;AlterTour doit \u00eatre divis\u00e9e, ce qui rajoute une soir\u00e9e dans le sud de l&rsquo;Ard\u00e8che, une soir\u00e9e pour laquelle il faut trouver rapidement : un site d&rsquo;h\u00e9bergement pour une centaine d&rsquo;Altercyclistes, un comit\u00e9 d&rsquo;\u00e9tape, une salle pour y accueillir une conf\u00e9rence de Jean-Pierre Berlan. Rien que \u00e7a. Dans les sauvages gorges de la Baume.<br \/>\nUne solution possible \u00e9merge, \u00e0 la convergence de plusieurs id\u00e9es : rassembler les copains de la <a href=\"http:\/\/confederationpaysanne.fr\/\" target=\"_blank\" rel=\"noopener\">Conf&rsquo;<\/a> et d&rsquo;<a href=\"https:\/\/agribioardeche.wordpress.com\/\" target=\"_blank\" rel=\"noopener\">Agribio Ard\u00e8che<\/a> ; &#8230;un camp de camping semi-sauvage, dans un village qui accueille d\u00e9j\u00e0 une manifestation cycliste locale&#8230; Bon sang, mais c&rsquo;est bien s\u00fbr !<\/p>\n","protected":false},"excerpt":{"rendered":"<p>En cette soir\u00e9e \u00e9lectorale, tout le monde n&rsquo;est pas \u00e0 l&rsquo;\u00e9coute des premiers r\u00e9sultats ; car il y a des priorit\u00e9s. Laurent du Mas de la Font des Roches est en pleine \u00e9bullition intellectuelle, de celles qui vous maintiennent \u00e9veill\u00e9 bien plus tard que l&rsquo;annonce de la derni\u00e8re estimation du &#8230; <\/p>\n<div><a href=\"https:\/\/www.altercampagne.net\/?p=9598\" class=\"more-link\">Read More<\/a><\/div>\n","protected":false},"author":214,"featured_media":9599,"comment_status":"closed","ping_status":"closed","sticky":false,"template":"","format":"standard","meta":{"footnotes":""},"categories":[3471,3483,3494],"tags":[449,889,1489,1650,2738,3501,3502,3503,3504],"class_list":["post-9598","post","type-post","status-publish","format-standard","has-post-thumbnail","hentry","category-auvergne-rhone-alpes","category-agriculture","category-edition-2008","tag-confederation-paysanne","tag-jean-pierre-berlan","tag-auvergne-rhone-alpes","tag-rhone-alpes","tag-ardeche","tag-mas-de-la-font-des-roches","tag-agribio","tag-agribio-ardeche","tag-valgorge"],"yoast_head":"<!-- This site is optimized with the Yoast SEO plugin v27.3 - https:\/\/yoast.com\/product\/yoast-seo-wordpress\/ -->\n<title>Valgorge accueillera l&#039;AlterTour - AlterTour<\/title>\n<meta name=\"robots\" content=\"index, follow, max-snippet:-1, max-image-preview:large, max-video-preview:-1\" \/>\n<link rel=\"canonical\" href=\"https:\/\/www.altercampagne.net\/?p=9598\" \/>\n<meta property=\"og:locale\" content=\"fr_FR\" \/>\n<meta property=\"og:type\" content=\"article\" \/>\n<meta property=\"og:title\" content=\"Valgorge accueillera l&#039;AlterTour - AlterTour\" \/>\n<meta property=\"og:description\" content=\"En cette soir\u00e9e \u00e9lectorale, tout le monde n&rsquo;est pas \u00e0 l&rsquo;\u00e9coute des premiers r\u00e9sultats ; car il y a des priorit\u00e9s. Laurent du Mas de la Font des Roches est en pleine \u00e9bullition intellectuelle, de celles qui vous maintiennent \u00e9veill\u00e9 bien plus tard que l&rsquo;annonce de la derni\u00e8re estimation du ... Read More\" \/>\n<meta property=\"og:url\" content=\"https:\/\/www.altercampagne.net\/?p=9598\" \/>\n<meta property=\"og:site_name\" content=\"AlterTour\" \/>\n<meta property=\"article:published_time\" content=\"2008-03-09T10:45:55+00:00\" \/>\n<meta property=\"article:modified_time\" content=\"2018-03-02T10:56:49+00:00\" \/>\n<meta property=\"og:image\" content=\"https:\/\/www.altercampagne.net\/wp-content\/uploads\/2018\/03\/Valgorge.jpg\" \/>\n\t<meta property=\"og:image:width\" content=\"1004\" \/>\n\t<meta property=\"og:image:height\" content=\"526\" \/>\n\t<meta property=\"og:image:type\" content=\"image\/jpeg\" \/>\n<meta name=\"author\" content=\"Mathieu\" \/>\n<meta name=\"twitter:card\" content=\"summary_large_image\" \/>\n<meta name=\"twitter:label1\" content=\"\u00c9crit par\" \/>\n\t<meta name=\"twitter:data1\" content=\"Mathieu\" \/>\n\t<meta name=\"twitter:label2\" content=\"Dur\u00e9e de lecture estim\u00e9e\" \/>\n\t<meta name=\"twitter:data2\" content=\"1 minute\" \/>\n<script type=\"application\/ld+json\" class=\"yoast-schema-graph\">{\"@context\":\"https:\\\/\\\/schema.org\",\"@graph\":[{\"@type\":\"Article\",\"@id\":\"https:\\\/\\\/www.altercampagne.net\\\/?p=9598#article\",\"isPartOf\":{\"@id\":\"https:\\\/\\\/www.altercampagne.net\\\/?p=9598\"},\"author\":{\"name\":\"Mathieu\",\"@id\":\"https:\\\/\\\/www.altercampagne.net\\\/#\\\/schema\\\/person\\\/0f261460c09e430caa0f9bcffa319109\"},\"headline\":\"Valgorge accueillera l&rsquo;AlterTour\",\"datePublished\":\"2008-03-09T10:45:55+00:00\",\"dateModified\":\"2018-03-02T10:56:49+00:00\",\"mainEntityOfPage\":{\"@id\":\"https:\\\/\\\/www.altercampagne.net\\\/?p=9598\"},\"wordCount\":180,\"image\":{\"@id\":\"https:\\\/\\\/www.altercampagne.net\\\/?p=9598#primaryimage\"},\"thumbnailUrl\":\"https:\\\/\\\/www.altercampagne.net\\\/wp-content\\\/uploads\\\/2018\\\/03\\\/Valgorge.jpg\",\"keywords\":[\"conf\u00e9d\u00e9ration paysanne\",\"Jean- Pierre BERLAN\",\"Auvergne-Rh\u00f4ne-Alpes\",\"Rhone-Alpes\",\"Ard\u00e8che\",\"Mas de la Font des Roches\",\"Agribio\",\"Agribio Ard\u00e8che\",\"Valgorge\"],\"articleSection\":[\"Auvergne-Rh\u00f4ne-Alpes\",\"Agriculture\",\"Edition 2008\"],\"inLanguage\":\"fr-FR\"},{\"@type\":\"WebPage\",\"@id\":\"https:\\\/\\\/www.altercampagne.net\\\/?p=9598\",\"url\":\"https:\\\/\\\/www.altercampagne.net\\\/?p=9598\",\"name\":\"Valgorge accueillera l'AlterTour - AlterTour\",\"isPartOf\":{\"@id\":\"https:\\\/\\\/www.altercampagne.net\\\/#website\"},\"primaryImageOfPage\":{\"@id\":\"https:\\\/\\\/www.altercampagne.net\\\/?p=9598#primaryimage\"},\"image\":{\"@id\":\"https:\\\/\\\/www.altercampagne.net\\\/?p=9598#primaryimage\"},\"thumbnailUrl\":\"https:\\\/\\\/www.altercampagne.net\\\/wp-content\\\/uploads\\\/2018\\\/03\\\/Valgorge.jpg\",\"datePublished\":\"2008-03-09T10:45:55+00:00\",\"dateModified\":\"2018-03-02T10:56:49+00:00\",\"author\":{\"@id\":\"https:\\\/\\\/www.altercampagne.net\\\/#\\\/schema\\\/person\\\/0f261460c09e430caa0f9bcffa319109\"},\"breadcrumb\":{\"@id\":\"https:\\\/\\\/www.altercampagne.net\\\/?p=9598#breadcrumb\"},\"inLanguage\":\"fr-FR\",\"potentialAction\":[{\"@type\":\"ReadAction\",\"target\":[\"https:\\\/\\\/www.altercampagne.net\\\/?p=9598\"]}]},{\"@type\":\"ImageObject\",\"inLanguage\":\"fr-FR\",\"@id\":\"https:\\\/\\\/www.altercampagne.net\\\/?p=9598#primaryimage\",\"url\":\"https:\\\/\\\/www.altercampagne.net\\\/wp-content\\\/uploads\\\/2018\\\/03\\\/Valgorge.jpg\",\"contentUrl\":\"https:\\\/\\\/www.altercampagne.net\\\/wp-content\\\/uploads\\\/2018\\\/03\\\/Valgorge.jpg\",\"width\":1004,\"height\":526},{\"@type\":\"BreadcrumbList\",\"@id\":\"https:\\\/\\\/www.altercampagne.net\\\/?p=9598#breadcrumb\",\"itemListElement\":[{\"@type\":\"ListItem\",\"position\":1,\"name\":\"Accueil\",\"item\":\"https:\\\/\\\/www.altercampagne.net\\\/\"},{\"@type\":\"ListItem\",\"position\":2,\"name\":\"Valgorge accueillera l&rsquo;AlterTour\"}]},{\"@type\":\"WebSite\",\"@id\":\"https:\\\/\\\/www.altercampagne.net\\\/#website\",\"url\":\"https:\\\/\\\/www.altercampagne.net\\\/\",\"name\":\"AlterTour\",\"description\":\"Reliez les Alternatives \u00e0 v\u00e9lo\",\"potentialAction\":[{\"@type\":\"SearchAction\",\"target\":{\"@type\":\"EntryPoint\",\"urlTemplate\":\"https:\\\/\\\/www.altercampagne.net\\\/?s={search_term_string}\"},\"query-input\":{\"@type\":\"PropertyValueSpecification\",\"valueRequired\":true,\"valueName\":\"search_term_string\"}}],\"inLanguage\":\"fr-FR\"},{\"@type\":\"Person\",\"@id\":\"https:\\\/\\\/www.altercampagne.net\\\/#\\\/schema\\\/person\\\/0f261460c09e430caa0f9bcffa319109\",\"name\":\"Mathieu\",\"image\":{\"@type\":\"ImageObject\",\"inLanguage\":\"fr-FR\",\"@id\":\"https:\\\/\\\/secure.gravatar.com\\\/avatar\\\/aa9d3d24c83f2141e5e2709d0f63d09a99f6be6bb7a50abc4915838d9f54501a?s=96&d=mm&r=g\",\"url\":\"https:\\\/\\\/secure.gravatar.com\\\/avatar\\\/aa9d3d24c83f2141e5e2709d0f63d09a99f6be6bb7a50abc4915838d9f54501a?s=96&d=mm&r=g\",\"contentUrl\":\"https:\\\/\\\/secure.gravatar.com\\\/avatar\\\/aa9d3d24c83f2141e5e2709d0f63d09a99f6be6bb7a50abc4915838d9f54501a?s=96&d=mm&r=g\",\"caption\":\"Mathieu\"},\"url\":\"https:\\\/\\\/www.altercampagne.net\\\/?author=214\"}]}<\/script>\n<!-- \/ Yoast SEO plugin. -->","yoast_head_json":{"title":"Valgorge accueillera l'AlterTour - AlterTour","robots":{"index":"index","follow":"follow","max-snippet":"max-snippet:-1","max-image-preview":"max-image-preview:large","max-video-preview":"max-video-preview:-1"},"canonical":"https:\/\/www.altercampagne.net\/?p=9598","og_locale":"fr_FR","og_type":"article","og_title":"Valgorge accueillera l'AlterTour - AlterTour","og_description":"En cette soir\u00e9e \u00e9lectorale, tout le monde n&rsquo;est pas \u00e0 l&rsquo;\u00e9coute des premiers r\u00e9sultats ; car il y a des priorit\u00e9s. Laurent du Mas de la Font des Roches est en pleine \u00e9bullition intellectuelle, de celles qui vous maintiennent \u00e9veill\u00e9 bien plus tard que l&rsquo;annonce de la derni\u00e8re estimation du ... Read More","og_url":"https:\/\/www.altercampagne.net\/?p=9598","og_site_name":"AlterTour","article_published_time":"2008-03-09T10:45:55+00:00","article_modified_time":"2018-03-02T10:56:49+00:00","og_image":[{"width":1004,"height":526,"url":"https:\/\/www.altercampagne.net\/wp-content\/uploads\/2018\/03\/Valgorge.jpg","type":"image\/jpeg"}],"author":"Mathieu","twitter_card":"summary_large_image","twitter_misc":{"\u00c9crit par":"Mathieu","Dur\u00e9e de lecture estim\u00e9e":"1 minute"},"schema":{"@context":"https:\/\/schema.org","@graph":[{"@type":"Article","@id":"https:\/\/www.altercampagne.net\/?p=9598#article","isPartOf":{"@id":"https:\/\/www.altercampagne.net\/?p=9598"},"author":{"name":"Mathieu","@id":"https:\/\/www.altercampagne.net\/#\/schema\/person\/0f261460c09e430caa0f9bcffa319109"},"headline":"Valgorge accueillera l&rsquo;AlterTour","datePublished":"2008-03-09T10:45:55+00:00","dateModified":"2018-03-02T10:56:49+00:00","mainEntityOfPage":{"@id":"https:\/\/www.altercampagne.net\/?p=9598"},"wordCount":180,"image":{"@id":"https:\/\/www.altercampagne.net\/?p=9598#primaryimage"},"thumbnailUrl":"https:\/\/www.altercampagne.net\/wp-content\/uploads\/2018\/03\/Valgorge.jpg","keywords":["conf\u00e9d\u00e9ration paysanne","Jean- Pierre BERLAN","Auvergne-Rh\u00f4ne-Alpes","Rhone-Alpes","Ard\u00e8che","Mas de la Font des Roches","Agribio","Agribio Ard\u00e8che","Valgorge"],"articleSection":["Auvergne-Rh\u00f4ne-Alpes","Agriculture","Edition 2008"],"inLanguage":"fr-FR"},{"@type":"WebPage","@id":"https:\/\/www.altercampagne.net\/?p=9598","url":"https:\/\/www.altercampagne.net\/?p=9598","name":"Valgorge accueillera l'AlterTour - AlterTour","isPartOf":{"@id":"https:\/\/www.altercampagne.net\/#website"},"primaryImageOfPage":{"@id":"https:\/\/www.altercampagne.net\/?p=9598#primaryimage"},"image":{"@id":"https:\/\/www.altercampagne.net\/?p=9598#primaryimage"},"thumbnailUrl":"https:\/\/www.altercampagne.net\/wp-content\/uploads\/2018\/03\/Valgorge.jpg","datePublished":"2008-03-09T10:45:55+00:00","dateModified":"2018-03-02T10:56:49+00:00","author":{"@id":"https:\/\/www.altercampagne.net\/#\/schema\/person\/0f261460c09e430caa0f9bcffa319109"},"breadcrumb":{"@id":"https:\/\/www.altercampagne.net\/?p=9598#breadcrumb"},"inLanguage":"fr-FR","potentialAction":[{"@type":"ReadAction","target":["https:\/\/www.altercampagne.net\/?p=9598"]}]},{"@type":"ImageObject","inLanguage":"fr-FR","@id":"https:\/\/www.altercampagne.net\/?p=9598#primaryimage","url":"https:\/\/www.altercampagne.net\/wp-content\/uploads\/2018\/03\/Valgorge.jpg","contentUrl":"https:\/\/www.altercampagne.net\/wp-content\/uploads\/2018\/03\/Valgorge.jpg","width":1004,"height":526},{"@type":"BreadcrumbList","@id":"https:\/\/www.altercampagne.net\/?p=9598#breadcrumb","itemListElement":[{"@type":"ListItem","position":1,"name":"Accueil","item":"https:\/\/www.altercampagne.net\/"},{"@type":"ListItem","position":2,"name":"Valgorge accueillera l&rsquo;AlterTour"}]},{"@type":"WebSite","@id":"https:\/\/www.altercampagne.net\/#website","url":"https:\/\/www.altercampagne.net\/","name":"AlterTour","description":"Reliez les Alternatives \u00e0 v\u00e9lo","potentialAction":[{"@type":"SearchAction","target":{"@type":"EntryPoint","urlTemplate":"https:\/\/www.altercampagne.net\/?s={search_term_string}"},"query-input":{"@type":"PropertyValueSpecification","valueRequired":true,"valueName":"search_term_string"}}],"inLanguage":"fr-FR"},{"@type":"Person","@id":"https:\/\/www.altercampagne.net\/#\/schema\/person\/0f261460c09e430caa0f9bcffa319109","name":"Mathieu","image":{"@type":"ImageObject","inLanguage":"fr-FR","@id":"https:\/\/secure.gravatar.com\/avatar\/aa9d3d24c83f2141e5e2709d0f63d09a99f6be6bb7a50abc4915838d9f54501a?s=96&d=mm&r=g","url":"https:\/\/secure.gravatar.com\/avatar\/aa9d3d24c83f2141e5e2709d0f63d09a99f6be6bb7a50abc4915838d9f54501a?s=96&d=mm&r=g","contentUrl":"https:\/\/secure.gravatar.com\/avatar\/aa9d3d24c83f2141e5e2709d0f63d09a99f6be6bb7a50abc4915838d9f54501a?s=96&d=mm&r=g","caption":"Mathieu"},"url":"https:\/\/www.altercampagne.net\/?author=214"}]}},"_links":{"self":[{"href":"https:\/\/www.altercampagne.net\/index.php?rest_route=\/wp\/v2\/posts\/9598","targetHints":{"allow":["GET"]}}],"collection":[{"href":"https:\/\/www.altercampagne.net\/index.php?rest_route=\/wp\/v2\/posts"}],"about":[{"href":"https:\/\/www.altercampagne.net\/index.php?rest_route=\/wp\/v2\/types\/post"}],"author":[{"embeddable":true,"href":"https:\/\/www.altercampagne.net\/index.php?rest_route=\/wp\/v2\/users\/214"}],"replies":[{"embeddable":true,"href":"https:\/\/www.altercampagne.net\/index.php?rest_route=%2Fwp%2Fv2%2Fcomments&post=9598"}],"version-history":[{"count":0,"href":"https:\/\/www.altercampagne.net\/index.php?rest_route=\/wp\/v2\/posts\/9598\/revisions"}],"wp:featuredmedia":[{"embeddable":true,"href":"https:\/\/www.altercampagne.net\/index.php?rest_route=\/wp\/v2\/media\/9599"}],"wp:attachment":[{"href":"https:\/\/www.altercampagne.net\/index.php?rest_route=%2Fwp%2Fv2%2Fmedia&parent=9598"}],"wp:term":[{"taxonomy":"category","embeddable":true,"href":"https:\/\/www.altercampagne.net\/index.php?rest_route=%2Fwp%2Fv2%2Fcategories&post=9598"},{"taxonomy":"post_tag","embeddable":true,"href":"https:\/\/www.altercampagne.net\/index.php?rest_route=%2Fwp%2Fv2%2Ftags&post=9598"}],"curies":[{"name":"wp","href":"https:\/\/api.w.org\/{rel}","templated":true}]}}