{"id":9601,"date":"2008-01-01T12:00:05","date_gmt":"2008-01-01T11:00:05","guid":{"rendered":"http:\/\/www.altercampagne.net\/?p=9601"},"modified":"2020-02-24T18:21:36","modified_gmt":"2020-02-24T17:21:36","slug":"3eme-rencontre-preparatoire-de-laltertour","status":"publish","type":"post","link":"https:\/\/www.altercampagne.net\/?p=9601","title":{"rendered":"3\u00e8me Rencontre Pr\u00e9paratoire de l&rsquo;AlterTour"},"content":{"rendered":"<p style=\"text-align: left;\"><span class=\"Style22\">Vendredi 18 janvier, si\u00e8ge de <\/span>la Conf\u00e9d\u00e9ration Paysanne<br \/>\n104 rue Robespierre, Bagnolet 93 (M\u00b0 Robespierre)<\/p>\n<p style=\"text-align: center;\"><strong>Programme de la journ\u00e9e<\/strong><\/p>\n<p><span style=\"font-family: Georgia, Times\\ New\\ Roman, Times, serif; font-size: medium;\">9h30 &#8211; 10h : Accueil des participants<\/span><\/p>\n<p><strong>10h \u2013 13h<\/strong> : <strong>Organisation locale<\/strong><br \/>\n<span style=\"font-size: small;\">&#8211; Comit\u00e9s d&rsquo;\u00e9tape.<br \/>\n&#8211; Points d&rsquo;ancrages du circuit : Accueillants du midi et du soir.<br \/>\n&#8211; Collaboration des associations locales (animation, repas).<\/span><br \/>\n<em>pause caf\u00e9<br \/>\n<\/em><span style=\"font-size: small;\">&#8211; Aspects mat\u00e9riels et logistiques en local (inscriptions pr\u00e9alables, co\u00fbts, mat\u00e9riel n\u00e9cessaire).<br \/>\n&#8211; \u00c9tablissement des circuits locaux.<\/span><\/p>\n<p align=\"left\"><span style=\"font-family: Georgia, Times\\ New\\ Roman, Times, serif; font-size: medium;\">13h15 : <em>d\u00e9jeuner<\/em><\/span><\/p>\n<p><span style=\"font-family: Georgia, Times\\ New\\ Roman, Times, serif; font-size: medium;\"><strong>15h \u2013 18h<\/strong> : <strong>Logistique et mat\u00e9riel au niveau global<\/strong><br \/>\n<span style=\"font-size: small;\">&#8211; Gestion des relais cyclistes : qu&rsquo;est-ce qu&rsquo;un relais ? Utilisation du bus par les cyclistes. Horaires du bus.<br \/>\n&#8211; V\u00e9hicules de la caravane : bus des cyclistes, transport des bicyclettes, biblio-bus, mat\u00e9riel transport\u00e9.<\/span><br \/>\n<em>pause th\u00e9<br \/>\n<\/em><span style=\"font-size: small;\">&#8211; Transport des participants \u00ab\u00a0sur site\u00a0\u00bb depuis chez eux ou un v\u00e9hicule : descriptif des transports en communs locaux, utilisation du bus des cyclistes.<br \/>\n&#8211; Pr\u00e9paration d&rsquo;une fiche d&rsquo;inscription pour les cyclistes et les membres de la caravane, avec charte et r\u00e8gles de s\u00e9curit\u00e9.<\/span><br \/>\n&#8211; Finalisation de la <a href=\"http:\/\/altercampagne.free.fr\/pages\/2008\/AlterTour\/doc\/Charte_Altertour.pdf\">Charte des Organisateurs<\/a>.<\/span><\/p>\n<p>19h00 :<em> repas<\/em><\/p>\n<p><span style=\"font-family: Georgia, Times\\ New\\ Roman, Times, serif; font-size: medium;\"><strong>20h \u2013 23h<\/strong> : <strong>Contenu de la manifestation<\/strong><br \/>\n<span style=\"font-size: small;\">&#8211; Programme pr\u00e9visionnel, th\u00e8mes \u00e0 aborder: conf\u00e9rences, concerts, films.<br \/>\n&#8211; Le documentaire : pr\u00e9paration, financement, tournage.<br \/>\n&#8211; Communication<br \/>\navant : site d\u00e9di\u00e9, publicit\u00e9.<br \/>\npendant : dossier pour les m\u00e9dias, les agriculteurs et les \u00e9lus rencontr\u00e9s.<br \/>\n&#8211; Partenariats : associations, partis, m\u00e9c\u00e8nes.<br \/>\n&#8211; Agenda jusqu&rsquo;au mois de juillet : t\u00e2ches, \u00e9ch\u00e9ances.<\/span><\/span><\/p>\n","protected":false},"excerpt":{"rendered":"<p>Vendredi 18 janvier, si\u00e8ge de la Conf\u00e9d\u00e9ration Paysanne 104 rue Robespierre, Bagnolet 93 (M\u00b0 Robespierre) Programme de la journ\u00e9e 9h30 &#8211; 10h : Accueil des participants 10h \u2013 13h : Organisation locale &#8211; Comit\u00e9s d&rsquo;\u00e9tape. &#8211; Points d&rsquo;ancrages du circuit : Accueillants du midi et du soir. &#8211; Collaboration des &#8230; <\/p>\n<div><a href=\"https:\/\/www.altercampagne.net\/?p=9601\" class=\"more-link\">Read More<\/a><\/div>\n","protected":false},"author":214,"featured_media":0,"comment_status":"closed","ping_status":"closed","sticky":false,"template":"","format":"standard","meta":{"footnotes":""},"categories":[3539,3494],"tags":[],"class_list":["post-9601","post","type-post","status-publish","format-standard","hentry","category-we-de-preparation","category-edition-2008","no-post-thumbnail"],"yoast_head":"<!-- This site is optimized with the Yoast SEO plugin v27.3 - https:\/\/yoast.com\/product\/yoast-seo-wordpress\/ -->\n<title>3\u00e8me Rencontre Pr\u00e9paratoire de l&#039;AlterTour - AlterTour<\/title>\n<meta name=\"robots\" content=\"index, follow, max-snippet:-1, max-image-preview:large, max-video-preview:-1\" \/>\n<link rel=\"canonical\" href=\"https:\/\/www.altercampagne.net\/?p=9601\" \/>\n<meta property=\"og:locale\" content=\"fr_FR\" \/>\n<meta property=\"og:type\" content=\"article\" \/>\n<meta property=\"og:title\" content=\"3\u00e8me Rencontre Pr\u00e9paratoire de l&#039;AlterTour - AlterTour\" \/>\n<meta property=\"og:description\" content=\"Vendredi 18 janvier, si\u00e8ge de la Conf\u00e9d\u00e9ration Paysanne 104 rue Robespierre, Bagnolet 93 (M\u00b0 Robespierre) Programme de la journ\u00e9e 9h30 &#8211; 10h : Accueil des participants 10h \u2013 13h : Organisation locale &#8211; Comit\u00e9s d&rsquo;\u00e9tape. &#8211; Points d&rsquo;ancrages du circuit : Accueillants du midi et du soir. &#8211; Collaboration des ... Read More\" \/>\n<meta property=\"og:url\" content=\"https:\/\/www.altercampagne.net\/?p=9601\" \/>\n<meta property=\"og:site_name\" content=\"AlterTour\" \/>\n<meta property=\"article:published_time\" content=\"2008-01-01T11:00:05+00:00\" \/>\n<meta property=\"article:modified_time\" content=\"2020-02-24T17:21:36+00:00\" \/>\n<meta name=\"author\" content=\"Mathieu\" \/>\n<meta name=\"twitter:card\" content=\"summary_large_image\" \/>\n<meta name=\"twitter:label1\" content=\"\u00c9crit par\" \/>\n\t<meta name=\"twitter:data1\" content=\"Mathieu\" \/>\n\t<meta name=\"twitter:label2\" content=\"Dur\u00e9e de lecture estim\u00e9e\" \/>\n\t<meta name=\"twitter:data2\" content=\"1 minute\" \/>\n<script type=\"application\/ld+json\" class=\"yoast-schema-graph\">{\"@context\":\"https:\\\/\\\/schema.org\",\"@graph\":[{\"@type\":\"Article\",\"@id\":\"https:\\\/\\\/www.altercampagne.net\\\/?p=9601#article\",\"isPartOf\":{\"@id\":\"https:\\\/\\\/www.altercampagne.net\\\/?p=9601\"},\"author\":{\"name\":\"Mathieu\",\"@id\":\"https:\\\/\\\/www.altercampagne.net\\\/#\\\/schema\\\/person\\\/0f261460c09e430caa0f9bcffa319109\"},\"headline\":\"3\u00e8me Rencontre Pr\u00e9paratoire de l&rsquo;AlterTour\",\"datePublished\":\"2008-01-01T11:00:05+00:00\",\"dateModified\":\"2020-02-24T17:21:36+00:00\",\"mainEntityOfPage\":{\"@id\":\"https:\\\/\\\/www.altercampagne.net\\\/?p=9601\"},\"wordCount\":254,\"articleSection\":[\"WE de pr\u00e9paration\",\"Edition 2008\"],\"inLanguage\":\"fr-FR\"},{\"@type\":\"WebPage\",\"@id\":\"https:\\\/\\\/www.altercampagne.net\\\/?p=9601\",\"url\":\"https:\\\/\\\/www.altercampagne.net\\\/?p=9601\",\"name\":\"3\u00e8me Rencontre Pr\u00e9paratoire de l'AlterTour - AlterTour\",\"isPartOf\":{\"@id\":\"https:\\\/\\\/www.altercampagne.net\\\/#website\"},\"datePublished\":\"2008-01-01T11:00:05+00:00\",\"dateModified\":\"2020-02-24T17:21:36+00:00\",\"author\":{\"@id\":\"https:\\\/\\\/www.altercampagne.net\\\/#\\\/schema\\\/person\\\/0f261460c09e430caa0f9bcffa319109\"},\"breadcrumb\":{\"@id\":\"https:\\\/\\\/www.altercampagne.net\\\/?p=9601#breadcrumb\"},\"inLanguage\":\"fr-FR\",\"potentialAction\":[{\"@type\":\"ReadAction\",\"target\":[\"https:\\\/\\\/www.altercampagne.net\\\/?p=9601\"]}]},{\"@type\":\"BreadcrumbList\",\"@id\":\"https:\\\/\\\/www.altercampagne.net\\\/?p=9601#breadcrumb\",\"itemListElement\":[{\"@type\":\"ListItem\",\"position\":1,\"name\":\"Accueil\",\"item\":\"https:\\\/\\\/www.altercampagne.net\\\/\"},{\"@type\":\"ListItem\",\"position\":2,\"name\":\"3\u00e8me Rencontre Pr\u00e9paratoire de l&rsquo;AlterTour\"}]},{\"@type\":\"WebSite\",\"@id\":\"https:\\\/\\\/www.altercampagne.net\\\/#website\",\"url\":\"https:\\\/\\\/www.altercampagne.net\\\/\",\"name\":\"AlterTour\",\"description\":\"Reliez les Alternatives \u00e0 v\u00e9lo\",\"potentialAction\":[{\"@type\":\"SearchAction\",\"target\":{\"@type\":\"EntryPoint\",\"urlTemplate\":\"https:\\\/\\\/www.altercampagne.net\\\/?s={search_term_string}\"},\"query-input\":{\"@type\":\"PropertyValueSpecification\",\"valueRequired\":true,\"valueName\":\"search_term_string\"}}],\"inLanguage\":\"fr-FR\"},{\"@type\":\"Person\",\"@id\":\"https:\\\/\\\/www.altercampagne.net\\\/#\\\/schema\\\/person\\\/0f261460c09e430caa0f9bcffa319109\",\"name\":\"Mathieu\",\"image\":{\"@type\":\"ImageObject\",\"inLanguage\":\"fr-FR\",\"@id\":\"https:\\\/\\\/secure.gravatar.com\\\/avatar\\\/aa9d3d24c83f2141e5e2709d0f63d09a99f6be6bb7a50abc4915838d9f54501a?s=96&d=mm&r=g\",\"url\":\"https:\\\/\\\/secure.gravatar.com\\\/avatar\\\/aa9d3d24c83f2141e5e2709d0f63d09a99f6be6bb7a50abc4915838d9f54501a?s=96&d=mm&r=g\",\"contentUrl\":\"https:\\\/\\\/secure.gravatar.com\\\/avatar\\\/aa9d3d24c83f2141e5e2709d0f63d09a99f6be6bb7a50abc4915838d9f54501a?s=96&d=mm&r=g\",\"caption\":\"Mathieu\"},\"url\":\"https:\\\/\\\/www.altercampagne.net\\\/?author=214\"}]}<\/script>\n<!-- \/ Yoast SEO plugin. -->","yoast_head_json":{"title":"3\u00e8me Rencontre Pr\u00e9paratoire de l'AlterTour - AlterTour","robots":{"index":"index","follow":"follow","max-snippet":"max-snippet:-1","max-image-preview":"max-image-preview:large","max-video-preview":"max-video-preview:-1"},"canonical":"https:\/\/www.altercampagne.net\/?p=9601","og_locale":"fr_FR","og_type":"article","og_title":"3\u00e8me Rencontre Pr\u00e9paratoire de l'AlterTour - AlterTour","og_description":"Vendredi 18 janvier, si\u00e8ge de la Conf\u00e9d\u00e9ration Paysanne 104 rue Robespierre, Bagnolet 93 (M\u00b0 Robespierre) Programme de la journ\u00e9e 9h30 &#8211; 10h : Accueil des participants 10h \u2013 13h : Organisation locale &#8211; Comit\u00e9s d&rsquo;\u00e9tape. &#8211; Points d&rsquo;ancrages du circuit : Accueillants du midi et du soir. &#8211; Collaboration des ... Read More","og_url":"https:\/\/www.altercampagne.net\/?p=9601","og_site_name":"AlterTour","article_published_time":"2008-01-01T11:00:05+00:00","article_modified_time":"2020-02-24T17:21:36+00:00","author":"Mathieu","twitter_card":"summary_large_image","twitter_misc":{"\u00c9crit par":"Mathieu","Dur\u00e9e de lecture estim\u00e9e":"1 minute"},"schema":{"@context":"https:\/\/schema.org","@graph":[{"@type":"Article","@id":"https:\/\/www.altercampagne.net\/?p=9601#article","isPartOf":{"@id":"https:\/\/www.altercampagne.net\/?p=9601"},"author":{"name":"Mathieu","@id":"https:\/\/www.altercampagne.net\/#\/schema\/person\/0f261460c09e430caa0f9bcffa319109"},"headline":"3\u00e8me Rencontre Pr\u00e9paratoire de l&rsquo;AlterTour","datePublished":"2008-01-01T11:00:05+00:00","dateModified":"2020-02-24T17:21:36+00:00","mainEntityOfPage":{"@id":"https:\/\/www.altercampagne.net\/?p=9601"},"wordCount":254,"articleSection":["WE de pr\u00e9paration","Edition 2008"],"inLanguage":"fr-FR"},{"@type":"WebPage","@id":"https:\/\/www.altercampagne.net\/?p=9601","url":"https:\/\/www.altercampagne.net\/?p=9601","name":"3\u00e8me Rencontre Pr\u00e9paratoire de l'AlterTour - AlterTour","isPartOf":{"@id":"https:\/\/www.altercampagne.net\/#website"},"datePublished":"2008-01-01T11:00:05+00:00","dateModified":"2020-02-24T17:21:36+00:00","author":{"@id":"https:\/\/www.altercampagne.net\/#\/schema\/person\/0f261460c09e430caa0f9bcffa319109"},"breadcrumb":{"@id":"https:\/\/www.altercampagne.net\/?p=9601#breadcrumb"},"inLanguage":"fr-FR","potentialAction":[{"@type":"ReadAction","target":["https:\/\/www.altercampagne.net\/?p=9601"]}]},{"@type":"BreadcrumbList","@id":"https:\/\/www.altercampagne.net\/?p=9601#breadcrumb","itemListElement":[{"@type":"ListItem","position":1,"name":"Accueil","item":"https:\/\/www.altercampagne.net\/"},{"@type":"ListItem","position":2,"name":"3\u00e8me Rencontre Pr\u00e9paratoire de l&rsquo;AlterTour"}]},{"@type":"WebSite","@id":"https:\/\/www.altercampagne.net\/#website","url":"https:\/\/www.altercampagne.net\/","name":"AlterTour","description":"Reliez les Alternatives \u00e0 v\u00e9lo","potentialAction":[{"@type":"SearchAction","target":{"@type":"EntryPoint","urlTemplate":"https:\/\/www.altercampagne.net\/?s={search_term_string}"},"query-input":{"@type":"PropertyValueSpecification","valueRequired":true,"valueName":"search_term_string"}}],"inLanguage":"fr-FR"},{"@type":"Person","@id":"https:\/\/www.altercampagne.net\/#\/schema\/person\/0f261460c09e430caa0f9bcffa319109","name":"Mathieu","image":{"@type":"ImageObject","inLanguage":"fr-FR","@id":"https:\/\/secure.gravatar.com\/avatar\/aa9d3d24c83f2141e5e2709d0f63d09a99f6be6bb7a50abc4915838d9f54501a?s=96&d=mm&r=g","url":"https:\/\/secure.gravatar.com\/avatar\/aa9d3d24c83f2141e5e2709d0f63d09a99f6be6bb7a50abc4915838d9f54501a?s=96&d=mm&r=g","contentUrl":"https:\/\/secure.gravatar.com\/avatar\/aa9d3d24c83f2141e5e2709d0f63d09a99f6be6bb7a50abc4915838d9f54501a?s=96&d=mm&r=g","caption":"Mathieu"},"url":"https:\/\/www.altercampagne.net\/?author=214"}]}},"_links":{"self":[{"href":"https:\/\/www.altercampagne.net\/index.php?rest_route=\/wp\/v2\/posts\/9601","targetHints":{"allow":["GET"]}}],"collection":[{"href":"https:\/\/www.altercampagne.net\/index.php?rest_route=\/wp\/v2\/posts"}],"about":[{"href":"https:\/\/www.altercampagne.net\/index.php?rest_route=\/wp\/v2\/types\/post"}],"author":[{"embeddable":true,"href":"https:\/\/www.altercampagne.net\/index.php?rest_route=\/wp\/v2\/users\/214"}],"replies":[{"embeddable":true,"href":"https:\/\/www.altercampagne.net\/index.php?rest_route=%2Fwp%2Fv2%2Fcomments&post=9601"}],"version-history":[{"count":0,"href":"https:\/\/www.altercampagne.net\/index.php?rest_route=\/wp\/v2\/posts\/9601\/revisions"}],"wp:attachment":[{"href":"https:\/\/www.altercampagne.net\/index.php?rest_route=%2Fwp%2Fv2%2Fmedia&parent=9601"}],"wp:term":[{"taxonomy":"category","embeddable":true,"href":"https:\/\/www.altercampagne.net\/index.php?rest_route=%2Fwp%2Fv2%2Fcategories&post=9601"},{"taxonomy":"post_tag","embeddable":true,"href":"https:\/\/www.altercampagne.net\/index.php?rest_route=%2Fwp%2Fv2%2Ftags&post=9601"}],"curies":[{"name":"wp","href":"https:\/\/api.w.org\/{rel}","templated":true}]}}