{"id":9603,"date":"2008-05-14T12:08:12","date_gmt":"2008-05-14T10:08:12","guid":{"rendered":"http:\/\/www.altercampagne.net\/?p=9603"},"modified":"2018-03-02T12:24:03","modified_gmt":"2018-03-02T11:24:03","slug":"le-creusot-site-daccueil-de-lapres-midi-du-9-juillet","status":"publish","type":"post","link":"https:\/\/www.altercampagne.net\/?p=9603","title":{"rendered":"Le Creusot, site d&rsquo;accueil de l&rsquo;apr\u00e8s-midi du 9 juillet."},"content":{"rendered":"<p class=\"Style25\" align=\"justify\">\u00ab\u00a0La mairie a gracieusement mis \u00e0 disposition une place du centre-ville, la salle de l&rsquo;<em>Alto<\/em> ainsi que sa plus grande salle de spectacle : l&rsquo;<em>Arc<\/em>. S&rsquo;il pleut, pas de souci, les altercyclistes et les exposants pourront \u00eatre accueillis \u00e0 l&rsquo;int\u00e9rieur.<br \/>\nUne radio-plateau sera pr\u00e9sente. Son principe : se d\u00e9placer sur les lieux des manifestations et interroger les personnes en direct, dans le cadre de son \u00e9mission consacr\u00e9e \u00e0 l&rsquo;environnement.<br \/>\nProgramme des festivit\u00e9s :<br \/>\n<strong>&#8211; 11 h <\/strong>: montage des stands associatifs, distribution des paniers de l&rsquo;AMAP \u00ab\u00a0cabas\u00a0\u00bb sur la place avec en parall\u00e8le un march\u00e9 paysan (ce sont les producteurs du cabas qui proposent quelques produits).<br \/>\n<strong>&#8211; 13 h <\/strong>: accueil des cyclistes et pot de l&rsquo;amiti\u00e9, puis repas pr\u00e9par\u00e9 par le comit\u00e9 d&rsquo;\u00e9tape.<br \/>\n<strong>&#8211; 14 h<\/strong> : caf\u00e9 solidaire des \u00e9lus.<br \/>\n<strong>&#8211; 14h30 &#8211; 15h30<\/strong> : concert musico-jardin, musique faite \u00e0 partir de mat\u00e9riel de jardinage. On garantit le c\u00f4t\u00e9 ludique et la qualit\u00e9 du concept !<br \/>\n<strong>15h30 &#8211; 17h<\/strong> : interventions par les repr\u00e9sentants locaux des associations partenaires : Attac sur les ogm, Autun-morvan-ecologie sur la biodiversit\u00e9 et les for\u00eats du Morvan, la Conf\u00e9d\u00e9ration Paysanne sur l&rsquo;agriculture bio, et le cabas bio sur le syst\u00e8me des AMAP.<br \/>\n<strong>&#8211; 17 h &#8211; 19h30<\/strong> : projection d&rsquo;un film (\u00e0 l&rsquo;initiative du service \u00ab\u00a0d\u00e9veloppement durable\u00a0\u00bb de la mairie) avec d\u00e9bat. Cl\u00f4ture de la journ\u00e9e.<\/p>\n<p>Quelques infos pratiques :<br \/>\n&#8211; Le balisage a l&rsquo;int\u00e9rieur de la ville est organis\u00e9 par la mairie .<br \/>\n&#8211; pour les navettes, en gare-TGV du Creusot, les horaires sont compris entre 8h30 et 12h et ne reprennent qu&rsquo;a 14h jusqu&rsquo;a 17h.\u00a0\u00bb<\/p>\n<p class=\"Style25\" align=\"right\">Claire du Creusot<\/p>\n","protected":false},"excerpt":{"rendered":"<p>\u00ab\u00a0La mairie a gracieusement mis \u00e0 disposition une place du centre-ville, la salle de l&rsquo;Alto ainsi que sa plus grande salle de spectacle : l&rsquo;Arc. S&rsquo;il pleut, pas de souci, les altercyclistes et les exposants pourront \u00eatre accueillis \u00e0 l&rsquo;int\u00e9rieur. Une radio-plateau sera pr\u00e9sente. Son principe : se d\u00e9placer sur &#8230; <\/p>\n<div><a href=\"https:\/\/www.altercampagne.net\/?p=9603\" class=\"more-link\">Read More<\/a><\/div>\n","protected":false},"author":214,"featured_media":0,"comment_status":"closed","ping_status":"closed","sticky":false,"template":"","format":"standard","meta":{"footnotes":""},"categories":[3495,3494],"tags":[],"class_list":["post-9603","post","type-post","status-publish","format-standard","hentry","category-bourgogne-franche-comte","category-edition-2008","no-post-thumbnail"],"yoast_head":"<!-- This site is optimized with the Yoast SEO plugin v27.3 - https:\/\/yoast.com\/product\/yoast-seo-wordpress\/ -->\n<title>Le Creusot, site d&#039;accueil de l&#039;apr\u00e8s-midi du 9 juillet. - AlterTour<\/title>\n<meta name=\"robots\" content=\"index, follow, max-snippet:-1, max-image-preview:large, max-video-preview:-1\" \/>\n<link rel=\"canonical\" href=\"https:\/\/www.altercampagne.net\/?p=9603\" \/>\n<meta property=\"og:locale\" content=\"fr_FR\" \/>\n<meta property=\"og:type\" content=\"article\" \/>\n<meta property=\"og:title\" content=\"Le Creusot, site d&#039;accueil de l&#039;apr\u00e8s-midi du 9 juillet. - AlterTour\" \/>\n<meta property=\"og:description\" content=\"\u00ab\u00a0La mairie a gracieusement mis \u00e0 disposition une place du centre-ville, la salle de l&rsquo;Alto ainsi que sa plus grande salle de spectacle : l&rsquo;Arc. S&rsquo;il pleut, pas de souci, les altercyclistes et les exposants pourront \u00eatre accueillis \u00e0 l&rsquo;int\u00e9rieur. Une radio-plateau sera pr\u00e9sente. Son principe : se d\u00e9placer sur ... Read More\" \/>\n<meta property=\"og:url\" content=\"https:\/\/www.altercampagne.net\/?p=9603\" \/>\n<meta property=\"og:site_name\" content=\"AlterTour\" \/>\n<meta property=\"article:published_time\" content=\"2008-05-14T10:08:12+00:00\" \/>\n<meta property=\"article:modified_time\" content=\"2018-03-02T11:24:03+00:00\" \/>\n<meta name=\"author\" content=\"Mathieu\" \/>\n<meta name=\"twitter:card\" content=\"summary_large_image\" \/>\n<meta name=\"twitter:label1\" content=\"\u00c9crit par\" \/>\n\t<meta name=\"twitter:data1\" content=\"Mathieu\" \/>\n\t<meta name=\"twitter:label2\" content=\"Dur\u00e9e de lecture estim\u00e9e\" \/>\n\t<meta name=\"twitter:data2\" content=\"1 minute\" \/>\n<script type=\"application\/ld+json\" class=\"yoast-schema-graph\">{\"@context\":\"https:\\\/\\\/schema.org\",\"@graph\":[{\"@type\":\"Article\",\"@id\":\"https:\\\/\\\/www.altercampagne.net\\\/?p=9603#article\",\"isPartOf\":{\"@id\":\"https:\\\/\\\/www.altercampagne.net\\\/?p=9603\"},\"author\":{\"name\":\"Mathieu\",\"@id\":\"https:\\\/\\\/www.altercampagne.net\\\/#\\\/schema\\\/person\\\/0f261460c09e430caa0f9bcffa319109\"},\"headline\":\"Le Creusot, site d&rsquo;accueil de l&rsquo;apr\u00e8s-midi du 9 juillet.\",\"datePublished\":\"2008-05-14T10:08:12+00:00\",\"dateModified\":\"2018-03-02T11:24:03+00:00\",\"mainEntityOfPage\":{\"@id\":\"https:\\\/\\\/www.altercampagne.net\\\/?p=9603\"},\"wordCount\":289,\"articleSection\":[\"Bourgogne-Franche-Comt\u00e9\",\"Edition 2008\"],\"inLanguage\":\"fr-FR\"},{\"@type\":\"WebPage\",\"@id\":\"https:\\\/\\\/www.altercampagne.net\\\/?p=9603\",\"url\":\"https:\\\/\\\/www.altercampagne.net\\\/?p=9603\",\"name\":\"Le Creusot, site d'accueil de l'apr\u00e8s-midi du 9 juillet. - AlterTour\",\"isPartOf\":{\"@id\":\"https:\\\/\\\/www.altercampagne.net\\\/#website\"},\"datePublished\":\"2008-05-14T10:08:12+00:00\",\"dateModified\":\"2018-03-02T11:24:03+00:00\",\"author\":{\"@id\":\"https:\\\/\\\/www.altercampagne.net\\\/#\\\/schema\\\/person\\\/0f261460c09e430caa0f9bcffa319109\"},\"breadcrumb\":{\"@id\":\"https:\\\/\\\/www.altercampagne.net\\\/?p=9603#breadcrumb\"},\"inLanguage\":\"fr-FR\",\"potentialAction\":[{\"@type\":\"ReadAction\",\"target\":[\"https:\\\/\\\/www.altercampagne.net\\\/?p=9603\"]}]},{\"@type\":\"BreadcrumbList\",\"@id\":\"https:\\\/\\\/www.altercampagne.net\\\/?p=9603#breadcrumb\",\"itemListElement\":[{\"@type\":\"ListItem\",\"position\":1,\"name\":\"Accueil\",\"item\":\"https:\\\/\\\/www.altercampagne.net\\\/\"},{\"@type\":\"ListItem\",\"position\":2,\"name\":\"Le Creusot, site d&rsquo;accueil de l&rsquo;apr\u00e8s-midi du 9 juillet.\"}]},{\"@type\":\"WebSite\",\"@id\":\"https:\\\/\\\/www.altercampagne.net\\\/#website\",\"url\":\"https:\\\/\\\/www.altercampagne.net\\\/\",\"name\":\"AlterTour\",\"description\":\"Reliez les Alternatives \u00e0 v\u00e9lo\",\"potentialAction\":[{\"@type\":\"SearchAction\",\"target\":{\"@type\":\"EntryPoint\",\"urlTemplate\":\"https:\\\/\\\/www.altercampagne.net\\\/?s={search_term_string}\"},\"query-input\":{\"@type\":\"PropertyValueSpecification\",\"valueRequired\":true,\"valueName\":\"search_term_string\"}}],\"inLanguage\":\"fr-FR\"},{\"@type\":\"Person\",\"@id\":\"https:\\\/\\\/www.altercampagne.net\\\/#\\\/schema\\\/person\\\/0f261460c09e430caa0f9bcffa319109\",\"name\":\"Mathieu\",\"image\":{\"@type\":\"ImageObject\",\"inLanguage\":\"fr-FR\",\"@id\":\"https:\\\/\\\/secure.gravatar.com\\\/avatar\\\/aa9d3d24c83f2141e5e2709d0f63d09a99f6be6bb7a50abc4915838d9f54501a?s=96&d=mm&r=g\",\"url\":\"https:\\\/\\\/secure.gravatar.com\\\/avatar\\\/aa9d3d24c83f2141e5e2709d0f63d09a99f6be6bb7a50abc4915838d9f54501a?s=96&d=mm&r=g\",\"contentUrl\":\"https:\\\/\\\/secure.gravatar.com\\\/avatar\\\/aa9d3d24c83f2141e5e2709d0f63d09a99f6be6bb7a50abc4915838d9f54501a?s=96&d=mm&r=g\",\"caption\":\"Mathieu\"},\"url\":\"https:\\\/\\\/www.altercampagne.net\\\/?author=214\"}]}<\/script>\n<!-- \/ Yoast SEO plugin. -->","yoast_head_json":{"title":"Le Creusot, site d'accueil de l'apr\u00e8s-midi du 9 juillet. - AlterTour","robots":{"index":"index","follow":"follow","max-snippet":"max-snippet:-1","max-image-preview":"max-image-preview:large","max-video-preview":"max-video-preview:-1"},"canonical":"https:\/\/www.altercampagne.net\/?p=9603","og_locale":"fr_FR","og_type":"article","og_title":"Le Creusot, site d'accueil de l'apr\u00e8s-midi du 9 juillet. - AlterTour","og_description":"\u00ab\u00a0La mairie a gracieusement mis \u00e0 disposition une place du centre-ville, la salle de l&rsquo;Alto ainsi que sa plus grande salle de spectacle : l&rsquo;Arc. S&rsquo;il pleut, pas de souci, les altercyclistes et les exposants pourront \u00eatre accueillis \u00e0 l&rsquo;int\u00e9rieur. Une radio-plateau sera pr\u00e9sente. Son principe : se d\u00e9placer sur ... Read More","og_url":"https:\/\/www.altercampagne.net\/?p=9603","og_site_name":"AlterTour","article_published_time":"2008-05-14T10:08:12+00:00","article_modified_time":"2018-03-02T11:24:03+00:00","author":"Mathieu","twitter_card":"summary_large_image","twitter_misc":{"\u00c9crit par":"Mathieu","Dur\u00e9e de lecture estim\u00e9e":"1 minute"},"schema":{"@context":"https:\/\/schema.org","@graph":[{"@type":"Article","@id":"https:\/\/www.altercampagne.net\/?p=9603#article","isPartOf":{"@id":"https:\/\/www.altercampagne.net\/?p=9603"},"author":{"name":"Mathieu","@id":"https:\/\/www.altercampagne.net\/#\/schema\/person\/0f261460c09e430caa0f9bcffa319109"},"headline":"Le Creusot, site d&rsquo;accueil de l&rsquo;apr\u00e8s-midi du 9 juillet.","datePublished":"2008-05-14T10:08:12+00:00","dateModified":"2018-03-02T11:24:03+00:00","mainEntityOfPage":{"@id":"https:\/\/www.altercampagne.net\/?p=9603"},"wordCount":289,"articleSection":["Bourgogne-Franche-Comt\u00e9","Edition 2008"],"inLanguage":"fr-FR"},{"@type":"WebPage","@id":"https:\/\/www.altercampagne.net\/?p=9603","url":"https:\/\/www.altercampagne.net\/?p=9603","name":"Le Creusot, site d'accueil de l'apr\u00e8s-midi du 9 juillet. - AlterTour","isPartOf":{"@id":"https:\/\/www.altercampagne.net\/#website"},"datePublished":"2008-05-14T10:08:12+00:00","dateModified":"2018-03-02T11:24:03+00:00","author":{"@id":"https:\/\/www.altercampagne.net\/#\/schema\/person\/0f261460c09e430caa0f9bcffa319109"},"breadcrumb":{"@id":"https:\/\/www.altercampagne.net\/?p=9603#breadcrumb"},"inLanguage":"fr-FR","potentialAction":[{"@type":"ReadAction","target":["https:\/\/www.altercampagne.net\/?p=9603"]}]},{"@type":"BreadcrumbList","@id":"https:\/\/www.altercampagne.net\/?p=9603#breadcrumb","itemListElement":[{"@type":"ListItem","position":1,"name":"Accueil","item":"https:\/\/www.altercampagne.net\/"},{"@type":"ListItem","position":2,"name":"Le Creusot, site d&rsquo;accueil de l&rsquo;apr\u00e8s-midi du 9 juillet."}]},{"@type":"WebSite","@id":"https:\/\/www.altercampagne.net\/#website","url":"https:\/\/www.altercampagne.net\/","name":"AlterTour","description":"Reliez les Alternatives \u00e0 v\u00e9lo","potentialAction":[{"@type":"SearchAction","target":{"@type":"EntryPoint","urlTemplate":"https:\/\/www.altercampagne.net\/?s={search_term_string}"},"query-input":{"@type":"PropertyValueSpecification","valueRequired":true,"valueName":"search_term_string"}}],"inLanguage":"fr-FR"},{"@type":"Person","@id":"https:\/\/www.altercampagne.net\/#\/schema\/person\/0f261460c09e430caa0f9bcffa319109","name":"Mathieu","image":{"@type":"ImageObject","inLanguage":"fr-FR","@id":"https:\/\/secure.gravatar.com\/avatar\/aa9d3d24c83f2141e5e2709d0f63d09a99f6be6bb7a50abc4915838d9f54501a?s=96&d=mm&r=g","url":"https:\/\/secure.gravatar.com\/avatar\/aa9d3d24c83f2141e5e2709d0f63d09a99f6be6bb7a50abc4915838d9f54501a?s=96&d=mm&r=g","contentUrl":"https:\/\/secure.gravatar.com\/avatar\/aa9d3d24c83f2141e5e2709d0f63d09a99f6be6bb7a50abc4915838d9f54501a?s=96&d=mm&r=g","caption":"Mathieu"},"url":"https:\/\/www.altercampagne.net\/?author=214"}]}},"_links":{"self":[{"href":"https:\/\/www.altercampagne.net\/index.php?rest_route=\/wp\/v2\/posts\/9603","targetHints":{"allow":["GET"]}}],"collection":[{"href":"https:\/\/www.altercampagne.net\/index.php?rest_route=\/wp\/v2\/posts"}],"about":[{"href":"https:\/\/www.altercampagne.net\/index.php?rest_route=\/wp\/v2\/types\/post"}],"author":[{"embeddable":true,"href":"https:\/\/www.altercampagne.net\/index.php?rest_route=\/wp\/v2\/users\/214"}],"replies":[{"embeddable":true,"href":"https:\/\/www.altercampagne.net\/index.php?rest_route=%2Fwp%2Fv2%2Fcomments&post=9603"}],"version-history":[{"count":0,"href":"https:\/\/www.altercampagne.net\/index.php?rest_route=\/wp\/v2\/posts\/9603\/revisions"}],"wp:attachment":[{"href":"https:\/\/www.altercampagne.net\/index.php?rest_route=%2Fwp%2Fv2%2Fmedia&parent=9603"}],"wp:term":[{"taxonomy":"category","embeddable":true,"href":"https:\/\/www.altercampagne.net\/index.php?rest_route=%2Fwp%2Fv2%2Fcategories&post=9603"},{"taxonomy":"post_tag","embeddable":true,"href":"https:\/\/www.altercampagne.net\/index.php?rest_route=%2Fwp%2Fv2%2Ftags&post=9603"}],"curies":[{"name":"wp","href":"https:\/\/api.w.org\/{rel}","templated":true}]}}