{"id":9605,"date":"2008-05-22T10:02:00","date_gmt":"2008-05-22T08:02:00","guid":{"rendered":"http:\/\/www.altercampagne.net\/?p=9605"},"modified":"2018-03-02T12:40:08","modified_gmt":"2018-03-02T11:40:08","slug":"tour-de-france-ecolo","status":"publish","type":"post","link":"https:\/\/www.altercampagne.net\/?p=9605","title":{"rendered":"Tour de France \u00c9colo"},"content":{"rendered":"<p><span class=\"Style49\">Un Tour de France sans EPO, vraiment pas comp\u00e9titif, solidaire, o\u00f9 les efforts seront \u00e9quitablement r\u00e9partis entre le p\u00e9dalage et la sensibilisation du monde agricole au \u00ab dopage \u00bb chimique et technologique, \u00e7a existe, c\u2019est l\u2019AlterTour ! Cette Grande Boucle prendra son \u00e9lan vers Montpellier le 3 juillet pour y retourner le 28, en 24 petites \u00e9tapes tr\u00e8s peinardes, et m\u00eame familiales, o\u00f9 l\u2019on pourra se passer le relais \u00e0 plusieurs reprises. Elles seront ponctu\u00e9es par des manifestations locales festives et informatives. On distribuera aux \u00e9lus des villages fleurant bon la France un recueil d\u2019alternatives agricoles, et en cette premi\u00e8re ann\u00e9e du moratoire sur la culture en plein champ du ma\u00efs transg\u00e9nique, des \u00ab tests anti-OGM \u00bb seront inopin\u00e9ment pratiqu\u00e9s sur des \u00e9pis. Inscrivez-vous vite, avant le 6 juin !<\/span><\/p>\n<p>Jour <strong>\u00ab\u00a0J\u00a0\u00bb-42<\/strong>, les 48 sites du circuit sont fix\u00e9s, de l&rsquo;accueil du 3 juillet \u00e0 <em>Cendras<\/em> au nord d&rsquo;<em>Al\u00e8s<\/em>, jusqu&rsquo;\u00e0 <em>Villeneuve-l\u00e8s-Maguelone<\/em> au sud de <em>Montpellier<\/em>.<\/p>\n","protected":false},"excerpt":{"rendered":"<p>Un Tour de France sans EPO, vraiment pas comp\u00e9titif, solidaire, o\u00f9 les efforts seront \u00e9quitablement r\u00e9partis entre le p\u00e9dalage et la sensibilisation du monde agricole au \u00ab dopage \u00bb chimique et technologique, \u00e7a existe, c\u2019est l\u2019AlterTour ! Cette Grande Boucle prendra son \u00e9lan vers Montpellier le 3 juillet pour y &#8230; <\/p>\n<div><a href=\"https:\/\/www.altercampagne.net\/?p=9605\" class=\"more-link\">Read More<\/a><\/div>\n","protected":false},"author":214,"featured_media":9606,"comment_status":"closed","ping_status":"closed","sticky":false,"template":"","format":"standard","meta":{"footnotes":""},"categories":[239,3494],"tags":[1098,1790,3500],"class_list":["post-9605","post","type-post","status-publish","format-standard","has-post-thumbnail","hentry","category-revue-de-presse","category-edition-2008","tag-altertour-2008","tag-politis","tag-3500"],"yoast_head":"<!-- This site is optimized with the Yoast SEO plugin v27.3 - https:\/\/yoast.com\/product\/yoast-seo-wordpress\/ -->\n<title>Tour de France \u00c9colo - AlterTour<\/title>\n<meta name=\"robots\" content=\"index, follow, max-snippet:-1, max-image-preview:large, max-video-preview:-1\" \/>\n<link rel=\"canonical\" href=\"https:\/\/www.altercampagne.net\/?p=9605\" \/>\n<meta property=\"og:locale\" content=\"fr_FR\" \/>\n<meta property=\"og:type\" content=\"article\" \/>\n<meta property=\"og:title\" content=\"Tour de France \u00c9colo - AlterTour\" \/>\n<meta property=\"og:description\" content=\"Un Tour de France sans EPO, vraiment pas comp\u00e9titif, solidaire, o\u00f9 les efforts seront \u00e9quitablement r\u00e9partis entre le p\u00e9dalage et la sensibilisation du monde agricole au \u00ab dopage \u00bb chimique et technologique, \u00e7a existe, c\u2019est l\u2019AlterTour ! Cette Grande Boucle prendra son \u00e9lan vers Montpellier le 3 juillet pour y ... Read More\" \/>\n<meta property=\"og:url\" content=\"https:\/\/www.altercampagne.net\/?p=9605\" \/>\n<meta property=\"og:site_name\" content=\"AlterTour\" \/>\n<meta property=\"article:published_time\" content=\"2008-05-22T08:02:00+00:00\" \/>\n<meta property=\"article:modified_time\" content=\"2018-03-02T11:40:08+00:00\" \/>\n<meta property=\"og:image\" content=\"https:\/\/www.altercampagne.net\/wp-content\/uploads\/2018\/03\/logo-politis.jpg\" \/>\n\t<meta property=\"og:image:width\" content=\"1001\" \/>\n\t<meta property=\"og:image:height\" content=\"525\" \/>\n\t<meta property=\"og:image:type\" content=\"image\/jpeg\" \/>\n<meta name=\"author\" content=\"Mathieu\" \/>\n<meta name=\"twitter:card\" content=\"summary_large_image\" \/>\n<meta name=\"twitter:label1\" content=\"\u00c9crit par\" \/>\n\t<meta name=\"twitter:data1\" content=\"Mathieu\" \/>\n\t<meta name=\"twitter:label2\" content=\"Dur\u00e9e de lecture estim\u00e9e\" \/>\n\t<meta name=\"twitter:data2\" content=\"1 minute\" \/>\n<script type=\"application\/ld+json\" class=\"yoast-schema-graph\">{\"@context\":\"https:\\\/\\\/schema.org\",\"@graph\":[{\"@type\":\"Article\",\"@id\":\"https:\\\/\\\/www.altercampagne.net\\\/?p=9605#article\",\"isPartOf\":{\"@id\":\"https:\\\/\\\/www.altercampagne.net\\\/?p=9605\"},\"author\":{\"name\":\"Mathieu\",\"@id\":\"https:\\\/\\\/www.altercampagne.net\\\/#\\\/schema\\\/person\\\/0f261460c09e430caa0f9bcffa319109\"},\"headline\":\"Tour de France \u00c9colo\",\"datePublished\":\"2008-05-22T08:02:00+00:00\",\"dateModified\":\"2018-03-02T11:40:08+00:00\",\"mainEntityOfPage\":{\"@id\":\"https:\\\/\\\/www.altercampagne.net\\\/?p=9605\"},\"wordCount\":167,\"image\":{\"@id\":\"https:\\\/\\\/www.altercampagne.net\\\/?p=9605#primaryimage\"},\"thumbnailUrl\":\"https:\\\/\\\/www.altercampagne.net\\\/wp-content\\\/uploads\\\/2018\\\/03\\\/logo-politis.jpg\",\"keywords\":[\"AlterTour 2008\",\"Politis\",\"2008\"],\"articleSection\":[\"Revue de presse\",\"Edition 2008\"],\"inLanguage\":\"fr-FR\"},{\"@type\":\"WebPage\",\"@id\":\"https:\\\/\\\/www.altercampagne.net\\\/?p=9605\",\"url\":\"https:\\\/\\\/www.altercampagne.net\\\/?p=9605\",\"name\":\"Tour de France \u00c9colo - AlterTour\",\"isPartOf\":{\"@id\":\"https:\\\/\\\/www.altercampagne.net\\\/#website\"},\"primaryImageOfPage\":{\"@id\":\"https:\\\/\\\/www.altercampagne.net\\\/?p=9605#primaryimage\"},\"image\":{\"@id\":\"https:\\\/\\\/www.altercampagne.net\\\/?p=9605#primaryimage\"},\"thumbnailUrl\":\"https:\\\/\\\/www.altercampagne.net\\\/wp-content\\\/uploads\\\/2018\\\/03\\\/logo-politis.jpg\",\"datePublished\":\"2008-05-22T08:02:00+00:00\",\"dateModified\":\"2018-03-02T11:40:08+00:00\",\"author\":{\"@id\":\"https:\\\/\\\/www.altercampagne.net\\\/#\\\/schema\\\/person\\\/0f261460c09e430caa0f9bcffa319109\"},\"breadcrumb\":{\"@id\":\"https:\\\/\\\/www.altercampagne.net\\\/?p=9605#breadcrumb\"},\"inLanguage\":\"fr-FR\",\"potentialAction\":[{\"@type\":\"ReadAction\",\"target\":[\"https:\\\/\\\/www.altercampagne.net\\\/?p=9605\"]}]},{\"@type\":\"ImageObject\",\"inLanguage\":\"fr-FR\",\"@id\":\"https:\\\/\\\/www.altercampagne.net\\\/?p=9605#primaryimage\",\"url\":\"https:\\\/\\\/www.altercampagne.net\\\/wp-content\\\/uploads\\\/2018\\\/03\\\/logo-politis.jpg\",\"contentUrl\":\"https:\\\/\\\/www.altercampagne.net\\\/wp-content\\\/uploads\\\/2018\\\/03\\\/logo-politis.jpg\",\"width\":1001,\"height\":525},{\"@type\":\"BreadcrumbList\",\"@id\":\"https:\\\/\\\/www.altercampagne.net\\\/?p=9605#breadcrumb\",\"itemListElement\":[{\"@type\":\"ListItem\",\"position\":1,\"name\":\"Accueil\",\"item\":\"https:\\\/\\\/www.altercampagne.net\\\/\"},{\"@type\":\"ListItem\",\"position\":2,\"name\":\"Tour de France \u00c9colo\"}]},{\"@type\":\"WebSite\",\"@id\":\"https:\\\/\\\/www.altercampagne.net\\\/#website\",\"url\":\"https:\\\/\\\/www.altercampagne.net\\\/\",\"name\":\"AlterTour\",\"description\":\"Reliez les Alternatives \u00e0 v\u00e9lo\",\"potentialAction\":[{\"@type\":\"SearchAction\",\"target\":{\"@type\":\"EntryPoint\",\"urlTemplate\":\"https:\\\/\\\/www.altercampagne.net\\\/?s={search_term_string}\"},\"query-input\":{\"@type\":\"PropertyValueSpecification\",\"valueRequired\":true,\"valueName\":\"search_term_string\"}}],\"inLanguage\":\"fr-FR\"},{\"@type\":\"Person\",\"@id\":\"https:\\\/\\\/www.altercampagne.net\\\/#\\\/schema\\\/person\\\/0f261460c09e430caa0f9bcffa319109\",\"name\":\"Mathieu\",\"image\":{\"@type\":\"ImageObject\",\"inLanguage\":\"fr-FR\",\"@id\":\"https:\\\/\\\/secure.gravatar.com\\\/avatar\\\/aa9d3d24c83f2141e5e2709d0f63d09a99f6be6bb7a50abc4915838d9f54501a?s=96&d=mm&r=g\",\"url\":\"https:\\\/\\\/secure.gravatar.com\\\/avatar\\\/aa9d3d24c83f2141e5e2709d0f63d09a99f6be6bb7a50abc4915838d9f54501a?s=96&d=mm&r=g\",\"contentUrl\":\"https:\\\/\\\/secure.gravatar.com\\\/avatar\\\/aa9d3d24c83f2141e5e2709d0f63d09a99f6be6bb7a50abc4915838d9f54501a?s=96&d=mm&r=g\",\"caption\":\"Mathieu\"},\"url\":\"https:\\\/\\\/www.altercampagne.net\\\/?author=214\"}]}<\/script>\n<!-- \/ Yoast SEO plugin. -->","yoast_head_json":{"title":"Tour de France \u00c9colo - AlterTour","robots":{"index":"index","follow":"follow","max-snippet":"max-snippet:-1","max-image-preview":"max-image-preview:large","max-video-preview":"max-video-preview:-1"},"canonical":"https:\/\/www.altercampagne.net\/?p=9605","og_locale":"fr_FR","og_type":"article","og_title":"Tour de France \u00c9colo - AlterTour","og_description":"Un Tour de France sans EPO, vraiment pas comp\u00e9titif, solidaire, o\u00f9 les efforts seront \u00e9quitablement r\u00e9partis entre le p\u00e9dalage et la sensibilisation du monde agricole au \u00ab dopage \u00bb chimique et technologique, \u00e7a existe, c\u2019est l\u2019AlterTour ! Cette Grande Boucle prendra son \u00e9lan vers Montpellier le 3 juillet pour y ... Read More","og_url":"https:\/\/www.altercampagne.net\/?p=9605","og_site_name":"AlterTour","article_published_time":"2008-05-22T08:02:00+00:00","article_modified_time":"2018-03-02T11:40:08+00:00","og_image":[{"width":1001,"height":525,"url":"https:\/\/www.altercampagne.net\/wp-content\/uploads\/2018\/03\/logo-politis.jpg","type":"image\/jpeg"}],"author":"Mathieu","twitter_card":"summary_large_image","twitter_misc":{"\u00c9crit par":"Mathieu","Dur\u00e9e de lecture estim\u00e9e":"1 minute"},"schema":{"@context":"https:\/\/schema.org","@graph":[{"@type":"Article","@id":"https:\/\/www.altercampagne.net\/?p=9605#article","isPartOf":{"@id":"https:\/\/www.altercampagne.net\/?p=9605"},"author":{"name":"Mathieu","@id":"https:\/\/www.altercampagne.net\/#\/schema\/person\/0f261460c09e430caa0f9bcffa319109"},"headline":"Tour de France \u00c9colo","datePublished":"2008-05-22T08:02:00+00:00","dateModified":"2018-03-02T11:40:08+00:00","mainEntityOfPage":{"@id":"https:\/\/www.altercampagne.net\/?p=9605"},"wordCount":167,"image":{"@id":"https:\/\/www.altercampagne.net\/?p=9605#primaryimage"},"thumbnailUrl":"https:\/\/www.altercampagne.net\/wp-content\/uploads\/2018\/03\/logo-politis.jpg","keywords":["AlterTour 2008","Politis","2008"],"articleSection":["Revue de presse","Edition 2008"],"inLanguage":"fr-FR"},{"@type":"WebPage","@id":"https:\/\/www.altercampagne.net\/?p=9605","url":"https:\/\/www.altercampagne.net\/?p=9605","name":"Tour de France \u00c9colo - AlterTour","isPartOf":{"@id":"https:\/\/www.altercampagne.net\/#website"},"primaryImageOfPage":{"@id":"https:\/\/www.altercampagne.net\/?p=9605#primaryimage"},"image":{"@id":"https:\/\/www.altercampagne.net\/?p=9605#primaryimage"},"thumbnailUrl":"https:\/\/www.altercampagne.net\/wp-content\/uploads\/2018\/03\/logo-politis.jpg","datePublished":"2008-05-22T08:02:00+00:00","dateModified":"2018-03-02T11:40:08+00:00","author":{"@id":"https:\/\/www.altercampagne.net\/#\/schema\/person\/0f261460c09e430caa0f9bcffa319109"},"breadcrumb":{"@id":"https:\/\/www.altercampagne.net\/?p=9605#breadcrumb"},"inLanguage":"fr-FR","potentialAction":[{"@type":"ReadAction","target":["https:\/\/www.altercampagne.net\/?p=9605"]}]},{"@type":"ImageObject","inLanguage":"fr-FR","@id":"https:\/\/www.altercampagne.net\/?p=9605#primaryimage","url":"https:\/\/www.altercampagne.net\/wp-content\/uploads\/2018\/03\/logo-politis.jpg","contentUrl":"https:\/\/www.altercampagne.net\/wp-content\/uploads\/2018\/03\/logo-politis.jpg","width":1001,"height":525},{"@type":"BreadcrumbList","@id":"https:\/\/www.altercampagne.net\/?p=9605#breadcrumb","itemListElement":[{"@type":"ListItem","position":1,"name":"Accueil","item":"https:\/\/www.altercampagne.net\/"},{"@type":"ListItem","position":2,"name":"Tour de France \u00c9colo"}]},{"@type":"WebSite","@id":"https:\/\/www.altercampagne.net\/#website","url":"https:\/\/www.altercampagne.net\/","name":"AlterTour","description":"Reliez les Alternatives \u00e0 v\u00e9lo","potentialAction":[{"@type":"SearchAction","target":{"@type":"EntryPoint","urlTemplate":"https:\/\/www.altercampagne.net\/?s={search_term_string}"},"query-input":{"@type":"PropertyValueSpecification","valueRequired":true,"valueName":"search_term_string"}}],"inLanguage":"fr-FR"},{"@type":"Person","@id":"https:\/\/www.altercampagne.net\/#\/schema\/person\/0f261460c09e430caa0f9bcffa319109","name":"Mathieu","image":{"@type":"ImageObject","inLanguage":"fr-FR","@id":"https:\/\/secure.gravatar.com\/avatar\/aa9d3d24c83f2141e5e2709d0f63d09a99f6be6bb7a50abc4915838d9f54501a?s=96&d=mm&r=g","url":"https:\/\/secure.gravatar.com\/avatar\/aa9d3d24c83f2141e5e2709d0f63d09a99f6be6bb7a50abc4915838d9f54501a?s=96&d=mm&r=g","contentUrl":"https:\/\/secure.gravatar.com\/avatar\/aa9d3d24c83f2141e5e2709d0f63d09a99f6be6bb7a50abc4915838d9f54501a?s=96&d=mm&r=g","caption":"Mathieu"},"url":"https:\/\/www.altercampagne.net\/?author=214"}]}},"_links":{"self":[{"href":"https:\/\/www.altercampagne.net\/index.php?rest_route=\/wp\/v2\/posts\/9605","targetHints":{"allow":["GET"]}}],"collection":[{"href":"https:\/\/www.altercampagne.net\/index.php?rest_route=\/wp\/v2\/posts"}],"about":[{"href":"https:\/\/www.altercampagne.net\/index.php?rest_route=\/wp\/v2\/types\/post"}],"author":[{"embeddable":true,"href":"https:\/\/www.altercampagne.net\/index.php?rest_route=\/wp\/v2\/users\/214"}],"replies":[{"embeddable":true,"href":"https:\/\/www.altercampagne.net\/index.php?rest_route=%2Fwp%2Fv2%2Fcomments&post=9605"}],"version-history":[{"count":0,"href":"https:\/\/www.altercampagne.net\/index.php?rest_route=\/wp\/v2\/posts\/9605\/revisions"}],"wp:featuredmedia":[{"embeddable":true,"href":"https:\/\/www.altercampagne.net\/index.php?rest_route=\/wp\/v2\/media\/9606"}],"wp:attachment":[{"href":"https:\/\/www.altercampagne.net\/index.php?rest_route=%2Fwp%2Fv2%2Fmedia&parent=9605"}],"wp:term":[{"taxonomy":"category","embeddable":true,"href":"https:\/\/www.altercampagne.net\/index.php?rest_route=%2Fwp%2Fv2%2Fcategories&post=9605"},{"taxonomy":"post_tag","embeddable":true,"href":"https:\/\/www.altercampagne.net\/index.php?rest_route=%2Fwp%2Fv2%2Ftags&post=9605"}],"curies":[{"name":"wp","href":"https:\/\/api.w.org\/{rel}","templated":true}]}}