{"id":9617,"date":"2008-06-05T13:12:02","date_gmt":"2008-06-05T11:12:02","guid":{"rendered":"http:\/\/www.altercampagne.net\/?p=9617"},"modified":"2018-03-02T14:26:05","modified_gmt":"2018-03-02T13:26:05","slug":"9617","status":"publish","type":"post","link":"https:\/\/www.altercampagne.net\/?p=9617","title":{"rendered":"Il y a des jours comme \u00e7a&#8230;"},"content":{"rendered":"<p class=\"Style25\" align=\"justify\">&#8211; <strong>10h04<\/strong> : Enregistrement dans un studio de <em>France-Culture<\/em> de l&rsquo;\u00e9mission \u00ab\u00a0Terre-\u00e0-Terre\u00a0\u00bb qui sera diffus\u00e9e le samedi 14 juin entre 7h et 8h du matin, et dont le sujet sera&#8230; l&rsquo;AlterTour et le dopage.<br \/>\navec : Ruth Stegassy (animatrice), et les futur(e)s altercyclistes : Anny Poursinoff, Jean-Pierre Berlan, Lilian Ceballos, Dom de Chevreuse.<br \/>\n<em>Satisfaction<\/em>.<\/p>\n<p class=\"Style25\" style=\"text-align: center;\" align=\"justify\"><a href=\"http:\/\/altercampagne.free.fr\/pages\/2008\/AlterTour\/doc\/TERRE_A_TERRE_1.mp3\" target=\"_blank\" rel=\"noopener\">\u00c9coutez l&rsquo;\u00e9mission (51&rsquo;22\u00a0\u00bb &#8211; MP3 &#8211; 18Mo)<\/a><\/p>\n<p class=\"Style25\" align=\"justify\">&#8211; <strong>10h33<\/strong> : On apprend que le projet de caf\u00e9 associatif \u00ab\u00a0art et \u00e9cologie\u00a0\u00bb de L\u00eele (sur laquelle l&rsquo;AlterTour viendra s&rsquo;\u00e9chouer volontairement le 25 juillet), vient de remporter le prix \u00ab\u00a0d\u00e9veloppement durable\u00a0\u00bb organis\u00e9 par l&rsquo;ARPE (Association R\u00e9gionale Pour l&rsquo;Environnement de Midi-Pyr\u00e9n\u00e9es). L&rsquo;objectif de ce prix \u00e9tait l&rsquo;int\u00e9gration &#8211; en amont d&rsquo;un projet -, des trois dimensions : \u00e9conomique, environnementale et sociale du d\u00e9veloppement durable.<br \/>\n<em>Joie<\/em>.<br \/>\n&#8211; <strong>17h<\/strong> : Relaxe des Faucheurs au proc\u00e8s de Chartres.<br \/>\n<em>Bonheur total<\/em>.<\/p>\n<p align=\"justify\"><span class=\"Style25\"> \u00a0\u00a0Enfin, d\u00e9couverte ce m\u00eame jour d&rsquo;un article fort sympathique d&rsquo;Henry Moreigne : \u00ab\u00a0<a href=\"http:\/\/lamouette.blog.lemonde.fr\/2008\/06\/04\/tous-en-selle-pour-l%e2%80%99altertour\/\">Tous en selle pour l&rsquo;AlterTour<\/a>\u00a0\u00bb<br \/>\n\u00a0\u00bb <span class=\"Style49\">L\u2019AlterTour est au tour de France ce qu\u2019est le forum social de Porto Al\u00e9gre au forum \u00e9conomique de Davos. Une giga randonn\u00e9e \u00e0 v\u00e9lo, sans dopage, sans esprit de comp\u00e9tition mais avec de la bonne humeur, des conf\u00e9rences p\u00e9dagogiques et des animations musicales !<\/span> \u00ab\u00a0<\/span><\/p>\n","protected":false},"excerpt":{"rendered":"<p>&#8211; 10h04 : Enregistrement dans un studio de France-Culture de l&rsquo;\u00e9mission \u00ab\u00a0Terre-\u00e0-Terre\u00a0\u00bb qui sera diffus\u00e9e le samedi 14 juin entre 7h et 8h du matin, et dont le sujet sera&#8230; l&rsquo;AlterTour et le dopage. avec : Ruth Stegassy (animatrice), et les futur(e)s altercyclistes : Anny Poursinoff, Jean-Pierre Berlan, Lilian Ceballos, &#8230; <\/p>\n<div><a href=\"https:\/\/www.altercampagne.net\/?p=9617\" class=\"more-link\">Read More<\/a><\/div>\n","protected":false},"author":214,"featured_media":9619,"comment_status":"closed","ping_status":"closed","sticky":false,"template":"","format":"standard","meta":{"footnotes":""},"categories":[3494],"tags":[],"class_list":["post-9617","post","type-post","status-publish","format-standard","has-post-thumbnail","hentry","category-edition-2008"],"yoast_head":"<!-- This site is optimized with the Yoast SEO plugin v27.3 - https:\/\/yoast.com\/product\/yoast-seo-wordpress\/ -->\n<title>Il y a des jours comme \u00e7a... - AlterTour<\/title>\n<meta name=\"robots\" content=\"index, follow, max-snippet:-1, max-image-preview:large, max-video-preview:-1\" \/>\n<link rel=\"canonical\" href=\"https:\/\/www.altercampagne.net\/?p=9617\" \/>\n<meta property=\"og:locale\" content=\"fr_FR\" \/>\n<meta property=\"og:type\" content=\"article\" \/>\n<meta property=\"og:title\" content=\"Il y a des jours comme \u00e7a... - AlterTour\" \/>\n<meta property=\"og:description\" content=\"&#8211; 10h04 : Enregistrement dans un studio de France-Culture de l&rsquo;\u00e9mission \u00ab\u00a0Terre-\u00e0-Terre\u00a0\u00bb qui sera diffus\u00e9e le samedi 14 juin entre 7h et 8h du matin, et dont le sujet sera&#8230; l&rsquo;AlterTour et le dopage. avec : Ruth Stegassy (animatrice), et les futur(e)s altercyclistes : Anny Poursinoff, Jean-Pierre Berlan, Lilian Ceballos, ... Read More\" \/>\n<meta property=\"og:url\" content=\"https:\/\/www.altercampagne.net\/?p=9617\" \/>\n<meta property=\"og:site_name\" content=\"AlterTour\" \/>\n<meta property=\"article:published_time\" content=\"2008-06-05T11:12:02+00:00\" \/>\n<meta property=\"article:modified_time\" content=\"2018-03-02T13:26:05+00:00\" \/>\n<meta property=\"og:image\" content=\"https:\/\/www.altercampagne.net\/wp-content\/uploads\/2018\/03\/Ruth-Stegassy.jpg\" \/>\n\t<meta property=\"og:image:width\" content=\"400\" \/>\n\t<meta property=\"og:image:height\" content=\"210\" \/>\n\t<meta property=\"og:image:type\" content=\"image\/jpeg\" \/>\n<meta name=\"author\" content=\"Mathieu\" \/>\n<meta name=\"twitter:card\" content=\"summary_large_image\" \/>\n<meta name=\"twitter:label1\" content=\"\u00c9crit par\" \/>\n\t<meta name=\"twitter:data1\" content=\"Mathieu\" \/>\n\t<meta name=\"twitter:label2\" content=\"Dur\u00e9e de lecture estim\u00e9e\" \/>\n\t<meta name=\"twitter:data2\" content=\"1 minute\" \/>\n<script type=\"application\/ld+json\" class=\"yoast-schema-graph\">{\"@context\":\"https:\\\/\\\/schema.org\",\"@graph\":[{\"@type\":\"Article\",\"@id\":\"https:\\\/\\\/www.altercampagne.net\\\/?p=9617#article\",\"isPartOf\":{\"@id\":\"https:\\\/\\\/www.altercampagne.net\\\/?p=9617\"},\"author\":{\"name\":\"Mathieu\",\"@id\":\"https:\\\/\\\/www.altercampagne.net\\\/#\\\/schema\\\/person\\\/0f261460c09e430caa0f9bcffa319109\"},\"headline\":\"Il y a des jours comme \u00e7a&#8230;\",\"datePublished\":\"2008-06-05T11:12:02+00:00\",\"dateModified\":\"2018-03-02T13:26:05+00:00\",\"mainEntityOfPage\":{\"@id\":\"https:\\\/\\\/www.altercampagne.net\\\/?p=9617\"},\"wordCount\":229,\"image\":{\"@id\":\"https:\\\/\\\/www.altercampagne.net\\\/?p=9617#primaryimage\"},\"thumbnailUrl\":\"https:\\\/\\\/www.altercampagne.net\\\/wp-content\\\/uploads\\\/2018\\\/03\\\/Ruth-Stegassy.jpg\",\"articleSection\":[\"Edition 2008\"],\"inLanguage\":\"fr-FR\"},{\"@type\":\"WebPage\",\"@id\":\"https:\\\/\\\/www.altercampagne.net\\\/?p=9617\",\"url\":\"https:\\\/\\\/www.altercampagne.net\\\/?p=9617\",\"name\":\"Il y a des jours comme \u00e7a... - AlterTour\",\"isPartOf\":{\"@id\":\"https:\\\/\\\/www.altercampagne.net\\\/#website\"},\"primaryImageOfPage\":{\"@id\":\"https:\\\/\\\/www.altercampagne.net\\\/?p=9617#primaryimage\"},\"image\":{\"@id\":\"https:\\\/\\\/www.altercampagne.net\\\/?p=9617#primaryimage\"},\"thumbnailUrl\":\"https:\\\/\\\/www.altercampagne.net\\\/wp-content\\\/uploads\\\/2018\\\/03\\\/Ruth-Stegassy.jpg\",\"datePublished\":\"2008-06-05T11:12:02+00:00\",\"dateModified\":\"2018-03-02T13:26:05+00:00\",\"author\":{\"@id\":\"https:\\\/\\\/www.altercampagne.net\\\/#\\\/schema\\\/person\\\/0f261460c09e430caa0f9bcffa319109\"},\"breadcrumb\":{\"@id\":\"https:\\\/\\\/www.altercampagne.net\\\/?p=9617#breadcrumb\"},\"inLanguage\":\"fr-FR\",\"potentialAction\":[{\"@type\":\"ReadAction\",\"target\":[\"https:\\\/\\\/www.altercampagne.net\\\/?p=9617\"]}]},{\"@type\":\"ImageObject\",\"inLanguage\":\"fr-FR\",\"@id\":\"https:\\\/\\\/www.altercampagne.net\\\/?p=9617#primaryimage\",\"url\":\"https:\\\/\\\/www.altercampagne.net\\\/wp-content\\\/uploads\\\/2018\\\/03\\\/Ruth-Stegassy.jpg\",\"contentUrl\":\"https:\\\/\\\/www.altercampagne.net\\\/wp-content\\\/uploads\\\/2018\\\/03\\\/Ruth-Stegassy.jpg\",\"width\":400,\"height\":210},{\"@type\":\"BreadcrumbList\",\"@id\":\"https:\\\/\\\/www.altercampagne.net\\\/?p=9617#breadcrumb\",\"itemListElement\":[{\"@type\":\"ListItem\",\"position\":1,\"name\":\"Accueil\",\"item\":\"https:\\\/\\\/www.altercampagne.net\\\/\"},{\"@type\":\"ListItem\",\"position\":2,\"name\":\"Il y a des jours comme \u00e7a&#8230;\"}]},{\"@type\":\"WebSite\",\"@id\":\"https:\\\/\\\/www.altercampagne.net\\\/#website\",\"url\":\"https:\\\/\\\/www.altercampagne.net\\\/\",\"name\":\"AlterTour\",\"description\":\"Reliez les Alternatives \u00e0 v\u00e9lo\",\"potentialAction\":[{\"@type\":\"SearchAction\",\"target\":{\"@type\":\"EntryPoint\",\"urlTemplate\":\"https:\\\/\\\/www.altercampagne.net\\\/?s={search_term_string}\"},\"query-input\":{\"@type\":\"PropertyValueSpecification\",\"valueRequired\":true,\"valueName\":\"search_term_string\"}}],\"inLanguage\":\"fr-FR\"},{\"@type\":\"Person\",\"@id\":\"https:\\\/\\\/www.altercampagne.net\\\/#\\\/schema\\\/person\\\/0f261460c09e430caa0f9bcffa319109\",\"name\":\"Mathieu\",\"image\":{\"@type\":\"ImageObject\",\"inLanguage\":\"fr-FR\",\"@id\":\"https:\\\/\\\/secure.gravatar.com\\\/avatar\\\/aa9d3d24c83f2141e5e2709d0f63d09a99f6be6bb7a50abc4915838d9f54501a?s=96&d=mm&r=g\",\"url\":\"https:\\\/\\\/secure.gravatar.com\\\/avatar\\\/aa9d3d24c83f2141e5e2709d0f63d09a99f6be6bb7a50abc4915838d9f54501a?s=96&d=mm&r=g\",\"contentUrl\":\"https:\\\/\\\/secure.gravatar.com\\\/avatar\\\/aa9d3d24c83f2141e5e2709d0f63d09a99f6be6bb7a50abc4915838d9f54501a?s=96&d=mm&r=g\",\"caption\":\"Mathieu\"},\"url\":\"https:\\\/\\\/www.altercampagne.net\\\/?author=214\"}]}<\/script>\n<!-- \/ Yoast SEO plugin. -->","yoast_head_json":{"title":"Il y a des jours comme \u00e7a... - AlterTour","robots":{"index":"index","follow":"follow","max-snippet":"max-snippet:-1","max-image-preview":"max-image-preview:large","max-video-preview":"max-video-preview:-1"},"canonical":"https:\/\/www.altercampagne.net\/?p=9617","og_locale":"fr_FR","og_type":"article","og_title":"Il y a des jours comme \u00e7a... - AlterTour","og_description":"&#8211; 10h04 : Enregistrement dans un studio de France-Culture de l&rsquo;\u00e9mission \u00ab\u00a0Terre-\u00e0-Terre\u00a0\u00bb qui sera diffus\u00e9e le samedi 14 juin entre 7h et 8h du matin, et dont le sujet sera&#8230; l&rsquo;AlterTour et le dopage. avec : Ruth Stegassy (animatrice), et les futur(e)s altercyclistes : Anny Poursinoff, Jean-Pierre Berlan, Lilian Ceballos, ... Read More","og_url":"https:\/\/www.altercampagne.net\/?p=9617","og_site_name":"AlterTour","article_published_time":"2008-06-05T11:12:02+00:00","article_modified_time":"2018-03-02T13:26:05+00:00","og_image":[{"width":400,"height":210,"url":"https:\/\/www.altercampagne.net\/wp-content\/uploads\/2018\/03\/Ruth-Stegassy.jpg","type":"image\/jpeg"}],"author":"Mathieu","twitter_card":"summary_large_image","twitter_misc":{"\u00c9crit par":"Mathieu","Dur\u00e9e de lecture estim\u00e9e":"1 minute"},"schema":{"@context":"https:\/\/schema.org","@graph":[{"@type":"Article","@id":"https:\/\/www.altercampagne.net\/?p=9617#article","isPartOf":{"@id":"https:\/\/www.altercampagne.net\/?p=9617"},"author":{"name":"Mathieu","@id":"https:\/\/www.altercampagne.net\/#\/schema\/person\/0f261460c09e430caa0f9bcffa319109"},"headline":"Il y a des jours comme \u00e7a&#8230;","datePublished":"2008-06-05T11:12:02+00:00","dateModified":"2018-03-02T13:26:05+00:00","mainEntityOfPage":{"@id":"https:\/\/www.altercampagne.net\/?p=9617"},"wordCount":229,"image":{"@id":"https:\/\/www.altercampagne.net\/?p=9617#primaryimage"},"thumbnailUrl":"https:\/\/www.altercampagne.net\/wp-content\/uploads\/2018\/03\/Ruth-Stegassy.jpg","articleSection":["Edition 2008"],"inLanguage":"fr-FR"},{"@type":"WebPage","@id":"https:\/\/www.altercampagne.net\/?p=9617","url":"https:\/\/www.altercampagne.net\/?p=9617","name":"Il y a des jours comme \u00e7a... - AlterTour","isPartOf":{"@id":"https:\/\/www.altercampagne.net\/#website"},"primaryImageOfPage":{"@id":"https:\/\/www.altercampagne.net\/?p=9617#primaryimage"},"image":{"@id":"https:\/\/www.altercampagne.net\/?p=9617#primaryimage"},"thumbnailUrl":"https:\/\/www.altercampagne.net\/wp-content\/uploads\/2018\/03\/Ruth-Stegassy.jpg","datePublished":"2008-06-05T11:12:02+00:00","dateModified":"2018-03-02T13:26:05+00:00","author":{"@id":"https:\/\/www.altercampagne.net\/#\/schema\/person\/0f261460c09e430caa0f9bcffa319109"},"breadcrumb":{"@id":"https:\/\/www.altercampagne.net\/?p=9617#breadcrumb"},"inLanguage":"fr-FR","potentialAction":[{"@type":"ReadAction","target":["https:\/\/www.altercampagne.net\/?p=9617"]}]},{"@type":"ImageObject","inLanguage":"fr-FR","@id":"https:\/\/www.altercampagne.net\/?p=9617#primaryimage","url":"https:\/\/www.altercampagne.net\/wp-content\/uploads\/2018\/03\/Ruth-Stegassy.jpg","contentUrl":"https:\/\/www.altercampagne.net\/wp-content\/uploads\/2018\/03\/Ruth-Stegassy.jpg","width":400,"height":210},{"@type":"BreadcrumbList","@id":"https:\/\/www.altercampagne.net\/?p=9617#breadcrumb","itemListElement":[{"@type":"ListItem","position":1,"name":"Accueil","item":"https:\/\/www.altercampagne.net\/"},{"@type":"ListItem","position":2,"name":"Il y a des jours comme \u00e7a&#8230;"}]},{"@type":"WebSite","@id":"https:\/\/www.altercampagne.net\/#website","url":"https:\/\/www.altercampagne.net\/","name":"AlterTour","description":"Reliez les Alternatives \u00e0 v\u00e9lo","potentialAction":[{"@type":"SearchAction","target":{"@type":"EntryPoint","urlTemplate":"https:\/\/www.altercampagne.net\/?s={search_term_string}"},"query-input":{"@type":"PropertyValueSpecification","valueRequired":true,"valueName":"search_term_string"}}],"inLanguage":"fr-FR"},{"@type":"Person","@id":"https:\/\/www.altercampagne.net\/#\/schema\/person\/0f261460c09e430caa0f9bcffa319109","name":"Mathieu","image":{"@type":"ImageObject","inLanguage":"fr-FR","@id":"https:\/\/secure.gravatar.com\/avatar\/aa9d3d24c83f2141e5e2709d0f63d09a99f6be6bb7a50abc4915838d9f54501a?s=96&d=mm&r=g","url":"https:\/\/secure.gravatar.com\/avatar\/aa9d3d24c83f2141e5e2709d0f63d09a99f6be6bb7a50abc4915838d9f54501a?s=96&d=mm&r=g","contentUrl":"https:\/\/secure.gravatar.com\/avatar\/aa9d3d24c83f2141e5e2709d0f63d09a99f6be6bb7a50abc4915838d9f54501a?s=96&d=mm&r=g","caption":"Mathieu"},"url":"https:\/\/www.altercampagne.net\/?author=214"}]}},"_links":{"self":[{"href":"https:\/\/www.altercampagne.net\/index.php?rest_route=\/wp\/v2\/posts\/9617","targetHints":{"allow":["GET"]}}],"collection":[{"href":"https:\/\/www.altercampagne.net\/index.php?rest_route=\/wp\/v2\/posts"}],"about":[{"href":"https:\/\/www.altercampagne.net\/index.php?rest_route=\/wp\/v2\/types\/post"}],"author":[{"embeddable":true,"href":"https:\/\/www.altercampagne.net\/index.php?rest_route=\/wp\/v2\/users\/214"}],"replies":[{"embeddable":true,"href":"https:\/\/www.altercampagne.net\/index.php?rest_route=%2Fwp%2Fv2%2Fcomments&post=9617"}],"version-history":[{"count":0,"href":"https:\/\/www.altercampagne.net\/index.php?rest_route=\/wp\/v2\/posts\/9617\/revisions"}],"wp:featuredmedia":[{"embeddable":true,"href":"https:\/\/www.altercampagne.net\/index.php?rest_route=\/wp\/v2\/media\/9619"}],"wp:attachment":[{"href":"https:\/\/www.altercampagne.net\/index.php?rest_route=%2Fwp%2Fv2%2Fmedia&parent=9617"}],"wp:term":[{"taxonomy":"category","embeddable":true,"href":"https:\/\/www.altercampagne.net\/index.php?rest_route=%2Fwp%2Fv2%2Fcategories&post=9617"},{"taxonomy":"post_tag","embeddable":true,"href":"https:\/\/www.altercampagne.net\/index.php?rest_route=%2Fwp%2Fv2%2Ftags&post=9617"}],"curies":[{"name":"wp","href":"https:\/\/api.w.org\/{rel}","templated":true}]}}