{"id":9629,"date":"2008-07-05T14:33:04","date_gmt":"2008-07-05T12:33:04","guid":{"rendered":"http:\/\/www.altercampagne.net\/?p=9629"},"modified":"2018-03-02T14:59:50","modified_gmt":"2018-03-02T13:59:50","slug":"lycee-agricole-de-mirabel-lapres-midi-ecole-experimentale-des-amanins-en-soiree","status":"publish","type":"post","link":"https:\/\/www.altercampagne.net\/?p=9629","title":{"rendered":"Lyc\u00e9e agricole de Mirabel l&rsquo;apr\u00e8s-midi, \u00e9cole exp\u00e9rimentale des Amanins en soir\u00e9e"},"content":{"rendered":"<p>Nous visitons Les Amanins \u00e0 La Roche-sur-Gr\u00e2ne, o\u00f9 une \u00e9cole primaire sensibilise les enfants \u00e0 la pr\u00e9servation de la nature dans l\u2019esprit de Pierre Rabhi, agro-\u00e9cologiste et humaniste, ainsi qu\u2019\u00e0 la protection de l\u2019homme des effets destructeurs des politiques \u00e9conomiques et sociales en France et en Europe. Ici, un \u00e9co-hameau se construit \u00e0 l\u2019aide de mat\u00e9riaux sains : briques de terre crue pour les murs, pav\u00e9s de paille compress\u00e9e pour l\u2019isolation\u2026 autant de mat\u00e9riaux locaux.<\/p>\n<p>Spectacle po\u00e9tique sur l&rsquo;agro\u00e9cologie, pr\u00e9sent\u00e9 en soir\u00e9e. <span class=\"Style98\">\u00a0 La visite du site aura lieu le lendemain-matin, avant de repartir en direction de Bourg-l\u00e8s-Valence.<\/span><\/p>\n<p style=\"text-align: right;\"><strong>Suzanne <\/strong><\/p>\n","protected":false},"excerpt":{"rendered":"<p>Nous visitons Les Amanins \u00e0 La Roche-sur-Gr\u00e2ne, o\u00f9 une \u00e9cole primaire sensibilise les enfants \u00e0 la pr\u00e9servation de la nature dans l\u2019esprit de Pierre Rabhi, agro-\u00e9cologiste et humaniste, ainsi qu\u2019\u00e0 la protection de l\u2019homme des effets destructeurs des politiques \u00e9conomiques et sociales en France et en Europe. Ici, un \u00e9co-hameau &#8230; <\/p>\n<div><a href=\"https:\/\/www.altercampagne.net\/?p=9629\" class=\"more-link\">Read More<\/a><\/div>\n","protected":false},"author":214,"featured_media":9633,"comment_status":"closed","ping_status":"closed","sticky":false,"template":"","format":"standard","meta":{"footnotes":""},"categories":[3471,3483,3494],"tags":[835,1091,1454,1489,1650,3194,3414,3506,3507],"class_list":["post-9629","post","type-post","status-publish","format-standard","has-post-thumbnail","hentry","category-auvergne-rhone-alpes","category-agriculture","category-edition-2008","tag-pierre-rabhi","tag-drome","tag-les-amanins","tag-auvergne-rhone-alpes","tag-rhone-alpes","tag-bourg-les-valence","tag-amanins","tag-roche-sur-grane","tag-lycee-agricole-de-mirabel"],"yoast_head":"<!-- This site is optimized with the Yoast SEO plugin v27.3 - https:\/\/yoast.com\/product\/yoast-seo-wordpress\/ -->\n<title>Lyc\u00e9e agricole de Mirabel l&#039;apr\u00e8s-midi, \u00e9cole exp\u00e9rimentale des Amanins en soir\u00e9e - AlterTour<\/title>\n<meta name=\"robots\" content=\"index, follow, max-snippet:-1, max-image-preview:large, max-video-preview:-1\" \/>\n<link rel=\"canonical\" href=\"https:\/\/www.altercampagne.net\/?p=9629\" \/>\n<meta property=\"og:locale\" content=\"fr_FR\" \/>\n<meta property=\"og:type\" content=\"article\" \/>\n<meta property=\"og:title\" content=\"Lyc\u00e9e agricole de Mirabel l&#039;apr\u00e8s-midi, \u00e9cole exp\u00e9rimentale des Amanins en soir\u00e9e - AlterTour\" \/>\n<meta property=\"og:description\" content=\"Nous visitons Les Amanins \u00e0 La Roche-sur-Gr\u00e2ne, o\u00f9 une \u00e9cole primaire sensibilise les enfants \u00e0 la pr\u00e9servation de la nature dans l\u2019esprit de Pierre Rabhi, agro-\u00e9cologiste et humaniste, ainsi qu\u2019\u00e0 la protection de l\u2019homme des effets destructeurs des politiques \u00e9conomiques et sociales en France et en Europe. Ici, un \u00e9co-hameau ... Read More\" \/>\n<meta property=\"og:url\" content=\"https:\/\/www.altercampagne.net\/?p=9629\" \/>\n<meta property=\"og:site_name\" content=\"AlterTour\" \/>\n<meta property=\"article:published_time\" content=\"2008-07-05T12:33:04+00:00\" \/>\n<meta property=\"article:modified_time\" content=\"2018-03-02T13:59:50+00:00\" \/>\n<meta property=\"og:image\" content=\"https:\/\/www.altercampagne.net\/wp-content\/uploads\/2018\/03\/2008-07-06_09.32.jpg\" \/>\n\t<meta property=\"og:image:width\" content=\"761\" \/>\n\t<meta property=\"og:image:height\" content=\"399\" \/>\n\t<meta property=\"og:image:type\" content=\"image\/jpeg\" \/>\n<meta name=\"author\" content=\"Mathieu\" \/>\n<meta name=\"twitter:card\" content=\"summary_large_image\" \/>\n<meta name=\"twitter:label1\" content=\"\u00c9crit par\" \/>\n\t<meta name=\"twitter:data1\" content=\"Mathieu\" \/>\n\t<meta name=\"twitter:label2\" content=\"Dur\u00e9e de lecture estim\u00e9e\" \/>\n\t<meta name=\"twitter:data2\" content=\"1 minute\" \/>\n<script type=\"application\/ld+json\" class=\"yoast-schema-graph\">{\"@context\":\"https:\\\/\\\/schema.org\",\"@graph\":[{\"@type\":\"Article\",\"@id\":\"https:\\\/\\\/www.altercampagne.net\\\/?p=9629#article\",\"isPartOf\":{\"@id\":\"https:\\\/\\\/www.altercampagne.net\\\/?p=9629\"},\"author\":{\"name\":\"Mathieu\",\"@id\":\"https:\\\/\\\/www.altercampagne.net\\\/#\\\/schema\\\/person\\\/0f261460c09e430caa0f9bcffa319109\"},\"headline\":\"Lyc\u00e9e agricole de Mirabel l&rsquo;apr\u00e8s-midi, \u00e9cole exp\u00e9rimentale des Amanins en soir\u00e9e\",\"datePublished\":\"2008-07-05T12:33:04+00:00\",\"dateModified\":\"2018-03-02T13:59:50+00:00\",\"mainEntityOfPage\":{\"@id\":\"https:\\\/\\\/www.altercampagne.net\\\/?p=9629\"},\"wordCount\":127,\"image\":{\"@id\":\"https:\\\/\\\/www.altercampagne.net\\\/?p=9629#primaryimage\"},\"thumbnailUrl\":\"https:\\\/\\\/www.altercampagne.net\\\/wp-content\\\/uploads\\\/2018\\\/03\\\/2008-07-06_09.32.jpg\",\"keywords\":[\"Pierre Rabhi\",\"Dr\u00f4me\",\"les Amanins\",\"Auvergne-Rh\u00f4ne-Alpes\",\"Rhone-Alpes\",\"Bourg-l\u00e8s-Valence\",\"Amanins\",\"Roche-sur-Gr\u00e2ne\",\"Lyc\u00e9e agricole de Mirabel\"],\"articleSection\":[\"Auvergne-Rh\u00f4ne-Alpes\",\"Agriculture\",\"Edition 2008\"],\"inLanguage\":\"fr-FR\"},{\"@type\":\"WebPage\",\"@id\":\"https:\\\/\\\/www.altercampagne.net\\\/?p=9629\",\"url\":\"https:\\\/\\\/www.altercampagne.net\\\/?p=9629\",\"name\":\"Lyc\u00e9e agricole de Mirabel l'apr\u00e8s-midi, \u00e9cole exp\u00e9rimentale des Amanins en soir\u00e9e - AlterTour\",\"isPartOf\":{\"@id\":\"https:\\\/\\\/www.altercampagne.net\\\/#website\"},\"primaryImageOfPage\":{\"@id\":\"https:\\\/\\\/www.altercampagne.net\\\/?p=9629#primaryimage\"},\"image\":{\"@id\":\"https:\\\/\\\/www.altercampagne.net\\\/?p=9629#primaryimage\"},\"thumbnailUrl\":\"https:\\\/\\\/www.altercampagne.net\\\/wp-content\\\/uploads\\\/2018\\\/03\\\/2008-07-06_09.32.jpg\",\"datePublished\":\"2008-07-05T12:33:04+00:00\",\"dateModified\":\"2018-03-02T13:59:50+00:00\",\"author\":{\"@id\":\"https:\\\/\\\/www.altercampagne.net\\\/#\\\/schema\\\/person\\\/0f261460c09e430caa0f9bcffa319109\"},\"breadcrumb\":{\"@id\":\"https:\\\/\\\/www.altercampagne.net\\\/?p=9629#breadcrumb\"},\"inLanguage\":\"fr-FR\",\"potentialAction\":[{\"@type\":\"ReadAction\",\"target\":[\"https:\\\/\\\/www.altercampagne.net\\\/?p=9629\"]}]},{\"@type\":\"ImageObject\",\"inLanguage\":\"fr-FR\",\"@id\":\"https:\\\/\\\/www.altercampagne.net\\\/?p=9629#primaryimage\",\"url\":\"https:\\\/\\\/www.altercampagne.net\\\/wp-content\\\/uploads\\\/2018\\\/03\\\/2008-07-06_09.32.jpg\",\"contentUrl\":\"https:\\\/\\\/www.altercampagne.net\\\/wp-content\\\/uploads\\\/2018\\\/03\\\/2008-07-06_09.32.jpg\",\"width\":761,\"height\":399},{\"@type\":\"BreadcrumbList\",\"@id\":\"https:\\\/\\\/www.altercampagne.net\\\/?p=9629#breadcrumb\",\"itemListElement\":[{\"@type\":\"ListItem\",\"position\":1,\"name\":\"Accueil\",\"item\":\"https:\\\/\\\/www.altercampagne.net\\\/\"},{\"@type\":\"ListItem\",\"position\":2,\"name\":\"Lyc\u00e9e agricole de Mirabel l&rsquo;apr\u00e8s-midi, \u00e9cole exp\u00e9rimentale des Amanins en soir\u00e9e\"}]},{\"@type\":\"WebSite\",\"@id\":\"https:\\\/\\\/www.altercampagne.net\\\/#website\",\"url\":\"https:\\\/\\\/www.altercampagne.net\\\/\",\"name\":\"AlterTour\",\"description\":\"Reliez les Alternatives \u00e0 v\u00e9lo\",\"potentialAction\":[{\"@type\":\"SearchAction\",\"target\":{\"@type\":\"EntryPoint\",\"urlTemplate\":\"https:\\\/\\\/www.altercampagne.net\\\/?s={search_term_string}\"},\"query-input\":{\"@type\":\"PropertyValueSpecification\",\"valueRequired\":true,\"valueName\":\"search_term_string\"}}],\"inLanguage\":\"fr-FR\"},{\"@type\":\"Person\",\"@id\":\"https:\\\/\\\/www.altercampagne.net\\\/#\\\/schema\\\/person\\\/0f261460c09e430caa0f9bcffa319109\",\"name\":\"Mathieu\",\"image\":{\"@type\":\"ImageObject\",\"inLanguage\":\"fr-FR\",\"@id\":\"https:\\\/\\\/secure.gravatar.com\\\/avatar\\\/aa9d3d24c83f2141e5e2709d0f63d09a99f6be6bb7a50abc4915838d9f54501a?s=96&d=mm&r=g\",\"url\":\"https:\\\/\\\/secure.gravatar.com\\\/avatar\\\/aa9d3d24c83f2141e5e2709d0f63d09a99f6be6bb7a50abc4915838d9f54501a?s=96&d=mm&r=g\",\"contentUrl\":\"https:\\\/\\\/secure.gravatar.com\\\/avatar\\\/aa9d3d24c83f2141e5e2709d0f63d09a99f6be6bb7a50abc4915838d9f54501a?s=96&d=mm&r=g\",\"caption\":\"Mathieu\"},\"url\":\"https:\\\/\\\/www.altercampagne.net\\\/?author=214\"}]}<\/script>\n<!-- \/ Yoast SEO plugin. -->","yoast_head_json":{"title":"Lyc\u00e9e agricole de Mirabel l'apr\u00e8s-midi, \u00e9cole exp\u00e9rimentale des Amanins en soir\u00e9e - AlterTour","robots":{"index":"index","follow":"follow","max-snippet":"max-snippet:-1","max-image-preview":"max-image-preview:large","max-video-preview":"max-video-preview:-1"},"canonical":"https:\/\/www.altercampagne.net\/?p=9629","og_locale":"fr_FR","og_type":"article","og_title":"Lyc\u00e9e agricole de Mirabel l'apr\u00e8s-midi, \u00e9cole exp\u00e9rimentale des Amanins en soir\u00e9e - AlterTour","og_description":"Nous visitons Les Amanins \u00e0 La Roche-sur-Gr\u00e2ne, o\u00f9 une \u00e9cole primaire sensibilise les enfants \u00e0 la pr\u00e9servation de la nature dans l\u2019esprit de Pierre Rabhi, agro-\u00e9cologiste et humaniste, ainsi qu\u2019\u00e0 la protection de l\u2019homme des effets destructeurs des politiques \u00e9conomiques et sociales en France et en Europe. Ici, un \u00e9co-hameau ... Read More","og_url":"https:\/\/www.altercampagne.net\/?p=9629","og_site_name":"AlterTour","article_published_time":"2008-07-05T12:33:04+00:00","article_modified_time":"2018-03-02T13:59:50+00:00","og_image":[{"width":761,"height":399,"url":"https:\/\/www.altercampagne.net\/wp-content\/uploads\/2018\/03\/2008-07-06_09.32.jpg","type":"image\/jpeg"}],"author":"Mathieu","twitter_card":"summary_large_image","twitter_misc":{"\u00c9crit par":"Mathieu","Dur\u00e9e de lecture estim\u00e9e":"1 minute"},"schema":{"@context":"https:\/\/schema.org","@graph":[{"@type":"Article","@id":"https:\/\/www.altercampagne.net\/?p=9629#article","isPartOf":{"@id":"https:\/\/www.altercampagne.net\/?p=9629"},"author":{"name":"Mathieu","@id":"https:\/\/www.altercampagne.net\/#\/schema\/person\/0f261460c09e430caa0f9bcffa319109"},"headline":"Lyc\u00e9e agricole de Mirabel l&rsquo;apr\u00e8s-midi, \u00e9cole exp\u00e9rimentale des Amanins en soir\u00e9e","datePublished":"2008-07-05T12:33:04+00:00","dateModified":"2018-03-02T13:59:50+00:00","mainEntityOfPage":{"@id":"https:\/\/www.altercampagne.net\/?p=9629"},"wordCount":127,"image":{"@id":"https:\/\/www.altercampagne.net\/?p=9629#primaryimage"},"thumbnailUrl":"https:\/\/www.altercampagne.net\/wp-content\/uploads\/2018\/03\/2008-07-06_09.32.jpg","keywords":["Pierre Rabhi","Dr\u00f4me","les Amanins","Auvergne-Rh\u00f4ne-Alpes","Rhone-Alpes","Bourg-l\u00e8s-Valence","Amanins","Roche-sur-Gr\u00e2ne","Lyc\u00e9e agricole de Mirabel"],"articleSection":["Auvergne-Rh\u00f4ne-Alpes","Agriculture","Edition 2008"],"inLanguage":"fr-FR"},{"@type":"WebPage","@id":"https:\/\/www.altercampagne.net\/?p=9629","url":"https:\/\/www.altercampagne.net\/?p=9629","name":"Lyc\u00e9e agricole de Mirabel l'apr\u00e8s-midi, \u00e9cole exp\u00e9rimentale des Amanins en soir\u00e9e - AlterTour","isPartOf":{"@id":"https:\/\/www.altercampagne.net\/#website"},"primaryImageOfPage":{"@id":"https:\/\/www.altercampagne.net\/?p=9629#primaryimage"},"image":{"@id":"https:\/\/www.altercampagne.net\/?p=9629#primaryimage"},"thumbnailUrl":"https:\/\/www.altercampagne.net\/wp-content\/uploads\/2018\/03\/2008-07-06_09.32.jpg","datePublished":"2008-07-05T12:33:04+00:00","dateModified":"2018-03-02T13:59:50+00:00","author":{"@id":"https:\/\/www.altercampagne.net\/#\/schema\/person\/0f261460c09e430caa0f9bcffa319109"},"breadcrumb":{"@id":"https:\/\/www.altercampagne.net\/?p=9629#breadcrumb"},"inLanguage":"fr-FR","potentialAction":[{"@type":"ReadAction","target":["https:\/\/www.altercampagne.net\/?p=9629"]}]},{"@type":"ImageObject","inLanguage":"fr-FR","@id":"https:\/\/www.altercampagne.net\/?p=9629#primaryimage","url":"https:\/\/www.altercampagne.net\/wp-content\/uploads\/2018\/03\/2008-07-06_09.32.jpg","contentUrl":"https:\/\/www.altercampagne.net\/wp-content\/uploads\/2018\/03\/2008-07-06_09.32.jpg","width":761,"height":399},{"@type":"BreadcrumbList","@id":"https:\/\/www.altercampagne.net\/?p=9629#breadcrumb","itemListElement":[{"@type":"ListItem","position":1,"name":"Accueil","item":"https:\/\/www.altercampagne.net\/"},{"@type":"ListItem","position":2,"name":"Lyc\u00e9e agricole de Mirabel l&rsquo;apr\u00e8s-midi, \u00e9cole exp\u00e9rimentale des Amanins en soir\u00e9e"}]},{"@type":"WebSite","@id":"https:\/\/www.altercampagne.net\/#website","url":"https:\/\/www.altercampagne.net\/","name":"AlterTour","description":"Reliez les Alternatives \u00e0 v\u00e9lo","potentialAction":[{"@type":"SearchAction","target":{"@type":"EntryPoint","urlTemplate":"https:\/\/www.altercampagne.net\/?s={search_term_string}"},"query-input":{"@type":"PropertyValueSpecification","valueRequired":true,"valueName":"search_term_string"}}],"inLanguage":"fr-FR"},{"@type":"Person","@id":"https:\/\/www.altercampagne.net\/#\/schema\/person\/0f261460c09e430caa0f9bcffa319109","name":"Mathieu","image":{"@type":"ImageObject","inLanguage":"fr-FR","@id":"https:\/\/secure.gravatar.com\/avatar\/aa9d3d24c83f2141e5e2709d0f63d09a99f6be6bb7a50abc4915838d9f54501a?s=96&d=mm&r=g","url":"https:\/\/secure.gravatar.com\/avatar\/aa9d3d24c83f2141e5e2709d0f63d09a99f6be6bb7a50abc4915838d9f54501a?s=96&d=mm&r=g","contentUrl":"https:\/\/secure.gravatar.com\/avatar\/aa9d3d24c83f2141e5e2709d0f63d09a99f6be6bb7a50abc4915838d9f54501a?s=96&d=mm&r=g","caption":"Mathieu"},"url":"https:\/\/www.altercampagne.net\/?author=214"}]}},"_links":{"self":[{"href":"https:\/\/www.altercampagne.net\/index.php?rest_route=\/wp\/v2\/posts\/9629","targetHints":{"allow":["GET"]}}],"collection":[{"href":"https:\/\/www.altercampagne.net\/index.php?rest_route=\/wp\/v2\/posts"}],"about":[{"href":"https:\/\/www.altercampagne.net\/index.php?rest_route=\/wp\/v2\/types\/post"}],"author":[{"embeddable":true,"href":"https:\/\/www.altercampagne.net\/index.php?rest_route=\/wp\/v2\/users\/214"}],"replies":[{"embeddable":true,"href":"https:\/\/www.altercampagne.net\/index.php?rest_route=%2Fwp%2Fv2%2Fcomments&post=9629"}],"version-history":[{"count":0,"href":"https:\/\/www.altercampagne.net\/index.php?rest_route=\/wp\/v2\/posts\/9629\/revisions"}],"wp:featuredmedia":[{"embeddable":true,"href":"https:\/\/www.altercampagne.net\/index.php?rest_route=\/wp\/v2\/media\/9633"}],"wp:attachment":[{"href":"https:\/\/www.altercampagne.net\/index.php?rest_route=%2Fwp%2Fv2%2Fmedia&parent=9629"}],"wp:term":[{"taxonomy":"category","embeddable":true,"href":"https:\/\/www.altercampagne.net\/index.php?rest_route=%2Fwp%2Fv2%2Fcategories&post=9629"},{"taxonomy":"post_tag","embeddable":true,"href":"https:\/\/www.altercampagne.net\/index.php?rest_route=%2Fwp%2Fv2%2Ftags&post=9629"}],"curies":[{"name":"wp","href":"https:\/\/api.w.org\/{rel}","templated":true}]}}