{"id":9632,"date":"2008-07-06T14:45:23","date_gmt":"2008-07-06T12:45:23","guid":{"rendered":"http:\/\/www.altercampagne.net\/?p=9632"},"modified":"2018-03-02T15:22:10","modified_gmt":"2018-03-02T14:22:10","slug":"protection-des-terres-agricoles-et-des-abeilles","status":"publish","type":"post","link":"https:\/\/www.altercampagne.net\/?p=9632","title":{"rendered":"Protection des terres agricoles et des abeilles"},"content":{"rendered":"<p>Le midi, nous d\u00e9jeunons \u00e0 Bourg-l\u00e8s-Valence dans la Dr\u00f4me. Un collectif soutenu par des \u00e9lus se bat contre les projets d\u2019op\u00e9rations immobili\u00e8res b\u00e9tonnant et asphyxiant les terres cultivables, ass\u00e9chant les nappes phr\u00e9atiques, et emp\u00eachant les paysans de vivre de la production bio du terroir alors qu\u2019il existe une forte demande. Puis, toujours dans la Dr\u00f4me, nous assistons \u00e0 la projection du film \u00ab Le Pollen de la Discorde \u00bb, documentaire montrant l\u2019effet d\u00e9vastateur des OGM sur les abeilles, ces fid\u00e8les agents du maintien de la biodiversit\u00e9.<\/p>\n<p>Pr\u00e9sence de FR3-r\u00e9gional, dont les journalistes\/cam\u00e9ramen d\u00e9clarent couvrir pour la premi\u00e8re fois ce type d&rsquo;\u00e9v\u00e8nement, avec une interview de l&rsquo;Alteraccueillant Eric. D&rsquo;apr\u00e8s ce dernier, le passage de l&rsquo;AlterTour aura f\u00e9d\u00e9r\u00e9 les associations locales et des b\u00e9n\u00e9voles.<\/p>\n<p>A \u00ab\u00a0<a href=\"https:\/\/lerelaisdeconscience.com\/\" target=\"_blank\" rel=\"noopener\">La cl\u00e9 de Sol<\/a>\u00a0\u00bb\u00a0 (<a href=\"http:\/\/www.accueil-paysan.com\/fr\/\" target=\"_blank\" rel=\"noopener\">Accueil Paysan<\/a>) de Marsaz. Apr\u00e8s le repas et le film sur les abeilles pr\u00e9sent\u00e9 par Marc Peyronnard, les altercyclistes camperont dans la salle de conf\u00e9rence.<br \/>\nLe lendemain matin, Carlos trouvera la Cl\u00e9 du sol spongieux qui retient l&rsquo;AlterBus : un copain paysan et son tracteur.<\/p>\n<p style=\"text-align: right;\"><strong>Suzanne<\/strong><\/p>\n","protected":false},"excerpt":{"rendered":"<p>Le midi, nous d\u00e9jeunons \u00e0 Bourg-l\u00e8s-Valence dans la Dr\u00f4me. Un collectif soutenu par des \u00e9lus se bat contre les projets d\u2019op\u00e9rations immobili\u00e8res b\u00e9tonnant et asphyxiant les terres cultivables, ass\u00e9chant les nappes phr\u00e9atiques, et emp\u00eachant les paysans de vivre de la production bio du terroir alors qu\u2019il existe une forte demande. &#8230; <\/p>\n<div><a href=\"https:\/\/www.altercampagne.net\/?p=9632\" class=\"more-link\">Read More<\/a><\/div>\n","protected":false},"author":214,"featured_media":9640,"comment_status":"closed","ping_status":"closed","sticky":false,"template":"","format":"standard","meta":{"footnotes":""},"categories":[3471,3483,3494],"tags":[431,1091,1098,1489,1650,3194,3500,3508,3509,3510],"class_list":["post-9632","post","type-post","status-publish","format-standard","has-post-thumbnail","hentry","category-auvergne-rhone-alpes","category-agriculture","category-edition-2008","tag-accueil-paysan","tag-drome","tag-altertour-2008","tag-auvergne-rhone-alpes","tag-rhone-alpes","tag-bourg-les-valence","tag-3500","tag-le-pollen-de-la-discorde","tag-la-cle-de-sol","tag-marc-peyronnard"],"yoast_head":"<!-- This site is optimized with the Yoast SEO plugin v27.3 - https:\/\/yoast.com\/product\/yoast-seo-wordpress\/ -->\n<title>Protection des terres agricoles et des abeilles - AlterTour<\/title>\n<meta name=\"robots\" content=\"index, follow, max-snippet:-1, max-image-preview:large, max-video-preview:-1\" \/>\n<link rel=\"canonical\" href=\"https:\/\/www.altercampagne.net\/?p=9632\" \/>\n<meta property=\"og:locale\" content=\"fr_FR\" \/>\n<meta property=\"og:type\" content=\"article\" \/>\n<meta property=\"og:title\" content=\"Protection des terres agricoles et des abeilles - AlterTour\" \/>\n<meta property=\"og:description\" content=\"Le midi, nous d\u00e9jeunons \u00e0 Bourg-l\u00e8s-Valence dans la Dr\u00f4me. Un collectif soutenu par des \u00e9lus se bat contre les projets d\u2019op\u00e9rations immobili\u00e8res b\u00e9tonnant et asphyxiant les terres cultivables, ass\u00e9chant les nappes phr\u00e9atiques, et emp\u00eachant les paysans de vivre de la production bio du terroir alors qu\u2019il existe une forte demande. ... Read More\" \/>\n<meta property=\"og:url\" content=\"https:\/\/www.altercampagne.net\/?p=9632\" \/>\n<meta property=\"og:site_name\" content=\"AlterTour\" \/>\n<meta property=\"article:published_time\" content=\"2008-07-06T12:45:23+00:00\" \/>\n<meta property=\"article:modified_time\" content=\"2018-03-02T14:22:10+00:00\" \/>\n<meta property=\"og:image\" content=\"https:\/\/www.altercampagne.net\/wp-content\/uploads\/2008\/07\/2008-07-06_14.36.jpg\" \/>\n\t<meta property=\"og:image:width\" content=\"1004\" \/>\n\t<meta property=\"og:image:height\" content=\"526\" \/>\n\t<meta property=\"og:image:type\" content=\"image\/jpeg\" \/>\n<meta name=\"author\" content=\"Mathieu\" \/>\n<meta name=\"twitter:card\" content=\"summary_large_image\" \/>\n<meta name=\"twitter:label1\" content=\"\u00c9crit par\" \/>\n\t<meta name=\"twitter:data1\" content=\"Mathieu\" \/>\n\t<meta name=\"twitter:label2\" content=\"Dur\u00e9e de lecture estim\u00e9e\" \/>\n\t<meta name=\"twitter:data2\" content=\"1 minute\" \/>\n<script type=\"application\/ld+json\" class=\"yoast-schema-graph\">{\"@context\":\"https:\\\/\\\/schema.org\",\"@graph\":[{\"@type\":\"Article\",\"@id\":\"https:\\\/\\\/www.altercampagne.net\\\/?p=9632#article\",\"isPartOf\":{\"@id\":\"https:\\\/\\\/www.altercampagne.net\\\/?p=9632\"},\"author\":{\"name\":\"Mathieu\",\"@id\":\"https:\\\/\\\/www.altercampagne.net\\\/#\\\/schema\\\/person\\\/0f261460c09e430caa0f9bcffa319109\"},\"headline\":\"Protection des terres agricoles et des abeilles\",\"datePublished\":\"2008-07-06T12:45:23+00:00\",\"dateModified\":\"2018-03-02T14:22:10+00:00\",\"mainEntityOfPage\":{\"@id\":\"https:\\\/\\\/www.altercampagne.net\\\/?p=9632\"},\"wordCount\":211,\"image\":{\"@id\":\"https:\\\/\\\/www.altercampagne.net\\\/?p=9632#primaryimage\"},\"thumbnailUrl\":\"https:\\\/\\\/www.altercampagne.net\\\/wp-content\\\/uploads\\\/2008\\\/07\\\/2008-07-06_14.36.jpg\",\"keywords\":[\"accueil paysan\",\"Dr\u00f4me\",\"AlterTour 2008\",\"Auvergne-Rh\u00f4ne-Alpes\",\"Rhone-Alpes\",\"Bourg-l\u00e8s-Valence\",\"2008\",\"Le Pollen de la Discorde\",\"La cl\u00e9 de Sol\",\"Marc Peyronnard\"],\"articleSection\":[\"Auvergne-Rh\u00f4ne-Alpes\",\"Agriculture\",\"Edition 2008\"],\"inLanguage\":\"fr-FR\"},{\"@type\":\"WebPage\",\"@id\":\"https:\\\/\\\/www.altercampagne.net\\\/?p=9632\",\"url\":\"https:\\\/\\\/www.altercampagne.net\\\/?p=9632\",\"name\":\"Protection des terres agricoles et des abeilles - AlterTour\",\"isPartOf\":{\"@id\":\"https:\\\/\\\/www.altercampagne.net\\\/#website\"},\"primaryImageOfPage\":{\"@id\":\"https:\\\/\\\/www.altercampagne.net\\\/?p=9632#primaryimage\"},\"image\":{\"@id\":\"https:\\\/\\\/www.altercampagne.net\\\/?p=9632#primaryimage\"},\"thumbnailUrl\":\"https:\\\/\\\/www.altercampagne.net\\\/wp-content\\\/uploads\\\/2008\\\/07\\\/2008-07-06_14.36.jpg\",\"datePublished\":\"2008-07-06T12:45:23+00:00\",\"dateModified\":\"2018-03-02T14:22:10+00:00\",\"author\":{\"@id\":\"https:\\\/\\\/www.altercampagne.net\\\/#\\\/schema\\\/person\\\/0f261460c09e430caa0f9bcffa319109\"},\"breadcrumb\":{\"@id\":\"https:\\\/\\\/www.altercampagne.net\\\/?p=9632#breadcrumb\"},\"inLanguage\":\"fr-FR\",\"potentialAction\":[{\"@type\":\"ReadAction\",\"target\":[\"https:\\\/\\\/www.altercampagne.net\\\/?p=9632\"]}]},{\"@type\":\"ImageObject\",\"inLanguage\":\"fr-FR\",\"@id\":\"https:\\\/\\\/www.altercampagne.net\\\/?p=9632#primaryimage\",\"url\":\"https:\\\/\\\/www.altercampagne.net\\\/wp-content\\\/uploads\\\/2008\\\/07\\\/2008-07-06_14.36.jpg\",\"contentUrl\":\"https:\\\/\\\/www.altercampagne.net\\\/wp-content\\\/uploads\\\/2008\\\/07\\\/2008-07-06_14.36.jpg\",\"width\":1004,\"height\":526},{\"@type\":\"BreadcrumbList\",\"@id\":\"https:\\\/\\\/www.altercampagne.net\\\/?p=9632#breadcrumb\",\"itemListElement\":[{\"@type\":\"ListItem\",\"position\":1,\"name\":\"Accueil\",\"item\":\"https:\\\/\\\/www.altercampagne.net\\\/\"},{\"@type\":\"ListItem\",\"position\":2,\"name\":\"Protection des terres agricoles et des abeilles\"}]},{\"@type\":\"WebSite\",\"@id\":\"https:\\\/\\\/www.altercampagne.net\\\/#website\",\"url\":\"https:\\\/\\\/www.altercampagne.net\\\/\",\"name\":\"AlterTour\",\"description\":\"Reliez les Alternatives \u00e0 v\u00e9lo\",\"potentialAction\":[{\"@type\":\"SearchAction\",\"target\":{\"@type\":\"EntryPoint\",\"urlTemplate\":\"https:\\\/\\\/www.altercampagne.net\\\/?s={search_term_string}\"},\"query-input\":{\"@type\":\"PropertyValueSpecification\",\"valueRequired\":true,\"valueName\":\"search_term_string\"}}],\"inLanguage\":\"fr-FR\"},{\"@type\":\"Person\",\"@id\":\"https:\\\/\\\/www.altercampagne.net\\\/#\\\/schema\\\/person\\\/0f261460c09e430caa0f9bcffa319109\",\"name\":\"Mathieu\",\"image\":{\"@type\":\"ImageObject\",\"inLanguage\":\"fr-FR\",\"@id\":\"https:\\\/\\\/secure.gravatar.com\\\/avatar\\\/aa9d3d24c83f2141e5e2709d0f63d09a99f6be6bb7a50abc4915838d9f54501a?s=96&d=mm&r=g\",\"url\":\"https:\\\/\\\/secure.gravatar.com\\\/avatar\\\/aa9d3d24c83f2141e5e2709d0f63d09a99f6be6bb7a50abc4915838d9f54501a?s=96&d=mm&r=g\",\"contentUrl\":\"https:\\\/\\\/secure.gravatar.com\\\/avatar\\\/aa9d3d24c83f2141e5e2709d0f63d09a99f6be6bb7a50abc4915838d9f54501a?s=96&d=mm&r=g\",\"caption\":\"Mathieu\"},\"url\":\"https:\\\/\\\/www.altercampagne.net\\\/?author=214\"}]}<\/script>\n<!-- \/ Yoast SEO plugin. -->","yoast_head_json":{"title":"Protection des terres agricoles et des abeilles - AlterTour","robots":{"index":"index","follow":"follow","max-snippet":"max-snippet:-1","max-image-preview":"max-image-preview:large","max-video-preview":"max-video-preview:-1"},"canonical":"https:\/\/www.altercampagne.net\/?p=9632","og_locale":"fr_FR","og_type":"article","og_title":"Protection des terres agricoles et des abeilles - AlterTour","og_description":"Le midi, nous d\u00e9jeunons \u00e0 Bourg-l\u00e8s-Valence dans la Dr\u00f4me. Un collectif soutenu par des \u00e9lus se bat contre les projets d\u2019op\u00e9rations immobili\u00e8res b\u00e9tonnant et asphyxiant les terres cultivables, ass\u00e9chant les nappes phr\u00e9atiques, et emp\u00eachant les paysans de vivre de la production bio du terroir alors qu\u2019il existe une forte demande. ... Read More","og_url":"https:\/\/www.altercampagne.net\/?p=9632","og_site_name":"AlterTour","article_published_time":"2008-07-06T12:45:23+00:00","article_modified_time":"2018-03-02T14:22:10+00:00","og_image":[{"width":1004,"height":526,"url":"https:\/\/www.altercampagne.net\/wp-content\/uploads\/2008\/07\/2008-07-06_14.36.jpg","type":"image\/jpeg"}],"author":"Mathieu","twitter_card":"summary_large_image","twitter_misc":{"\u00c9crit par":"Mathieu","Dur\u00e9e de lecture estim\u00e9e":"1 minute"},"schema":{"@context":"https:\/\/schema.org","@graph":[{"@type":"Article","@id":"https:\/\/www.altercampagne.net\/?p=9632#article","isPartOf":{"@id":"https:\/\/www.altercampagne.net\/?p=9632"},"author":{"name":"Mathieu","@id":"https:\/\/www.altercampagne.net\/#\/schema\/person\/0f261460c09e430caa0f9bcffa319109"},"headline":"Protection des terres agricoles et des abeilles","datePublished":"2008-07-06T12:45:23+00:00","dateModified":"2018-03-02T14:22:10+00:00","mainEntityOfPage":{"@id":"https:\/\/www.altercampagne.net\/?p=9632"},"wordCount":211,"image":{"@id":"https:\/\/www.altercampagne.net\/?p=9632#primaryimage"},"thumbnailUrl":"https:\/\/www.altercampagne.net\/wp-content\/uploads\/2008\/07\/2008-07-06_14.36.jpg","keywords":["accueil paysan","Dr\u00f4me","AlterTour 2008","Auvergne-Rh\u00f4ne-Alpes","Rhone-Alpes","Bourg-l\u00e8s-Valence","2008","Le Pollen de la Discorde","La cl\u00e9 de Sol","Marc Peyronnard"],"articleSection":["Auvergne-Rh\u00f4ne-Alpes","Agriculture","Edition 2008"],"inLanguage":"fr-FR"},{"@type":"WebPage","@id":"https:\/\/www.altercampagne.net\/?p=9632","url":"https:\/\/www.altercampagne.net\/?p=9632","name":"Protection des terres agricoles et des abeilles - AlterTour","isPartOf":{"@id":"https:\/\/www.altercampagne.net\/#website"},"primaryImageOfPage":{"@id":"https:\/\/www.altercampagne.net\/?p=9632#primaryimage"},"image":{"@id":"https:\/\/www.altercampagne.net\/?p=9632#primaryimage"},"thumbnailUrl":"https:\/\/www.altercampagne.net\/wp-content\/uploads\/2008\/07\/2008-07-06_14.36.jpg","datePublished":"2008-07-06T12:45:23+00:00","dateModified":"2018-03-02T14:22:10+00:00","author":{"@id":"https:\/\/www.altercampagne.net\/#\/schema\/person\/0f261460c09e430caa0f9bcffa319109"},"breadcrumb":{"@id":"https:\/\/www.altercampagne.net\/?p=9632#breadcrumb"},"inLanguage":"fr-FR","potentialAction":[{"@type":"ReadAction","target":["https:\/\/www.altercampagne.net\/?p=9632"]}]},{"@type":"ImageObject","inLanguage":"fr-FR","@id":"https:\/\/www.altercampagne.net\/?p=9632#primaryimage","url":"https:\/\/www.altercampagne.net\/wp-content\/uploads\/2008\/07\/2008-07-06_14.36.jpg","contentUrl":"https:\/\/www.altercampagne.net\/wp-content\/uploads\/2008\/07\/2008-07-06_14.36.jpg","width":1004,"height":526},{"@type":"BreadcrumbList","@id":"https:\/\/www.altercampagne.net\/?p=9632#breadcrumb","itemListElement":[{"@type":"ListItem","position":1,"name":"Accueil","item":"https:\/\/www.altercampagne.net\/"},{"@type":"ListItem","position":2,"name":"Protection des terres agricoles et des abeilles"}]},{"@type":"WebSite","@id":"https:\/\/www.altercampagne.net\/#website","url":"https:\/\/www.altercampagne.net\/","name":"AlterTour","description":"Reliez les Alternatives \u00e0 v\u00e9lo","potentialAction":[{"@type":"SearchAction","target":{"@type":"EntryPoint","urlTemplate":"https:\/\/www.altercampagne.net\/?s={search_term_string}"},"query-input":{"@type":"PropertyValueSpecification","valueRequired":true,"valueName":"search_term_string"}}],"inLanguage":"fr-FR"},{"@type":"Person","@id":"https:\/\/www.altercampagne.net\/#\/schema\/person\/0f261460c09e430caa0f9bcffa319109","name":"Mathieu","image":{"@type":"ImageObject","inLanguage":"fr-FR","@id":"https:\/\/secure.gravatar.com\/avatar\/aa9d3d24c83f2141e5e2709d0f63d09a99f6be6bb7a50abc4915838d9f54501a?s=96&d=mm&r=g","url":"https:\/\/secure.gravatar.com\/avatar\/aa9d3d24c83f2141e5e2709d0f63d09a99f6be6bb7a50abc4915838d9f54501a?s=96&d=mm&r=g","contentUrl":"https:\/\/secure.gravatar.com\/avatar\/aa9d3d24c83f2141e5e2709d0f63d09a99f6be6bb7a50abc4915838d9f54501a?s=96&d=mm&r=g","caption":"Mathieu"},"url":"https:\/\/www.altercampagne.net\/?author=214"}]}},"_links":{"self":[{"href":"https:\/\/www.altercampagne.net\/index.php?rest_route=\/wp\/v2\/posts\/9632","targetHints":{"allow":["GET"]}}],"collection":[{"href":"https:\/\/www.altercampagne.net\/index.php?rest_route=\/wp\/v2\/posts"}],"about":[{"href":"https:\/\/www.altercampagne.net\/index.php?rest_route=\/wp\/v2\/types\/post"}],"author":[{"embeddable":true,"href":"https:\/\/www.altercampagne.net\/index.php?rest_route=\/wp\/v2\/users\/214"}],"replies":[{"embeddable":true,"href":"https:\/\/www.altercampagne.net\/index.php?rest_route=%2Fwp%2Fv2%2Fcomments&post=9632"}],"version-history":[{"count":0,"href":"https:\/\/www.altercampagne.net\/index.php?rest_route=\/wp\/v2\/posts\/9632\/revisions"}],"wp:featuredmedia":[{"embeddable":true,"href":"https:\/\/www.altercampagne.net\/index.php?rest_route=\/wp\/v2\/media\/9640"}],"wp:attachment":[{"href":"https:\/\/www.altercampagne.net\/index.php?rest_route=%2Fwp%2Fv2%2Fmedia&parent=9632"}],"wp:term":[{"taxonomy":"category","embeddable":true,"href":"https:\/\/www.altercampagne.net\/index.php?rest_route=%2Fwp%2Fv2%2Fcategories&post=9632"},{"taxonomy":"post_tag","embeddable":true,"href":"https:\/\/www.altercampagne.net\/index.php?rest_route=%2Fwp%2Fv2%2Ftags&post=9632"}],"curies":[{"name":"wp","href":"https:\/\/api.w.org\/{rel}","templated":true}]}}