{"id":9648,"date":"2008-07-12T15:44:14","date_gmt":"2008-07-12T13:44:14","guid":{"rendered":"http:\/\/www.altercampagne.net\/?p=9648"},"modified":"2018-03-02T16:02:35","modified_gmt":"2018-03-02T15:02:35","slug":"9648","status":"publish","type":"post","link":"https:\/\/www.altercampagne.net\/?p=9648","title":{"rendered":"S\u00e9quence \u00ab\u00a0\u00c9motion\u00a0\u00bb au c\u0153ur de la For\u00eat d&rsquo;Orl\u00e9ans"},"content":{"rendered":"<p>Ce matin, comme lors de chaque \u00e9tape, rencontre avec les \u00e9lus locaux sur le parvis de la cath\u00e9drale d&rsquo;Orl\u00e9ans afin de les interpeller (cordialement) sur les dangers croissants d\u2019une agriculture d\u00e9raisonnable.<\/p>\n<p>Nous leur offrons le <strong>Recueil de Pratiques Agro\u00e9cologiques<\/strong> \u00e9dit\u00e9 sp\u00e9cialement pour l&rsquo;AlterTour, sous la direction d&rsquo;Herv\u00e9 Le Meur.<\/p>\n<p>S\u00e9quence \u00ab\u00a0\u00c9motion\u00a0\u00bb au c\u0153ur de la For\u00eat d&rsquo;Orl\u00e9ans, au Carrefour de la R\u00e9sistance, sous un s\u00e9quoia g\u00e9ant :<br \/>\nBernadette nous lit le texte c\u00e9l\u00e9brant le 60\u00e8me anniversaire de la R\u00e9sistance, \u00e9crit notamment par Lucie Aubrac, et se terminant par \u00ab\u00a0Plus que jamais, \u00e0 ceux et celles qui feront le si\u00e8cle qui commence, nous voulons dire avec notre affection : \u00ab Cr\u00e9er, c\u2019est r\u00e9sister. R\u00e9sister, c\u2019est cr\u00e9er \u00bb.<\/p>\n<p>Le com\u00e9dien Denis Benoliel (ci-contre) interpr\u00e8te un sketch inspir\u00e9 de l&rsquo;altercyclisme.<\/p>\n","protected":false},"excerpt":{"rendered":"<p>Ce matin, comme lors de chaque \u00e9tape, rencontre avec les \u00e9lus locaux sur le parvis de la cath\u00e9drale d&rsquo;Orl\u00e9ans afin de les interpeller (cordialement) sur les dangers croissants d\u2019une agriculture d\u00e9raisonnable. Nous leur offrons le Recueil de Pratiques Agro\u00e9cologiques \u00e9dit\u00e9 sp\u00e9cialement pour l&rsquo;AlterTour, sous la direction d&rsquo;Herv\u00e9 Le Meur. S\u00e9quence &#8230; <\/p>\n<div><a href=\"https:\/\/www.altercampagne.net\/?p=9648\" class=\"more-link\">Read More<\/a><\/div>\n","protected":false},"author":214,"featured_media":9649,"comment_status":"closed","ping_status":"closed","sticky":false,"template":"","format":"standard","meta":{"footnotes":""},"categories":[3473,3494],"tags":[696,1047,1098,1794,3500,3514],"class_list":["post-9648","post","type-post","status-publish","format-standard","has-post-thumbnail","hentry","category-centre-val-de-loire","category-edition-2008","tag-centre","tag-loiret","tag-altertour-2008","tag-centre-val-de-loire","tag-3500","tag-orleans"],"yoast_head":"<!-- This site is optimized with the Yoast SEO plugin v27.3 - https:\/\/yoast.com\/product\/yoast-seo-wordpress\/ -->\n<title>S\u00e9quence &quot;\u00c9motion&quot; au c\u0153ur de la For\u00eat d&#039;Orl\u00e9ans - AlterTour<\/title>\n<meta name=\"robots\" content=\"index, follow, max-snippet:-1, max-image-preview:large, max-video-preview:-1\" \/>\n<link rel=\"canonical\" href=\"https:\/\/www.altercampagne.net\/?p=9648\" \/>\n<meta property=\"og:locale\" content=\"fr_FR\" \/>\n<meta property=\"og:type\" content=\"article\" \/>\n<meta property=\"og:title\" content=\"S\u00e9quence &quot;\u00c9motion&quot; au c\u0153ur de la For\u00eat d&#039;Orl\u00e9ans - AlterTour\" \/>\n<meta property=\"og:description\" content=\"Ce matin, comme lors de chaque \u00e9tape, rencontre avec les \u00e9lus locaux sur le parvis de la cath\u00e9drale d&rsquo;Orl\u00e9ans afin de les interpeller (cordialement) sur les dangers croissants d\u2019une agriculture d\u00e9raisonnable. Nous leur offrons le Recueil de Pratiques Agro\u00e9cologiques \u00e9dit\u00e9 sp\u00e9cialement pour l&rsquo;AlterTour, sous la direction d&rsquo;Herv\u00e9 Le Meur. S\u00e9quence ... Read More\" \/>\n<meta property=\"og:url\" content=\"https:\/\/www.altercampagne.net\/?p=9648\" \/>\n<meta property=\"og:site_name\" content=\"AlterTour\" \/>\n<meta property=\"article:published_time\" content=\"2008-07-12T13:44:14+00:00\" \/>\n<meta property=\"article:modified_time\" content=\"2018-03-02T15:02:35+00:00\" \/>\n<meta property=\"og:image\" content=\"https:\/\/www.altercampagne.net\/wp-content\/uploads\/2018\/03\/2008-07-12_18.25.jpg\" \/>\n\t<meta property=\"og:image:width\" content=\"1001\" \/>\n\t<meta property=\"og:image:height\" content=\"524\" \/>\n\t<meta property=\"og:image:type\" content=\"image\/jpeg\" \/>\n<meta name=\"author\" content=\"Mathieu\" \/>\n<meta name=\"twitter:card\" content=\"summary_large_image\" \/>\n<meta name=\"twitter:label1\" content=\"\u00c9crit par\" \/>\n\t<meta name=\"twitter:data1\" content=\"Mathieu\" \/>\n\t<meta name=\"twitter:label2\" content=\"Dur\u00e9e de lecture estim\u00e9e\" \/>\n\t<meta name=\"twitter:data2\" content=\"1 minute\" \/>\n<script type=\"application\/ld+json\" class=\"yoast-schema-graph\">{\"@context\":\"https:\\\/\\\/schema.org\",\"@graph\":[{\"@type\":\"Article\",\"@id\":\"https:\\\/\\\/www.altercampagne.net\\\/?p=9648#article\",\"isPartOf\":{\"@id\":\"https:\\\/\\\/www.altercampagne.net\\\/?p=9648\"},\"author\":{\"name\":\"Mathieu\",\"@id\":\"https:\\\/\\\/www.altercampagne.net\\\/#\\\/schema\\\/person\\\/0f261460c09e430caa0f9bcffa319109\"},\"headline\":\"S\u00e9quence \u00ab\u00a0\u00c9motion\u00a0\u00bb au c\u0153ur de la For\u00eat d&rsquo;Orl\u00e9ans\",\"datePublished\":\"2008-07-12T13:44:14+00:00\",\"dateModified\":\"2018-03-02T15:02:35+00:00\",\"mainEntityOfPage\":{\"@id\":\"https:\\\/\\\/www.altercampagne.net\\\/?p=9648\"},\"wordCount\":165,\"image\":{\"@id\":\"https:\\\/\\\/www.altercampagne.net\\\/?p=9648#primaryimage\"},\"thumbnailUrl\":\"https:\\\/\\\/www.altercampagne.net\\\/wp-content\\\/uploads\\\/2018\\\/03\\\/2008-07-12_18.25.jpg\",\"keywords\":[\"Centre\",\"Loiret\",\"AlterTour 2008\",\"Centre-Val de Loire\",\"2008\",\"Orl\u00e9ans\"],\"articleSection\":[\"Centre-Val de Loire\",\"Edition 2008\"],\"inLanguage\":\"fr-FR\"},{\"@type\":\"WebPage\",\"@id\":\"https:\\\/\\\/www.altercampagne.net\\\/?p=9648\",\"url\":\"https:\\\/\\\/www.altercampagne.net\\\/?p=9648\",\"name\":\"S\u00e9quence \\\"\u00c9motion\\\" au c\u0153ur de la For\u00eat d'Orl\u00e9ans - AlterTour\",\"isPartOf\":{\"@id\":\"https:\\\/\\\/www.altercampagne.net\\\/#website\"},\"primaryImageOfPage\":{\"@id\":\"https:\\\/\\\/www.altercampagne.net\\\/?p=9648#primaryimage\"},\"image\":{\"@id\":\"https:\\\/\\\/www.altercampagne.net\\\/?p=9648#primaryimage\"},\"thumbnailUrl\":\"https:\\\/\\\/www.altercampagne.net\\\/wp-content\\\/uploads\\\/2018\\\/03\\\/2008-07-12_18.25.jpg\",\"datePublished\":\"2008-07-12T13:44:14+00:00\",\"dateModified\":\"2018-03-02T15:02:35+00:00\",\"author\":{\"@id\":\"https:\\\/\\\/www.altercampagne.net\\\/#\\\/schema\\\/person\\\/0f261460c09e430caa0f9bcffa319109\"},\"breadcrumb\":{\"@id\":\"https:\\\/\\\/www.altercampagne.net\\\/?p=9648#breadcrumb\"},\"inLanguage\":\"fr-FR\",\"potentialAction\":[{\"@type\":\"ReadAction\",\"target\":[\"https:\\\/\\\/www.altercampagne.net\\\/?p=9648\"]}]},{\"@type\":\"ImageObject\",\"inLanguage\":\"fr-FR\",\"@id\":\"https:\\\/\\\/www.altercampagne.net\\\/?p=9648#primaryimage\",\"url\":\"https:\\\/\\\/www.altercampagne.net\\\/wp-content\\\/uploads\\\/2018\\\/03\\\/2008-07-12_18.25.jpg\",\"contentUrl\":\"https:\\\/\\\/www.altercampagne.net\\\/wp-content\\\/uploads\\\/2018\\\/03\\\/2008-07-12_18.25.jpg\",\"width\":1001,\"height\":524},{\"@type\":\"BreadcrumbList\",\"@id\":\"https:\\\/\\\/www.altercampagne.net\\\/?p=9648#breadcrumb\",\"itemListElement\":[{\"@type\":\"ListItem\",\"position\":1,\"name\":\"Accueil\",\"item\":\"https:\\\/\\\/www.altercampagne.net\\\/\"},{\"@type\":\"ListItem\",\"position\":2,\"name\":\"S\u00e9quence \u00ab\u00a0\u00c9motion\u00a0\u00bb au c\u0153ur de la For\u00eat d&rsquo;Orl\u00e9ans\"}]},{\"@type\":\"WebSite\",\"@id\":\"https:\\\/\\\/www.altercampagne.net\\\/#website\",\"url\":\"https:\\\/\\\/www.altercampagne.net\\\/\",\"name\":\"AlterTour\",\"description\":\"Reliez les Alternatives \u00e0 v\u00e9lo\",\"potentialAction\":[{\"@type\":\"SearchAction\",\"target\":{\"@type\":\"EntryPoint\",\"urlTemplate\":\"https:\\\/\\\/www.altercampagne.net\\\/?s={search_term_string}\"},\"query-input\":{\"@type\":\"PropertyValueSpecification\",\"valueRequired\":true,\"valueName\":\"search_term_string\"}}],\"inLanguage\":\"fr-FR\"},{\"@type\":\"Person\",\"@id\":\"https:\\\/\\\/www.altercampagne.net\\\/#\\\/schema\\\/person\\\/0f261460c09e430caa0f9bcffa319109\",\"name\":\"Mathieu\",\"image\":{\"@type\":\"ImageObject\",\"inLanguage\":\"fr-FR\",\"@id\":\"https:\\\/\\\/secure.gravatar.com\\\/avatar\\\/aa9d3d24c83f2141e5e2709d0f63d09a99f6be6bb7a50abc4915838d9f54501a?s=96&d=mm&r=g\",\"url\":\"https:\\\/\\\/secure.gravatar.com\\\/avatar\\\/aa9d3d24c83f2141e5e2709d0f63d09a99f6be6bb7a50abc4915838d9f54501a?s=96&d=mm&r=g\",\"contentUrl\":\"https:\\\/\\\/secure.gravatar.com\\\/avatar\\\/aa9d3d24c83f2141e5e2709d0f63d09a99f6be6bb7a50abc4915838d9f54501a?s=96&d=mm&r=g\",\"caption\":\"Mathieu\"},\"url\":\"https:\\\/\\\/www.altercampagne.net\\\/?author=214\"}]}<\/script>\n<!-- \/ Yoast SEO plugin. -->","yoast_head_json":{"title":"S\u00e9quence \"\u00c9motion\" au c\u0153ur de la For\u00eat d'Orl\u00e9ans - AlterTour","robots":{"index":"index","follow":"follow","max-snippet":"max-snippet:-1","max-image-preview":"max-image-preview:large","max-video-preview":"max-video-preview:-1"},"canonical":"https:\/\/www.altercampagne.net\/?p=9648","og_locale":"fr_FR","og_type":"article","og_title":"S\u00e9quence \"\u00c9motion\" au c\u0153ur de la For\u00eat d'Orl\u00e9ans - AlterTour","og_description":"Ce matin, comme lors de chaque \u00e9tape, rencontre avec les \u00e9lus locaux sur le parvis de la cath\u00e9drale d&rsquo;Orl\u00e9ans afin de les interpeller (cordialement) sur les dangers croissants d\u2019une agriculture d\u00e9raisonnable. Nous leur offrons le Recueil de Pratiques Agro\u00e9cologiques \u00e9dit\u00e9 sp\u00e9cialement pour l&rsquo;AlterTour, sous la direction d&rsquo;Herv\u00e9 Le Meur. S\u00e9quence ... Read More","og_url":"https:\/\/www.altercampagne.net\/?p=9648","og_site_name":"AlterTour","article_published_time":"2008-07-12T13:44:14+00:00","article_modified_time":"2018-03-02T15:02:35+00:00","og_image":[{"width":1001,"height":524,"url":"https:\/\/www.altercampagne.net\/wp-content\/uploads\/2018\/03\/2008-07-12_18.25.jpg","type":"image\/jpeg"}],"author":"Mathieu","twitter_card":"summary_large_image","twitter_misc":{"\u00c9crit par":"Mathieu","Dur\u00e9e de lecture estim\u00e9e":"1 minute"},"schema":{"@context":"https:\/\/schema.org","@graph":[{"@type":"Article","@id":"https:\/\/www.altercampagne.net\/?p=9648#article","isPartOf":{"@id":"https:\/\/www.altercampagne.net\/?p=9648"},"author":{"name":"Mathieu","@id":"https:\/\/www.altercampagne.net\/#\/schema\/person\/0f261460c09e430caa0f9bcffa319109"},"headline":"S\u00e9quence \u00ab\u00a0\u00c9motion\u00a0\u00bb au c\u0153ur de la For\u00eat d&rsquo;Orl\u00e9ans","datePublished":"2008-07-12T13:44:14+00:00","dateModified":"2018-03-02T15:02:35+00:00","mainEntityOfPage":{"@id":"https:\/\/www.altercampagne.net\/?p=9648"},"wordCount":165,"image":{"@id":"https:\/\/www.altercampagne.net\/?p=9648#primaryimage"},"thumbnailUrl":"https:\/\/www.altercampagne.net\/wp-content\/uploads\/2018\/03\/2008-07-12_18.25.jpg","keywords":["Centre","Loiret","AlterTour 2008","Centre-Val de Loire","2008","Orl\u00e9ans"],"articleSection":["Centre-Val de Loire","Edition 2008"],"inLanguage":"fr-FR"},{"@type":"WebPage","@id":"https:\/\/www.altercampagne.net\/?p=9648","url":"https:\/\/www.altercampagne.net\/?p=9648","name":"S\u00e9quence \"\u00c9motion\" au c\u0153ur de la For\u00eat d'Orl\u00e9ans - AlterTour","isPartOf":{"@id":"https:\/\/www.altercampagne.net\/#website"},"primaryImageOfPage":{"@id":"https:\/\/www.altercampagne.net\/?p=9648#primaryimage"},"image":{"@id":"https:\/\/www.altercampagne.net\/?p=9648#primaryimage"},"thumbnailUrl":"https:\/\/www.altercampagne.net\/wp-content\/uploads\/2018\/03\/2008-07-12_18.25.jpg","datePublished":"2008-07-12T13:44:14+00:00","dateModified":"2018-03-02T15:02:35+00:00","author":{"@id":"https:\/\/www.altercampagne.net\/#\/schema\/person\/0f261460c09e430caa0f9bcffa319109"},"breadcrumb":{"@id":"https:\/\/www.altercampagne.net\/?p=9648#breadcrumb"},"inLanguage":"fr-FR","potentialAction":[{"@type":"ReadAction","target":["https:\/\/www.altercampagne.net\/?p=9648"]}]},{"@type":"ImageObject","inLanguage":"fr-FR","@id":"https:\/\/www.altercampagne.net\/?p=9648#primaryimage","url":"https:\/\/www.altercampagne.net\/wp-content\/uploads\/2018\/03\/2008-07-12_18.25.jpg","contentUrl":"https:\/\/www.altercampagne.net\/wp-content\/uploads\/2018\/03\/2008-07-12_18.25.jpg","width":1001,"height":524},{"@type":"BreadcrumbList","@id":"https:\/\/www.altercampagne.net\/?p=9648#breadcrumb","itemListElement":[{"@type":"ListItem","position":1,"name":"Accueil","item":"https:\/\/www.altercampagne.net\/"},{"@type":"ListItem","position":2,"name":"S\u00e9quence \u00ab\u00a0\u00c9motion\u00a0\u00bb au c\u0153ur de la For\u00eat d&rsquo;Orl\u00e9ans"}]},{"@type":"WebSite","@id":"https:\/\/www.altercampagne.net\/#website","url":"https:\/\/www.altercampagne.net\/","name":"AlterTour","description":"Reliez les Alternatives \u00e0 v\u00e9lo","potentialAction":[{"@type":"SearchAction","target":{"@type":"EntryPoint","urlTemplate":"https:\/\/www.altercampagne.net\/?s={search_term_string}"},"query-input":{"@type":"PropertyValueSpecification","valueRequired":true,"valueName":"search_term_string"}}],"inLanguage":"fr-FR"},{"@type":"Person","@id":"https:\/\/www.altercampagne.net\/#\/schema\/person\/0f261460c09e430caa0f9bcffa319109","name":"Mathieu","image":{"@type":"ImageObject","inLanguage":"fr-FR","@id":"https:\/\/secure.gravatar.com\/avatar\/aa9d3d24c83f2141e5e2709d0f63d09a99f6be6bb7a50abc4915838d9f54501a?s=96&d=mm&r=g","url":"https:\/\/secure.gravatar.com\/avatar\/aa9d3d24c83f2141e5e2709d0f63d09a99f6be6bb7a50abc4915838d9f54501a?s=96&d=mm&r=g","contentUrl":"https:\/\/secure.gravatar.com\/avatar\/aa9d3d24c83f2141e5e2709d0f63d09a99f6be6bb7a50abc4915838d9f54501a?s=96&d=mm&r=g","caption":"Mathieu"},"url":"https:\/\/www.altercampagne.net\/?author=214"}]}},"_links":{"self":[{"href":"https:\/\/www.altercampagne.net\/index.php?rest_route=\/wp\/v2\/posts\/9648","targetHints":{"allow":["GET"]}}],"collection":[{"href":"https:\/\/www.altercampagne.net\/index.php?rest_route=\/wp\/v2\/posts"}],"about":[{"href":"https:\/\/www.altercampagne.net\/index.php?rest_route=\/wp\/v2\/types\/post"}],"author":[{"embeddable":true,"href":"https:\/\/www.altercampagne.net\/index.php?rest_route=\/wp\/v2\/users\/214"}],"replies":[{"embeddable":true,"href":"https:\/\/www.altercampagne.net\/index.php?rest_route=%2Fwp%2Fv2%2Fcomments&post=9648"}],"version-history":[{"count":0,"href":"https:\/\/www.altercampagne.net\/index.php?rest_route=\/wp\/v2\/posts\/9648\/revisions"}],"wp:featuredmedia":[{"embeddable":true,"href":"https:\/\/www.altercampagne.net\/index.php?rest_route=\/wp\/v2\/media\/9649"}],"wp:attachment":[{"href":"https:\/\/www.altercampagne.net\/index.php?rest_route=%2Fwp%2Fv2%2Fmedia&parent=9648"}],"wp:term":[{"taxonomy":"category","embeddable":true,"href":"https:\/\/www.altercampagne.net\/index.php?rest_route=%2Fwp%2Fv2%2Fcategories&post=9648"},{"taxonomy":"post_tag","embeddable":true,"href":"https:\/\/www.altercampagne.net\/index.php?rest_route=%2Fwp%2Fv2%2Ftags&post=9648"}],"curies":[{"name":"wp","href":"https:\/\/api.w.org\/{rel}","templated":true}]}}