{"id":9655,"date":"2008-07-14T16:11:48","date_gmt":"2008-07-14T14:11:48","guid":{"rendered":"http:\/\/www.altercampagne.net\/?p=9655"},"modified":"2018-03-02T16:25:49","modified_gmt":"2018-03-02T15:25:49","slug":"on-ne-sera-meme-pas-propre-pour-le-14-juillet","status":"publish","type":"post","link":"https:\/\/www.altercampagne.net\/?p=9655","title":{"rendered":"On ne sera m\u00eame pas propre pour le 14 juillet !"},"content":{"rendered":"<p>\u00ab\u00a0On ne sera m\u00eame pas propre pour le 14 juillet !\u00a0\u00bb. Cette remarque ironique, \u00e9nonc\u00e9e d\u00e8s le r\u00e9veil sur un ton tragique par St\u00e9phane, provoque l\u2019hilarit\u00e9 d\u2019Anny, sa voisine de dortoir improvis\u00e9. Nous sommes bien le matin du 14 juillet, apr\u00e8s une soir\u00e9e m\u00e9morable de l\u2019AlterTour \u00e0 l\u2019<em>Arche de la Nature <\/em>du Mans, suivie d\u2019une nuit courte et fra\u00eeche sur un site ne comportant pas de douche. Le rire d\u2019Anny identifie une rupture dans nos habitudes. Dans la r\u00e9alit\u00e9 d\u00e9cal\u00e9e que met en sc\u00e8ne cet autre tour de France, peu importe en d\u00e9finitive de rompre avec les r\u00e9flexes quotidiens et les \u00e9v\u00e9nements sacralis\u00e9s. Car la priorit\u00e9 est ailleurs. Le but commun des participants peut impliquer du renoncement\u00a0: \u00e0 la toilette quotidienne, voire m\u00eame \u00e0 la retransmission du d\u00e9fil\u00e9 militaire sur les Champs-Elys\u00e9es\u00a0(ou arrivera bient\u00f4t le Tour-de-France) ! D\u00e9sol\u00e9, les altercyclistes ont d\u2019abord rendez-vous avec les fermiers, les associations et les b\u00e9n\u00e9voles qui ont pr\u00e9par\u00e9 leur accueil, l\u2019apr\u00e8s-midi, le soir, et sur les 200 relais que comporte cette vraie grande boucle de 3000 km.<\/p>\n<p>Apr\u00e8s un apr\u00e8s-midi champ\u00eatre \u00e0 la <a href=\"http:\/\/www.consommer-responsable.fr\/annuaire\/acteur\/la-ferme-de-lermitage\" target=\"_blank\" rel=\"noopener\">Ferme de l&rsquo;Ermitage<\/a> chez Marie &amp; Thierry de Ste-Gemmes-le-Robert, anim\u00e9 par les guitares s\u00e8ches, voix et percussions du groupe Rictus, nous nous sommes retrouv\u00e9 avec des visiteurs (plus de 200 personnes &#8211; d&rsquo;apr\u00e8s la police &#8211; ), sur la <a href=\"http:\/\/www.marchelecourtcircuit.fr\/gestionCommerciale.stp?ACTION=RESUME_FOURNISSEUR&amp;CODE_FOURNISSEUR=IDQF418Q\" target=\"_blank\" rel=\"noopener\">Ferme la Naill\u00e8re<\/a> de Sylvie &amp; Jean-pierre d&rsquo;Argentr\u00e9. Sur le site, on pouvait trouver un coin \u00ab\u00a0repas en plein-air\u00a0\u00bb, un lieu d&rsquo;exposition et de pr\u00e9sentation des ouvrages du bibliobus, une grange transform\u00e9e en salle de spectacle, un terrain de camping et&#8230; une s\u00e9rie de douches \u00e0 chauffage solaire mont\u00e9 sp\u00e9cialement pour les altercyclistes.<br \/>\nEn soir\u00e9e, <a href=\"http:\/\/www.charlottenormand.com\/\" target=\"_blank\" rel=\"noopener\">Charlotte Normand<\/a> nous a interpr\u00e9t\u00e9 \u00ab\u00a0Palotte se met au vert\u00a0\u00bb, avec l&rsquo;aide de deux altercyclistes \u00e0 la r\u00e9gie pour l&rsquo;\u00e9clairage et le son. Beaucoup de bonne musique ensuite jusque tard dans la nuit.<\/p>\n<p style=\"text-align: right;\"><strong>Dom<\/strong><\/p>\n","protected":false},"excerpt":{"rendered":"<p>\u00ab\u00a0On ne sera m\u00eame pas propre pour le 14 juillet !\u00a0\u00bb. Cette remarque ironique, \u00e9nonc\u00e9e d\u00e8s le r\u00e9veil sur un ton tragique par St\u00e9phane, provoque l\u2019hilarit\u00e9 d\u2019Anny, sa voisine de dortoir improvis\u00e9. Nous sommes bien le matin du 14 juillet, apr\u00e8s une soir\u00e9e m\u00e9morable de l\u2019AlterTour \u00e0 l\u2019Arche de la &#8230; <\/p>\n<div><a href=\"https:\/\/www.altercampagne.net\/?p=9655\" class=\"more-link\">Read More<\/a><\/div>\n","protected":false},"author":214,"featured_media":9656,"comment_status":"closed","ping_status":"closed","sticky":false,"template":"","format":"standard","meta":{"footnotes":""},"categories":[3483,3481,3494],"tags":[416,894,1098,3500,3518,3519,3520,3521,3522,3523,3524],"class_list":["post-9655","post","type-post","status-publish","format-standard","has-post-thumbnail","hentry","category-agriculture","category-pays-de-la-loire","category-edition-2008","tag-mayenne","tag-pays-de-la-loire","tag-altertour-2008","tag-3500","tag-charlotte-normand","tag-palotte-se-met-au-vert","tag-ferme-de-lermitage","tag-ste-gemmes-le-robert","tag-ferme-la-naillere","tag-earl-la-naillere","tag-argentre"],"yoast_head":"<!-- This site is optimized with the Yoast SEO plugin v27.3 - https:\/\/yoast.com\/product\/yoast-seo-wordpress\/ -->\n<title>On ne sera m\u00eame pas propre pour le 14 juillet ! - AlterTour<\/title>\n<meta name=\"robots\" content=\"index, follow, max-snippet:-1, max-image-preview:large, max-video-preview:-1\" \/>\n<link rel=\"canonical\" href=\"https:\/\/www.altercampagne.net\/?p=9655\" \/>\n<meta property=\"og:locale\" content=\"fr_FR\" \/>\n<meta property=\"og:type\" content=\"article\" \/>\n<meta property=\"og:title\" content=\"On ne sera m\u00eame pas propre pour le 14 juillet ! - AlterTour\" \/>\n<meta property=\"og:description\" content=\"\u00ab\u00a0On ne sera m\u00eame pas propre pour le 14 juillet !\u00a0\u00bb. Cette remarque ironique, \u00e9nonc\u00e9e d\u00e8s le r\u00e9veil sur un ton tragique par St\u00e9phane, provoque l\u2019hilarit\u00e9 d\u2019Anny, sa voisine de dortoir improvis\u00e9. Nous sommes bien le matin du 14 juillet, apr\u00e8s une soir\u00e9e m\u00e9morable de l\u2019AlterTour \u00e0 l\u2019Arche de la ... Read More\" \/>\n<meta property=\"og:url\" content=\"https:\/\/www.altercampagne.net\/?p=9655\" \/>\n<meta property=\"og:site_name\" content=\"AlterTour\" \/>\n<meta property=\"article:published_time\" content=\"2008-07-14T14:11:48+00:00\" \/>\n<meta property=\"article:modified_time\" content=\"2018-03-02T15:25:49+00:00\" \/>\n<meta property=\"og:image\" content=\"https:\/\/www.altercampagne.net\/wp-content\/uploads\/2018\/03\/2008-07-14_14.17.jpg\" \/>\n\t<meta property=\"og:image:width\" content=\"1001\" \/>\n\t<meta property=\"og:image:height\" content=\"524\" \/>\n\t<meta property=\"og:image:type\" content=\"image\/jpeg\" \/>\n<meta name=\"author\" content=\"Mathieu\" \/>\n<meta name=\"twitter:card\" content=\"summary_large_image\" \/>\n<meta name=\"twitter:label1\" content=\"\u00c9crit par\" \/>\n\t<meta name=\"twitter:data1\" content=\"Mathieu\" \/>\n\t<meta name=\"twitter:label2\" content=\"Dur\u00e9e de lecture estim\u00e9e\" \/>\n\t<meta name=\"twitter:data2\" content=\"2 minutes\" \/>\n<script type=\"application\/ld+json\" class=\"yoast-schema-graph\">{\"@context\":\"https:\\\/\\\/schema.org\",\"@graph\":[{\"@type\":\"Article\",\"@id\":\"https:\\\/\\\/www.altercampagne.net\\\/?p=9655#article\",\"isPartOf\":{\"@id\":\"https:\\\/\\\/www.altercampagne.net\\\/?p=9655\"},\"author\":{\"name\":\"Mathieu\",\"@id\":\"https:\\\/\\\/www.altercampagne.net\\\/#\\\/schema\\\/person\\\/0f261460c09e430caa0f9bcffa319109\"},\"headline\":\"On ne sera m\u00eame pas propre pour le 14 juillet !\",\"datePublished\":\"2008-07-14T14:11:48+00:00\",\"dateModified\":\"2018-03-02T15:25:49+00:00\",\"mainEntityOfPage\":{\"@id\":\"https:\\\/\\\/www.altercampagne.net\\\/?p=9655\"},\"wordCount\":357,\"image\":{\"@id\":\"https:\\\/\\\/www.altercampagne.net\\\/?p=9655#primaryimage\"},\"thumbnailUrl\":\"https:\\\/\\\/www.altercampagne.net\\\/wp-content\\\/uploads\\\/2018\\\/03\\\/2008-07-14_14.17.jpg\",\"keywords\":[\"mayenne\",\"Pays de la Loire\",\"AlterTour 2008\",\"2008\",\"Charlotte Normand\",\"Palotte se met au vert\",\"Ferme de l'Ermitage\",\"Ste-Gemmes-le-Robert\",\"Ferme la Naill\u00e8re\",\"Earl la Naill\u00e8re\",\"Argentr\u00e9\"],\"articleSection\":[\"Agriculture\",\"Pays de la Loire\",\"Edition 2008\"],\"inLanguage\":\"fr-FR\"},{\"@type\":\"WebPage\",\"@id\":\"https:\\\/\\\/www.altercampagne.net\\\/?p=9655\",\"url\":\"https:\\\/\\\/www.altercampagne.net\\\/?p=9655\",\"name\":\"On ne sera m\u00eame pas propre pour le 14 juillet ! - AlterTour\",\"isPartOf\":{\"@id\":\"https:\\\/\\\/www.altercampagne.net\\\/#website\"},\"primaryImageOfPage\":{\"@id\":\"https:\\\/\\\/www.altercampagne.net\\\/?p=9655#primaryimage\"},\"image\":{\"@id\":\"https:\\\/\\\/www.altercampagne.net\\\/?p=9655#primaryimage\"},\"thumbnailUrl\":\"https:\\\/\\\/www.altercampagne.net\\\/wp-content\\\/uploads\\\/2018\\\/03\\\/2008-07-14_14.17.jpg\",\"datePublished\":\"2008-07-14T14:11:48+00:00\",\"dateModified\":\"2018-03-02T15:25:49+00:00\",\"author\":{\"@id\":\"https:\\\/\\\/www.altercampagne.net\\\/#\\\/schema\\\/person\\\/0f261460c09e430caa0f9bcffa319109\"},\"breadcrumb\":{\"@id\":\"https:\\\/\\\/www.altercampagne.net\\\/?p=9655#breadcrumb\"},\"inLanguage\":\"fr-FR\",\"potentialAction\":[{\"@type\":\"ReadAction\",\"target\":[\"https:\\\/\\\/www.altercampagne.net\\\/?p=9655\"]}]},{\"@type\":\"ImageObject\",\"inLanguage\":\"fr-FR\",\"@id\":\"https:\\\/\\\/www.altercampagne.net\\\/?p=9655#primaryimage\",\"url\":\"https:\\\/\\\/www.altercampagne.net\\\/wp-content\\\/uploads\\\/2018\\\/03\\\/2008-07-14_14.17.jpg\",\"contentUrl\":\"https:\\\/\\\/www.altercampagne.net\\\/wp-content\\\/uploads\\\/2018\\\/03\\\/2008-07-14_14.17.jpg\",\"width\":1001,\"height\":524},{\"@type\":\"BreadcrumbList\",\"@id\":\"https:\\\/\\\/www.altercampagne.net\\\/?p=9655#breadcrumb\",\"itemListElement\":[{\"@type\":\"ListItem\",\"position\":1,\"name\":\"Accueil\",\"item\":\"https:\\\/\\\/www.altercampagne.net\\\/\"},{\"@type\":\"ListItem\",\"position\":2,\"name\":\"On ne sera m\u00eame pas propre pour le 14 juillet !\"}]},{\"@type\":\"WebSite\",\"@id\":\"https:\\\/\\\/www.altercampagne.net\\\/#website\",\"url\":\"https:\\\/\\\/www.altercampagne.net\\\/\",\"name\":\"AlterTour\",\"description\":\"Reliez les Alternatives \u00e0 v\u00e9lo\",\"potentialAction\":[{\"@type\":\"SearchAction\",\"target\":{\"@type\":\"EntryPoint\",\"urlTemplate\":\"https:\\\/\\\/www.altercampagne.net\\\/?s={search_term_string}\"},\"query-input\":{\"@type\":\"PropertyValueSpecification\",\"valueRequired\":true,\"valueName\":\"search_term_string\"}}],\"inLanguage\":\"fr-FR\"},{\"@type\":\"Person\",\"@id\":\"https:\\\/\\\/www.altercampagne.net\\\/#\\\/schema\\\/person\\\/0f261460c09e430caa0f9bcffa319109\",\"name\":\"Mathieu\",\"image\":{\"@type\":\"ImageObject\",\"inLanguage\":\"fr-FR\",\"@id\":\"https:\\\/\\\/secure.gravatar.com\\\/avatar\\\/aa9d3d24c83f2141e5e2709d0f63d09a99f6be6bb7a50abc4915838d9f54501a?s=96&d=mm&r=g\",\"url\":\"https:\\\/\\\/secure.gravatar.com\\\/avatar\\\/aa9d3d24c83f2141e5e2709d0f63d09a99f6be6bb7a50abc4915838d9f54501a?s=96&d=mm&r=g\",\"contentUrl\":\"https:\\\/\\\/secure.gravatar.com\\\/avatar\\\/aa9d3d24c83f2141e5e2709d0f63d09a99f6be6bb7a50abc4915838d9f54501a?s=96&d=mm&r=g\",\"caption\":\"Mathieu\"},\"url\":\"https:\\\/\\\/www.altercampagne.net\\\/?author=214\"}]}<\/script>\n<!-- \/ Yoast SEO plugin. -->","yoast_head_json":{"title":"On ne sera m\u00eame pas propre pour le 14 juillet ! - AlterTour","robots":{"index":"index","follow":"follow","max-snippet":"max-snippet:-1","max-image-preview":"max-image-preview:large","max-video-preview":"max-video-preview:-1"},"canonical":"https:\/\/www.altercampagne.net\/?p=9655","og_locale":"fr_FR","og_type":"article","og_title":"On ne sera m\u00eame pas propre pour le 14 juillet ! - AlterTour","og_description":"\u00ab\u00a0On ne sera m\u00eame pas propre pour le 14 juillet !\u00a0\u00bb. Cette remarque ironique, \u00e9nonc\u00e9e d\u00e8s le r\u00e9veil sur un ton tragique par St\u00e9phane, provoque l\u2019hilarit\u00e9 d\u2019Anny, sa voisine de dortoir improvis\u00e9. Nous sommes bien le matin du 14 juillet, apr\u00e8s une soir\u00e9e m\u00e9morable de l\u2019AlterTour \u00e0 l\u2019Arche de la ... Read More","og_url":"https:\/\/www.altercampagne.net\/?p=9655","og_site_name":"AlterTour","article_published_time":"2008-07-14T14:11:48+00:00","article_modified_time":"2018-03-02T15:25:49+00:00","og_image":[{"width":1001,"height":524,"url":"https:\/\/www.altercampagne.net\/wp-content\/uploads\/2018\/03\/2008-07-14_14.17.jpg","type":"image\/jpeg"}],"author":"Mathieu","twitter_card":"summary_large_image","twitter_misc":{"\u00c9crit par":"Mathieu","Dur\u00e9e de lecture estim\u00e9e":"2 minutes"},"schema":{"@context":"https:\/\/schema.org","@graph":[{"@type":"Article","@id":"https:\/\/www.altercampagne.net\/?p=9655#article","isPartOf":{"@id":"https:\/\/www.altercampagne.net\/?p=9655"},"author":{"name":"Mathieu","@id":"https:\/\/www.altercampagne.net\/#\/schema\/person\/0f261460c09e430caa0f9bcffa319109"},"headline":"On ne sera m\u00eame pas propre pour le 14 juillet !","datePublished":"2008-07-14T14:11:48+00:00","dateModified":"2018-03-02T15:25:49+00:00","mainEntityOfPage":{"@id":"https:\/\/www.altercampagne.net\/?p=9655"},"wordCount":357,"image":{"@id":"https:\/\/www.altercampagne.net\/?p=9655#primaryimage"},"thumbnailUrl":"https:\/\/www.altercampagne.net\/wp-content\/uploads\/2018\/03\/2008-07-14_14.17.jpg","keywords":["mayenne","Pays de la Loire","AlterTour 2008","2008","Charlotte Normand","Palotte se met au vert","Ferme de l'Ermitage","Ste-Gemmes-le-Robert","Ferme la Naill\u00e8re","Earl la Naill\u00e8re","Argentr\u00e9"],"articleSection":["Agriculture","Pays de la Loire","Edition 2008"],"inLanguage":"fr-FR"},{"@type":"WebPage","@id":"https:\/\/www.altercampagne.net\/?p=9655","url":"https:\/\/www.altercampagne.net\/?p=9655","name":"On ne sera m\u00eame pas propre pour le 14 juillet ! - AlterTour","isPartOf":{"@id":"https:\/\/www.altercampagne.net\/#website"},"primaryImageOfPage":{"@id":"https:\/\/www.altercampagne.net\/?p=9655#primaryimage"},"image":{"@id":"https:\/\/www.altercampagne.net\/?p=9655#primaryimage"},"thumbnailUrl":"https:\/\/www.altercampagne.net\/wp-content\/uploads\/2018\/03\/2008-07-14_14.17.jpg","datePublished":"2008-07-14T14:11:48+00:00","dateModified":"2018-03-02T15:25:49+00:00","author":{"@id":"https:\/\/www.altercampagne.net\/#\/schema\/person\/0f261460c09e430caa0f9bcffa319109"},"breadcrumb":{"@id":"https:\/\/www.altercampagne.net\/?p=9655#breadcrumb"},"inLanguage":"fr-FR","potentialAction":[{"@type":"ReadAction","target":["https:\/\/www.altercampagne.net\/?p=9655"]}]},{"@type":"ImageObject","inLanguage":"fr-FR","@id":"https:\/\/www.altercampagne.net\/?p=9655#primaryimage","url":"https:\/\/www.altercampagne.net\/wp-content\/uploads\/2018\/03\/2008-07-14_14.17.jpg","contentUrl":"https:\/\/www.altercampagne.net\/wp-content\/uploads\/2018\/03\/2008-07-14_14.17.jpg","width":1001,"height":524},{"@type":"BreadcrumbList","@id":"https:\/\/www.altercampagne.net\/?p=9655#breadcrumb","itemListElement":[{"@type":"ListItem","position":1,"name":"Accueil","item":"https:\/\/www.altercampagne.net\/"},{"@type":"ListItem","position":2,"name":"On ne sera m\u00eame pas propre pour le 14 juillet !"}]},{"@type":"WebSite","@id":"https:\/\/www.altercampagne.net\/#website","url":"https:\/\/www.altercampagne.net\/","name":"AlterTour","description":"Reliez les Alternatives \u00e0 v\u00e9lo","potentialAction":[{"@type":"SearchAction","target":{"@type":"EntryPoint","urlTemplate":"https:\/\/www.altercampagne.net\/?s={search_term_string}"},"query-input":{"@type":"PropertyValueSpecification","valueRequired":true,"valueName":"search_term_string"}}],"inLanguage":"fr-FR"},{"@type":"Person","@id":"https:\/\/www.altercampagne.net\/#\/schema\/person\/0f261460c09e430caa0f9bcffa319109","name":"Mathieu","image":{"@type":"ImageObject","inLanguage":"fr-FR","@id":"https:\/\/secure.gravatar.com\/avatar\/aa9d3d24c83f2141e5e2709d0f63d09a99f6be6bb7a50abc4915838d9f54501a?s=96&d=mm&r=g","url":"https:\/\/secure.gravatar.com\/avatar\/aa9d3d24c83f2141e5e2709d0f63d09a99f6be6bb7a50abc4915838d9f54501a?s=96&d=mm&r=g","contentUrl":"https:\/\/secure.gravatar.com\/avatar\/aa9d3d24c83f2141e5e2709d0f63d09a99f6be6bb7a50abc4915838d9f54501a?s=96&d=mm&r=g","caption":"Mathieu"},"url":"https:\/\/www.altercampagne.net\/?author=214"}]}},"_links":{"self":[{"href":"https:\/\/www.altercampagne.net\/index.php?rest_route=\/wp\/v2\/posts\/9655","targetHints":{"allow":["GET"]}}],"collection":[{"href":"https:\/\/www.altercampagne.net\/index.php?rest_route=\/wp\/v2\/posts"}],"about":[{"href":"https:\/\/www.altercampagne.net\/index.php?rest_route=\/wp\/v2\/types\/post"}],"author":[{"embeddable":true,"href":"https:\/\/www.altercampagne.net\/index.php?rest_route=\/wp\/v2\/users\/214"}],"replies":[{"embeddable":true,"href":"https:\/\/www.altercampagne.net\/index.php?rest_route=%2Fwp%2Fv2%2Fcomments&post=9655"}],"version-history":[{"count":0,"href":"https:\/\/www.altercampagne.net\/index.php?rest_route=\/wp\/v2\/posts\/9655\/revisions"}],"wp:featuredmedia":[{"embeddable":true,"href":"https:\/\/www.altercampagne.net\/index.php?rest_route=\/wp\/v2\/media\/9656"}],"wp:attachment":[{"href":"https:\/\/www.altercampagne.net\/index.php?rest_route=%2Fwp%2Fv2%2Fmedia&parent=9655"}],"wp:term":[{"taxonomy":"category","embeddable":true,"href":"https:\/\/www.altercampagne.net\/index.php?rest_route=%2Fwp%2Fv2%2Fcategories&post=9655"},{"taxonomy":"post_tag","embeddable":true,"href":"https:\/\/www.altercampagne.net\/index.php?rest_route=%2Fwp%2Fv2%2Ftags&post=9655"}],"curies":[{"name":"wp","href":"https:\/\/api.w.org\/{rel}","templated":true}]}}