{"id":9658,"date":"2009-07-15T16:29:13","date_gmt":"2009-07-15T14:29:13","guid":{"rendered":"http:\/\/www.altercampagne.net\/?p=9658"},"modified":"2018-03-02T16:50:54","modified_gmt":"2018-03-02T15:50:54","slug":"visite-sous-controle-du-parlement-europeen-de-strasbourg","status":"publish","type":"post","link":"https:\/\/www.altercampagne.net\/?p=9658","title":{"rendered":"Visite \u00ab\u00a0sous contr\u00f4le\u00a0\u00bb du Parlement Europ\u00e9en de Strasbourg"},"content":{"rendered":"<p>Au moment o\u00f9 les d\u00e9put\u00e9s nouvellement \u00e9lus se r\u00e9unissaient pour leur seconde journ\u00e9e de s\u00e9ance pl\u00e9ni\u00e8re, il n&rsquo;aurait pas fallu qu&rsquo;un groupe de visiteurs hors-norme viennent perturber les d\u00e9bats. Le fameux <em>Principe de pr\u00e9caution<\/em> a ainsi \u00e9t\u00e9 respect\u00e9, cette fois. Au lieu de la visite pr\u00e9vue de longue date, incluant un passage par la chambre des d\u00e9put\u00e9s, les altercyclistes ont \u00e9t\u00e9 dirig\u00e9s vers une jolie salle de conf\u00e9rence pour y entendre une pr\u00e9sentation \u00e9logieuse des institutions europ\u00e9ennes. Le discours d&rsquo;un fonctionnaire, impressionnant de charme et de \u00ab\u00a0savoir-dire\u00a0\u00bb.<br \/>\nUn court d\u00e9bat a ensuite pu avoir lieu, \u00e0 propos notamment du poids du parlement (\u00e9lu) dans les d\u00e9cisions influenc\u00e9es par les lobbies et prises par les commissaires (non \u00e9lus), pour finir par la question controvers\u00e9e de la ratification du trait\u00e9 de Lisbonne faisant suite au r\u00e9f\u00e9rendum fran\u00e7ais.<\/p>\n<p>Le port habituel de maillots verts orn\u00e9s de la mention (certe tr\u00e8s politis\u00e9e) :\u00a0\u00bbPour une Plan\u00e8te sans Dopage\u00a0\u00bb a justifi\u00e9 que les cyclistes soient ensuite reconduits vers la sortie sans passer par la case \u00ab\u00a0Chambre des D\u00e9put\u00e9s\u00a0\u00bb. Quant aux \u00e9ventuels parlementaires que nous avions \u00e9ventuellement souhait\u00e9 rencontrer, ils et elles ne semblent pas avoir pu nous consacrer quelques minutes dans un emploi du temps tr\u00e8s charg\u00e9. Seuls Jos\u00e9 Bov\u00e9 et Michel Dupont ont trouv\u00e9 le temps d&rsquo;accueillir les altercyclistes \u00e0 leur arriv\u00e9e au parlement, en d\u00e9but de matin\u00e9e, pendant que la caravane du tour cherchait \u00e0 se garer aux alentours.<\/p>\n","protected":false},"excerpt":{"rendered":"<p>Au moment o\u00f9 les d\u00e9put\u00e9s nouvellement \u00e9lus se r\u00e9unissaient pour leur seconde journ\u00e9e de s\u00e9ance pl\u00e9ni\u00e8re, il n&rsquo;aurait pas fallu qu&rsquo;un groupe de visiteurs hors-norme viennent perturber les d\u00e9bats. Le fameux Principe de pr\u00e9caution a ainsi \u00e9t\u00e9 respect\u00e9, cette fois. Au lieu de la visite pr\u00e9vue de longue date, incluant &#8230; <\/p>\n<div><a href=\"https:\/\/www.altercampagne.net\/?p=9658\" class=\"more-link\">Read More<\/a><\/div>\n","protected":false},"author":214,"featured_media":9659,"comment_status":"closed","ping_status":"closed","sticky":false,"template":"","format":"standard","meta":{"footnotes":""},"categories":[3475,3492],"tags":[831,1015,2024,2096],"class_list":["post-9658","post","type-post","status-publish","format-standard","has-post-thumbnail","hentry","category-grand-est","category-edition-2009","tag-altertour-2009","tag-parlement-europeen","tag-jose-bove","tag-2096"],"yoast_head":"<!-- This site is optimized with the Yoast SEO plugin v27.3 - https:\/\/yoast.com\/product\/yoast-seo-wordpress\/ -->\n<title>Visite &quot;sous contr\u00f4le&quot; du Parlement Europ\u00e9en de Strasbourg - AlterTour<\/title>\n<meta name=\"robots\" content=\"index, follow, max-snippet:-1, max-image-preview:large, max-video-preview:-1\" \/>\n<link rel=\"canonical\" href=\"https:\/\/www.altercampagne.net\/?p=9658\" \/>\n<meta property=\"og:locale\" content=\"fr_FR\" \/>\n<meta property=\"og:type\" content=\"article\" \/>\n<meta property=\"og:title\" content=\"Visite &quot;sous contr\u00f4le&quot; du Parlement Europ\u00e9en de Strasbourg - AlterTour\" \/>\n<meta property=\"og:description\" content=\"Au moment o\u00f9 les d\u00e9put\u00e9s nouvellement \u00e9lus se r\u00e9unissaient pour leur seconde journ\u00e9e de s\u00e9ance pl\u00e9ni\u00e8re, il n&rsquo;aurait pas fallu qu&rsquo;un groupe de visiteurs hors-norme viennent perturber les d\u00e9bats. Le fameux Principe de pr\u00e9caution a ainsi \u00e9t\u00e9 respect\u00e9, cette fois. Au lieu de la visite pr\u00e9vue de longue date, incluant ... Read More\" \/>\n<meta property=\"og:url\" content=\"https:\/\/www.altercampagne.net\/?p=9658\" \/>\n<meta property=\"og:site_name\" content=\"AlterTour\" \/>\n<meta property=\"article:published_time\" content=\"2009-07-15T14:29:13+00:00\" \/>\n<meta property=\"article:modified_time\" content=\"2018-03-02T15:50:54+00:00\" \/>\n<meta property=\"og:image\" content=\"https:\/\/www.altercampagne.net\/wp-content\/uploads\/2018\/03\/09-07-771.jpg\" \/>\n\t<meta property=\"og:image:width\" content=\"1020\" \/>\n\t<meta property=\"og:image:height\" content=\"535\" \/>\n\t<meta property=\"og:image:type\" content=\"image\/jpeg\" \/>\n<meta name=\"author\" content=\"Mathieu\" \/>\n<meta name=\"twitter:card\" content=\"summary_large_image\" \/>\n<meta name=\"twitter:label1\" content=\"\u00c9crit par\" \/>\n\t<meta name=\"twitter:data1\" content=\"Mathieu\" \/>\n\t<meta name=\"twitter:label2\" content=\"Dur\u00e9e de lecture estim\u00e9e\" \/>\n\t<meta name=\"twitter:data2\" content=\"1 minute\" \/>\n<script type=\"application\/ld+json\" class=\"yoast-schema-graph\">{\"@context\":\"https:\\\/\\\/schema.org\",\"@graph\":[{\"@type\":\"Article\",\"@id\":\"https:\\\/\\\/www.altercampagne.net\\\/?p=9658#article\",\"isPartOf\":{\"@id\":\"https:\\\/\\\/www.altercampagne.net\\\/?p=9658\"},\"author\":{\"name\":\"Mathieu\",\"@id\":\"https:\\\/\\\/www.altercampagne.net\\\/#\\\/schema\\\/person\\\/0f261460c09e430caa0f9bcffa319109\"},\"headline\":\"Visite \u00ab\u00a0sous contr\u00f4le\u00a0\u00bb du Parlement Europ\u00e9en de Strasbourg\",\"datePublished\":\"2009-07-15T14:29:13+00:00\",\"dateModified\":\"2018-03-02T15:50:54+00:00\",\"mainEntityOfPage\":{\"@id\":\"https:\\\/\\\/www.altercampagne.net\\\/?p=9658\"},\"wordCount\":279,\"image\":{\"@id\":\"https:\\\/\\\/www.altercampagne.net\\\/?p=9658#primaryimage\"},\"thumbnailUrl\":\"https:\\\/\\\/www.altercampagne.net\\\/wp-content\\\/uploads\\\/2018\\\/03\\\/09-07-771.jpg\",\"keywords\":[\"AlterTour 2009\",\"parlement europ\u00e9en\",\"Jos\u00e9 Bov\u00e9\",\"2009\"],\"articleSection\":[\"Grand Est\",\"Edition 2009\"],\"inLanguage\":\"fr-FR\"},{\"@type\":\"WebPage\",\"@id\":\"https:\\\/\\\/www.altercampagne.net\\\/?p=9658\",\"url\":\"https:\\\/\\\/www.altercampagne.net\\\/?p=9658\",\"name\":\"Visite \\\"sous contr\u00f4le\\\" du Parlement Europ\u00e9en de Strasbourg - AlterTour\",\"isPartOf\":{\"@id\":\"https:\\\/\\\/www.altercampagne.net\\\/#website\"},\"primaryImageOfPage\":{\"@id\":\"https:\\\/\\\/www.altercampagne.net\\\/?p=9658#primaryimage\"},\"image\":{\"@id\":\"https:\\\/\\\/www.altercampagne.net\\\/?p=9658#primaryimage\"},\"thumbnailUrl\":\"https:\\\/\\\/www.altercampagne.net\\\/wp-content\\\/uploads\\\/2018\\\/03\\\/09-07-771.jpg\",\"datePublished\":\"2009-07-15T14:29:13+00:00\",\"dateModified\":\"2018-03-02T15:50:54+00:00\",\"author\":{\"@id\":\"https:\\\/\\\/www.altercampagne.net\\\/#\\\/schema\\\/person\\\/0f261460c09e430caa0f9bcffa319109\"},\"breadcrumb\":{\"@id\":\"https:\\\/\\\/www.altercampagne.net\\\/?p=9658#breadcrumb\"},\"inLanguage\":\"fr-FR\",\"potentialAction\":[{\"@type\":\"ReadAction\",\"target\":[\"https:\\\/\\\/www.altercampagne.net\\\/?p=9658\"]}]},{\"@type\":\"ImageObject\",\"inLanguage\":\"fr-FR\",\"@id\":\"https:\\\/\\\/www.altercampagne.net\\\/?p=9658#primaryimage\",\"url\":\"https:\\\/\\\/www.altercampagne.net\\\/wp-content\\\/uploads\\\/2018\\\/03\\\/09-07-771.jpg\",\"contentUrl\":\"https:\\\/\\\/www.altercampagne.net\\\/wp-content\\\/uploads\\\/2018\\\/03\\\/09-07-771.jpg\",\"width\":1020,\"height\":535},{\"@type\":\"BreadcrumbList\",\"@id\":\"https:\\\/\\\/www.altercampagne.net\\\/?p=9658#breadcrumb\",\"itemListElement\":[{\"@type\":\"ListItem\",\"position\":1,\"name\":\"Accueil\",\"item\":\"https:\\\/\\\/www.altercampagne.net\\\/\"},{\"@type\":\"ListItem\",\"position\":2,\"name\":\"Visite &#8220;sous contr\u00f4le&#8221; du Parlement Europ\u00e9en de Strasbourg\"}]},{\"@type\":\"WebSite\",\"@id\":\"https:\\\/\\\/www.altercampagne.net\\\/#website\",\"url\":\"https:\\\/\\\/www.altercampagne.net\\\/\",\"name\":\"AlterTour\",\"description\":\"Reliez les Alternatives \u00e0 v\u00e9lo\",\"potentialAction\":[{\"@type\":\"SearchAction\",\"target\":{\"@type\":\"EntryPoint\",\"urlTemplate\":\"https:\\\/\\\/www.altercampagne.net\\\/?s={search_term_string}\"},\"query-input\":{\"@type\":\"PropertyValueSpecification\",\"valueRequired\":true,\"valueName\":\"search_term_string\"}}],\"inLanguage\":\"fr-FR\"},{\"@type\":\"Person\",\"@id\":\"https:\\\/\\\/www.altercampagne.net\\\/#\\\/schema\\\/person\\\/0f261460c09e430caa0f9bcffa319109\",\"name\":\"Mathieu\",\"image\":{\"@type\":\"ImageObject\",\"inLanguage\":\"fr-FR\",\"@id\":\"https:\\\/\\\/secure.gravatar.com\\\/avatar\\\/aa9d3d24c83f2141e5e2709d0f63d09a99f6be6bb7a50abc4915838d9f54501a?s=96&d=mm&r=g\",\"url\":\"https:\\\/\\\/secure.gravatar.com\\\/avatar\\\/aa9d3d24c83f2141e5e2709d0f63d09a99f6be6bb7a50abc4915838d9f54501a?s=96&d=mm&r=g\",\"contentUrl\":\"https:\\\/\\\/secure.gravatar.com\\\/avatar\\\/aa9d3d24c83f2141e5e2709d0f63d09a99f6be6bb7a50abc4915838d9f54501a?s=96&d=mm&r=g\",\"caption\":\"Mathieu\"},\"url\":\"https:\\\/\\\/www.altercampagne.net\\\/?author=214\"}]}<\/script>\n<!-- \/ Yoast SEO plugin. -->","yoast_head_json":{"title":"Visite \"sous contr\u00f4le\" du Parlement Europ\u00e9en de Strasbourg - AlterTour","robots":{"index":"index","follow":"follow","max-snippet":"max-snippet:-1","max-image-preview":"max-image-preview:large","max-video-preview":"max-video-preview:-1"},"canonical":"https:\/\/www.altercampagne.net\/?p=9658","og_locale":"fr_FR","og_type":"article","og_title":"Visite \"sous contr\u00f4le\" du Parlement Europ\u00e9en de Strasbourg - AlterTour","og_description":"Au moment o\u00f9 les d\u00e9put\u00e9s nouvellement \u00e9lus se r\u00e9unissaient pour leur seconde journ\u00e9e de s\u00e9ance pl\u00e9ni\u00e8re, il n&rsquo;aurait pas fallu qu&rsquo;un groupe de visiteurs hors-norme viennent perturber les d\u00e9bats. Le fameux Principe de pr\u00e9caution a ainsi \u00e9t\u00e9 respect\u00e9, cette fois. Au lieu de la visite pr\u00e9vue de longue date, incluant ... Read More","og_url":"https:\/\/www.altercampagne.net\/?p=9658","og_site_name":"AlterTour","article_published_time":"2009-07-15T14:29:13+00:00","article_modified_time":"2018-03-02T15:50:54+00:00","og_image":[{"width":1020,"height":535,"url":"https:\/\/www.altercampagne.net\/wp-content\/uploads\/2018\/03\/09-07-771.jpg","type":"image\/jpeg"}],"author":"Mathieu","twitter_card":"summary_large_image","twitter_misc":{"\u00c9crit par":"Mathieu","Dur\u00e9e de lecture estim\u00e9e":"1 minute"},"schema":{"@context":"https:\/\/schema.org","@graph":[{"@type":"Article","@id":"https:\/\/www.altercampagne.net\/?p=9658#article","isPartOf":{"@id":"https:\/\/www.altercampagne.net\/?p=9658"},"author":{"name":"Mathieu","@id":"https:\/\/www.altercampagne.net\/#\/schema\/person\/0f261460c09e430caa0f9bcffa319109"},"headline":"Visite \u00ab\u00a0sous contr\u00f4le\u00a0\u00bb du Parlement Europ\u00e9en de Strasbourg","datePublished":"2009-07-15T14:29:13+00:00","dateModified":"2018-03-02T15:50:54+00:00","mainEntityOfPage":{"@id":"https:\/\/www.altercampagne.net\/?p=9658"},"wordCount":279,"image":{"@id":"https:\/\/www.altercampagne.net\/?p=9658#primaryimage"},"thumbnailUrl":"https:\/\/www.altercampagne.net\/wp-content\/uploads\/2018\/03\/09-07-771.jpg","keywords":["AlterTour 2009","parlement europ\u00e9en","Jos\u00e9 Bov\u00e9","2009"],"articleSection":["Grand Est","Edition 2009"],"inLanguage":"fr-FR"},{"@type":"WebPage","@id":"https:\/\/www.altercampagne.net\/?p=9658","url":"https:\/\/www.altercampagne.net\/?p=9658","name":"Visite \"sous contr\u00f4le\" du Parlement Europ\u00e9en de Strasbourg - AlterTour","isPartOf":{"@id":"https:\/\/www.altercampagne.net\/#website"},"primaryImageOfPage":{"@id":"https:\/\/www.altercampagne.net\/?p=9658#primaryimage"},"image":{"@id":"https:\/\/www.altercampagne.net\/?p=9658#primaryimage"},"thumbnailUrl":"https:\/\/www.altercampagne.net\/wp-content\/uploads\/2018\/03\/09-07-771.jpg","datePublished":"2009-07-15T14:29:13+00:00","dateModified":"2018-03-02T15:50:54+00:00","author":{"@id":"https:\/\/www.altercampagne.net\/#\/schema\/person\/0f261460c09e430caa0f9bcffa319109"},"breadcrumb":{"@id":"https:\/\/www.altercampagne.net\/?p=9658#breadcrumb"},"inLanguage":"fr-FR","potentialAction":[{"@type":"ReadAction","target":["https:\/\/www.altercampagne.net\/?p=9658"]}]},{"@type":"ImageObject","inLanguage":"fr-FR","@id":"https:\/\/www.altercampagne.net\/?p=9658#primaryimage","url":"https:\/\/www.altercampagne.net\/wp-content\/uploads\/2018\/03\/09-07-771.jpg","contentUrl":"https:\/\/www.altercampagne.net\/wp-content\/uploads\/2018\/03\/09-07-771.jpg","width":1020,"height":535},{"@type":"BreadcrumbList","@id":"https:\/\/www.altercampagne.net\/?p=9658#breadcrumb","itemListElement":[{"@type":"ListItem","position":1,"name":"Accueil","item":"https:\/\/www.altercampagne.net\/"},{"@type":"ListItem","position":2,"name":"Visite &#8220;sous contr\u00f4le&#8221; du Parlement Europ\u00e9en de Strasbourg"}]},{"@type":"WebSite","@id":"https:\/\/www.altercampagne.net\/#website","url":"https:\/\/www.altercampagne.net\/","name":"AlterTour","description":"Reliez les Alternatives \u00e0 v\u00e9lo","potentialAction":[{"@type":"SearchAction","target":{"@type":"EntryPoint","urlTemplate":"https:\/\/www.altercampagne.net\/?s={search_term_string}"},"query-input":{"@type":"PropertyValueSpecification","valueRequired":true,"valueName":"search_term_string"}}],"inLanguage":"fr-FR"},{"@type":"Person","@id":"https:\/\/www.altercampagne.net\/#\/schema\/person\/0f261460c09e430caa0f9bcffa319109","name":"Mathieu","image":{"@type":"ImageObject","inLanguage":"fr-FR","@id":"https:\/\/secure.gravatar.com\/avatar\/aa9d3d24c83f2141e5e2709d0f63d09a99f6be6bb7a50abc4915838d9f54501a?s=96&d=mm&r=g","url":"https:\/\/secure.gravatar.com\/avatar\/aa9d3d24c83f2141e5e2709d0f63d09a99f6be6bb7a50abc4915838d9f54501a?s=96&d=mm&r=g","contentUrl":"https:\/\/secure.gravatar.com\/avatar\/aa9d3d24c83f2141e5e2709d0f63d09a99f6be6bb7a50abc4915838d9f54501a?s=96&d=mm&r=g","caption":"Mathieu"},"url":"https:\/\/www.altercampagne.net\/?author=214"}]}},"_links":{"self":[{"href":"https:\/\/www.altercampagne.net\/index.php?rest_route=\/wp\/v2\/posts\/9658","targetHints":{"allow":["GET"]}}],"collection":[{"href":"https:\/\/www.altercampagne.net\/index.php?rest_route=\/wp\/v2\/posts"}],"about":[{"href":"https:\/\/www.altercampagne.net\/index.php?rest_route=\/wp\/v2\/types\/post"}],"author":[{"embeddable":true,"href":"https:\/\/www.altercampagne.net\/index.php?rest_route=\/wp\/v2\/users\/214"}],"replies":[{"embeddable":true,"href":"https:\/\/www.altercampagne.net\/index.php?rest_route=%2Fwp%2Fv2%2Fcomments&post=9658"}],"version-history":[{"count":0,"href":"https:\/\/www.altercampagne.net\/index.php?rest_route=\/wp\/v2\/posts\/9658\/revisions"}],"wp:featuredmedia":[{"embeddable":true,"href":"https:\/\/www.altercampagne.net\/index.php?rest_route=\/wp\/v2\/media\/9659"}],"wp:attachment":[{"href":"https:\/\/www.altercampagne.net\/index.php?rest_route=%2Fwp%2Fv2%2Fmedia&parent=9658"}],"wp:term":[{"taxonomy":"category","embeddable":true,"href":"https:\/\/www.altercampagne.net\/index.php?rest_route=%2Fwp%2Fv2%2Fcategories&post=9658"},{"taxonomy":"post_tag","embeddable":true,"href":"https:\/\/www.altercampagne.net\/index.php?rest_route=%2Fwp%2Fv2%2Ftags&post=9658"}],"curies":[{"name":"wp","href":"https:\/\/api.w.org\/{rel}","templated":true}]}}