{"id":9693,"date":"2018-02-05T17:10:08","date_gmt":"2018-02-05T16:10:08","guid":{"rendered":"http:\/\/www.altercampagne.net\/?p=9693"},"modified":"2018-05-25T07:26:12","modified_gmt":"2018-05-25T05:26:12","slug":"4e-we-preparation-de-laltertour-2018","status":"publish","type":"post","link":"https:\/\/www.altercampagne.net\/?p=9693","title":{"rendered":"4e WE pr\u00e9paration de l&rsquo;AlterTour 2018"},"content":{"rendered":"<p>C\u2019est au <strong><a href=\"https:\/\/www.ledorothy.fr\/#programmation\" target=\"_blank\" rel=\"noopener\">Dorothy<\/a><\/strong>, que se tenait hier notre 4<sup>e<\/sup> we de pr\u00e9paration, un caf\u00e9-atelier qui vient de s\u2019installer \u00e0 paris dans le 20<sup>e\u00a0<\/sup>et qui accueille \u00e0 la fois des conf\u00e9rences et des ateliers pour la transmission de savoir-faire manuels.<\/p>\n<p>Nous \u00e9tions une trentaine sur le week-end, r\u00e9unis pour avancer la pr\u00e9paration de l&rsquo;\u00e9dition 2018. Chaque tron\u00e7on du parcours \u00e9tant organis\u00e9 par un bin\u00f4me, <strong>nous discutons ensemble<\/strong> <strong>le concret des pr\u00e9paratifs<\/strong> (\u00e9tapes \u00e0 v\u00e9lo, h\u00e9bergement, commandes de nourriture\u2026)<\/p>\n<p><strong>Nous avan\u00e7ons le recueil des alternatives<\/strong> publi\u00e9 chaque ann\u00e9e avec <a href=\"http:\/\/www.revuesilence.net\" target=\"_blank\" rel=\"noopener\">la revue S!lence<\/a> : choix des projets \u00e0 valoriser, et du th\u00e8me pour interviews. Ce sera donc \u00ab violence des pouvoirs, puissance des vouloirs \u00bb. Inspirant\u00a0! Au programme aussi, le tournage d\u2019interview vid\u00e9os, le projet de livre sur l\u2019AlterTour, les partenariats de l\u2019association.<\/p>\n<p>Le WE aura aussi \u00e9t\u00e9 l\u2019occasion de <strong>se former aux outils d\u2019animation<\/strong> et de lancer une r\u00e9flexion sur l\u2019inclusion dans nos m\u00e9thodes de travail.<\/p>\n<p>La soir\u00e9e dans un bar nous fait d\u00e9couvrir <a href=\"http:\/\/www.lecaribouvolant.com\/accueil.html\" target=\"_blank\" rel=\"noopener\">le Caribou volant<\/a>, un joyeux tandem franco-queb\u00e9cois, aux chansons po\u00e9tiques et engag\u00e9es. On adore\u00a0! On r\u00e9ussira peut-\u00eatre \u00e0 les inviter cet \u00e9t\u00e9\u00a0?<\/p>\n","protected":false},"excerpt":{"rendered":"<p>C\u2019est au Dorothy, que se tenait hier notre 4e we de pr\u00e9paration, un caf\u00e9-atelier qui vient de s\u2019installer \u00e0 paris dans le 20e\u00a0et qui accueille \u00e0 la fois des conf\u00e9rences et des ateliers pour la transmission de savoir-faire manuels. Nous \u00e9tions une trentaine sur le week-end, r\u00e9unis pour avancer la &#8230; <\/p>\n<div><a href=\"https:\/\/www.altercampagne.net\/?p=9693\" class=\"more-link\">Read More<\/a><\/div>\n","protected":false},"author":192,"featured_media":9700,"comment_status":"closed","ping_status":"closed","sticky":false,"template":"","format":"standard","meta":{"footnotes":""},"categories":[3470,3539,3248],"tags":[13,434,476,2724,3221,3565,3566],"class_list":["post-9693","post","type-post","status-publish","format-standard","has-post-thumbnail","hentry","category-edition-2018","category-we-de-preparation","category-silence","tag-revue-silence","tag-pleniere","tag-reunion","tag-silence","tag-altertour-2018","tag-week-end","tag-dorothy"],"yoast_head":"<!-- This site is optimized with the Yoast SEO plugin v27.3 - https:\/\/yoast.com\/product\/yoast-seo-wordpress\/ -->\n<title>4e WE pr\u00e9paration de l&#039;AlterTour 2018 - AlterTour<\/title>\n<meta name=\"robots\" content=\"index, follow, max-snippet:-1, max-image-preview:large, max-video-preview:-1\" \/>\n<link rel=\"canonical\" href=\"https:\/\/www.altercampagne.net\/?p=9693\" \/>\n<meta property=\"og:locale\" content=\"fr_FR\" \/>\n<meta property=\"og:type\" content=\"article\" \/>\n<meta property=\"og:title\" content=\"4e WE pr\u00e9paration de l&#039;AlterTour 2018 - AlterTour\" \/>\n<meta property=\"og:description\" content=\"C\u2019est au Dorothy, que se tenait hier notre 4e we de pr\u00e9paration, un caf\u00e9-atelier qui vient de s\u2019installer \u00e0 paris dans le 20e\u00a0et qui accueille \u00e0 la fois des conf\u00e9rences et des ateliers pour la transmission de savoir-faire manuels. Nous \u00e9tions une trentaine sur le week-end, r\u00e9unis pour avancer la ... Read More\" \/>\n<meta property=\"og:url\" content=\"https:\/\/www.altercampagne.net\/?p=9693\" \/>\n<meta property=\"og:site_name\" content=\"AlterTour\" \/>\n<meta property=\"article:published_time\" content=\"2018-02-05T16:10:08+00:00\" \/>\n<meta property=\"article:modified_time\" content=\"2018-05-25T05:26:12+00:00\" \/>\n<meta property=\"og:image\" content=\"https:\/\/www.altercampagne.net\/wp-content\/uploads\/2018\/02\/Capture-d\u2019\u00e9cran-2018-03-03-\u00e0-17.29.54.png\" \/>\n\t<meta property=\"og:image:width\" content=\"845\" \/>\n\t<meta property=\"og:image:height\" content=\"473\" \/>\n\t<meta property=\"og:image:type\" content=\"image\/png\" \/>\n<meta name=\"author\" content=\"Julie\" \/>\n<meta name=\"twitter:card\" content=\"summary_large_image\" \/>\n<meta name=\"twitter:label1\" content=\"\u00c9crit par\" \/>\n\t<meta name=\"twitter:data1\" content=\"Julie\" \/>\n\t<meta name=\"twitter:label2\" content=\"Dur\u00e9e de lecture estim\u00e9e\" \/>\n\t<meta name=\"twitter:data2\" content=\"1 minute\" \/>\n<script type=\"application\/ld+json\" class=\"yoast-schema-graph\">{\"@context\":\"https:\\\/\\\/schema.org\",\"@graph\":[{\"@type\":\"Article\",\"@id\":\"https:\\\/\\\/www.altercampagne.net\\\/?p=9693#article\",\"isPartOf\":{\"@id\":\"https:\\\/\\\/www.altercampagne.net\\\/?p=9693\"},\"author\":{\"name\":\"Julie\",\"@id\":\"https:\\\/\\\/www.altercampagne.net\\\/#\\\/schema\\\/person\\\/ea52458af5ca10d56e01a1b53249ddc4\"},\"headline\":\"4e WE pr\u00e9paration de l&rsquo;AlterTour 2018\",\"datePublished\":\"2018-02-05T16:10:08+00:00\",\"dateModified\":\"2018-05-25T05:26:12+00:00\",\"mainEntityOfPage\":{\"@id\":\"https:\\\/\\\/www.altercampagne.net\\\/?p=9693\"},\"wordCount\":216,\"image\":{\"@id\":\"https:\\\/\\\/www.altercampagne.net\\\/?p=9693#primaryimage\"},\"thumbnailUrl\":\"https:\\\/\\\/www.altercampagne.net\\\/wp-content\\\/uploads\\\/2018\\\/02\\\/Capture-d\u2019\u00e9cran-2018-03-03-\u00e0-17.29.54.png\",\"keywords\":[\"revue Silence\",\"pl\u00e9ni\u00e8re\",\"r\u00e9union\",\"silence\",\"AlterTour 2018\",\"week-end\",\"Dorothy\"],\"articleSection\":[\"\u00c9dition 2018\",\"WE de pr\u00e9paration\",\"Silence\"],\"inLanguage\":\"fr-FR\"},{\"@type\":\"WebPage\",\"@id\":\"https:\\\/\\\/www.altercampagne.net\\\/?p=9693\",\"url\":\"https:\\\/\\\/www.altercampagne.net\\\/?p=9693\",\"name\":\"4e WE pr\u00e9paration de l'AlterTour 2018 - AlterTour\",\"isPartOf\":{\"@id\":\"https:\\\/\\\/www.altercampagne.net\\\/#website\"},\"primaryImageOfPage\":{\"@id\":\"https:\\\/\\\/www.altercampagne.net\\\/?p=9693#primaryimage\"},\"image\":{\"@id\":\"https:\\\/\\\/www.altercampagne.net\\\/?p=9693#primaryimage\"},\"thumbnailUrl\":\"https:\\\/\\\/www.altercampagne.net\\\/wp-content\\\/uploads\\\/2018\\\/02\\\/Capture-d\u2019\u00e9cran-2018-03-03-\u00e0-17.29.54.png\",\"datePublished\":\"2018-02-05T16:10:08+00:00\",\"dateModified\":\"2018-05-25T05:26:12+00:00\",\"author\":{\"@id\":\"https:\\\/\\\/www.altercampagne.net\\\/#\\\/schema\\\/person\\\/ea52458af5ca10d56e01a1b53249ddc4\"},\"breadcrumb\":{\"@id\":\"https:\\\/\\\/www.altercampagne.net\\\/?p=9693#breadcrumb\"},\"inLanguage\":\"fr-FR\",\"potentialAction\":[{\"@type\":\"ReadAction\",\"target\":[\"https:\\\/\\\/www.altercampagne.net\\\/?p=9693\"]}]},{\"@type\":\"ImageObject\",\"inLanguage\":\"fr-FR\",\"@id\":\"https:\\\/\\\/www.altercampagne.net\\\/?p=9693#primaryimage\",\"url\":\"https:\\\/\\\/www.altercampagne.net\\\/wp-content\\\/uploads\\\/2018\\\/02\\\/Capture-d\u2019\u00e9cran-2018-03-03-\u00e0-17.29.54.png\",\"contentUrl\":\"https:\\\/\\\/www.altercampagne.net\\\/wp-content\\\/uploads\\\/2018\\\/02\\\/Capture-d\u2019\u00e9cran-2018-03-03-\u00e0-17.29.54.png\",\"width\":845,\"height\":473},{\"@type\":\"BreadcrumbList\",\"@id\":\"https:\\\/\\\/www.altercampagne.net\\\/?p=9693#breadcrumb\",\"itemListElement\":[{\"@type\":\"ListItem\",\"position\":1,\"name\":\"Accueil\",\"item\":\"https:\\\/\\\/www.altercampagne.net\\\/\"},{\"@type\":\"ListItem\",\"position\":2,\"name\":\"4e WE pr\u00e9paration de l&rsquo;AlterTour 2018\"}]},{\"@type\":\"WebSite\",\"@id\":\"https:\\\/\\\/www.altercampagne.net\\\/#website\",\"url\":\"https:\\\/\\\/www.altercampagne.net\\\/\",\"name\":\"AlterTour\",\"description\":\"Reliez les Alternatives \u00e0 v\u00e9lo\",\"potentialAction\":[{\"@type\":\"SearchAction\",\"target\":{\"@type\":\"EntryPoint\",\"urlTemplate\":\"https:\\\/\\\/www.altercampagne.net\\\/?s={search_term_string}\"},\"query-input\":{\"@type\":\"PropertyValueSpecification\",\"valueRequired\":true,\"valueName\":\"search_term_string\"}}],\"inLanguage\":\"fr-FR\"},{\"@type\":\"Person\",\"@id\":\"https:\\\/\\\/www.altercampagne.net\\\/#\\\/schema\\\/person\\\/ea52458af5ca10d56e01a1b53249ddc4\",\"name\":\"Julie\",\"image\":{\"@type\":\"ImageObject\",\"inLanguage\":\"fr-FR\",\"@id\":\"https:\\\/\\\/secure.gravatar.com\\\/avatar\\\/33c4c11c34e0f9cccad9f436c1a60f900028dcdb26df84756951418faf70fa39?s=96&d=mm&r=g\",\"url\":\"https:\\\/\\\/secure.gravatar.com\\\/avatar\\\/33c4c11c34e0f9cccad9f436c1a60f900028dcdb26df84756951418faf70fa39?s=96&d=mm&r=g\",\"contentUrl\":\"https:\\\/\\\/secure.gravatar.com\\\/avatar\\\/33c4c11c34e0f9cccad9f436c1a60f900028dcdb26df84756951418faf70fa39?s=96&d=mm&r=g\",\"caption\":\"Julie\"},\"url\":\"https:\\\/\\\/www.altercampagne.net\\\/?author=192\"}]}<\/script>\n<!-- \/ Yoast SEO plugin. -->","yoast_head_json":{"title":"4e WE pr\u00e9paration de l'AlterTour 2018 - AlterTour","robots":{"index":"index","follow":"follow","max-snippet":"max-snippet:-1","max-image-preview":"max-image-preview:large","max-video-preview":"max-video-preview:-1"},"canonical":"https:\/\/www.altercampagne.net\/?p=9693","og_locale":"fr_FR","og_type":"article","og_title":"4e WE pr\u00e9paration de l'AlterTour 2018 - AlterTour","og_description":"C\u2019est au Dorothy, que se tenait hier notre 4e we de pr\u00e9paration, un caf\u00e9-atelier qui vient de s\u2019installer \u00e0 paris dans le 20e\u00a0et qui accueille \u00e0 la fois des conf\u00e9rences et des ateliers pour la transmission de savoir-faire manuels. Nous \u00e9tions une trentaine sur le week-end, r\u00e9unis pour avancer la ... Read More","og_url":"https:\/\/www.altercampagne.net\/?p=9693","og_site_name":"AlterTour","article_published_time":"2018-02-05T16:10:08+00:00","article_modified_time":"2018-05-25T05:26:12+00:00","og_image":[{"width":845,"height":473,"url":"https:\/\/www.altercampagne.net\/wp-content\/uploads\/2018\/02\/Capture-d\u2019\u00e9cran-2018-03-03-\u00e0-17.29.54.png","type":"image\/png"}],"author":"Julie","twitter_card":"summary_large_image","twitter_misc":{"\u00c9crit par":"Julie","Dur\u00e9e de lecture estim\u00e9e":"1 minute"},"schema":{"@context":"https:\/\/schema.org","@graph":[{"@type":"Article","@id":"https:\/\/www.altercampagne.net\/?p=9693#article","isPartOf":{"@id":"https:\/\/www.altercampagne.net\/?p=9693"},"author":{"name":"Julie","@id":"https:\/\/www.altercampagne.net\/#\/schema\/person\/ea52458af5ca10d56e01a1b53249ddc4"},"headline":"4e WE pr\u00e9paration de l&rsquo;AlterTour 2018","datePublished":"2018-02-05T16:10:08+00:00","dateModified":"2018-05-25T05:26:12+00:00","mainEntityOfPage":{"@id":"https:\/\/www.altercampagne.net\/?p=9693"},"wordCount":216,"image":{"@id":"https:\/\/www.altercampagne.net\/?p=9693#primaryimage"},"thumbnailUrl":"https:\/\/www.altercampagne.net\/wp-content\/uploads\/2018\/02\/Capture-d\u2019\u00e9cran-2018-03-03-\u00e0-17.29.54.png","keywords":["revue Silence","pl\u00e9ni\u00e8re","r\u00e9union","silence","AlterTour 2018","week-end","Dorothy"],"articleSection":["\u00c9dition 2018","WE de pr\u00e9paration","Silence"],"inLanguage":"fr-FR"},{"@type":"WebPage","@id":"https:\/\/www.altercampagne.net\/?p=9693","url":"https:\/\/www.altercampagne.net\/?p=9693","name":"4e WE pr\u00e9paration de l'AlterTour 2018 - AlterTour","isPartOf":{"@id":"https:\/\/www.altercampagne.net\/#website"},"primaryImageOfPage":{"@id":"https:\/\/www.altercampagne.net\/?p=9693#primaryimage"},"image":{"@id":"https:\/\/www.altercampagne.net\/?p=9693#primaryimage"},"thumbnailUrl":"https:\/\/www.altercampagne.net\/wp-content\/uploads\/2018\/02\/Capture-d\u2019\u00e9cran-2018-03-03-\u00e0-17.29.54.png","datePublished":"2018-02-05T16:10:08+00:00","dateModified":"2018-05-25T05:26:12+00:00","author":{"@id":"https:\/\/www.altercampagne.net\/#\/schema\/person\/ea52458af5ca10d56e01a1b53249ddc4"},"breadcrumb":{"@id":"https:\/\/www.altercampagne.net\/?p=9693#breadcrumb"},"inLanguage":"fr-FR","potentialAction":[{"@type":"ReadAction","target":["https:\/\/www.altercampagne.net\/?p=9693"]}]},{"@type":"ImageObject","inLanguage":"fr-FR","@id":"https:\/\/www.altercampagne.net\/?p=9693#primaryimage","url":"https:\/\/www.altercampagne.net\/wp-content\/uploads\/2018\/02\/Capture-d\u2019\u00e9cran-2018-03-03-\u00e0-17.29.54.png","contentUrl":"https:\/\/www.altercampagne.net\/wp-content\/uploads\/2018\/02\/Capture-d\u2019\u00e9cran-2018-03-03-\u00e0-17.29.54.png","width":845,"height":473},{"@type":"BreadcrumbList","@id":"https:\/\/www.altercampagne.net\/?p=9693#breadcrumb","itemListElement":[{"@type":"ListItem","position":1,"name":"Accueil","item":"https:\/\/www.altercampagne.net\/"},{"@type":"ListItem","position":2,"name":"4e WE pr\u00e9paration de l&rsquo;AlterTour 2018"}]},{"@type":"WebSite","@id":"https:\/\/www.altercampagne.net\/#website","url":"https:\/\/www.altercampagne.net\/","name":"AlterTour","description":"Reliez les Alternatives \u00e0 v\u00e9lo","potentialAction":[{"@type":"SearchAction","target":{"@type":"EntryPoint","urlTemplate":"https:\/\/www.altercampagne.net\/?s={search_term_string}"},"query-input":{"@type":"PropertyValueSpecification","valueRequired":true,"valueName":"search_term_string"}}],"inLanguage":"fr-FR"},{"@type":"Person","@id":"https:\/\/www.altercampagne.net\/#\/schema\/person\/ea52458af5ca10d56e01a1b53249ddc4","name":"Julie","image":{"@type":"ImageObject","inLanguage":"fr-FR","@id":"https:\/\/secure.gravatar.com\/avatar\/33c4c11c34e0f9cccad9f436c1a60f900028dcdb26df84756951418faf70fa39?s=96&d=mm&r=g","url":"https:\/\/secure.gravatar.com\/avatar\/33c4c11c34e0f9cccad9f436c1a60f900028dcdb26df84756951418faf70fa39?s=96&d=mm&r=g","contentUrl":"https:\/\/secure.gravatar.com\/avatar\/33c4c11c34e0f9cccad9f436c1a60f900028dcdb26df84756951418faf70fa39?s=96&d=mm&r=g","caption":"Julie"},"url":"https:\/\/www.altercampagne.net\/?author=192"}]}},"_links":{"self":[{"href":"https:\/\/www.altercampagne.net\/index.php?rest_route=\/wp\/v2\/posts\/9693","targetHints":{"allow":["GET"]}}],"collection":[{"href":"https:\/\/www.altercampagne.net\/index.php?rest_route=\/wp\/v2\/posts"}],"about":[{"href":"https:\/\/www.altercampagne.net\/index.php?rest_route=\/wp\/v2\/types\/post"}],"author":[{"embeddable":true,"href":"https:\/\/www.altercampagne.net\/index.php?rest_route=\/wp\/v2\/users\/192"}],"replies":[{"embeddable":true,"href":"https:\/\/www.altercampagne.net\/index.php?rest_route=%2Fwp%2Fv2%2Fcomments&post=9693"}],"version-history":[{"count":0,"href":"https:\/\/www.altercampagne.net\/index.php?rest_route=\/wp\/v2\/posts\/9693\/revisions"}],"wp:featuredmedia":[{"embeddable":true,"href":"https:\/\/www.altercampagne.net\/index.php?rest_route=\/wp\/v2\/media\/9700"}],"wp:attachment":[{"href":"https:\/\/www.altercampagne.net\/index.php?rest_route=%2Fwp%2Fv2%2Fmedia&parent=9693"}],"wp:term":[{"taxonomy":"category","embeddable":true,"href":"https:\/\/www.altercampagne.net\/index.php?rest_route=%2Fwp%2Fv2%2Fcategories&post=9693"},{"taxonomy":"post_tag","embeddable":true,"href":"https:\/\/www.altercampagne.net\/index.php?rest_route=%2Fwp%2Fv2%2Ftags&post=9693"}],"curies":[{"name":"wp","href":"https:\/\/api.w.org\/{rel}","templated":true}]}}