{"id":9831,"date":"2018-03-13T18:13:54","date_gmt":"2018-03-13T17:13:54","guid":{"rendered":"http:\/\/www.altercampagne.net\/?p=9831"},"modified":"2018-03-13T22:06:48","modified_gmt":"2018-03-13T21:06:48","slug":"mini-altertour-a-lons-le-saunier-39-samedi-17-mars","status":"publish","type":"post","link":"https:\/\/www.altercampagne.net\/?p=9831","title":{"rendered":"Mini-AlterTour samedi 17 mars \u00e0 Lons-le-Saunier (39)"},"content":{"rendered":"<p>L&rsquo;AlterTour, <strong><a href=\"http:\/\/www.veloquirit39000.fubicy.org\/\" target=\"_blank\" rel=\"noopener\">V\u00e9lo qui Rit<\/a><\/strong> et la <a href=\"https:\/\/www.kisskissbankbank.com\/la-fruitiere-a-idees\" target=\"_blank\" rel=\"noopener\"><strong>Fruiti\u00e8re \u00e0 id\u00e9es<\/strong><\/a> organisent une journ\u00e9e Mini-AlterTour samedi 17 mars 2018 \u00e0 Lons-le-Saunier (Jura) \u00e0 l&rsquo;occasion du Festival les <strong><a href=\"https:\/\/www.rdv-aventure.fr\" target=\"_blank\" rel=\"noopener\">Rendez-vous de l&rsquo;aventure<\/a><\/strong>.<\/p>\n<p>Tout public, d\u00e8s lors qu\u2019on sait faire du v\u00e9lo. Distance\/ 14 km.<\/p>\n<p>Venez d\u00e9couvrir l\u2019AlterTour et les initiatives de La Fruiti\u00e8re \u00e0 id\u00e9es de Montain \u00e0 l\u2019occasion d\u2019une petite vir\u00e9e conviviale sur deux roues. Une soupe locale sera offerte aux courageux cyclistes dans l\u2019ancienne fromagerie au c\u0153ur du village de Montain.<br \/>\nL\u2019AlterTour est le 1er Tour de France des Alternatives \u00e0 v\u00e9lo. Relais cycliste familial, il parcourt les routes de France chaque \u00e9t\u00e9 \u00e0 la rencontre des Alternatives : agro\u00e9cologie, permaculture, circuits courts, \u00e9colieux, habitats group\u00e9s, production d\u2019\u00e9nergie alternative, entreprises autog\u00e9r\u00e9es, ateliers v\u00e9los participatifs et solidaires, etc.<br \/>\nRetour avant 15h afin d\u2019assister \u00e0 la conf\u00e9rence d\u2019Olivier Godin, Prend ma roue, sur le voyage \u00e0 v\u00e9lo en famille, au CARCOM.<\/p>\n<p>Vous n\u2019avez pas de v\u00e9lo, pas de panique, l\u2019AlterTour vous en pr\u00eate un sur place.<br \/>\nUne balade anim\u00e9e par l\u2019AlterTour, en partenariat avec V\u00e9loquirit, et la Fruiti\u00e8re \u00e0 id\u00e9es de Montain.<\/p>\n<p><a href=\"https:\/\/docs.google.com\/forms\/d\/e\/1FAIpQLSflv_9z8dLzrx5tLfe4tgfhaNp7Af8tI-1xvQsx5o3KR46KBA\/viewform?c=0&amp;w=1\" target=\"_blank\" rel=\"noopener\"><strong> Inscription \u00e0 cette adresse<\/strong><\/a><br \/>\nD\u00e9part de la place de la Libert\u00e9 samedi 17 mars \u00e0 10h<\/p>\n<p>Parcours de la journ\u00e9e Mini-AlterTour :<br \/>\n<iframe loading=\"lazy\" width=\"450px\" height=\"580px\" src=\"https:\/\/www.openrunner.com\/route\/8125956\/embed\/fr\/324667436f336372797663686a4b61526670786d676b77637331327752376f45354a535a4a336b426567383d3a3a2caa4727607eaef16709fd22eb613828\" frameborder=\"0\" allowfullscreen><\/iframe><\/p>\n","protected":false},"excerpt":{"rendered":"<p>L&rsquo;AlterTour, V\u00e9lo qui Rit et la Fruiti\u00e8re \u00e0 id\u00e9es organisent une journ\u00e9e Mini-AlterTour samedi 17 mars 2018 \u00e0 Lons-le-Saunier (Jura) \u00e0 l&rsquo;occasion du Festival les Rendez-vous de l&rsquo;aventure. Tout public, d\u00e8s lors qu\u2019on sait faire du v\u00e9lo. Distance\/ 14 km. Venez d\u00e9couvrir l\u2019AlterTour et les initiatives de La Fruiti\u00e8re \u00e0 &#8230; <\/p>\n<div><a href=\"https:\/\/www.altercampagne.net\/?p=9831\" class=\"more-link\">Read More<\/a><\/div>\n","protected":false},"author":214,"featured_media":9833,"comment_status":"closed","ping_status":"closed","sticky":false,"template":"","format":"standard","meta":{"footnotes":""},"categories":[3495,3533,3470],"tags":[482,3531,3532],"class_list":["post-9831","post","type-post","status-publish","format-standard","has-post-thumbnail","hentry","category-bourgogne-franche-comte","category-mini-altertour","category-edition-2018","tag-mini-altertour","tag-velo-qui-rit","tag-fruitiere-a-idees"],"yoast_head":"<!-- This site is optimized with the Yoast SEO plugin v27.3 - https:\/\/yoast.com\/product\/yoast-seo-wordpress\/ -->\n<title>Mini-AlterTour samedi 17 mars \u00e0 Lons-le-Saunier (39) - AlterTour<\/title>\n<meta name=\"robots\" content=\"index, follow, max-snippet:-1, max-image-preview:large, max-video-preview:-1\" \/>\n<link rel=\"canonical\" href=\"https:\/\/www.altercampagne.net\/?p=9831\" \/>\n<meta property=\"og:locale\" content=\"fr_FR\" \/>\n<meta property=\"og:type\" content=\"article\" \/>\n<meta property=\"og:title\" content=\"Mini-AlterTour samedi 17 mars \u00e0 Lons-le-Saunier (39) - AlterTour\" \/>\n<meta property=\"og:description\" content=\"L&rsquo;AlterTour, V\u00e9lo qui Rit et la Fruiti\u00e8re \u00e0 id\u00e9es organisent une journ\u00e9e Mini-AlterTour samedi 17 mars 2018 \u00e0 Lons-le-Saunier (Jura) \u00e0 l&rsquo;occasion du Festival les Rendez-vous de l&rsquo;aventure. Tout public, d\u00e8s lors qu\u2019on sait faire du v\u00e9lo. Distance\/ 14 km. Venez d\u00e9couvrir l\u2019AlterTour et les initiatives de La Fruiti\u00e8re \u00e0 ... Read More\" \/>\n<meta property=\"og:url\" content=\"https:\/\/www.altercampagne.net\/?p=9831\" \/>\n<meta property=\"og:site_name\" content=\"AlterTour\" \/>\n<meta property=\"article:published_time\" content=\"2018-03-13T17:13:54+00:00\" \/>\n<meta property=\"article:modified_time\" content=\"2018-03-13T21:06:48+00:00\" \/>\n<meta property=\"og:image\" content=\"https:\/\/www.altercampagne.net\/wp-content\/uploads\/2018\/03\/RDV-aventure-lons.jpg\" \/>\n\t<meta property=\"og:image:width\" content=\"1206\" \/>\n\t<meta property=\"og:image:height\" content=\"630\" \/>\n\t<meta property=\"og:image:type\" content=\"image\/jpeg\" \/>\n<meta name=\"author\" content=\"Mathieu\" \/>\n<meta name=\"twitter:card\" content=\"summary_large_image\" \/>\n<meta name=\"twitter:label1\" content=\"\u00c9crit par\" \/>\n\t<meta name=\"twitter:data1\" content=\"Mathieu\" \/>\n\t<meta name=\"twitter:label2\" content=\"Dur\u00e9e de lecture estim\u00e9e\" \/>\n\t<meta name=\"twitter:data2\" content=\"1 minute\" \/>\n<script type=\"application\/ld+json\" class=\"yoast-schema-graph\">{\"@context\":\"https:\\\/\\\/schema.org\",\"@graph\":[{\"@type\":\"Article\",\"@id\":\"https:\\\/\\\/www.altercampagne.net\\\/?p=9831#article\",\"isPartOf\":{\"@id\":\"https:\\\/\\\/www.altercampagne.net\\\/?p=9831\"},\"author\":{\"name\":\"Mathieu\",\"@id\":\"https:\\\/\\\/www.altercampagne.net\\\/#\\\/schema\\\/person\\\/0f261460c09e430caa0f9bcffa319109\"},\"headline\":\"Mini-AlterTour samedi 17 mars \u00e0 Lons-le-Saunier (39)\",\"datePublished\":\"2018-03-13T17:13:54+00:00\",\"dateModified\":\"2018-03-13T21:06:48+00:00\",\"mainEntityOfPage\":{\"@id\":\"https:\\\/\\\/www.altercampagne.net\\\/?p=9831\"},\"wordCount\":228,\"image\":{\"@id\":\"https:\\\/\\\/www.altercampagne.net\\\/?p=9831#primaryimage\"},\"thumbnailUrl\":\"https:\\\/\\\/www.altercampagne.net\\\/wp-content\\\/uploads\\\/2018\\\/03\\\/RDV-aventure-lons.jpg\",\"keywords\":[\"Mini-AlterTour\",\"V\u00e9lo qui Rit\",\"Fruiti\u00e8re \u00e0 id\u00e9es\"],\"articleSection\":[\"Bourgogne-Franche-Comt\u00e9\",\"Mini-AlterTour\",\"\u00c9dition 2018\"],\"inLanguage\":\"fr-FR\"},{\"@type\":\"WebPage\",\"@id\":\"https:\\\/\\\/www.altercampagne.net\\\/?p=9831\",\"url\":\"https:\\\/\\\/www.altercampagne.net\\\/?p=9831\",\"name\":\"Mini-AlterTour samedi 17 mars \u00e0 Lons-le-Saunier (39) - AlterTour\",\"isPartOf\":{\"@id\":\"https:\\\/\\\/www.altercampagne.net\\\/#website\"},\"primaryImageOfPage\":{\"@id\":\"https:\\\/\\\/www.altercampagne.net\\\/?p=9831#primaryimage\"},\"image\":{\"@id\":\"https:\\\/\\\/www.altercampagne.net\\\/?p=9831#primaryimage\"},\"thumbnailUrl\":\"https:\\\/\\\/www.altercampagne.net\\\/wp-content\\\/uploads\\\/2018\\\/03\\\/RDV-aventure-lons.jpg\",\"datePublished\":\"2018-03-13T17:13:54+00:00\",\"dateModified\":\"2018-03-13T21:06:48+00:00\",\"author\":{\"@id\":\"https:\\\/\\\/www.altercampagne.net\\\/#\\\/schema\\\/person\\\/0f261460c09e430caa0f9bcffa319109\"},\"breadcrumb\":{\"@id\":\"https:\\\/\\\/www.altercampagne.net\\\/?p=9831#breadcrumb\"},\"inLanguage\":\"fr-FR\",\"potentialAction\":[{\"@type\":\"ReadAction\",\"target\":[\"https:\\\/\\\/www.altercampagne.net\\\/?p=9831\"]}]},{\"@type\":\"ImageObject\",\"inLanguage\":\"fr-FR\",\"@id\":\"https:\\\/\\\/www.altercampagne.net\\\/?p=9831#primaryimage\",\"url\":\"https:\\\/\\\/www.altercampagne.net\\\/wp-content\\\/uploads\\\/2018\\\/03\\\/RDV-aventure-lons.jpg\",\"contentUrl\":\"https:\\\/\\\/www.altercampagne.net\\\/wp-content\\\/uploads\\\/2018\\\/03\\\/RDV-aventure-lons.jpg\",\"width\":1206,\"height\":630},{\"@type\":\"BreadcrumbList\",\"@id\":\"https:\\\/\\\/www.altercampagne.net\\\/?p=9831#breadcrumb\",\"itemListElement\":[{\"@type\":\"ListItem\",\"position\":1,\"name\":\"Accueil\",\"item\":\"https:\\\/\\\/www.altercampagne.net\\\/\"},{\"@type\":\"ListItem\",\"position\":2,\"name\":\"Mini-AlterTour samedi 17 mars \u00e0 Lons-le-Saunier (39)\"}]},{\"@type\":\"WebSite\",\"@id\":\"https:\\\/\\\/www.altercampagne.net\\\/#website\",\"url\":\"https:\\\/\\\/www.altercampagne.net\\\/\",\"name\":\"AlterTour\",\"description\":\"Reliez les Alternatives \u00e0 v\u00e9lo\",\"potentialAction\":[{\"@type\":\"SearchAction\",\"target\":{\"@type\":\"EntryPoint\",\"urlTemplate\":\"https:\\\/\\\/www.altercampagne.net\\\/?s={search_term_string}\"},\"query-input\":{\"@type\":\"PropertyValueSpecification\",\"valueRequired\":true,\"valueName\":\"search_term_string\"}}],\"inLanguage\":\"fr-FR\"},{\"@type\":\"Person\",\"@id\":\"https:\\\/\\\/www.altercampagne.net\\\/#\\\/schema\\\/person\\\/0f261460c09e430caa0f9bcffa319109\",\"name\":\"Mathieu\",\"image\":{\"@type\":\"ImageObject\",\"inLanguage\":\"fr-FR\",\"@id\":\"https:\\\/\\\/secure.gravatar.com\\\/avatar\\\/aa9d3d24c83f2141e5e2709d0f63d09a99f6be6bb7a50abc4915838d9f54501a?s=96&d=mm&r=g\",\"url\":\"https:\\\/\\\/secure.gravatar.com\\\/avatar\\\/aa9d3d24c83f2141e5e2709d0f63d09a99f6be6bb7a50abc4915838d9f54501a?s=96&d=mm&r=g\",\"contentUrl\":\"https:\\\/\\\/secure.gravatar.com\\\/avatar\\\/aa9d3d24c83f2141e5e2709d0f63d09a99f6be6bb7a50abc4915838d9f54501a?s=96&d=mm&r=g\",\"caption\":\"Mathieu\"},\"url\":\"https:\\\/\\\/www.altercampagne.net\\\/?author=214\"}]}<\/script>\n<!-- \/ Yoast SEO plugin. -->","yoast_head_json":{"title":"Mini-AlterTour samedi 17 mars \u00e0 Lons-le-Saunier (39) - AlterTour","robots":{"index":"index","follow":"follow","max-snippet":"max-snippet:-1","max-image-preview":"max-image-preview:large","max-video-preview":"max-video-preview:-1"},"canonical":"https:\/\/www.altercampagne.net\/?p=9831","og_locale":"fr_FR","og_type":"article","og_title":"Mini-AlterTour samedi 17 mars \u00e0 Lons-le-Saunier (39) - AlterTour","og_description":"L&rsquo;AlterTour, V\u00e9lo qui Rit et la Fruiti\u00e8re \u00e0 id\u00e9es organisent une journ\u00e9e Mini-AlterTour samedi 17 mars 2018 \u00e0 Lons-le-Saunier (Jura) \u00e0 l&rsquo;occasion du Festival les Rendez-vous de l&rsquo;aventure. Tout public, d\u00e8s lors qu\u2019on sait faire du v\u00e9lo. Distance\/ 14 km. Venez d\u00e9couvrir l\u2019AlterTour et les initiatives de La Fruiti\u00e8re \u00e0 ... Read More","og_url":"https:\/\/www.altercampagne.net\/?p=9831","og_site_name":"AlterTour","article_published_time":"2018-03-13T17:13:54+00:00","article_modified_time":"2018-03-13T21:06:48+00:00","og_image":[{"width":1206,"height":630,"url":"https:\/\/www.altercampagne.net\/wp-content\/uploads\/2018\/03\/RDV-aventure-lons.jpg","type":"image\/jpeg"}],"author":"Mathieu","twitter_card":"summary_large_image","twitter_misc":{"\u00c9crit par":"Mathieu","Dur\u00e9e de lecture estim\u00e9e":"1 minute"},"schema":{"@context":"https:\/\/schema.org","@graph":[{"@type":"Article","@id":"https:\/\/www.altercampagne.net\/?p=9831#article","isPartOf":{"@id":"https:\/\/www.altercampagne.net\/?p=9831"},"author":{"name":"Mathieu","@id":"https:\/\/www.altercampagne.net\/#\/schema\/person\/0f261460c09e430caa0f9bcffa319109"},"headline":"Mini-AlterTour samedi 17 mars \u00e0 Lons-le-Saunier (39)","datePublished":"2018-03-13T17:13:54+00:00","dateModified":"2018-03-13T21:06:48+00:00","mainEntityOfPage":{"@id":"https:\/\/www.altercampagne.net\/?p=9831"},"wordCount":228,"image":{"@id":"https:\/\/www.altercampagne.net\/?p=9831#primaryimage"},"thumbnailUrl":"https:\/\/www.altercampagne.net\/wp-content\/uploads\/2018\/03\/RDV-aventure-lons.jpg","keywords":["Mini-AlterTour","V\u00e9lo qui Rit","Fruiti\u00e8re \u00e0 id\u00e9es"],"articleSection":["Bourgogne-Franche-Comt\u00e9","Mini-AlterTour","\u00c9dition 2018"],"inLanguage":"fr-FR"},{"@type":"WebPage","@id":"https:\/\/www.altercampagne.net\/?p=9831","url":"https:\/\/www.altercampagne.net\/?p=9831","name":"Mini-AlterTour samedi 17 mars \u00e0 Lons-le-Saunier (39) - AlterTour","isPartOf":{"@id":"https:\/\/www.altercampagne.net\/#website"},"primaryImageOfPage":{"@id":"https:\/\/www.altercampagne.net\/?p=9831#primaryimage"},"image":{"@id":"https:\/\/www.altercampagne.net\/?p=9831#primaryimage"},"thumbnailUrl":"https:\/\/www.altercampagne.net\/wp-content\/uploads\/2018\/03\/RDV-aventure-lons.jpg","datePublished":"2018-03-13T17:13:54+00:00","dateModified":"2018-03-13T21:06:48+00:00","author":{"@id":"https:\/\/www.altercampagne.net\/#\/schema\/person\/0f261460c09e430caa0f9bcffa319109"},"breadcrumb":{"@id":"https:\/\/www.altercampagne.net\/?p=9831#breadcrumb"},"inLanguage":"fr-FR","potentialAction":[{"@type":"ReadAction","target":["https:\/\/www.altercampagne.net\/?p=9831"]}]},{"@type":"ImageObject","inLanguage":"fr-FR","@id":"https:\/\/www.altercampagne.net\/?p=9831#primaryimage","url":"https:\/\/www.altercampagne.net\/wp-content\/uploads\/2018\/03\/RDV-aventure-lons.jpg","contentUrl":"https:\/\/www.altercampagne.net\/wp-content\/uploads\/2018\/03\/RDV-aventure-lons.jpg","width":1206,"height":630},{"@type":"BreadcrumbList","@id":"https:\/\/www.altercampagne.net\/?p=9831#breadcrumb","itemListElement":[{"@type":"ListItem","position":1,"name":"Accueil","item":"https:\/\/www.altercampagne.net\/"},{"@type":"ListItem","position":2,"name":"Mini-AlterTour samedi 17 mars \u00e0 Lons-le-Saunier (39)"}]},{"@type":"WebSite","@id":"https:\/\/www.altercampagne.net\/#website","url":"https:\/\/www.altercampagne.net\/","name":"AlterTour","description":"Reliez les Alternatives \u00e0 v\u00e9lo","potentialAction":[{"@type":"SearchAction","target":{"@type":"EntryPoint","urlTemplate":"https:\/\/www.altercampagne.net\/?s={search_term_string}"},"query-input":{"@type":"PropertyValueSpecification","valueRequired":true,"valueName":"search_term_string"}}],"inLanguage":"fr-FR"},{"@type":"Person","@id":"https:\/\/www.altercampagne.net\/#\/schema\/person\/0f261460c09e430caa0f9bcffa319109","name":"Mathieu","image":{"@type":"ImageObject","inLanguage":"fr-FR","@id":"https:\/\/secure.gravatar.com\/avatar\/aa9d3d24c83f2141e5e2709d0f63d09a99f6be6bb7a50abc4915838d9f54501a?s=96&d=mm&r=g","url":"https:\/\/secure.gravatar.com\/avatar\/aa9d3d24c83f2141e5e2709d0f63d09a99f6be6bb7a50abc4915838d9f54501a?s=96&d=mm&r=g","contentUrl":"https:\/\/secure.gravatar.com\/avatar\/aa9d3d24c83f2141e5e2709d0f63d09a99f6be6bb7a50abc4915838d9f54501a?s=96&d=mm&r=g","caption":"Mathieu"},"url":"https:\/\/www.altercampagne.net\/?author=214"}]}},"_links":{"self":[{"href":"https:\/\/www.altercampagne.net\/index.php?rest_route=\/wp\/v2\/posts\/9831","targetHints":{"allow":["GET"]}}],"collection":[{"href":"https:\/\/www.altercampagne.net\/index.php?rest_route=\/wp\/v2\/posts"}],"about":[{"href":"https:\/\/www.altercampagne.net\/index.php?rest_route=\/wp\/v2\/types\/post"}],"author":[{"embeddable":true,"href":"https:\/\/www.altercampagne.net\/index.php?rest_route=\/wp\/v2\/users\/214"}],"replies":[{"embeddable":true,"href":"https:\/\/www.altercampagne.net\/index.php?rest_route=%2Fwp%2Fv2%2Fcomments&post=9831"}],"version-history":[{"count":0,"href":"https:\/\/www.altercampagne.net\/index.php?rest_route=\/wp\/v2\/posts\/9831\/revisions"}],"wp:featuredmedia":[{"embeddable":true,"href":"https:\/\/www.altercampagne.net\/index.php?rest_route=\/wp\/v2\/media\/9833"}],"wp:attachment":[{"href":"https:\/\/www.altercampagne.net\/index.php?rest_route=%2Fwp%2Fv2%2Fmedia&parent=9831"}],"wp:term":[{"taxonomy":"category","embeddable":true,"href":"https:\/\/www.altercampagne.net\/index.php?rest_route=%2Fwp%2Fv2%2Fcategories&post=9831"},{"taxonomy":"post_tag","embeddable":true,"href":"https:\/\/www.altercampagne.net\/index.php?rest_route=%2Fwp%2Fv2%2Ftags&post=9831"}],"curies":[{"name":"wp","href":"https:\/\/api.w.org\/{rel}","templated":true}]}}